{"id":11704,"date":"2015-11-25T00:48:18","date_gmt":"2015-11-24T22:48:18","guid":{"rendered":"http:\/\/likemetkovic.hr\/?p=11704"},"modified":"2015-11-25T00:48:18","modified_gmt":"2015-11-24T22:48:18","slug":"osmjeh-na-svjetlu-pise-ivo-rastocic","status":"publish","type":"post","link":"https:\/\/likemetkovic.hr\/portal\/osmjeh-na-svjetlu-pise-ivo-rastocic\/","title":{"rendered":"Osmjeh na svjetlu &#8211; pi\u0161e: Ivo Rasto\u010di\u0107"},"content":{"rendered":"<p>Tko moli po\u010dinje uvi\u0111ati, molitva i gledanje usko su povezani jer kako ka\u017ee Hugo od sv. Viktora \u201c<em>ljubav je oko\u201d. <\/em>Svaki \u010dovjek dakle ja, ti, on, ona mo\u017eemo biti oni koji ne vidje\u0161e, a vjeruju, kojima u u\u0161ima odzvanjaju jo\u0161 one rije\u010di koje Marija izgovara na svadbi u Kani Galilejskoj: \u201c<em>\u0160to god vam rekne u\u010dinite\u201d ( Iv 2,5). <\/em>Trebamo toga\u00a0 postati svjesni, a to mo\u017eemo samo kroz molitvu. \u00a0Spoznati \u0161to nam je \u010diniti, a vjerovati, vjerovati ono \u0161to ne vidimo zna\u010di gledati na svijet dobronamjernim o\u010dima. Tek tada na\u0161u okolinu i svijet ne\u0107emo smatrati kao ne\u0161to strano i opasno, nego kao Bo\u017eje stvorenje.<\/p>\n<p>Danas smo sve vi\u0161e i vi\u0161e obasjani tamom i sljepo\u0107om koja nam se name\u0107e kao rje\u0161enje svih problema, koja potpoma\u017ee eutanaziju \u010dovjeka, ba\u0161 kao u Nizozemskoj, koja u tami promi\u010de legaliziranje nekakvih zajednica koje ne donose \u017eivot. Sjetimo se samo kako je propalo Rimsko carstvo? Nije li i danas na rasporedu \u00a0progon vrednota koje nas kr\u0161\u0107ane krase i za koje se borimo. \u00a0Na\u0161 \u017eivot postaje sve vi\u0161e la\u0111a na nemirnom moru kao \u0161to re\u010de Gunduli\u0107 u \u201e<em>Suzama sina razmetnoga\u201c: \u201cAh nije \u017eivot ljudski drugo, neg smu\u0107eno jedno more.\u201d<\/em><\/p>\n<p>Kako izbje\u0107i ovu \u00a0tamu i sljepo\u0107u, ovaj nemoral i \u201esocijalnu anarhiju\u201c, kako izbje\u0107i\u2026\u00a0 pitamo se iz dana u dan. \u00a0Sve mo\u017eemo izbje\u0107i vr\u0161enjem du\u017enosti koje su nam date u naslje\u0111e, tako postajemo slobodni, po\u010dinjemo se\u00a0 osloba\u0111ati tame. Europu je Crkva stvorila, a bez Crkve Europa je izgubljena u tami nemorala i anarhije. \u00a0Osloba\u0111ati se tame zna\u010di biti na svjetlu, zna\u010di svoje dlanove okrenuti svjetlu. Ako ne napravimo taj zaokret padamo u ponudu i blje\u0161tavilo svijeta, \u00a0mislimo kupamo se u svjetlu, ali ne vidimo gdje nam staje noga, \u0161to je oko nas, kamo hodamo. Blje\u0161tavilo svijeta vodi nas u tamu. Blje\u0161tavilo svijeta vodi nas u odvojenost od Boga. Odvojenost od bra\u0107e i sestara. Postoji jedna istinita pri\u010da o dlanovima ruke koju bih \u017eelio podjeliti sa vama:<\/p>\n<p><em>\u201cSje\u0107am se kroz maglu svojih prvih pitanja o mojim dlanovima. Sje\u0107am se kako su ljudi zazirali od djeteta sa samo pet godina \u017eivota i nisu mi pru\u017eali ruke, \u010dak ni u crkvi. Posvojeno, posebno dijete, sa posebnim dlanovima. Sje\u0107am se da mi u \u0161koli nitko nije htio dati ruku, osim jednoga prijatelja, koji je uzalud druge ubje\u0111ivao da to nije ni\u0161ta stra\u0161no. Oh da, sje\u0107am se, kako sam i ja po\u010deo prezirati te svoje dlanove. Sakrivao sam ruke ispod lakta kada bi se upoznavao sa curama kao momak. Koliko sam samo tu\u017ean bio kada bi mi blagajnica na kasi ostavila ostatak novca na pultu, ne \u017eele\u0107i dotaknuti moje ruke. S vremenom sam doznao da dolazim s Mljeta, to je sve \u010demu sam se veselio od svojih dlanova jer su me odveli do mojih korjena. Tada sam shvatio, mo\u017eda prekasno, da preziru\u0107i svoje dlanove, djelom prezirem i sebe. Ipak sam tada zavolio dlanove, mo\u017eda \u010dak i sebe, jer na mome dlanu se nalazila ljepota cvijeta, moj dlan je prebirao krunice. Tako sada znam da ni\u0161ta ne umanjuje na\u0161u ljepotu. Nikad ne valja osu\u0111ivati nas \u201edruga\u010dije\u201c, jer da smo svi isti, svijet bi bio tako dosadno mjesto\u2026 A moji dlanovi su jo\u0161 posebnija pri\u010da koja i danas traje.\u201d<\/em><\/p>\n<p>Zato nam valja hoditi u svjetlosti prema slobodi, hoditi po uzburkanom moru \u017eivota. Moru koje nam i tako uzburkano daje jednu sigurnost, jer tada ako zavapim, \u00a0ako molimo, tada \u0107e i nakon svih na\u0161ih padova Crkva postati \u201e majka \u017eivota\u201c<em>. \u00a0<\/em>Biti pozvan na uzburkano more \u017eivota zna\u010di biti djete jednoga Oca, samo tako mo\u017eemo izraziti Bo\u017eji svijet u kojem je svjetlo dio zakonitosti, svjetlo koje nam rasvjetljava po\u010detak i kraj, koje nam daje da vidimo \u00a0ili istovremeno da ne vidimo, ali ipak da vjerujemo. Tako zaklju\u010dujemo da svjetlost ozna\u010dava i vje\u010dno svjetlo pravoga Boga istinskog stvoritelja. Biti u svjetlosti danas na uzburkanom moru \u017eivota, moru kojim plovi na\u0161a domovina i Europa zna\u010di biti poticani da se iselimo iz na\u0161ih domova, \u0161to nam valja odbiti te hrabro nastaviti hodati po moru \u017eivota. Sveti Ivan Pavao II nam je rekao na po\u010detku pontifikata: \u201c<em>ne bojte se, otvorite, \u0161tovi\u0161e \u0161irom otvorite vrata Kristu!\u201d<\/em><\/p>\n<p>Ali ako iselimo iz domova vrata \u0107e i dalje ostati zatvorena, a na to nas prisiljavaju neki ljudi iz tame, koji \u00a0\u017eele neprestano ostati u tami, bez svjetlosti, tako se \u017eele zatvoriti na sigurno gdje im Bog ne\u0107e smetati. \u00a0Ali ve\u0107 na po\u010detku takvim zmijama je re\u010deno \u201cn<em>eprijateljstvo ja zame\u0107em izme\u0111u tebe i \u017eene, izme\u0111u roda tvojeg i roda njezina: on \u0107e ti glavu satirati, a ti \u0107e\u0161 mu vrebati petu\u201d (Post 3, 15). <\/em>Stoga ne smijemo uzmaknuti ve\u0107 upaliti svjetlo, tako da ljubav do\u0111e k nama, svlada na\u0161e strahove, zatvorenosti i donese nam slobodu i \u017eivot. Jer samo je ljubav most koji nas spaja. <em>\u00a0<\/em>Biti u svjetlosti danas zna\u010di biti proganjani zbog pozdrava, izrugivan zbog obitelji, nazivan nazadnim i primitivnim zbog ljubavi jednoga mu\u0161karca i jedne \u017eene. Valja nam se zato boriti za slobodu jer kako re\u010de Benedikt XVI: \u201c<em>ljudska sloboda uvijek je sloboda koja se \u017eivi u dodiru s drugima. Samo u ure\u0111enju pojedina\u010dnih sloboda, u kojemu svako u\u017eiva prostor vlastite slobode, mo\u017ee se odr\u017eati zajedni\u010dka sloboda.\u201d<\/em><\/p>\n<p>Valja nam i\u0107i sa osmjehom prema pobjedi i slobodi jer svjetlost dolazi opet me\u0111u nas da nas spasi , dolazi ro\u0111en od Marije, dolazi u Crkvi, da spasi sve koji u sebi nosimo radost\u00a0 i osmjeh otkupljenja. Tako nas svijetlo poziva da ne samo slu\u0161amo, nego da slu\u0161aju\u0107i nau\u010dimo i iznutra gledati. Dok Europa ubija ljude i djecu, Crkva \u0161titi \u017eivot, dok Europa ubija obitelj, Crkva brani obitelj, u krilu Crkve mo\u017eemo se osmjehnuti i radovati kao Sara, mo\u017eemo se smijati i radovati\u00a0 jer \u201c<em>dade nam Bog da se smijemo i tko god nas \u010duje smijati \u0107e se sa nama\u201d (Post 21,6).<\/em><\/p>\n<p>Ivo Rasto\u010di\u0107\u00a0<a href=\"https:\/\/kristocentrik.wordpress.com\/2015\/11\/24\/osmjeh-na-svjetlu\/\" target=\"_blank\">kristocentrik.wordpress.com<\/a><\/p>\n<p>&nbsp;<\/p>\n","protected":false},"excerpt":{"rendered":"<p>Tko moli po\u010dinje uvi\u0111ati, molitva i gledanje usko su povezani jer kako ka\u017ee Hugo od sv. Viktora \u201cljubav je oko\u201d. Svaki \u010dovjek dakle ja, ti, on, ona mo\u017eemo biti oni koji ne vidje\u0161e, a vjeruju, kojima u u\u0161ima odzvanjaju jo\u0161 one rije\u010di koje Marija izgovara na svadbi u Kani Galilejskoj: \u201c\u0160to god vam rekne u\u010dinite\u201d [&hellip;]<\/p>\n","protected":false},"author":7,"featured_media":11705,"comment_status":"closed","ping_status":"closed","sticky":false,"template":"","format":"standard","meta":{"footnotes":""},"categories":[1],"tags":[],"class_list":{"0":"post-11704","1":"post","2":"type-post","3":"status-publish","4":"format-standard","5":"has-post-thumbnail","7":"category-nekategorizirano"},"yoast_head":"<!-- This site is optimized with the Yoast SEO plugin v25.2 - https:\/\/yoast.com\/wordpress\/plugins\/seo\/ -->\n<title>Osmjeh na svjetlu - pi\u0161e: Ivo Rasto\u010di\u0107 - likemetkovic.hr<\/title>\n<meta name=\"robots\" content=\"index, follow, max-snippet:-1, max-image-preview:large, max-video-preview:-1\" \/>\n<link rel=\"canonical\" href=\"https:\/\/likemetkovic.hr\/osmjeh-na-svjetlu-pise-ivo-rastocic\/\" \/>\n<meta property=\"og:locale\" content=\"hr_HR\" \/>\n<meta property=\"og:type\" content=\"article\" \/>\n<meta property=\"og:title\" content=\"Osmjeh na svjetlu - pi\u0161e: Ivo Rasto\u010di\u0107 - likemetkovic.hr\" \/>\n<meta property=\"og:description\" content=\"Tko moli po\u010dinje uvi\u0111ati, molitva i gledanje usko su povezani jer kako ka\u017ee Hugo od sv. Viktora \u201cljubav je oko\u201d. Svaki \u010dovjek dakle ja, ti, on, ona mo\u017eemo biti oni koji ne vidje\u0161e, a vjeruju, kojima u u\u0161ima odzvanjaju jo\u0161 one rije\u010di koje Marija izgovara na svadbi u Kani Galilejskoj: \u201c\u0160to god vam rekne u\u010dinite\u201d [&hellip;]\" \/>\n<meta property=\"og:url\" content=\"https:\/\/likemetkovic.hr\/osmjeh-na-svjetlu-pise-ivo-rastocic\/\" \/>\n<meta property=\"og:site_name\" content=\"likemetkovic.hr\" \/>\n<meta property=\"article:publisher\" content=\"https:\/\/www.facebook.com\/likemetkovic.hr\/\" \/>\n<meta property=\"article:published_time\" content=\"2015-11-24T22:48:18+00:00\" \/>\n<meta property=\"og:image\" content=\"https:\/\/likemetkovic.hr\/wp-content\/uploads\/2015\/11\/svjetlost.jpg\" \/>\n\t<meta property=\"og:image:width\" content=\"800\" \/>\n\t<meta property=\"og:image:height\" content=\"520\" \/>\n\t<meta property=\"og:image:type\" content=\"image\/jpeg\" \/>\n<meta name=\"author\" content=\"LIKEmetkovic.hr\" \/>\n<meta name=\"twitter:card\" content=\"summary_large_image\" \/>\n<meta name=\"twitter:label1\" content=\"Napisao\/la\" \/>\n\t<meta name=\"twitter:data1\" content=\"LIKEmetkovic.hr\" \/>\n\t<meta name=\"twitter:label2\" content=\"Procijenjeno vrijeme \u010ditanja\" \/>\n\t<meta name=\"twitter:data2\" content=\"5 minuta\" \/>\n<script type=\"application\/ld+json\" class=\"yoast-schema-graph\">{\"@context\":\"https:\/\/schema.org\",\"@graph\":[{\"@type\":\"WebPage\",\"@id\":\"https:\/\/likemetkovic.hr\/osmjeh-na-svjetlu-pise-ivo-rastocic\/\",\"url\":\"https:\/\/likemetkovic.hr\/osmjeh-na-svjetlu-pise-ivo-rastocic\/\",\"name\":\"Osmjeh na svjetlu - pi\u0161e: Ivo Rasto\u010di\u0107 - likemetkovic.hr\",\"isPartOf\":{\"@id\":\"https:\/\/likemetkovic.hr\/#website\"},\"primaryImageOfPage\":{\"@id\":\"https:\/\/likemetkovic.hr\/osmjeh-na-svjetlu-pise-ivo-rastocic\/#primaryimage\"},\"image\":{\"@id\":\"https:\/\/likemetkovic.hr\/osmjeh-na-svjetlu-pise-ivo-rastocic\/#primaryimage\"},\"thumbnailUrl\":\"https:\/\/likemetkovic.hr\/portal\/wp-content\/uploads\/2015\/11\/svjetlost.jpg\",\"datePublished\":\"2015-11-24T22:48:18+00:00\",\"author\":{\"@id\":\"https:\/\/likemetkovic.hr\/#\/schema\/person\/a42711f3385a0e2be6f7e0443bfb28f0\"},\"breadcrumb\":{\"@id\":\"https:\/\/likemetkovic.hr\/osmjeh-na-svjetlu-pise-ivo-rastocic\/#breadcrumb\"},\"inLanguage\":\"hr\",\"potentialAction\":[{\"@type\":\"ReadAction\",\"target\":[\"https:\/\/likemetkovic.hr\/osmjeh-na-svjetlu-pise-ivo-rastocic\/\"]}]},{\"@type\":\"ImageObject\",\"inLanguage\":\"hr\",\"@id\":\"https:\/\/likemetkovic.hr\/osmjeh-na-svjetlu-pise-ivo-rastocic\/#primaryimage\",\"url\":\"https:\/\/likemetkovic.hr\/portal\/wp-content\/uploads\/2015\/11\/svjetlost.jpg\",\"contentUrl\":\"https:\/\/likemetkovic.hr\/portal\/wp-content\/uploads\/2015\/11\/svjetlost.jpg\",\"width\":800,\"height\":520},{\"@type\":\"BreadcrumbList\",\"@id\":\"https:\/\/likemetkovic.hr\/osmjeh-na-svjetlu-pise-ivo-rastocic\/#breadcrumb\",\"itemListElement\":[{\"@type\":\"ListItem\",\"position\":1,\"name\":\"Po\u010detna stranica\",\"item\":\"https:\/\/likemetkovic.hr\/portal\/\"},{\"@type\":\"ListItem\",\"position\":2,\"name\":\"Osmjeh na svjetlu &#8211; pi\u0161e: Ivo Rasto\u010di\u0107\"}]},{\"@type\":\"WebSite\",\"@id\":\"https:\/\/likemetkovic.hr\/#website\",\"url\":\"https:\/\/likemetkovic.hr\/\",\"name\":\"likemetkovic.hr\",\"description\":\"Misli pozitivno... \u010ditaj LIKE\",\"potentialAction\":[{\"@type\":\"SearchAction\",\"target\":{\"@type\":\"EntryPoint\",\"urlTemplate\":\"https:\/\/likemetkovic.hr\/?s={search_term_string}\"},\"query-input\":{\"@type\":\"PropertyValueSpecification\",\"valueRequired\":true,\"valueName\":\"search_term_string\"}}],\"inLanguage\":\"hr\"},{\"@type\":\"Person\",\"@id\":\"https:\/\/likemetkovic.hr\/#\/schema\/person\/a42711f3385a0e2be6f7e0443bfb28f0\",\"name\":\"LIKEmetkovic.hr\",\"sameAs\":[\"http:\/\/likemetkovic.hr\"],\"url\":\"https:\/\/likemetkovic.hr\/portal\/author\/likemetkovic-hr\/\"}]}<\/script>\n<!-- \/ Yoast SEO plugin. -->","yoast_head_json":{"title":"Osmjeh na svjetlu - pi\u0161e: Ivo Rasto\u010di\u0107 - likemetkovic.hr","robots":{"index":"index","follow":"follow","max-snippet":"max-snippet:-1","max-image-preview":"max-image-preview:large","max-video-preview":"max-video-preview:-1"},"canonical":"https:\/\/likemetkovic.hr\/osmjeh-na-svjetlu-pise-ivo-rastocic\/","og_locale":"hr_HR","og_type":"article","og_title":"Osmjeh na svjetlu - pi\u0161e: Ivo Rasto\u010di\u0107 - likemetkovic.hr","og_description":"Tko moli po\u010dinje uvi\u0111ati, molitva i gledanje usko su povezani jer kako ka\u017ee Hugo od sv. Viktora \u201cljubav je oko\u201d. Svaki \u010dovjek dakle ja, ti, on, ona mo\u017eemo biti oni koji ne vidje\u0161e, a vjeruju, kojima u u\u0161ima odzvanjaju jo\u0161 one rije\u010di koje Marija izgovara na svadbi u Kani Galilejskoj: \u201c\u0160to god vam rekne u\u010dinite\u201d [&hellip;]","og_url":"https:\/\/likemetkovic.hr\/osmjeh-na-svjetlu-pise-ivo-rastocic\/","og_site_name":"likemetkovic.hr","article_publisher":"https:\/\/www.facebook.com\/likemetkovic.hr\/","article_published_time":"2015-11-24T22:48:18+00:00","og_image":[{"width":800,"height":520,"url":"https:\/\/likemetkovic.hr\/wp-content\/uploads\/2015\/11\/svjetlost.jpg","type":"image\/jpeg"}],"author":"LIKEmetkovic.hr","twitter_card":"summary_large_image","twitter_misc":{"Napisao\/la":"LIKEmetkovic.hr","Procijenjeno vrijeme \u010ditanja":"5 minuta"},"schema":{"@context":"https:\/\/schema.org","@graph":[{"@type":"WebPage","@id":"https:\/\/likemetkovic.hr\/osmjeh-na-svjetlu-pise-ivo-rastocic\/","url":"https:\/\/likemetkovic.hr\/osmjeh-na-svjetlu-pise-ivo-rastocic\/","name":"Osmjeh na svjetlu - pi\u0161e: Ivo Rasto\u010di\u0107 - likemetkovic.hr","isPartOf":{"@id":"https:\/\/likemetkovic.hr\/#website"},"primaryImageOfPage":{"@id":"https:\/\/likemetkovic.hr\/osmjeh-na-svjetlu-pise-ivo-rastocic\/#primaryimage"},"image":{"@id":"https:\/\/likemetkovic.hr\/osmjeh-na-svjetlu-pise-ivo-rastocic\/#primaryimage"},"thumbnailUrl":"https:\/\/likemetkovic.hr\/portal\/wp-content\/uploads\/2015\/11\/svjetlost.jpg","datePublished":"2015-11-24T22:48:18+00:00","author":{"@id":"https:\/\/likemetkovic.hr\/#\/schema\/person\/a42711f3385a0e2be6f7e0443bfb28f0"},"breadcrumb":{"@id":"https:\/\/likemetkovic.hr\/osmjeh-na-svjetlu-pise-ivo-rastocic\/#breadcrumb"},"inLanguage":"hr","potentialAction":[{"@type":"ReadAction","target":["https:\/\/likemetkovic.hr\/osmjeh-na-svjetlu-pise-ivo-rastocic\/"]}]},{"@type":"ImageObject","inLanguage":"hr","@id":"https:\/\/likemetkovic.hr\/osmjeh-na-svjetlu-pise-ivo-rastocic\/#primaryimage","url":"https:\/\/likemetkovic.hr\/portal\/wp-content\/uploads\/2015\/11\/svjetlost.jpg","contentUrl":"https:\/\/likemetkovic.hr\/portal\/wp-content\/uploads\/2015\/11\/svjetlost.jpg","width":800,"height":520},{"@type":"BreadcrumbList","@id":"https:\/\/likemetkovic.hr\/osmjeh-na-svjetlu-pise-ivo-rastocic\/#breadcrumb","itemListElement":[{"@type":"ListItem","position":1,"name":"Po\u010detna stranica","item":"https:\/\/likemetkovic.hr\/portal\/"},{"@type":"ListItem","position":2,"name":"Osmjeh na svjetlu &#8211; pi\u0161e: Ivo Rasto\u010di\u0107"}]},{"@type":"WebSite","@id":"https:\/\/likemetkovic.hr\/#website","url":"https:\/\/likemetkovic.hr\/","name":"likemetkovic.hr","description":"Misli pozitivno... \u010ditaj LIKE","potentialAction":[{"@type":"SearchAction","target":{"@type":"EntryPoint","urlTemplate":"https:\/\/likemetkovic.hr\/?s={search_term_string}"},"query-input":{"@type":"PropertyValueSpecification","valueRequired":true,"valueName":"search_term_string"}}],"inLanguage":"hr"},{"@type":"Person","@id":"https:\/\/likemetkovic.hr\/#\/schema\/person\/a42711f3385a0e2be6f7e0443bfb28f0","name":"LIKEmetkovic.hr","sameAs":["http:\/\/likemetkovic.hr"],"url":"https:\/\/likemetkovic.hr\/portal\/author\/likemetkovic-hr\/"}]}},"_links":{"self":[{"href":"https:\/\/likemetkovic.hr\/portal\/wp-json\/wp\/v2\/posts\/11704","targetHints":{"allow":["GET"]}}],"collection":[{"href":"https:\/\/likemetkovic.hr\/portal\/wp-json\/wp\/v2\/posts"}],"about":[{"href":"https:\/\/likemetkovic.hr\/portal\/wp-json\/wp\/v2\/types\/post"}],"author":[{"embeddable":true,"href":"https:\/\/likemetkovic.hr\/portal\/wp-json\/wp\/v2\/users\/7"}],"replies":[{"embeddable":true,"href":"https:\/\/likemetkovic.hr\/portal\/wp-json\/wp\/v2\/comments?post=11704"}],"version-history":[{"count":0,"href":"https:\/\/likemetkovic.hr\/portal\/wp-json\/wp\/v2\/posts\/11704\/revisions"}],"wp:featuredmedia":[{"embeddable":true,"href":"https:\/\/likemetkovic.hr\/portal\/wp-json\/wp\/v2\/media\/11705"}],"wp:attachment":[{"href":"https:\/\/likemetkovic.hr\/portal\/wp-json\/wp\/v2\/media?parent=11704"}],"wp:term":[{"taxonomy":"category","embeddable":true,"href":"https:\/\/likemetkovic.hr\/portal\/wp-json\/wp\/v2\/categories?post=11704"},{"taxonomy":"post_tag","embeddable":true,"href":"https:\/\/likemetkovic.hr\/portal\/wp-json\/wp\/v2\/tags?post=11704"}],"curies":[{"name":"wp","href":"https:\/\/api.w.org\/{rel}","templated":true}]}}