{"id":117317,"date":"2021-05-16T13:16:48","date_gmt":"2021-05-16T11:16:48","guid":{"rendered":"https:\/\/likemetkovic.hr\/?p=117317"},"modified":"2021-05-16T13:17:39","modified_gmt":"2021-05-16T11:17:39","slug":"foto-prva-pricest-u-crkvi-sv-nikole","status":"publish","type":"post","link":"https:\/\/likemetkovic.hr\/portal\/foto-prva-pricest-u-crkvi-sv-nikole\/","title":{"rendered":"FOTO Prva pri\u010dest u crkvi sv. Nikole"},"content":{"rendered":"<p>U crkvi sv. Nikole biskupa u Metkovi\u0107u je tijekom dana\u0161nje nedjelje mise bilo slavlje prve pri\u010desti kojoj je pristupilo 48 djece.<\/p>\n<p>Misno slavlje je predvodio \u017eupni vikar don Dino Prkut uz suslavlje \u017eupnika don Davora Biland\u017ei\u0107a. Slavlje je pjesmom uveli\u010dao \u017eupni zbor mladih pod vodstvom \u010d.s. Marijane Cvitanovi\u0107.<\/p>\n\n","protected":false},"excerpt":{"rendered":"<p>U crkvi sv. Nikole biskupa u Metkovi\u0107u je tijekom dana\u0161nje nedjelje mise bilo slavlje prve pri\u010desti kojoj je pristupilo 48 djece. Misno slavlje je predvodio \u017eupni vikar don Dino Prkut uz suslavlje \u017eupnika don Davora Biland\u017ei\u0107a. Slavlje je pjesmom uveli\u010dao \u017eupni zbor mladih pod vodstvom \u010d.s. Marijane Cvitanovi\u0107.<\/p>\n","protected":false},"author":9,"featured_media":0,"comment_status":"open","ping_status":"open","sticky":false,"template":"","format":"standard","meta":{"footnotes":""},"categories":[283,11,27],"tags":[6280,718],"class_list":{"0":"post-117317","1":"post","2":"type-post","3":"status-publish","4":"format-standard","6":"category-a","7":"category-metkovic-dolina","8":"category-vjera-i-zivot","9":"tag-crkva-sv-nikole-metkovic","10":"tag-prva-pricest"},"yoast_head":"<!-- This site is optimized with the Yoast SEO plugin v25.2 - https:\/\/yoast.com\/wordpress\/plugins\/seo\/ -->\n<title>FOTO Prva pri\u010dest u crkvi sv. Nikole - likemetkovic.hr<\/title>\n<meta name=\"robots\" content=\"index, follow, max-snippet:-1, max-image-preview:large, max-video-preview:-1\" \/>\n<link rel=\"canonical\" href=\"https:\/\/likemetkovic.hr\/foto-prva-pricest-u-crkvi-sv-nikole\/\" \/>\n<meta property=\"og:locale\" content=\"hr_HR\" \/>\n<meta property=\"og:type\" content=\"article\" \/>\n<meta property=\"og:title\" content=\"FOTO Prva pri\u010dest u crkvi sv. Nikole - likemetkovic.hr\" \/>\n<meta property=\"og:description\" content=\"U crkvi sv. Nikole biskupa u Metkovi\u0107u je tijekom dana\u0161nje nedjelje mise bilo slavlje prve pri\u010desti kojoj je pristupilo 48 djece. Misno slavlje je predvodio \u017eupni vikar don Dino Prkut uz suslavlje \u017eupnika don Davora Biland\u017ei\u0107a. Slavlje je pjesmom uveli\u010dao \u017eupni zbor mladih pod vodstvom \u010d.s. Marijane Cvitanovi\u0107.\" \/>\n<meta property=\"og:url\" content=\"https:\/\/likemetkovic.hr\/foto-prva-pricest-u-crkvi-sv-nikole\/\" \/>\n<meta property=\"og:site_name\" content=\"likemetkovic.hr\" \/>\n<meta property=\"article:publisher\" content=\"https:\/\/www.facebook.com\/likemetkovic.hr\/\" \/>\n<meta property=\"article:published_time\" content=\"2021-05-16T11:16:48+00:00\" \/>\n<meta property=\"article:modified_time\" content=\"2021-05-16T11:17:39+00:00\" \/>\n<meta property=\"og:image\" content=\"https:\/\/likemetkovic.hr\/wp-content\/uploads\/2021\/05\/prva-pricest-sv-nikola_1.jpg\" \/>\n\t<meta property=\"og:image:width\" content=\"800\" \/>\n\t<meta property=\"og:image:height\" content=\"533\" \/>\n\t<meta property=\"og:image:type\" content=\"image\/jpeg\" \/>\n<meta name=\"author\" content=\"K. J.\" \/>\n<meta name=\"twitter:card\" content=\"summary_large_image\" \/>\n<meta name=\"twitter:label1\" content=\"Napisao\/la\" \/>\n\t<meta name=\"twitter:data1\" content=\"K. J.\" \/>\n\t<meta name=\"twitter:label2\" content=\"Procijenjeno vrijeme \u010ditanja\" \/>\n\t<meta name=\"twitter:data2\" content=\"1 minuta\" \/>\n<script type=\"application\/ld+json\" class=\"yoast-schema-graph\">{\"@context\":\"https:\/\/schema.org\",\"@graph\":[{\"@type\":\"WebPage\",\"@id\":\"https:\/\/likemetkovic.hr\/foto-prva-pricest-u-crkvi-sv-nikole\/\",\"url\":\"https:\/\/likemetkovic.hr\/foto-prva-pricest-u-crkvi-sv-nikole\/\",\"name\":\"FOTO Prva pri\u010dest u crkvi sv. Nikole - likemetkovic.hr\",\"isPartOf\":{\"@id\":\"https:\/\/likemetkovic.hr\/#website\"},\"datePublished\":\"2021-05-16T11:16:48+00:00\",\"dateModified\":\"2021-05-16T11:17:39+00:00\",\"author\":{\"@id\":\"https:\/\/likemetkovic.hr\/#\/schema\/person\/0a8b4ebfdfe1ff01192dccda40c5da0c\"},\"breadcrumb\":{\"@id\":\"https:\/\/likemetkovic.hr\/foto-prva-pricest-u-crkvi-sv-nikole\/#breadcrumb\"},\"inLanguage\":\"hr\",\"potentialAction\":[{\"@type\":\"ReadAction\",\"target\":[\"https:\/\/likemetkovic.hr\/foto-prva-pricest-u-crkvi-sv-nikole\/\"]}]},{\"@type\":\"BreadcrumbList\",\"@id\":\"https:\/\/likemetkovic.hr\/foto-prva-pricest-u-crkvi-sv-nikole\/#breadcrumb\",\"itemListElement\":[{\"@type\":\"ListItem\",\"position\":1,\"name\":\"Po\u010detna stranica\",\"item\":\"https:\/\/likemetkovic.hr\/portal\/\"},{\"@type\":\"ListItem\",\"position\":2,\"name\":\"FOTO Prva pri\u010dest u crkvi sv. Nikole\"}]},{\"@type\":\"WebSite\",\"@id\":\"https:\/\/likemetkovic.hr\/#website\",\"url\":\"https:\/\/likemetkovic.hr\/\",\"name\":\"likemetkovic.hr\",\"description\":\"Misli pozitivno... \u010ditaj LIKE\",\"potentialAction\":[{\"@type\":\"SearchAction\",\"target\":{\"@type\":\"EntryPoint\",\"urlTemplate\":\"https:\/\/likemetkovic.hr\/?s={search_term_string}\"},\"query-input\":{\"@type\":\"PropertyValueSpecification\",\"valueRequired\":true,\"valueName\":\"search_term_string\"}}],\"inLanguage\":\"hr\"},{\"@type\":\"Person\",\"@id\":\"https:\/\/likemetkovic.hr\/#\/schema\/person\/0a8b4ebfdfe1ff01192dccda40c5da0c\",\"name\":\"K. J.\",\"url\":\"https:\/\/likemetkovic.hr\/portal\/author\/likemetkovic\/\"}]}<\/script>\n<!-- \/ Yoast SEO plugin. -->","yoast_head_json":{"title":"FOTO Prva pri\u010dest u crkvi sv. Nikole - likemetkovic.hr","robots":{"index":"index","follow":"follow","max-snippet":"max-snippet:-1","max-image-preview":"max-image-preview:large","max-video-preview":"max-video-preview:-1"},"canonical":"https:\/\/likemetkovic.hr\/foto-prva-pricest-u-crkvi-sv-nikole\/","og_locale":"hr_HR","og_type":"article","og_title":"FOTO Prva pri\u010dest u crkvi sv. Nikole - likemetkovic.hr","og_description":"U crkvi sv. Nikole biskupa u Metkovi\u0107u je tijekom dana\u0161nje nedjelje mise bilo slavlje prve pri\u010desti kojoj je pristupilo 48 djece. Misno slavlje je predvodio \u017eupni vikar don Dino Prkut uz suslavlje \u017eupnika don Davora Biland\u017ei\u0107a. Slavlje je pjesmom uveli\u010dao \u017eupni zbor mladih pod vodstvom \u010d.s. Marijane Cvitanovi\u0107.","og_url":"https:\/\/likemetkovic.hr\/foto-prva-pricest-u-crkvi-sv-nikole\/","og_site_name":"likemetkovic.hr","article_publisher":"https:\/\/www.facebook.com\/likemetkovic.hr\/","article_published_time":"2021-05-16T11:16:48+00:00","article_modified_time":"2021-05-16T11:17:39+00:00","og_image":[{"width":800,"height":533,"url":"https:\/\/likemetkovic.hr\/wp-content\/uploads\/2021\/05\/prva-pricest-sv-nikola_1.jpg","type":"image\/jpeg"}],"author":"K. J.","twitter_card":"summary_large_image","twitter_misc":{"Napisao\/la":"K. J.","Procijenjeno vrijeme \u010ditanja":"1 minuta"},"schema":{"@context":"https:\/\/schema.org","@graph":[{"@type":"WebPage","@id":"https:\/\/likemetkovic.hr\/foto-prva-pricest-u-crkvi-sv-nikole\/","url":"https:\/\/likemetkovic.hr\/foto-prva-pricest-u-crkvi-sv-nikole\/","name":"FOTO Prva pri\u010dest u crkvi sv. Nikole - likemetkovic.hr","isPartOf":{"@id":"https:\/\/likemetkovic.hr\/#website"},"datePublished":"2021-05-16T11:16:48+00:00","dateModified":"2021-05-16T11:17:39+00:00","author":{"@id":"https:\/\/likemetkovic.hr\/#\/schema\/person\/0a8b4ebfdfe1ff01192dccda40c5da0c"},"breadcrumb":{"@id":"https:\/\/likemetkovic.hr\/foto-prva-pricest-u-crkvi-sv-nikole\/#breadcrumb"},"inLanguage":"hr","potentialAction":[{"@type":"ReadAction","target":["https:\/\/likemetkovic.hr\/foto-prva-pricest-u-crkvi-sv-nikole\/"]}]},{"@type":"BreadcrumbList","@id":"https:\/\/likemetkovic.hr\/foto-prva-pricest-u-crkvi-sv-nikole\/#breadcrumb","itemListElement":[{"@type":"ListItem","position":1,"name":"Po\u010detna stranica","item":"https:\/\/likemetkovic.hr\/portal\/"},{"@type":"ListItem","position":2,"name":"FOTO Prva pri\u010dest u crkvi sv. Nikole"}]},{"@type":"WebSite","@id":"https:\/\/likemetkovic.hr\/#website","url":"https:\/\/likemetkovic.hr\/","name":"likemetkovic.hr","description":"Misli pozitivno... \u010ditaj LIKE","potentialAction":[{"@type":"SearchAction","target":{"@type":"EntryPoint","urlTemplate":"https:\/\/likemetkovic.hr\/?s={search_term_string}"},"query-input":{"@type":"PropertyValueSpecification","valueRequired":true,"valueName":"search_term_string"}}],"inLanguage":"hr"},{"@type":"Person","@id":"https:\/\/likemetkovic.hr\/#\/schema\/person\/0a8b4ebfdfe1ff01192dccda40c5da0c","name":"K. J.","url":"https:\/\/likemetkovic.hr\/portal\/author\/likemetkovic\/"}]}},"_links":{"self":[{"href":"https:\/\/likemetkovic.hr\/portal\/wp-json\/wp\/v2\/posts\/117317","targetHints":{"allow":["GET"]}}],"collection":[{"href":"https:\/\/likemetkovic.hr\/portal\/wp-json\/wp\/v2\/posts"}],"about":[{"href":"https:\/\/likemetkovic.hr\/portal\/wp-json\/wp\/v2\/types\/post"}],"author":[{"embeddable":true,"href":"https:\/\/likemetkovic.hr\/portal\/wp-json\/wp\/v2\/users\/9"}],"replies":[{"embeddable":true,"href":"https:\/\/likemetkovic.hr\/portal\/wp-json\/wp\/v2\/comments?post=117317"}],"version-history":[{"count":0,"href":"https:\/\/likemetkovic.hr\/portal\/wp-json\/wp\/v2\/posts\/117317\/revisions"}],"wp:attachment":[{"href":"https:\/\/likemetkovic.hr\/portal\/wp-json\/wp\/v2\/media?parent=117317"}],"wp:term":[{"taxonomy":"category","embeddable":true,"href":"https:\/\/likemetkovic.hr\/portal\/wp-json\/wp\/v2\/categories?post=117317"},{"taxonomy":"post_tag","embeddable":true,"href":"https:\/\/likemetkovic.hr\/portal\/wp-json\/wp\/v2\/tags?post=117317"}],"curies":[{"name":"wp","href":"https:\/\/api.w.org\/{rel}","templated":true}]}}