{"id":118367,"date":"2021-06-07T11:00:42","date_gmt":"2021-06-07T09:00:42","guid":{"rendered":"https:\/\/likemetkovic.hr\/?p=118367"},"modified":"2021-06-07T11:13:12","modified_gmt":"2021-06-07T09:13:12","slug":"primopredaja-u-opuzenu-mataga-od-mihaljevica-preuzeo-funkciju-gradonacelnika","status":"publish","type":"post","link":"https:\/\/likemetkovic.hr\/portal\/primopredaja-u-opuzenu-mataga-od-mihaljevica-preuzeo-funkciju-gradonacelnika\/","title":{"rendered":"Primopredaja u Opuzenu: Mataga od Mihaljevi\u0107a preuzeo funkciju gradona\u010delnika"},"content":{"rendered":"<p>Jutros je u Gradskoj upravi u Opuzenu obavljena primopredaja gradona\u010delni\u010dke funkcije.<\/p>\n<p>Nakon \u010detiri mandata<strong> Ivo Mihaljevi\u0107<\/strong> je mjesto gradona\u010delnika Opuzena prepustio mladom <strong>Ivanu Matagi<\/strong> koji se na lokalnim izborima kandidirao kao nezavisni kandidat uz podr\u0161ku Mosta.<\/p>\n<p>Mihaljevi\u0107 je predstavio projekte koji su u tijeku i koje \u0107e novi gradona\u010delnik nastaviti realizirati.<\/p>\n<p><img decoding=\"async\" class=\"alignnone size-full wp-image-118368\" src=\"https:\/\/likemetkovic.hr\/wp-content\/uploads\/2021\/06\/mataga-mihaljevic-primopredaja-opuzen.jpg\" alt=\"\" width=\"800\" height=\"600\" srcset=\"https:\/\/likemetkovic.hr\/portal\/wp-content\/uploads\/2021\/06\/mataga-mihaljevic-primopredaja-opuzen.jpg 800w, https:\/\/likemetkovic.hr\/portal\/wp-content\/uploads\/2021\/06\/mataga-mihaljevic-primopredaja-opuzen-768x576.jpg 768w, https:\/\/likemetkovic.hr\/portal\/wp-content\/uploads\/2021\/06\/mataga-mihaljevic-primopredaja-opuzen-696x522.jpg 696w, https:\/\/likemetkovic.hr\/portal\/wp-content\/uploads\/2021\/06\/mataga-mihaljevic-primopredaja-opuzen-560x420.jpg 560w, https:\/\/likemetkovic.hr\/portal\/wp-content\/uploads\/2021\/06\/mataga-mihaljevic-primopredaja-opuzen-80x60.jpg 80w, https:\/\/likemetkovic.hr\/portal\/wp-content\/uploads\/2021\/06\/mataga-mihaljevic-primopredaja-opuzen-265x198.jpg 265w\" sizes=\"(max-width: 800px) 100vw, 800px\" \/><\/p>\n","protected":false},"excerpt":{"rendered":"<p>Jutros je u Gradskoj upravi u Opuzenu obavljena primopredaja gradona\u010delni\u010dke funkcije. Nakon \u010detiri mandata Ivo Mihaljevi\u0107 je mjesto gradona\u010delnika Opuzena prepustio mladom Ivanu Matagi koji se na lokalnim izborima kandidirao kao nezavisni kandidat uz podr\u0161ku Mosta. Mihaljevi\u0107 je predstavio projekte koji su u tijeku i koje \u0107e novi gradona\u010delnik nastaviti realizirati.<\/p>\n","protected":false},"author":9,"featured_media":118368,"comment_status":"open","ping_status":"open","sticky":false,"template":"","format":"standard","meta":{"footnotes":""},"categories":[296,290],"tags":[3623,9252,2178],"class_list":{"0":"post-118367","1":"post","2":"type-post","3":"status-publish","4":"format-standard","5":"has-post-thumbnail","7":"category-ab","8":"category-politika","9":"tag-grad-opuzen","10":"tag-ivan-mataga","11":"tag-ivo-mihaljevic"},"yoast_head":"<!-- This site is optimized with the Yoast SEO plugin v25.2 - https:\/\/yoast.com\/wordpress\/plugins\/seo\/ -->\n<title>Primopredaja u Opuzenu: Mataga od Mihaljevi\u0107a preuzeo funkciju gradona\u010delnika - likemetkovic.hr<\/title>\n<meta name=\"robots\" content=\"index, follow, max-snippet:-1, max-image-preview:large, max-video-preview:-1\" \/>\n<link rel=\"canonical\" href=\"https:\/\/likemetkovic.hr\/primopredaja-u-opuzenu-mataga-od-mihaljevica-preuzeo-funkciju-gradonacelnika\/\" \/>\n<meta property=\"og:locale\" content=\"hr_HR\" \/>\n<meta property=\"og:type\" content=\"article\" \/>\n<meta property=\"og:title\" content=\"Primopredaja u Opuzenu: Mataga od Mihaljevi\u0107a preuzeo funkciju gradona\u010delnika - likemetkovic.hr\" \/>\n<meta property=\"og:description\" content=\"Jutros je u Gradskoj upravi u Opuzenu obavljena primopredaja gradona\u010delni\u010dke funkcije. Nakon \u010detiri mandata Ivo Mihaljevi\u0107 je mjesto gradona\u010delnika Opuzena prepustio mladom Ivanu Matagi koji se na lokalnim izborima kandidirao kao nezavisni kandidat uz podr\u0161ku Mosta. Mihaljevi\u0107 je predstavio projekte koji su u tijeku i koje \u0107e novi gradona\u010delnik nastaviti realizirati.\" \/>\n<meta property=\"og:url\" content=\"https:\/\/likemetkovic.hr\/primopredaja-u-opuzenu-mataga-od-mihaljevica-preuzeo-funkciju-gradonacelnika\/\" \/>\n<meta property=\"og:site_name\" content=\"likemetkovic.hr\" \/>\n<meta property=\"article:publisher\" content=\"https:\/\/www.facebook.com\/likemetkovic.hr\/\" \/>\n<meta property=\"article:published_time\" content=\"2021-06-07T09:00:42+00:00\" \/>\n<meta property=\"article:modified_time\" content=\"2021-06-07T09:13:12+00:00\" \/>\n<meta property=\"og:image\" content=\"https:\/\/likemetkovic.hr\/wp-content\/uploads\/2021\/06\/mataga-mihaljevic-primopredaja-opuzen.jpg\" \/>\n\t<meta property=\"og:image:width\" content=\"800\" \/>\n\t<meta property=\"og:image:height\" content=\"600\" \/>\n\t<meta property=\"og:image:type\" content=\"image\/jpeg\" \/>\n<meta name=\"author\" content=\"K. J.\" \/>\n<meta name=\"twitter:card\" content=\"summary_large_image\" \/>\n<meta name=\"twitter:label1\" content=\"Napisao\/la\" \/>\n\t<meta name=\"twitter:data1\" content=\"K. J.\" \/>\n\t<meta name=\"twitter:label2\" content=\"Procijenjeno vrijeme \u010ditanja\" \/>\n\t<meta name=\"twitter:data2\" content=\"1 minuta\" \/>\n<script type=\"application\/ld+json\" class=\"yoast-schema-graph\">{\"@context\":\"https:\/\/schema.org\",\"@graph\":[{\"@type\":\"WebPage\",\"@id\":\"https:\/\/likemetkovic.hr\/primopredaja-u-opuzenu-mataga-od-mihaljevica-preuzeo-funkciju-gradonacelnika\/\",\"url\":\"https:\/\/likemetkovic.hr\/primopredaja-u-opuzenu-mataga-od-mihaljevica-preuzeo-funkciju-gradonacelnika\/\",\"name\":\"Primopredaja u Opuzenu: Mataga od Mihaljevi\u0107a preuzeo funkciju gradona\u010delnika - likemetkovic.hr\",\"isPartOf\":{\"@id\":\"https:\/\/likemetkovic.hr\/#website\"},\"primaryImageOfPage\":{\"@id\":\"https:\/\/likemetkovic.hr\/primopredaja-u-opuzenu-mataga-od-mihaljevica-preuzeo-funkciju-gradonacelnika\/#primaryimage\"},\"image\":{\"@id\":\"https:\/\/likemetkovic.hr\/primopredaja-u-opuzenu-mataga-od-mihaljevica-preuzeo-funkciju-gradonacelnika\/#primaryimage\"},\"thumbnailUrl\":\"https:\/\/likemetkovic.hr\/portal\/wp-content\/uploads\/2021\/06\/mataga-mihaljevic-primopredaja-opuzen.jpg\",\"datePublished\":\"2021-06-07T09:00:42+00:00\",\"dateModified\":\"2021-06-07T09:13:12+00:00\",\"author\":{\"@id\":\"https:\/\/likemetkovic.hr\/#\/schema\/person\/0a8b4ebfdfe1ff01192dccda40c5da0c\"},\"breadcrumb\":{\"@id\":\"https:\/\/likemetkovic.hr\/primopredaja-u-opuzenu-mataga-od-mihaljevica-preuzeo-funkciju-gradonacelnika\/#breadcrumb\"},\"inLanguage\":\"hr\",\"potentialAction\":[{\"@type\":\"ReadAction\",\"target\":[\"https:\/\/likemetkovic.hr\/primopredaja-u-opuzenu-mataga-od-mihaljevica-preuzeo-funkciju-gradonacelnika\/\"]}]},{\"@type\":\"ImageObject\",\"inLanguage\":\"hr\",\"@id\":\"https:\/\/likemetkovic.hr\/primopredaja-u-opuzenu-mataga-od-mihaljevica-preuzeo-funkciju-gradonacelnika\/#primaryimage\",\"url\":\"https:\/\/likemetkovic.hr\/portal\/wp-content\/uploads\/2021\/06\/mataga-mihaljevic-primopredaja-opuzen.jpg\",\"contentUrl\":\"https:\/\/likemetkovic.hr\/portal\/wp-content\/uploads\/2021\/06\/mataga-mihaljevic-primopredaja-opuzen.jpg\",\"width\":800,\"height\":600},{\"@type\":\"BreadcrumbList\",\"@id\":\"https:\/\/likemetkovic.hr\/primopredaja-u-opuzenu-mataga-od-mihaljevica-preuzeo-funkciju-gradonacelnika\/#breadcrumb\",\"itemListElement\":[{\"@type\":\"ListItem\",\"position\":1,\"name\":\"Po\u010detna stranica\",\"item\":\"https:\/\/likemetkovic.hr\/portal\/\"},{\"@type\":\"ListItem\",\"position\":2,\"name\":\"Primopredaja u Opuzenu: Mataga od Mihaljevi\u0107a preuzeo funkciju gradona\u010delnika\"}]},{\"@type\":\"WebSite\",\"@id\":\"https:\/\/likemetkovic.hr\/#website\",\"url\":\"https:\/\/likemetkovic.hr\/\",\"name\":\"likemetkovic.hr\",\"description\":\"Misli pozitivno... \u010ditaj LIKE\",\"potentialAction\":[{\"@type\":\"SearchAction\",\"target\":{\"@type\":\"EntryPoint\",\"urlTemplate\":\"https:\/\/likemetkovic.hr\/?s={search_term_string}\"},\"query-input\":{\"@type\":\"PropertyValueSpecification\",\"valueRequired\":true,\"valueName\":\"search_term_string\"}}],\"inLanguage\":\"hr\"},{\"@type\":\"Person\",\"@id\":\"https:\/\/likemetkovic.hr\/#\/schema\/person\/0a8b4ebfdfe1ff01192dccda40c5da0c\",\"name\":\"K. J.\",\"url\":\"https:\/\/likemetkovic.hr\/portal\/author\/likemetkovic\/\"}]}<\/script>\n<!-- \/ Yoast SEO plugin. -->","yoast_head_json":{"title":"Primopredaja u Opuzenu: Mataga od Mihaljevi\u0107a preuzeo funkciju gradona\u010delnika - likemetkovic.hr","robots":{"index":"index","follow":"follow","max-snippet":"max-snippet:-1","max-image-preview":"max-image-preview:large","max-video-preview":"max-video-preview:-1"},"canonical":"https:\/\/likemetkovic.hr\/primopredaja-u-opuzenu-mataga-od-mihaljevica-preuzeo-funkciju-gradonacelnika\/","og_locale":"hr_HR","og_type":"article","og_title":"Primopredaja u Opuzenu: Mataga od Mihaljevi\u0107a preuzeo funkciju gradona\u010delnika - likemetkovic.hr","og_description":"Jutros je u Gradskoj upravi u Opuzenu obavljena primopredaja gradona\u010delni\u010dke funkcije. Nakon \u010detiri mandata Ivo Mihaljevi\u0107 je mjesto gradona\u010delnika Opuzena prepustio mladom Ivanu Matagi koji se na lokalnim izborima kandidirao kao nezavisni kandidat uz podr\u0161ku Mosta. Mihaljevi\u0107 je predstavio projekte koji su u tijeku i koje \u0107e novi gradona\u010delnik nastaviti realizirati.","og_url":"https:\/\/likemetkovic.hr\/primopredaja-u-opuzenu-mataga-od-mihaljevica-preuzeo-funkciju-gradonacelnika\/","og_site_name":"likemetkovic.hr","article_publisher":"https:\/\/www.facebook.com\/likemetkovic.hr\/","article_published_time":"2021-06-07T09:00:42+00:00","article_modified_time":"2021-06-07T09:13:12+00:00","og_image":[{"width":800,"height":600,"url":"https:\/\/likemetkovic.hr\/wp-content\/uploads\/2021\/06\/mataga-mihaljevic-primopredaja-opuzen.jpg","type":"image\/jpeg"}],"author":"K. J.","twitter_card":"summary_large_image","twitter_misc":{"Napisao\/la":"K. J.","Procijenjeno vrijeme \u010ditanja":"1 minuta"},"schema":{"@context":"https:\/\/schema.org","@graph":[{"@type":"WebPage","@id":"https:\/\/likemetkovic.hr\/primopredaja-u-opuzenu-mataga-od-mihaljevica-preuzeo-funkciju-gradonacelnika\/","url":"https:\/\/likemetkovic.hr\/primopredaja-u-opuzenu-mataga-od-mihaljevica-preuzeo-funkciju-gradonacelnika\/","name":"Primopredaja u Opuzenu: Mataga od Mihaljevi\u0107a preuzeo funkciju gradona\u010delnika - likemetkovic.hr","isPartOf":{"@id":"https:\/\/likemetkovic.hr\/#website"},"primaryImageOfPage":{"@id":"https:\/\/likemetkovic.hr\/primopredaja-u-opuzenu-mataga-od-mihaljevica-preuzeo-funkciju-gradonacelnika\/#primaryimage"},"image":{"@id":"https:\/\/likemetkovic.hr\/primopredaja-u-opuzenu-mataga-od-mihaljevica-preuzeo-funkciju-gradonacelnika\/#primaryimage"},"thumbnailUrl":"https:\/\/likemetkovic.hr\/portal\/wp-content\/uploads\/2021\/06\/mataga-mihaljevic-primopredaja-opuzen.jpg","datePublished":"2021-06-07T09:00:42+00:00","dateModified":"2021-06-07T09:13:12+00:00","author":{"@id":"https:\/\/likemetkovic.hr\/#\/schema\/person\/0a8b4ebfdfe1ff01192dccda40c5da0c"},"breadcrumb":{"@id":"https:\/\/likemetkovic.hr\/primopredaja-u-opuzenu-mataga-od-mihaljevica-preuzeo-funkciju-gradonacelnika\/#breadcrumb"},"inLanguage":"hr","potentialAction":[{"@type":"ReadAction","target":["https:\/\/likemetkovic.hr\/primopredaja-u-opuzenu-mataga-od-mihaljevica-preuzeo-funkciju-gradonacelnika\/"]}]},{"@type":"ImageObject","inLanguage":"hr","@id":"https:\/\/likemetkovic.hr\/primopredaja-u-opuzenu-mataga-od-mihaljevica-preuzeo-funkciju-gradonacelnika\/#primaryimage","url":"https:\/\/likemetkovic.hr\/portal\/wp-content\/uploads\/2021\/06\/mataga-mihaljevic-primopredaja-opuzen.jpg","contentUrl":"https:\/\/likemetkovic.hr\/portal\/wp-content\/uploads\/2021\/06\/mataga-mihaljevic-primopredaja-opuzen.jpg","width":800,"height":600},{"@type":"BreadcrumbList","@id":"https:\/\/likemetkovic.hr\/primopredaja-u-opuzenu-mataga-od-mihaljevica-preuzeo-funkciju-gradonacelnika\/#breadcrumb","itemListElement":[{"@type":"ListItem","position":1,"name":"Po\u010detna stranica","item":"https:\/\/likemetkovic.hr\/portal\/"},{"@type":"ListItem","position":2,"name":"Primopredaja u Opuzenu: Mataga od Mihaljevi\u0107a preuzeo funkciju gradona\u010delnika"}]},{"@type":"WebSite","@id":"https:\/\/likemetkovic.hr\/#website","url":"https:\/\/likemetkovic.hr\/","name":"likemetkovic.hr","description":"Misli pozitivno... \u010ditaj LIKE","potentialAction":[{"@type":"SearchAction","target":{"@type":"EntryPoint","urlTemplate":"https:\/\/likemetkovic.hr\/?s={search_term_string}"},"query-input":{"@type":"PropertyValueSpecification","valueRequired":true,"valueName":"search_term_string"}}],"inLanguage":"hr"},{"@type":"Person","@id":"https:\/\/likemetkovic.hr\/#\/schema\/person\/0a8b4ebfdfe1ff01192dccda40c5da0c","name":"K. J.","url":"https:\/\/likemetkovic.hr\/portal\/author\/likemetkovic\/"}]}},"_links":{"self":[{"href":"https:\/\/likemetkovic.hr\/portal\/wp-json\/wp\/v2\/posts\/118367","targetHints":{"allow":["GET"]}}],"collection":[{"href":"https:\/\/likemetkovic.hr\/portal\/wp-json\/wp\/v2\/posts"}],"about":[{"href":"https:\/\/likemetkovic.hr\/portal\/wp-json\/wp\/v2\/types\/post"}],"author":[{"embeddable":true,"href":"https:\/\/likemetkovic.hr\/portal\/wp-json\/wp\/v2\/users\/9"}],"replies":[{"embeddable":true,"href":"https:\/\/likemetkovic.hr\/portal\/wp-json\/wp\/v2\/comments?post=118367"}],"version-history":[{"count":0,"href":"https:\/\/likemetkovic.hr\/portal\/wp-json\/wp\/v2\/posts\/118367\/revisions"}],"wp:featuredmedia":[{"embeddable":true,"href":"https:\/\/likemetkovic.hr\/portal\/wp-json\/wp\/v2\/media\/118368"}],"wp:attachment":[{"href":"https:\/\/likemetkovic.hr\/portal\/wp-json\/wp\/v2\/media?parent=118367"}],"wp:term":[{"taxonomy":"category","embeddable":true,"href":"https:\/\/likemetkovic.hr\/portal\/wp-json\/wp\/v2\/categories?post=118367"},{"taxonomy":"post_tag","embeddable":true,"href":"https:\/\/likemetkovic.hr\/portal\/wp-json\/wp\/v2\/tags?post=118367"}],"curies":[{"name":"wp","href":"https:\/\/api.w.org\/{rel}","templated":true}]}}