{"id":119666,"date":"2021-07-05T19:59:06","date_gmt":"2021-07-05T17:59:06","guid":{"rendered":"https:\/\/likemetkovic.hr\/?p=119666"},"modified":"2021-07-05T19:59:06","modified_gmt":"2021-07-05T17:59:06","slug":"snazan-porast-prekrcaja-ugljena-za-bih","status":"publish","type":"post","link":"https:\/\/likemetkovic.hr\/portal\/snazan-porast-prekrcaja-ugljena-za-bih\/","title":{"rendered":"Sna\u017ean porast prekrcaja ugljena za BiH"},"content":{"rendered":"<p>Unato\u010d krizi uzrokovanoj pandemijom COVID-a 19, Luka Plo\u010de bilje\u017ei porast prekrcanih tereta, pi\u0161e Slobodna Dalmacija, a prenosi <a href=\"http:\/\/www.rogotin.hr\/2021\/07\/05\/snazan-porast-prekrcaja-ugljena-za-bih\/\" target=\"_blank\" rel=\"noopener\">Rogotin.hr.<\/a><\/p>\n<p>Ostvareni promet u prvih pet mjeseci ove godine iznosi 1.338.998 tona, \u0161to je za 21 posto vi\u0161e u usporedbi s istim razdobljem u 2020. godini, kada je prekrcano 1.106.073 tone. U strukturi tereta dominiraju rasuti tereti s udjelom od 66 posto, od \u010dega je ve\u0107ina ugljen za potrebe industrijskih kapaciteta u susjednoj Bosni i Hercegovini.<\/p>\n<p>Najve\u0107i krajnji korisnici usluga Luke Plo\u010de su ArcelorMittal Zenica, GIKIL Lukavac, Enel Italija.<\/p>\n<p>Kriza je uvjetovala smanjenje broja zaposlenika kroz programe zbrinjavanja, ali u kona\u010dnici nije bilo rezanja pla\u0107a i drugih materijalnih prava zaposlenika. Luka Plo\u010de je na dan 31. svibnja ove godine imala 382 zaposlenika, dok je u pro\u0161loj godini bilo 479 zaposlenih.<\/p>\n<p>\u2013<em> Zna\u010dajno smanjen obujam poslovanja zbog gospodarskih i lokacijskih uvjeta (ga\u0161enje partnera iz BiH) te izvanredne situacije uzrokovane pandemijom COVID-a 19, iziskuje smanjenje tro\u0161kova poslovanja i provo\u0111enje organizacijskih promjena radi uskla\u0111ivanja broja radnika sa strukturom i veli\u010dinom poslovne aktivnosti dru\u0161tva. Organizaciju dru\u0161tva i broj radnika potrebno je prilagoditi novim uvjetima, stoga je poslodavac bio prisiljen pristupiti racionalizaciji tro\u0161kova i smanjenju broja izvr\u0161itelja kako bi stvorio uvjete za financijsku likvidnost daljnjeg poslovanja Dru\u0161tva. Ovim utvr\u0111ivanjem kolektivnog vi\u0161ka radnika posti\u017ee se zna\u010dajno smanjenje godi\u0161njeg tro\u0161ka rada Dru\u0161tva, a potpuni u\u010dinak na nov\u010dane tokove i profitabilnost Dru\u0161tva bit \u0107e u vidljiv u 2021. godini. Tro\u0161ak pla\u0107a u 2020. godini je pao za 4% u odnosu na prethodnu godinu<\/em> \u2013 stoji u revidiranom poslovnom izvje\u0161\u0107u uprave dru\u0161tva.<\/p>\n<h4>Novi kupci<\/h4>\n<p>Kakvi su budu\u0107i poslovni planovi u smislu \u0161irenja lu\u010dkih usluga ?<\/p>\n<p><em>\u2013 Luka Plo\u010de kontinuirano unaprje\u0111uje kapacitete, efikasnost i kvalitetu pru\u017eanja lu\u010dkih usluga kako bi zadovoljila zahtjeve postoje\u0107ih i potencijalnih korisnika, \u0161to potkrepljujemo \u010dinjenicom da se u zadnjem periodu pojavljuju novi kupci s novim robama, te se Luka Plo\u010de pokazala kao iznimno spremna udovoljiti o\u010dekivanjima i zahtjevima s kojima se suo\u010dava.<\/em> \u2013 isti\u010du u upravi Luke Plo\u010de.<\/p>\n<p>Luka je od iznimne va\u017enosti za gospodarstvo Bosne i Hercegovine, a dovr\u0161etkom Koridora Vc, Luka Plo\u010de d.d. \u0107e zajedno s cijelom dolinom Neretve dodatno pro\u0161iriti svoje poslovanje i na ostale zemlje zapadne i srednje Europe. Zbog svoje geostrate\u0161ke pozicije i novih ulaganja, uvr\u0161tena je na svjetsku kartu luka koje mogu prihvatiti CAPE SIZE brodove (veli\u010dine do 180 000 DWT).<\/p>\n<p>Nakon otvaranja novoga terminala za rasute terete u velja\u010di ove godine, u Luku Plo\u010de su uplovila dva velika broda koji su dopremili ugljen za potrebe gospodarstvenika u BiH. Novi terminal tehnolo\u0161ki i financijski zasigurno je jedan od najzna\u010dajnijih potprojekata i investicija u sklopu realizacije Projekta integracije trgovine i transporta, \u010dija je ukupna vrijednost oko 200 milijuna eura, a zapo\u010det je 2005. godine uz suradnju Vlade RH, Svjetske banke, Lu\u010dke uprave Plo\u010de i Luke Plo\u010de d.d.<\/p>\n<p>Funkcija terminala odnosi se na pove\u0107anje kapaciteta za rasute terete na vi\u0161e od 6 milijuna tona godi\u0161nje, a pobolj\u0161ana prekrcajna tehnologija, duljina obale (365m) i duboki gaz (18m) rezultirat \u0107e porastom prometa u segmentu rasutih tereta \u2013 o\u010dekuju u plo\u010danskoj luci.<\/p>\n<p>Pi\u0161e: Stanislav Soldo \/Slobodna Dalmacija<\/p>\n","protected":false},"excerpt":{"rendered":"<p>Unato\u010d krizi uzrokovanoj pandemijom COVID-a 19, Luka Plo\u010de bilje\u017ei porast prekrcanih tereta, pi\u0161e Slobodna Dalmacija, a prenosi Rogotin.hr. Ostvareni promet u prvih pet mjeseci ove godine iznosi 1.338.998 tona, \u0161to je za 21 posto vi\u0161e u usporedbi s istim razdobljem u 2020. godini, kada je prekrcano 1.106.073 tone. U strukturi tereta dominiraju rasuti tereti s [&hellip;]<\/p>\n","protected":false},"author":7,"featured_media":87170,"comment_status":"open","ping_status":"open","sticky":false,"template":"","format":"standard","meta":{"footnotes":""},"categories":[296,290],"tags":[1312,5501],"class_list":{"0":"post-119666","1":"post","2":"type-post","3":"status-publish","4":"format-standard","5":"has-post-thumbnail","7":"category-ab","8":"category-politika","9":"tag-luka-ploce","10":"tag-ugljen"},"yoast_head":"<!-- This site is optimized with the Yoast SEO plugin v25.2 - https:\/\/yoast.com\/wordpress\/plugins\/seo\/ -->\n<title>Sna\u017ean porast prekrcaja ugljena za BiH - likemetkovic.hr<\/title>\n<meta name=\"robots\" content=\"index, follow, max-snippet:-1, max-image-preview:large, max-video-preview:-1\" \/>\n<link rel=\"canonical\" href=\"https:\/\/likemetkovic.hr\/snazan-porast-prekrcaja-ugljena-za-bih\/\" \/>\n<meta property=\"og:locale\" content=\"hr_HR\" \/>\n<meta property=\"og:type\" content=\"article\" \/>\n<meta property=\"og:title\" content=\"Sna\u017ean porast prekrcaja ugljena za BiH - likemetkovic.hr\" \/>\n<meta property=\"og:description\" content=\"Unato\u010d krizi uzrokovanoj pandemijom COVID-a 19, Luka Plo\u010de bilje\u017ei porast prekrcanih tereta, pi\u0161e Slobodna Dalmacija, a prenosi Rogotin.hr. Ostvareni promet u prvih pet mjeseci ove godine iznosi 1.338.998 tona, \u0161to je za 21 posto vi\u0161e u usporedbi s istim razdobljem u 2020. godini, kada je prekrcano 1.106.073 tone. U strukturi tereta dominiraju rasuti tereti s [&hellip;]\" \/>\n<meta property=\"og:url\" content=\"https:\/\/likemetkovic.hr\/snazan-porast-prekrcaja-ugljena-za-bih\/\" \/>\n<meta property=\"og:site_name\" content=\"likemetkovic.hr\" \/>\n<meta property=\"article:publisher\" content=\"https:\/\/www.facebook.com\/likemetkovic.hr\/\" \/>\n<meta property=\"article:published_time\" content=\"2021-07-05T17:59:06+00:00\" \/>\n<meta property=\"og:image\" content=\"https:\/\/likemetkovic.hr\/wp-content\/uploads\/2019\/08\/v-maraton-la\u0111a-6.jpg\" \/>\n\t<meta property=\"og:image:width\" content=\"800\" \/>\n\t<meta property=\"og:image:height\" content=\"533\" \/>\n\t<meta property=\"og:image:type\" content=\"image\/jpeg\" \/>\n<meta name=\"author\" content=\"LIKEmetkovic.hr\" \/>\n<meta name=\"twitter:card\" content=\"summary_large_image\" \/>\n<meta name=\"twitter:label1\" content=\"Napisao\/la\" \/>\n\t<meta name=\"twitter:data1\" content=\"LIKEmetkovic.hr\" \/>\n\t<meta name=\"twitter:label2\" content=\"Procijenjeno vrijeme \u010ditanja\" \/>\n\t<meta name=\"twitter:data2\" content=\"3 minute\" \/>\n<script type=\"application\/ld+json\" class=\"yoast-schema-graph\">{\"@context\":\"https:\/\/schema.org\",\"@graph\":[{\"@type\":\"WebPage\",\"@id\":\"https:\/\/likemetkovic.hr\/snazan-porast-prekrcaja-ugljena-za-bih\/\",\"url\":\"https:\/\/likemetkovic.hr\/snazan-porast-prekrcaja-ugljena-za-bih\/\",\"name\":\"Sna\u017ean porast prekrcaja ugljena za BiH - likemetkovic.hr\",\"isPartOf\":{\"@id\":\"https:\/\/likemetkovic.hr\/#website\"},\"primaryImageOfPage\":{\"@id\":\"https:\/\/likemetkovic.hr\/snazan-porast-prekrcaja-ugljena-za-bih\/#primaryimage\"},\"image\":{\"@id\":\"https:\/\/likemetkovic.hr\/snazan-porast-prekrcaja-ugljena-za-bih\/#primaryimage\"},\"thumbnailUrl\":\"https:\/\/likemetkovic.hr\/portal\/wp-content\/uploads\/2019\/08\/v-maraton-la\u0111a-6.jpg\",\"datePublished\":\"2021-07-05T17:59:06+00:00\",\"author\":{\"@id\":\"https:\/\/likemetkovic.hr\/#\/schema\/person\/a42711f3385a0e2be6f7e0443bfb28f0\"},\"breadcrumb\":{\"@id\":\"https:\/\/likemetkovic.hr\/snazan-porast-prekrcaja-ugljena-za-bih\/#breadcrumb\"},\"inLanguage\":\"hr\",\"potentialAction\":[{\"@type\":\"ReadAction\",\"target\":[\"https:\/\/likemetkovic.hr\/snazan-porast-prekrcaja-ugljena-za-bih\/\"]}]},{\"@type\":\"ImageObject\",\"inLanguage\":\"hr\",\"@id\":\"https:\/\/likemetkovic.hr\/snazan-porast-prekrcaja-ugljena-za-bih\/#primaryimage\",\"url\":\"https:\/\/likemetkovic.hr\/portal\/wp-content\/uploads\/2019\/08\/v-maraton-la\u0111a-6.jpg\",\"contentUrl\":\"https:\/\/likemetkovic.hr\/portal\/wp-content\/uploads\/2019\/08\/v-maraton-la\u0111a-6.jpg\",\"width\":800,\"height\":533},{\"@type\":\"BreadcrumbList\",\"@id\":\"https:\/\/likemetkovic.hr\/snazan-porast-prekrcaja-ugljena-za-bih\/#breadcrumb\",\"itemListElement\":[{\"@type\":\"ListItem\",\"position\":1,\"name\":\"Po\u010detna stranica\",\"item\":\"https:\/\/likemetkovic.hr\/portal\/\"},{\"@type\":\"ListItem\",\"position\":2,\"name\":\"Sna\u017ean porast prekrcaja ugljena za BiH\"}]},{\"@type\":\"WebSite\",\"@id\":\"https:\/\/likemetkovic.hr\/#website\",\"url\":\"https:\/\/likemetkovic.hr\/\",\"name\":\"likemetkovic.hr\",\"description\":\"Misli pozitivno... \u010ditaj LIKE\",\"potentialAction\":[{\"@type\":\"SearchAction\",\"target\":{\"@type\":\"EntryPoint\",\"urlTemplate\":\"https:\/\/likemetkovic.hr\/?s={search_term_string}\"},\"query-input\":{\"@type\":\"PropertyValueSpecification\",\"valueRequired\":true,\"valueName\":\"search_term_string\"}}],\"inLanguage\":\"hr\"},{\"@type\":\"Person\",\"@id\":\"https:\/\/likemetkovic.hr\/#\/schema\/person\/a42711f3385a0e2be6f7e0443bfb28f0\",\"name\":\"LIKEmetkovic.hr\",\"sameAs\":[\"http:\/\/likemetkovic.hr\"],\"url\":\"https:\/\/likemetkovic.hr\/portal\/author\/likemetkovic-hr\/\"}]}<\/script>\n<!-- \/ Yoast SEO plugin. -->","yoast_head_json":{"title":"Sna\u017ean porast prekrcaja ugljena za BiH - likemetkovic.hr","robots":{"index":"index","follow":"follow","max-snippet":"max-snippet:-1","max-image-preview":"max-image-preview:large","max-video-preview":"max-video-preview:-1"},"canonical":"https:\/\/likemetkovic.hr\/snazan-porast-prekrcaja-ugljena-za-bih\/","og_locale":"hr_HR","og_type":"article","og_title":"Sna\u017ean porast prekrcaja ugljena za BiH - likemetkovic.hr","og_description":"Unato\u010d krizi uzrokovanoj pandemijom COVID-a 19, Luka Plo\u010de bilje\u017ei porast prekrcanih tereta, pi\u0161e Slobodna Dalmacija, a prenosi Rogotin.hr. Ostvareni promet u prvih pet mjeseci ove godine iznosi 1.338.998 tona, \u0161to je za 21 posto vi\u0161e u usporedbi s istim razdobljem u 2020. godini, kada je prekrcano 1.106.073 tone. U strukturi tereta dominiraju rasuti tereti s [&hellip;]","og_url":"https:\/\/likemetkovic.hr\/snazan-porast-prekrcaja-ugljena-za-bih\/","og_site_name":"likemetkovic.hr","article_publisher":"https:\/\/www.facebook.com\/likemetkovic.hr\/","article_published_time":"2021-07-05T17:59:06+00:00","og_image":[{"width":800,"height":533,"url":"https:\/\/likemetkovic.hr\/wp-content\/uploads\/2019\/08\/v-maraton-la\u0111a-6.jpg","type":"image\/jpeg"}],"author":"LIKEmetkovic.hr","twitter_card":"summary_large_image","twitter_misc":{"Napisao\/la":"LIKEmetkovic.hr","Procijenjeno vrijeme \u010ditanja":"3 minute"},"schema":{"@context":"https:\/\/schema.org","@graph":[{"@type":"WebPage","@id":"https:\/\/likemetkovic.hr\/snazan-porast-prekrcaja-ugljena-za-bih\/","url":"https:\/\/likemetkovic.hr\/snazan-porast-prekrcaja-ugljena-za-bih\/","name":"Sna\u017ean porast prekrcaja ugljena za BiH - likemetkovic.hr","isPartOf":{"@id":"https:\/\/likemetkovic.hr\/#website"},"primaryImageOfPage":{"@id":"https:\/\/likemetkovic.hr\/snazan-porast-prekrcaja-ugljena-za-bih\/#primaryimage"},"image":{"@id":"https:\/\/likemetkovic.hr\/snazan-porast-prekrcaja-ugljena-za-bih\/#primaryimage"},"thumbnailUrl":"https:\/\/likemetkovic.hr\/portal\/wp-content\/uploads\/2019\/08\/v-maraton-la\u0111a-6.jpg","datePublished":"2021-07-05T17:59:06+00:00","author":{"@id":"https:\/\/likemetkovic.hr\/#\/schema\/person\/a42711f3385a0e2be6f7e0443bfb28f0"},"breadcrumb":{"@id":"https:\/\/likemetkovic.hr\/snazan-porast-prekrcaja-ugljena-za-bih\/#breadcrumb"},"inLanguage":"hr","potentialAction":[{"@type":"ReadAction","target":["https:\/\/likemetkovic.hr\/snazan-porast-prekrcaja-ugljena-za-bih\/"]}]},{"@type":"ImageObject","inLanguage":"hr","@id":"https:\/\/likemetkovic.hr\/snazan-porast-prekrcaja-ugljena-za-bih\/#primaryimage","url":"https:\/\/likemetkovic.hr\/portal\/wp-content\/uploads\/2019\/08\/v-maraton-la\u0111a-6.jpg","contentUrl":"https:\/\/likemetkovic.hr\/portal\/wp-content\/uploads\/2019\/08\/v-maraton-la\u0111a-6.jpg","width":800,"height":533},{"@type":"BreadcrumbList","@id":"https:\/\/likemetkovic.hr\/snazan-porast-prekrcaja-ugljena-za-bih\/#breadcrumb","itemListElement":[{"@type":"ListItem","position":1,"name":"Po\u010detna stranica","item":"https:\/\/likemetkovic.hr\/portal\/"},{"@type":"ListItem","position":2,"name":"Sna\u017ean porast prekrcaja ugljena za BiH"}]},{"@type":"WebSite","@id":"https:\/\/likemetkovic.hr\/#website","url":"https:\/\/likemetkovic.hr\/","name":"likemetkovic.hr","description":"Misli pozitivno... \u010ditaj LIKE","potentialAction":[{"@type":"SearchAction","target":{"@type":"EntryPoint","urlTemplate":"https:\/\/likemetkovic.hr\/?s={search_term_string}"},"query-input":{"@type":"PropertyValueSpecification","valueRequired":true,"valueName":"search_term_string"}}],"inLanguage":"hr"},{"@type":"Person","@id":"https:\/\/likemetkovic.hr\/#\/schema\/person\/a42711f3385a0e2be6f7e0443bfb28f0","name":"LIKEmetkovic.hr","sameAs":["http:\/\/likemetkovic.hr"],"url":"https:\/\/likemetkovic.hr\/portal\/author\/likemetkovic-hr\/"}]}},"_links":{"self":[{"href":"https:\/\/likemetkovic.hr\/portal\/wp-json\/wp\/v2\/posts\/119666","targetHints":{"allow":["GET"]}}],"collection":[{"href":"https:\/\/likemetkovic.hr\/portal\/wp-json\/wp\/v2\/posts"}],"about":[{"href":"https:\/\/likemetkovic.hr\/portal\/wp-json\/wp\/v2\/types\/post"}],"author":[{"embeddable":true,"href":"https:\/\/likemetkovic.hr\/portal\/wp-json\/wp\/v2\/users\/7"}],"replies":[{"embeddable":true,"href":"https:\/\/likemetkovic.hr\/portal\/wp-json\/wp\/v2\/comments?post=119666"}],"version-history":[{"count":0,"href":"https:\/\/likemetkovic.hr\/portal\/wp-json\/wp\/v2\/posts\/119666\/revisions"}],"wp:featuredmedia":[{"embeddable":true,"href":"https:\/\/likemetkovic.hr\/portal\/wp-json\/wp\/v2\/media\/87170"}],"wp:attachment":[{"href":"https:\/\/likemetkovic.hr\/portal\/wp-json\/wp\/v2\/media?parent=119666"}],"wp:term":[{"taxonomy":"category","embeddable":true,"href":"https:\/\/likemetkovic.hr\/portal\/wp-json\/wp\/v2\/categories?post=119666"},{"taxonomy":"post_tag","embeddable":true,"href":"https:\/\/likemetkovic.hr\/portal\/wp-json\/wp\/v2\/tags?post=119666"}],"curies":[{"name":"wp","href":"https:\/\/api.w.org\/{rel}","templated":true}]}}