{"id":121838,"date":"2021-08-19T09:31:00","date_gmt":"2021-08-19T07:31:00","guid":{"rendered":"https:\/\/likemetkovic.hr\/?p=121838"},"modified":"2021-08-19T09:31:00","modified_gmt":"2021-08-19T07:31:00","slug":"hrvatska-ostaje-narancasta-na-korona-karti-ali-jedan-dio-zemlje-bi-mogao-pocrveniti","status":"publish","type":"post","link":"https:\/\/likemetkovic.hr\/portal\/hrvatska-ostaje-narancasta-na-korona-karti-ali-jedan-dio-zemlje-bi-mogao-pocrveniti\/","title":{"rendered":"Hrvatska ostaje naran\u010dasta na korona karti, ali jedan dio zemlje bi mogao pocrveniti"},"content":{"rendered":"<p>Kako prenosi<a href=\"https:\/\/hr.n1info.com\/vijesti\/ecdc-danas-objavljuje-novu-kartu-kakva-ce-biti-hrvatska\/\" target=\"_blank\" rel=\"noopener\">\u00a0N1<\/a>, danas imamo udio pozitivnih od 4.88 posto me\u0111u testiranima. Testirane su 9962 osobe, od \u010dega je pozitivnih 486, neslu\u017ebeno doznajemo.<\/p>\n<p>Zamjenica ravnatelja HZJZ-a Ivana Pavi\u0107 \u0160imetin izjavila je u Novom danu N1 televizije kako rast novozara\u017eenih mo\u017eemo usporiti pridr\u017eavanjem epidemiolo\u0161kih mjera i cijepljenjem, a razmatra se i uvo\u0111enje novih mjera.<\/p>\n<p>&#8211; O\u010dekujemo da \u0107e Hrvatska ostati u naran\u010dastom na novoj karti koju danas objavljuje ECDC. Zagreb i Splitsko-dalmatinska \u017eupanija imaju najvi\u0161e aktivnih slu\u010dajeva \u0161to zna\u010di da ondje imamo najvi\u0161e novooboljelih, to je vezano uz turisti\u010dku sezonu i povratak s godi\u0161njih odmora &#8211; rekla je.<\/p>\n<p>O\u010dekuje se da bi Grad Zagreb mogao biti crven.<\/p>\n<p>Pozvala je gra\u0111ane da se cijepe, kao i da se pridr\u017eavaju mjera kako bi se usporio rast broja novozara\u017eenih.<\/p>\n<p>Uo\u010di skorog po\u010detka \u0161kolske godine rekla je kako \u201cokvir za \u0161kole imamo od pro\u0161le godine, jako dobro smo pogodili \u0161to i kako treba u \u0161kolama\u201d.<\/p>\n","protected":false},"excerpt":{"rendered":"<p>Kako prenosi\u00a0N1, danas imamo udio pozitivnih od 4.88 posto me\u0111u testiranima. Testirane su 9962 osobe, od \u010dega je pozitivnih 486, neslu\u017ebeno doznajemo. Zamjenica ravnatelja HZJZ-a Ivana Pavi\u0107 \u0160imetin izjavila je u Novom danu N1 televizije kako rast novozara\u017eenih mo\u017eemo usporiti pridr\u017eavanjem epidemiolo\u0161kih mjera i cijepljenjem, a razmatra se i uvo\u0111enje novih mjera. &#8211; O\u010dekujemo da [&hellip;]<\/p>\n","protected":false},"author":7,"featured_media":120747,"comment_status":"open","ping_status":"open","sticky":false,"template":"","format":"standard","meta":{"footnotes":""},"categories":[283,1027],"tags":[7148,9502,9821],"class_list":{"0":"post-121838","1":"post","2":"type-post","3":"status-publish","4":"format-standard","5":"has-post-thumbnail","7":"category-a","8":"category-hrvatska","9":"tag-epidemija-koronavirusa","10":"tag-korona-karta","11":"tag-zarazeni"},"yoast_head":"<!-- This site is optimized with the Yoast SEO plugin v25.2 - https:\/\/yoast.com\/wordpress\/plugins\/seo\/ -->\n<title>Hrvatska ostaje naran\u010dasta na korona karti, ali jedan dio zemlje bi mogao pocrveniti - likemetkovic.hr<\/title>\n<meta name=\"robots\" content=\"index, follow, max-snippet:-1, max-image-preview:large, max-video-preview:-1\" \/>\n<link rel=\"canonical\" href=\"https:\/\/likemetkovic.hr\/hrvatska-ostaje-narancasta-na-korona-karti-ali-jedan-dio-zemlje-bi-mogao-pocrveniti\/\" \/>\n<meta property=\"og:locale\" content=\"hr_HR\" \/>\n<meta property=\"og:type\" content=\"article\" \/>\n<meta property=\"og:title\" content=\"Hrvatska ostaje naran\u010dasta na korona karti, ali jedan dio zemlje bi mogao pocrveniti - likemetkovic.hr\" \/>\n<meta property=\"og:description\" content=\"Kako prenosi\u00a0N1, danas imamo udio pozitivnih od 4.88 posto me\u0111u testiranima. Testirane su 9962 osobe, od \u010dega je pozitivnih 486, neslu\u017ebeno doznajemo. Zamjenica ravnatelja HZJZ-a Ivana Pavi\u0107 \u0160imetin izjavila je u Novom danu N1 televizije kako rast novozara\u017eenih mo\u017eemo usporiti pridr\u017eavanjem epidemiolo\u0161kih mjera i cijepljenjem, a razmatra se i uvo\u0111enje novih mjera. &#8211; O\u010dekujemo da [&hellip;]\" \/>\n<meta property=\"og:url\" content=\"https:\/\/likemetkovic.hr\/hrvatska-ostaje-narancasta-na-korona-karti-ali-jedan-dio-zemlje-bi-mogao-pocrveniti\/\" \/>\n<meta property=\"og:site_name\" content=\"likemetkovic.hr\" \/>\n<meta property=\"article:publisher\" content=\"https:\/\/www.facebook.com\/likemetkovic.hr\/\" \/>\n<meta property=\"article:published_time\" content=\"2021-08-19T07:31:00+00:00\" \/>\n<meta property=\"og:image\" content=\"https:\/\/likemetkovic.hr\/wp-content\/uploads\/2021\/07\/testiranje-covid-ambulanta-metkovic.jpg\" \/>\n\t<meta property=\"og:image:width\" content=\"800\" \/>\n\t<meta property=\"og:image:height\" content=\"533\" \/>\n\t<meta property=\"og:image:type\" content=\"image\/jpeg\" \/>\n<meta name=\"author\" content=\"LIKEmetkovic.hr\" \/>\n<meta name=\"twitter:card\" content=\"summary_large_image\" \/>\n<meta name=\"twitter:label1\" content=\"Napisao\/la\" \/>\n\t<meta name=\"twitter:data1\" content=\"LIKEmetkovic.hr\" \/>\n\t<meta name=\"twitter:label2\" content=\"Procijenjeno vrijeme \u010ditanja\" \/>\n\t<meta name=\"twitter:data2\" content=\"1 minuta\" \/>\n<script type=\"application\/ld+json\" class=\"yoast-schema-graph\">{\"@context\":\"https:\/\/schema.org\",\"@graph\":[{\"@type\":\"WebPage\",\"@id\":\"https:\/\/likemetkovic.hr\/hrvatska-ostaje-narancasta-na-korona-karti-ali-jedan-dio-zemlje-bi-mogao-pocrveniti\/\",\"url\":\"https:\/\/likemetkovic.hr\/hrvatska-ostaje-narancasta-na-korona-karti-ali-jedan-dio-zemlje-bi-mogao-pocrveniti\/\",\"name\":\"Hrvatska ostaje naran\u010dasta na korona karti, ali jedan dio zemlje bi mogao pocrveniti - likemetkovic.hr\",\"isPartOf\":{\"@id\":\"https:\/\/likemetkovic.hr\/#website\"},\"primaryImageOfPage\":{\"@id\":\"https:\/\/likemetkovic.hr\/hrvatska-ostaje-narancasta-na-korona-karti-ali-jedan-dio-zemlje-bi-mogao-pocrveniti\/#primaryimage\"},\"image\":{\"@id\":\"https:\/\/likemetkovic.hr\/hrvatska-ostaje-narancasta-na-korona-karti-ali-jedan-dio-zemlje-bi-mogao-pocrveniti\/#primaryimage\"},\"thumbnailUrl\":\"https:\/\/likemetkovic.hr\/portal\/wp-content\/uploads\/2021\/07\/testiranje-covid-ambulanta-metkovic.jpg\",\"datePublished\":\"2021-08-19T07:31:00+00:00\",\"author\":{\"@id\":\"https:\/\/likemetkovic.hr\/#\/schema\/person\/a42711f3385a0e2be6f7e0443bfb28f0\"},\"breadcrumb\":{\"@id\":\"https:\/\/likemetkovic.hr\/hrvatska-ostaje-narancasta-na-korona-karti-ali-jedan-dio-zemlje-bi-mogao-pocrveniti\/#breadcrumb\"},\"inLanguage\":\"hr\",\"potentialAction\":[{\"@type\":\"ReadAction\",\"target\":[\"https:\/\/likemetkovic.hr\/hrvatska-ostaje-narancasta-na-korona-karti-ali-jedan-dio-zemlje-bi-mogao-pocrveniti\/\"]}]},{\"@type\":\"ImageObject\",\"inLanguage\":\"hr\",\"@id\":\"https:\/\/likemetkovic.hr\/hrvatska-ostaje-narancasta-na-korona-karti-ali-jedan-dio-zemlje-bi-mogao-pocrveniti\/#primaryimage\",\"url\":\"https:\/\/likemetkovic.hr\/portal\/wp-content\/uploads\/2021\/07\/testiranje-covid-ambulanta-metkovic.jpg\",\"contentUrl\":\"https:\/\/likemetkovic.hr\/portal\/wp-content\/uploads\/2021\/07\/testiranje-covid-ambulanta-metkovic.jpg\",\"width\":800,\"height\":533},{\"@type\":\"BreadcrumbList\",\"@id\":\"https:\/\/likemetkovic.hr\/hrvatska-ostaje-narancasta-na-korona-karti-ali-jedan-dio-zemlje-bi-mogao-pocrveniti\/#breadcrumb\",\"itemListElement\":[{\"@type\":\"ListItem\",\"position\":1,\"name\":\"Po\u010detna stranica\",\"item\":\"https:\/\/likemetkovic.hr\/portal\/\"},{\"@type\":\"ListItem\",\"position\":2,\"name\":\"Hrvatska ostaje naran\u010dasta na korona karti, ali jedan dio zemlje bi mogao pocrveniti\"}]},{\"@type\":\"WebSite\",\"@id\":\"https:\/\/likemetkovic.hr\/#website\",\"url\":\"https:\/\/likemetkovic.hr\/\",\"name\":\"likemetkovic.hr\",\"description\":\"Misli pozitivno... \u010ditaj LIKE\",\"potentialAction\":[{\"@type\":\"SearchAction\",\"target\":{\"@type\":\"EntryPoint\",\"urlTemplate\":\"https:\/\/likemetkovic.hr\/?s={search_term_string}\"},\"query-input\":{\"@type\":\"PropertyValueSpecification\",\"valueRequired\":true,\"valueName\":\"search_term_string\"}}],\"inLanguage\":\"hr\"},{\"@type\":\"Person\",\"@id\":\"https:\/\/likemetkovic.hr\/#\/schema\/person\/a42711f3385a0e2be6f7e0443bfb28f0\",\"name\":\"LIKEmetkovic.hr\",\"sameAs\":[\"http:\/\/likemetkovic.hr\"],\"url\":\"https:\/\/likemetkovic.hr\/portal\/author\/likemetkovic-hr\/\"}]}<\/script>\n<!-- \/ Yoast SEO plugin. -->","yoast_head_json":{"title":"Hrvatska ostaje naran\u010dasta na korona karti, ali jedan dio zemlje bi mogao pocrveniti - likemetkovic.hr","robots":{"index":"index","follow":"follow","max-snippet":"max-snippet:-1","max-image-preview":"max-image-preview:large","max-video-preview":"max-video-preview:-1"},"canonical":"https:\/\/likemetkovic.hr\/hrvatska-ostaje-narancasta-na-korona-karti-ali-jedan-dio-zemlje-bi-mogao-pocrveniti\/","og_locale":"hr_HR","og_type":"article","og_title":"Hrvatska ostaje naran\u010dasta na korona karti, ali jedan dio zemlje bi mogao pocrveniti - likemetkovic.hr","og_description":"Kako prenosi\u00a0N1, danas imamo udio pozitivnih od 4.88 posto me\u0111u testiranima. Testirane su 9962 osobe, od \u010dega je pozitivnih 486, neslu\u017ebeno doznajemo. Zamjenica ravnatelja HZJZ-a Ivana Pavi\u0107 \u0160imetin izjavila je u Novom danu N1 televizije kako rast novozara\u017eenih mo\u017eemo usporiti pridr\u017eavanjem epidemiolo\u0161kih mjera i cijepljenjem, a razmatra se i uvo\u0111enje novih mjera. &#8211; O\u010dekujemo da [&hellip;]","og_url":"https:\/\/likemetkovic.hr\/hrvatska-ostaje-narancasta-na-korona-karti-ali-jedan-dio-zemlje-bi-mogao-pocrveniti\/","og_site_name":"likemetkovic.hr","article_publisher":"https:\/\/www.facebook.com\/likemetkovic.hr\/","article_published_time":"2021-08-19T07:31:00+00:00","og_image":[{"width":800,"height":533,"url":"https:\/\/likemetkovic.hr\/wp-content\/uploads\/2021\/07\/testiranje-covid-ambulanta-metkovic.jpg","type":"image\/jpeg"}],"author":"LIKEmetkovic.hr","twitter_card":"summary_large_image","twitter_misc":{"Napisao\/la":"LIKEmetkovic.hr","Procijenjeno vrijeme \u010ditanja":"1 minuta"},"schema":{"@context":"https:\/\/schema.org","@graph":[{"@type":"WebPage","@id":"https:\/\/likemetkovic.hr\/hrvatska-ostaje-narancasta-na-korona-karti-ali-jedan-dio-zemlje-bi-mogao-pocrveniti\/","url":"https:\/\/likemetkovic.hr\/hrvatska-ostaje-narancasta-na-korona-karti-ali-jedan-dio-zemlje-bi-mogao-pocrveniti\/","name":"Hrvatska ostaje naran\u010dasta na korona karti, ali jedan dio zemlje bi mogao pocrveniti - likemetkovic.hr","isPartOf":{"@id":"https:\/\/likemetkovic.hr\/#website"},"primaryImageOfPage":{"@id":"https:\/\/likemetkovic.hr\/hrvatska-ostaje-narancasta-na-korona-karti-ali-jedan-dio-zemlje-bi-mogao-pocrveniti\/#primaryimage"},"image":{"@id":"https:\/\/likemetkovic.hr\/hrvatska-ostaje-narancasta-na-korona-karti-ali-jedan-dio-zemlje-bi-mogao-pocrveniti\/#primaryimage"},"thumbnailUrl":"https:\/\/likemetkovic.hr\/portal\/wp-content\/uploads\/2021\/07\/testiranje-covid-ambulanta-metkovic.jpg","datePublished":"2021-08-19T07:31:00+00:00","author":{"@id":"https:\/\/likemetkovic.hr\/#\/schema\/person\/a42711f3385a0e2be6f7e0443bfb28f0"},"breadcrumb":{"@id":"https:\/\/likemetkovic.hr\/hrvatska-ostaje-narancasta-na-korona-karti-ali-jedan-dio-zemlje-bi-mogao-pocrveniti\/#breadcrumb"},"inLanguage":"hr","potentialAction":[{"@type":"ReadAction","target":["https:\/\/likemetkovic.hr\/hrvatska-ostaje-narancasta-na-korona-karti-ali-jedan-dio-zemlje-bi-mogao-pocrveniti\/"]}]},{"@type":"ImageObject","inLanguage":"hr","@id":"https:\/\/likemetkovic.hr\/hrvatska-ostaje-narancasta-na-korona-karti-ali-jedan-dio-zemlje-bi-mogao-pocrveniti\/#primaryimage","url":"https:\/\/likemetkovic.hr\/portal\/wp-content\/uploads\/2021\/07\/testiranje-covid-ambulanta-metkovic.jpg","contentUrl":"https:\/\/likemetkovic.hr\/portal\/wp-content\/uploads\/2021\/07\/testiranje-covid-ambulanta-metkovic.jpg","width":800,"height":533},{"@type":"BreadcrumbList","@id":"https:\/\/likemetkovic.hr\/hrvatska-ostaje-narancasta-na-korona-karti-ali-jedan-dio-zemlje-bi-mogao-pocrveniti\/#breadcrumb","itemListElement":[{"@type":"ListItem","position":1,"name":"Po\u010detna stranica","item":"https:\/\/likemetkovic.hr\/portal\/"},{"@type":"ListItem","position":2,"name":"Hrvatska ostaje naran\u010dasta na korona karti, ali jedan dio zemlje bi mogao pocrveniti"}]},{"@type":"WebSite","@id":"https:\/\/likemetkovic.hr\/#website","url":"https:\/\/likemetkovic.hr\/","name":"likemetkovic.hr","description":"Misli pozitivno... \u010ditaj LIKE","potentialAction":[{"@type":"SearchAction","target":{"@type":"EntryPoint","urlTemplate":"https:\/\/likemetkovic.hr\/?s={search_term_string}"},"query-input":{"@type":"PropertyValueSpecification","valueRequired":true,"valueName":"search_term_string"}}],"inLanguage":"hr"},{"@type":"Person","@id":"https:\/\/likemetkovic.hr\/#\/schema\/person\/a42711f3385a0e2be6f7e0443bfb28f0","name":"LIKEmetkovic.hr","sameAs":["http:\/\/likemetkovic.hr"],"url":"https:\/\/likemetkovic.hr\/portal\/author\/likemetkovic-hr\/"}]}},"_links":{"self":[{"href":"https:\/\/likemetkovic.hr\/portal\/wp-json\/wp\/v2\/posts\/121838","targetHints":{"allow":["GET"]}}],"collection":[{"href":"https:\/\/likemetkovic.hr\/portal\/wp-json\/wp\/v2\/posts"}],"about":[{"href":"https:\/\/likemetkovic.hr\/portal\/wp-json\/wp\/v2\/types\/post"}],"author":[{"embeddable":true,"href":"https:\/\/likemetkovic.hr\/portal\/wp-json\/wp\/v2\/users\/7"}],"replies":[{"embeddable":true,"href":"https:\/\/likemetkovic.hr\/portal\/wp-json\/wp\/v2\/comments?post=121838"}],"version-history":[{"count":0,"href":"https:\/\/likemetkovic.hr\/portal\/wp-json\/wp\/v2\/posts\/121838\/revisions"}],"wp:featuredmedia":[{"embeddable":true,"href":"https:\/\/likemetkovic.hr\/portal\/wp-json\/wp\/v2\/media\/120747"}],"wp:attachment":[{"href":"https:\/\/likemetkovic.hr\/portal\/wp-json\/wp\/v2\/media?parent=121838"}],"wp:term":[{"taxonomy":"category","embeddable":true,"href":"https:\/\/likemetkovic.hr\/portal\/wp-json\/wp\/v2\/categories?post=121838"},{"taxonomy":"post_tag","embeddable":true,"href":"https:\/\/likemetkovic.hr\/portal\/wp-json\/wp\/v2\/tags?post=121838"}],"curies":[{"name":"wp","href":"https:\/\/api.w.org\/{rel}","templated":true}]}}