{"id":122174,"date":"2021-08-27T08:52:49","date_gmt":"2021-08-27T06:52:49","guid":{"rendered":"https:\/\/likemetkovic.hr\/?p=122174"},"modified":"2021-08-27T08:52:49","modified_gmt":"2021-08-27T06:52:49","slug":"opremanje-peljeskog-mosta-je-u-punom-zamahu","status":"publish","type":"post","link":"https:\/\/likemetkovic.hr\/portal\/opremanje-peljeskog-mosta-je-u-punom-zamahu\/","title":{"rendered":"Opremanje Pelje\u0161kog mosta je u punom zamahu"},"content":{"rendered":"<p>Gotovo je mjesec dana pro\u0161lo od spajanja zadnjeg segmenta \u010deli\u010dne konstrukcije Pelje\u0161kog mosta. Sada se radi na njegovom opremanju, a most \u0107e biti zavr\u0161en, prema najavama, <strong>po\u010detkom idu\u0107e godine<\/strong>. Velike gu\u017eve proteklih tjedana na prolasku kroz Neum, kao i ote\u017eano prometovanje na dijelu Jadranske magistrale gdje se rade pristupne ceste mostu, poja\u010dale su nestrpljenje svih koji \u010dekaju na kona\u010dno nesmetano putovanje ljudi i roba prema krajnjem jugu zemlje, objavio je <a href=\"https:\/\/vijesti.hrt.hr\/hrvatska\/opremanje-peljeskog-mosta-u-punom-zamahu-2762227?fbclid=IwAR0VYCg19_698EpaCmkEKO-1KB6Fx0YtlHqUN57uJkOi0MFAehXBtVz-nvU\" target=\"_blank\" rel=\"noopener\">HRT<\/a>.<\/p>\n<p>Opremanje mosta u punom je zamahu: postavlja se ograda za za\u0161titu od vjetra, nanositi antikorozivna za\u0161tita, zavr\u0161ava betoniranje razdjelnog pojasa izme\u0111u dva prometna traka.<\/p>\n<p>&#8211; Osim \u0161to je ovo jedno od najve\u0107ih gradili\u0161ta u Europi, posebno je to \u0161to most Pelje\u0161ac prije svega rje\u0161ava pitanje spajanja teritorija RH s obzirom na to da smo jedina dr\u017eava u EU \u010diji je teritorij odvojen granicama druge dr\u017eave, rekao je\u00a0<strong>Davor Peri\u0107<\/strong>\u00a0iz Hrvatskih cesta.<\/p>\n<p>Most je sagra\u0111en na seizmi\u010dki vrlo aktivnom podru\u010dju, izlo\u017een je jakim vjetrovima, prvi put u svijetu ovdje su se ugra\u0111ivali piloti u jednom komadu u tlo. Pothvat u kojem se sudjeluje jednom ili nijednom u karijeri.<\/p>\n<p>&#8211; Govorimo o mostu koji je zaista u svjetskim razmjerima jedan mega projekt, mislim da nas svrstava u pet mostova koji su sagra\u0111eni od po\u010detka ovo stolje\u0107a i zaista jedinstven po svim karakteristikama, rekao je\u00a0<strong>Igor D\u017eaji\u0107<\/strong>, \u010dlan Uprave Instituta IGH.<\/p>\n<p>Gradili su ga Kinezi, a nadzirali Hrvati. U vrijeme kada je pandemija bila na vrhuncu, ovo je gradili\u0161te bila oaza u kojoj su ruku pod ruku radili Kinezi i Hrvati.<\/p>\n<p>&#8211; Cijeli nadzor povjeren je hrvatskom konzorciju, \u0161to je izuzetno va\u017eno jer taj objekt ostaje nama i mi moramo voditi ra\u010duna da kvaliteta gra\u0111evine mora biti takva da bi imali i njezinu trajnost na navedenom podru\u010dju \u0161to je mogu\u0107e ve\u0107u, kako bi tro\u0161kovi odr\u017eavanja konstrukcije bili \u0161to manji, rekao je\u00a0<strong>Stjepan Laku\u0161i\u0107<\/strong>, dekan Gra\u0111evinskog fakulteta u Zagrebu.<\/p>\n<p>O\u010dekuje se da \u0107e prometna povezanost olak\u0161ati \u017eivot, poslovanje, a mo\u017eda i potaknuti doseljavanje i daljnji razvoj turizma.<\/p>\n<p>&#8211; \u0160to se ti\u010de turizma, bit \u0107e pove\u0107anja, ali ne toliko. Da bi ljudi ostali u nekom kraju, trebaju imati profitabilnu aktivnost ne samo dva mjeseca u godini, nego barem deset mjeseci u godini. Da bi imali 10 mjeseci efikasnu aktivnost u nekom kraju, onda moraju imati neke druge uvjete, rekao je ekonomski analiti\u010dar\u00a0<strong>Ljubo Jur\u010di\u0107.<\/strong><\/p>\n<p>Izgradnjom Pelje\u0161kog mosta ostvaren je dugogodi\u0161nji san povezivanja hrvatskog teritorija.<\/p>\n<p>Autor: Ivanka Bukulin Zlatovi\u0107 \/ HRT<\/p>\n","protected":false},"excerpt":{"rendered":"<p>Gotovo je mjesec dana pro\u0161lo od spajanja zadnjeg segmenta \u010deli\u010dne konstrukcije Pelje\u0161kog mosta. Sada se radi na njegovom opremanju, a most \u0107e biti zavr\u0161en, prema najavama, po\u010detkom idu\u0107e godine. Velike gu\u017eve proteklih tjedana na prolasku kroz Neum, kao i ote\u017eano prometovanje na dijelu Jadranske magistrale gdje se rade pristupne ceste mostu, poja\u010dale su nestrpljenje svih [&hellip;]<\/p>\n","protected":false},"author":7,"featured_media":122175,"comment_status":"open","ping_status":"open","sticky":false,"template":"","format":"standard","meta":{"footnotes":""},"categories":[296,1027],"tags":[872],"class_list":{"0":"post-122174","1":"post","2":"type-post","3":"status-publish","4":"format-standard","5":"has-post-thumbnail","7":"category-ab","8":"category-hrvatska","9":"tag-peljeski-most"},"yoast_head":"<!-- This site is optimized with the Yoast SEO plugin v25.2 - https:\/\/yoast.com\/wordpress\/plugins\/seo\/ -->\n<title>Opremanje Pelje\u0161kog mosta je u punom zamahu - likemetkovic.hr<\/title>\n<meta name=\"robots\" content=\"index, follow, max-snippet:-1, max-image-preview:large, max-video-preview:-1\" \/>\n<link rel=\"canonical\" href=\"https:\/\/likemetkovic.hr\/opremanje-peljeskog-mosta-je-u-punom-zamahu\/\" \/>\n<meta property=\"og:locale\" content=\"hr_HR\" \/>\n<meta property=\"og:type\" content=\"article\" \/>\n<meta property=\"og:title\" content=\"Opremanje Pelje\u0161kog mosta je u punom zamahu - likemetkovic.hr\" \/>\n<meta property=\"og:description\" content=\"Gotovo je mjesec dana pro\u0161lo od spajanja zadnjeg segmenta \u010deli\u010dne konstrukcije Pelje\u0161kog mosta. Sada se radi na njegovom opremanju, a most \u0107e biti zavr\u0161en, prema najavama, po\u010detkom idu\u0107e godine. Velike gu\u017eve proteklih tjedana na prolasku kroz Neum, kao i ote\u017eano prometovanje na dijelu Jadranske magistrale gdje se rade pristupne ceste mostu, poja\u010dale su nestrpljenje svih [&hellip;]\" \/>\n<meta property=\"og:url\" content=\"https:\/\/likemetkovic.hr\/opremanje-peljeskog-mosta-je-u-punom-zamahu\/\" \/>\n<meta property=\"og:site_name\" content=\"likemetkovic.hr\" \/>\n<meta property=\"article:publisher\" content=\"https:\/\/www.facebook.com\/likemetkovic.hr\/\" \/>\n<meta property=\"article:published_time\" content=\"2021-08-27T06:52:49+00:00\" \/>\n<meta property=\"og:image\" content=\"https:\/\/likemetkovic.hr\/wp-content\/uploads\/2021\/08\/peljeski-most.jpg\" \/>\n\t<meta property=\"og:image:width\" content=\"800\" \/>\n\t<meta property=\"og:image:height\" content=\"474\" \/>\n\t<meta property=\"og:image:type\" content=\"image\/jpeg\" \/>\n<meta name=\"author\" content=\"LIKEmetkovic.hr\" \/>\n<meta name=\"twitter:card\" content=\"summary_large_image\" \/>\n<meta name=\"twitter:label1\" content=\"Napisao\/la\" \/>\n\t<meta name=\"twitter:data1\" content=\"LIKEmetkovic.hr\" \/>\n\t<meta name=\"twitter:label2\" content=\"Procijenjeno vrijeme \u010ditanja\" \/>\n\t<meta name=\"twitter:data2\" content=\"2 minute\" \/>\n<script type=\"application\/ld+json\" class=\"yoast-schema-graph\">{\"@context\":\"https:\/\/schema.org\",\"@graph\":[{\"@type\":\"WebPage\",\"@id\":\"https:\/\/likemetkovic.hr\/opremanje-peljeskog-mosta-je-u-punom-zamahu\/\",\"url\":\"https:\/\/likemetkovic.hr\/opremanje-peljeskog-mosta-je-u-punom-zamahu\/\",\"name\":\"Opremanje Pelje\u0161kog mosta je u punom zamahu - likemetkovic.hr\",\"isPartOf\":{\"@id\":\"https:\/\/likemetkovic.hr\/#website\"},\"primaryImageOfPage\":{\"@id\":\"https:\/\/likemetkovic.hr\/opremanje-peljeskog-mosta-je-u-punom-zamahu\/#primaryimage\"},\"image\":{\"@id\":\"https:\/\/likemetkovic.hr\/opremanje-peljeskog-mosta-je-u-punom-zamahu\/#primaryimage\"},\"thumbnailUrl\":\"https:\/\/likemetkovic.hr\/portal\/wp-content\/uploads\/2021\/08\/peljeski-most.jpg\",\"datePublished\":\"2021-08-27T06:52:49+00:00\",\"author\":{\"@id\":\"https:\/\/likemetkovic.hr\/#\/schema\/person\/a42711f3385a0e2be6f7e0443bfb28f0\"},\"breadcrumb\":{\"@id\":\"https:\/\/likemetkovic.hr\/opremanje-peljeskog-mosta-je-u-punom-zamahu\/#breadcrumb\"},\"inLanguage\":\"hr\",\"potentialAction\":[{\"@type\":\"ReadAction\",\"target\":[\"https:\/\/likemetkovic.hr\/opremanje-peljeskog-mosta-je-u-punom-zamahu\/\"]}]},{\"@type\":\"ImageObject\",\"inLanguage\":\"hr\",\"@id\":\"https:\/\/likemetkovic.hr\/opremanje-peljeskog-mosta-je-u-punom-zamahu\/#primaryimage\",\"url\":\"https:\/\/likemetkovic.hr\/portal\/wp-content\/uploads\/2021\/08\/peljeski-most.jpg\",\"contentUrl\":\"https:\/\/likemetkovic.hr\/portal\/wp-content\/uploads\/2021\/08\/peljeski-most.jpg\",\"width\":800,\"height\":474},{\"@type\":\"BreadcrumbList\",\"@id\":\"https:\/\/likemetkovic.hr\/opremanje-peljeskog-mosta-je-u-punom-zamahu\/#breadcrumb\",\"itemListElement\":[{\"@type\":\"ListItem\",\"position\":1,\"name\":\"Po\u010detna stranica\",\"item\":\"https:\/\/likemetkovic.hr\/portal\/\"},{\"@type\":\"ListItem\",\"position\":2,\"name\":\"Opremanje Pelje\u0161kog mosta je u punom zamahu\"}]},{\"@type\":\"WebSite\",\"@id\":\"https:\/\/likemetkovic.hr\/#website\",\"url\":\"https:\/\/likemetkovic.hr\/\",\"name\":\"likemetkovic.hr\",\"description\":\"Misli pozitivno... \u010ditaj LIKE\",\"potentialAction\":[{\"@type\":\"SearchAction\",\"target\":{\"@type\":\"EntryPoint\",\"urlTemplate\":\"https:\/\/likemetkovic.hr\/?s={search_term_string}\"},\"query-input\":{\"@type\":\"PropertyValueSpecification\",\"valueRequired\":true,\"valueName\":\"search_term_string\"}}],\"inLanguage\":\"hr\"},{\"@type\":\"Person\",\"@id\":\"https:\/\/likemetkovic.hr\/#\/schema\/person\/a42711f3385a0e2be6f7e0443bfb28f0\",\"name\":\"LIKEmetkovic.hr\",\"sameAs\":[\"http:\/\/likemetkovic.hr\"],\"url\":\"https:\/\/likemetkovic.hr\/portal\/author\/likemetkovic-hr\/\"}]}<\/script>\n<!-- \/ Yoast SEO plugin. -->","yoast_head_json":{"title":"Opremanje Pelje\u0161kog mosta je u punom zamahu - likemetkovic.hr","robots":{"index":"index","follow":"follow","max-snippet":"max-snippet:-1","max-image-preview":"max-image-preview:large","max-video-preview":"max-video-preview:-1"},"canonical":"https:\/\/likemetkovic.hr\/opremanje-peljeskog-mosta-je-u-punom-zamahu\/","og_locale":"hr_HR","og_type":"article","og_title":"Opremanje Pelje\u0161kog mosta je u punom zamahu - likemetkovic.hr","og_description":"Gotovo je mjesec dana pro\u0161lo od spajanja zadnjeg segmenta \u010deli\u010dne konstrukcije Pelje\u0161kog mosta. Sada se radi na njegovom opremanju, a most \u0107e biti zavr\u0161en, prema najavama, po\u010detkom idu\u0107e godine. Velike gu\u017eve proteklih tjedana na prolasku kroz Neum, kao i ote\u017eano prometovanje na dijelu Jadranske magistrale gdje se rade pristupne ceste mostu, poja\u010dale su nestrpljenje svih [&hellip;]","og_url":"https:\/\/likemetkovic.hr\/opremanje-peljeskog-mosta-je-u-punom-zamahu\/","og_site_name":"likemetkovic.hr","article_publisher":"https:\/\/www.facebook.com\/likemetkovic.hr\/","article_published_time":"2021-08-27T06:52:49+00:00","og_image":[{"width":800,"height":474,"url":"https:\/\/likemetkovic.hr\/wp-content\/uploads\/2021\/08\/peljeski-most.jpg","type":"image\/jpeg"}],"author":"LIKEmetkovic.hr","twitter_card":"summary_large_image","twitter_misc":{"Napisao\/la":"LIKEmetkovic.hr","Procijenjeno vrijeme \u010ditanja":"2 minute"},"schema":{"@context":"https:\/\/schema.org","@graph":[{"@type":"WebPage","@id":"https:\/\/likemetkovic.hr\/opremanje-peljeskog-mosta-je-u-punom-zamahu\/","url":"https:\/\/likemetkovic.hr\/opremanje-peljeskog-mosta-je-u-punom-zamahu\/","name":"Opremanje Pelje\u0161kog mosta je u punom zamahu - likemetkovic.hr","isPartOf":{"@id":"https:\/\/likemetkovic.hr\/#website"},"primaryImageOfPage":{"@id":"https:\/\/likemetkovic.hr\/opremanje-peljeskog-mosta-je-u-punom-zamahu\/#primaryimage"},"image":{"@id":"https:\/\/likemetkovic.hr\/opremanje-peljeskog-mosta-je-u-punom-zamahu\/#primaryimage"},"thumbnailUrl":"https:\/\/likemetkovic.hr\/portal\/wp-content\/uploads\/2021\/08\/peljeski-most.jpg","datePublished":"2021-08-27T06:52:49+00:00","author":{"@id":"https:\/\/likemetkovic.hr\/#\/schema\/person\/a42711f3385a0e2be6f7e0443bfb28f0"},"breadcrumb":{"@id":"https:\/\/likemetkovic.hr\/opremanje-peljeskog-mosta-je-u-punom-zamahu\/#breadcrumb"},"inLanguage":"hr","potentialAction":[{"@type":"ReadAction","target":["https:\/\/likemetkovic.hr\/opremanje-peljeskog-mosta-je-u-punom-zamahu\/"]}]},{"@type":"ImageObject","inLanguage":"hr","@id":"https:\/\/likemetkovic.hr\/opremanje-peljeskog-mosta-je-u-punom-zamahu\/#primaryimage","url":"https:\/\/likemetkovic.hr\/portal\/wp-content\/uploads\/2021\/08\/peljeski-most.jpg","contentUrl":"https:\/\/likemetkovic.hr\/portal\/wp-content\/uploads\/2021\/08\/peljeski-most.jpg","width":800,"height":474},{"@type":"BreadcrumbList","@id":"https:\/\/likemetkovic.hr\/opremanje-peljeskog-mosta-je-u-punom-zamahu\/#breadcrumb","itemListElement":[{"@type":"ListItem","position":1,"name":"Po\u010detna stranica","item":"https:\/\/likemetkovic.hr\/portal\/"},{"@type":"ListItem","position":2,"name":"Opremanje Pelje\u0161kog mosta je u punom zamahu"}]},{"@type":"WebSite","@id":"https:\/\/likemetkovic.hr\/#website","url":"https:\/\/likemetkovic.hr\/","name":"likemetkovic.hr","description":"Misli pozitivno... \u010ditaj LIKE","potentialAction":[{"@type":"SearchAction","target":{"@type":"EntryPoint","urlTemplate":"https:\/\/likemetkovic.hr\/?s={search_term_string}"},"query-input":{"@type":"PropertyValueSpecification","valueRequired":true,"valueName":"search_term_string"}}],"inLanguage":"hr"},{"@type":"Person","@id":"https:\/\/likemetkovic.hr\/#\/schema\/person\/a42711f3385a0e2be6f7e0443bfb28f0","name":"LIKEmetkovic.hr","sameAs":["http:\/\/likemetkovic.hr"],"url":"https:\/\/likemetkovic.hr\/portal\/author\/likemetkovic-hr\/"}]}},"_links":{"self":[{"href":"https:\/\/likemetkovic.hr\/portal\/wp-json\/wp\/v2\/posts\/122174","targetHints":{"allow":["GET"]}}],"collection":[{"href":"https:\/\/likemetkovic.hr\/portal\/wp-json\/wp\/v2\/posts"}],"about":[{"href":"https:\/\/likemetkovic.hr\/portal\/wp-json\/wp\/v2\/types\/post"}],"author":[{"embeddable":true,"href":"https:\/\/likemetkovic.hr\/portal\/wp-json\/wp\/v2\/users\/7"}],"replies":[{"embeddable":true,"href":"https:\/\/likemetkovic.hr\/portal\/wp-json\/wp\/v2\/comments?post=122174"}],"version-history":[{"count":0,"href":"https:\/\/likemetkovic.hr\/portal\/wp-json\/wp\/v2\/posts\/122174\/revisions"}],"wp:featuredmedia":[{"embeddable":true,"href":"https:\/\/likemetkovic.hr\/portal\/wp-json\/wp\/v2\/media\/122175"}],"wp:attachment":[{"href":"https:\/\/likemetkovic.hr\/portal\/wp-json\/wp\/v2\/media?parent=122174"}],"wp:term":[{"taxonomy":"category","embeddable":true,"href":"https:\/\/likemetkovic.hr\/portal\/wp-json\/wp\/v2\/categories?post=122174"},{"taxonomy":"post_tag","embeddable":true,"href":"https:\/\/likemetkovic.hr\/portal\/wp-json\/wp\/v2\/tags?post=122174"}],"curies":[{"name":"wp","href":"https:\/\/api.w.org\/{rel}","templated":true}]}}