{"id":124227,"date":"2021-10-18T20:37:05","date_gmt":"2021-10-18T18:37:05","guid":{"rendered":"https:\/\/likemetkovic.hr\/?p=124227"},"modified":"2021-10-18T20:37:05","modified_gmt":"2021-10-18T18:37:05","slug":"capak-za-ocekivati-je-prosirenje-upotrebe-covid-potvrda","status":"publish","type":"post","link":"https:\/\/likemetkovic.hr\/portal\/capak-za-ocekivati-je-prosirenje-upotrebe-covid-potvrda\/","title":{"rendered":"Capak: Za o\u010dekivati je pro\u0161irenje upotrebe COVID-potvrda"},"content":{"rendered":"<p>RAVNATELJ HZJZ-a Krunoslav Capak bio je gost\u00a0<a href=\"https:\/\/www.rtl.hr\/vijesti-hr\/novosti\/hrvatska\/4123918\/ja-sam-se-cijepio-trecom-dozom-covid-potvrde-za-ocekivati-je-da-ce-se-prosiriti-njihova-upotreba-u-buducnosti\/\" target=\"_blank\" rel=\"noopener\">RTL-a Danas<\/a>\u00a0gdje je komentirao aktualnu situaciju oko koronavirusa. Rekao je da o tre\u0107oj dozi cjepiva svaki dan komuniciraju s bolnicama i ustanovama socijalne skrbi.<\/p>\n<p>Capak je komentirao i prosvjed protiv COVID &#8211; potvrda.<\/p>\n<p>&#8220;Ovo \u0161to je bilo ispred mog doma je ne\u0161to drugo od ovoga \u0161to se de\u0161ava pred Ustavnim sudom. Vi\u0161e puta u RH je bilo preispitivano jesu li odluke Sto\u017eera u skladu s Ustavom, do sada su sve odluke bile u skladu s Ustavom, o\u010dekujem da <strong>pro\u0161irena upotreba COVID-potvrda<\/strong> bude u skladu s Ustavom. Upotreba COVID &#8211; potvrda u \u010ditavoj Europi je po\u010dela u medicinske svrhe, nakon toga radi olak\u0161avanja prelaska granica, a sada u zemljama na\u0161eg okru\u017eenja je to puno \u0161ire nego \u0161to je u Hrvatskoj. Imamo to za neke vrste okupljanja i zdravstveni sustav i sustav socijale. Za o\u010dekivati je da \u0107e Hrvatska razmi\u0161ljati u budu\u0107nosti da kao susjedne zemlje dodatno pro\u0161iri COVID-potvrde&#8221;, kazao je Capak.<\/p>\n","protected":false},"excerpt":{"rendered":"<p>RAVNATELJ HZJZ-a Krunoslav Capak bio je gost\u00a0RTL-a Danas\u00a0gdje je komentirao aktualnu situaciju oko koronavirusa. Rekao je da o tre\u0107oj dozi cjepiva svaki dan komuniciraju s bolnicama i ustanovama socijalne skrbi. Capak je komentirao i prosvjed protiv COVID &#8211; potvrda. &#8220;Ovo \u0161to je bilo ispred mog doma je ne\u0161to drugo od ovoga \u0161to se de\u0161ava pred [&hellip;]<\/p>\n","protected":false},"author":7,"featured_media":124228,"comment_status":"open","ping_status":"open","sticky":false,"template":"","format":"standard","meta":{"footnotes":""},"categories":[296,1027],"tags":[9421],"class_list":{"0":"post-124227","1":"post","2":"type-post","3":"status-publish","4":"format-standard","5":"has-post-thumbnail","7":"category-ab","8":"category-hrvatska","9":"tag-covid-potvrda"},"yoast_head":"<!-- This site is optimized with the Yoast SEO plugin v25.2 - https:\/\/yoast.com\/wordpress\/plugins\/seo\/ -->\n<title>Capak: Za o\u010dekivati je pro\u0161irenje upotrebe COVID-potvrda - likemetkovic.hr<\/title>\n<meta name=\"robots\" content=\"index, follow, max-snippet:-1, max-image-preview:large, max-video-preview:-1\" \/>\n<link rel=\"canonical\" href=\"https:\/\/likemetkovic.hr\/capak-za-ocekivati-je-prosirenje-upotrebe-covid-potvrda\/\" \/>\n<meta property=\"og:locale\" content=\"hr_HR\" \/>\n<meta property=\"og:type\" content=\"article\" \/>\n<meta property=\"og:title\" content=\"Capak: Za o\u010dekivati je pro\u0161irenje upotrebe COVID-potvrda - likemetkovic.hr\" \/>\n<meta property=\"og:description\" content=\"RAVNATELJ HZJZ-a Krunoslav Capak bio je gost\u00a0RTL-a Danas\u00a0gdje je komentirao aktualnu situaciju oko koronavirusa. Rekao je da o tre\u0107oj dozi cjepiva svaki dan komuniciraju s bolnicama i ustanovama socijalne skrbi. Capak je komentirao i prosvjed protiv COVID &#8211; potvrda. &#8220;Ovo \u0161to je bilo ispred mog doma je ne\u0161to drugo od ovoga \u0161to se de\u0161ava pred [&hellip;]\" \/>\n<meta property=\"og:url\" content=\"https:\/\/likemetkovic.hr\/capak-za-ocekivati-je-prosirenje-upotrebe-covid-potvrda\/\" \/>\n<meta property=\"og:site_name\" content=\"likemetkovic.hr\" \/>\n<meta property=\"article:publisher\" content=\"https:\/\/www.facebook.com\/likemetkovic.hr\/\" \/>\n<meta property=\"article:published_time\" content=\"2021-10-18T18:37:05+00:00\" \/>\n<meta property=\"og:image\" content=\"https:\/\/likemetkovic.hr\/wp-content\/uploads\/2021\/10\/capak.jpg\" \/>\n\t<meta property=\"og:image:width\" content=\"800\" \/>\n\t<meta property=\"og:image:height\" content=\"454\" \/>\n\t<meta property=\"og:image:type\" content=\"image\/jpeg\" \/>\n<meta name=\"author\" content=\"LIKEmetkovic.hr\" \/>\n<meta name=\"twitter:card\" content=\"summary_large_image\" \/>\n<meta name=\"twitter:label1\" content=\"Napisao\/la\" \/>\n\t<meta name=\"twitter:data1\" content=\"LIKEmetkovic.hr\" \/>\n\t<meta name=\"twitter:label2\" content=\"Procijenjeno vrijeme \u010ditanja\" \/>\n\t<meta name=\"twitter:data2\" content=\"1 minuta\" \/>\n<script type=\"application\/ld+json\" class=\"yoast-schema-graph\">{\"@context\":\"https:\/\/schema.org\",\"@graph\":[{\"@type\":\"WebPage\",\"@id\":\"https:\/\/likemetkovic.hr\/capak-za-ocekivati-je-prosirenje-upotrebe-covid-potvrda\/\",\"url\":\"https:\/\/likemetkovic.hr\/capak-za-ocekivati-je-prosirenje-upotrebe-covid-potvrda\/\",\"name\":\"Capak: Za o\u010dekivati je pro\u0161irenje upotrebe COVID-potvrda - likemetkovic.hr\",\"isPartOf\":{\"@id\":\"https:\/\/likemetkovic.hr\/#website\"},\"primaryImageOfPage\":{\"@id\":\"https:\/\/likemetkovic.hr\/capak-za-ocekivati-je-prosirenje-upotrebe-covid-potvrda\/#primaryimage\"},\"image\":{\"@id\":\"https:\/\/likemetkovic.hr\/capak-za-ocekivati-je-prosirenje-upotrebe-covid-potvrda\/#primaryimage\"},\"thumbnailUrl\":\"https:\/\/likemetkovic.hr\/portal\/wp-content\/uploads\/2021\/10\/capak.jpg\",\"datePublished\":\"2021-10-18T18:37:05+00:00\",\"author\":{\"@id\":\"https:\/\/likemetkovic.hr\/#\/schema\/person\/a42711f3385a0e2be6f7e0443bfb28f0\"},\"breadcrumb\":{\"@id\":\"https:\/\/likemetkovic.hr\/capak-za-ocekivati-je-prosirenje-upotrebe-covid-potvrda\/#breadcrumb\"},\"inLanguage\":\"hr\",\"potentialAction\":[{\"@type\":\"ReadAction\",\"target\":[\"https:\/\/likemetkovic.hr\/capak-za-ocekivati-je-prosirenje-upotrebe-covid-potvrda\/\"]}]},{\"@type\":\"ImageObject\",\"inLanguage\":\"hr\",\"@id\":\"https:\/\/likemetkovic.hr\/capak-za-ocekivati-je-prosirenje-upotrebe-covid-potvrda\/#primaryimage\",\"url\":\"https:\/\/likemetkovic.hr\/portal\/wp-content\/uploads\/2021\/10\/capak.jpg\",\"contentUrl\":\"https:\/\/likemetkovic.hr\/portal\/wp-content\/uploads\/2021\/10\/capak.jpg\",\"width\":800,\"height\":454},{\"@type\":\"BreadcrumbList\",\"@id\":\"https:\/\/likemetkovic.hr\/capak-za-ocekivati-je-prosirenje-upotrebe-covid-potvrda\/#breadcrumb\",\"itemListElement\":[{\"@type\":\"ListItem\",\"position\":1,\"name\":\"Po\u010detna stranica\",\"item\":\"https:\/\/likemetkovic.hr\/portal\/\"},{\"@type\":\"ListItem\",\"position\":2,\"name\":\"Capak: Za o\u010dekivati je pro\u0161irenje upotrebe COVID-potvrda\"}]},{\"@type\":\"WebSite\",\"@id\":\"https:\/\/likemetkovic.hr\/#website\",\"url\":\"https:\/\/likemetkovic.hr\/\",\"name\":\"likemetkovic.hr\",\"description\":\"Misli pozitivno... \u010ditaj LIKE\",\"potentialAction\":[{\"@type\":\"SearchAction\",\"target\":{\"@type\":\"EntryPoint\",\"urlTemplate\":\"https:\/\/likemetkovic.hr\/?s={search_term_string}\"},\"query-input\":{\"@type\":\"PropertyValueSpecification\",\"valueRequired\":true,\"valueName\":\"search_term_string\"}}],\"inLanguage\":\"hr\"},{\"@type\":\"Person\",\"@id\":\"https:\/\/likemetkovic.hr\/#\/schema\/person\/a42711f3385a0e2be6f7e0443bfb28f0\",\"name\":\"LIKEmetkovic.hr\",\"sameAs\":[\"http:\/\/likemetkovic.hr\"],\"url\":\"https:\/\/likemetkovic.hr\/portal\/author\/likemetkovic-hr\/\"}]}<\/script>\n<!-- \/ Yoast SEO plugin. -->","yoast_head_json":{"title":"Capak: Za o\u010dekivati je pro\u0161irenje upotrebe COVID-potvrda - likemetkovic.hr","robots":{"index":"index","follow":"follow","max-snippet":"max-snippet:-1","max-image-preview":"max-image-preview:large","max-video-preview":"max-video-preview:-1"},"canonical":"https:\/\/likemetkovic.hr\/capak-za-ocekivati-je-prosirenje-upotrebe-covid-potvrda\/","og_locale":"hr_HR","og_type":"article","og_title":"Capak: Za o\u010dekivati je pro\u0161irenje upotrebe COVID-potvrda - likemetkovic.hr","og_description":"RAVNATELJ HZJZ-a Krunoslav Capak bio je gost\u00a0RTL-a Danas\u00a0gdje je komentirao aktualnu situaciju oko koronavirusa. Rekao je da o tre\u0107oj dozi cjepiva svaki dan komuniciraju s bolnicama i ustanovama socijalne skrbi. Capak je komentirao i prosvjed protiv COVID &#8211; potvrda. &#8220;Ovo \u0161to je bilo ispred mog doma je ne\u0161to drugo od ovoga \u0161to se de\u0161ava pred [&hellip;]","og_url":"https:\/\/likemetkovic.hr\/capak-za-ocekivati-je-prosirenje-upotrebe-covid-potvrda\/","og_site_name":"likemetkovic.hr","article_publisher":"https:\/\/www.facebook.com\/likemetkovic.hr\/","article_published_time":"2021-10-18T18:37:05+00:00","og_image":[{"width":800,"height":454,"url":"https:\/\/likemetkovic.hr\/wp-content\/uploads\/2021\/10\/capak.jpg","type":"image\/jpeg"}],"author":"LIKEmetkovic.hr","twitter_card":"summary_large_image","twitter_misc":{"Napisao\/la":"LIKEmetkovic.hr","Procijenjeno vrijeme \u010ditanja":"1 minuta"},"schema":{"@context":"https:\/\/schema.org","@graph":[{"@type":"WebPage","@id":"https:\/\/likemetkovic.hr\/capak-za-ocekivati-je-prosirenje-upotrebe-covid-potvrda\/","url":"https:\/\/likemetkovic.hr\/capak-za-ocekivati-je-prosirenje-upotrebe-covid-potvrda\/","name":"Capak: Za o\u010dekivati je pro\u0161irenje upotrebe COVID-potvrda - likemetkovic.hr","isPartOf":{"@id":"https:\/\/likemetkovic.hr\/#website"},"primaryImageOfPage":{"@id":"https:\/\/likemetkovic.hr\/capak-za-ocekivati-je-prosirenje-upotrebe-covid-potvrda\/#primaryimage"},"image":{"@id":"https:\/\/likemetkovic.hr\/capak-za-ocekivati-je-prosirenje-upotrebe-covid-potvrda\/#primaryimage"},"thumbnailUrl":"https:\/\/likemetkovic.hr\/portal\/wp-content\/uploads\/2021\/10\/capak.jpg","datePublished":"2021-10-18T18:37:05+00:00","author":{"@id":"https:\/\/likemetkovic.hr\/#\/schema\/person\/a42711f3385a0e2be6f7e0443bfb28f0"},"breadcrumb":{"@id":"https:\/\/likemetkovic.hr\/capak-za-ocekivati-je-prosirenje-upotrebe-covid-potvrda\/#breadcrumb"},"inLanguage":"hr","potentialAction":[{"@type":"ReadAction","target":["https:\/\/likemetkovic.hr\/capak-za-ocekivati-je-prosirenje-upotrebe-covid-potvrda\/"]}]},{"@type":"ImageObject","inLanguage":"hr","@id":"https:\/\/likemetkovic.hr\/capak-za-ocekivati-je-prosirenje-upotrebe-covid-potvrda\/#primaryimage","url":"https:\/\/likemetkovic.hr\/portal\/wp-content\/uploads\/2021\/10\/capak.jpg","contentUrl":"https:\/\/likemetkovic.hr\/portal\/wp-content\/uploads\/2021\/10\/capak.jpg","width":800,"height":454},{"@type":"BreadcrumbList","@id":"https:\/\/likemetkovic.hr\/capak-za-ocekivati-je-prosirenje-upotrebe-covid-potvrda\/#breadcrumb","itemListElement":[{"@type":"ListItem","position":1,"name":"Po\u010detna stranica","item":"https:\/\/likemetkovic.hr\/portal\/"},{"@type":"ListItem","position":2,"name":"Capak: Za o\u010dekivati je pro\u0161irenje upotrebe COVID-potvrda"}]},{"@type":"WebSite","@id":"https:\/\/likemetkovic.hr\/#website","url":"https:\/\/likemetkovic.hr\/","name":"likemetkovic.hr","description":"Misli pozitivno... \u010ditaj LIKE","potentialAction":[{"@type":"SearchAction","target":{"@type":"EntryPoint","urlTemplate":"https:\/\/likemetkovic.hr\/?s={search_term_string}"},"query-input":{"@type":"PropertyValueSpecification","valueRequired":true,"valueName":"search_term_string"}}],"inLanguage":"hr"},{"@type":"Person","@id":"https:\/\/likemetkovic.hr\/#\/schema\/person\/a42711f3385a0e2be6f7e0443bfb28f0","name":"LIKEmetkovic.hr","sameAs":["http:\/\/likemetkovic.hr"],"url":"https:\/\/likemetkovic.hr\/portal\/author\/likemetkovic-hr\/"}]}},"_links":{"self":[{"href":"https:\/\/likemetkovic.hr\/portal\/wp-json\/wp\/v2\/posts\/124227","targetHints":{"allow":["GET"]}}],"collection":[{"href":"https:\/\/likemetkovic.hr\/portal\/wp-json\/wp\/v2\/posts"}],"about":[{"href":"https:\/\/likemetkovic.hr\/portal\/wp-json\/wp\/v2\/types\/post"}],"author":[{"embeddable":true,"href":"https:\/\/likemetkovic.hr\/portal\/wp-json\/wp\/v2\/users\/7"}],"replies":[{"embeddable":true,"href":"https:\/\/likemetkovic.hr\/portal\/wp-json\/wp\/v2\/comments?post=124227"}],"version-history":[{"count":0,"href":"https:\/\/likemetkovic.hr\/portal\/wp-json\/wp\/v2\/posts\/124227\/revisions"}],"wp:featuredmedia":[{"embeddable":true,"href":"https:\/\/likemetkovic.hr\/portal\/wp-json\/wp\/v2\/media\/124228"}],"wp:attachment":[{"href":"https:\/\/likemetkovic.hr\/portal\/wp-json\/wp\/v2\/media?parent=124227"}],"wp:term":[{"taxonomy":"category","embeddable":true,"href":"https:\/\/likemetkovic.hr\/portal\/wp-json\/wp\/v2\/categories?post=124227"},{"taxonomy":"post_tag","embeddable":true,"href":"https:\/\/likemetkovic.hr\/portal\/wp-json\/wp\/v2\/tags?post=124227"}],"curies":[{"name":"wp","href":"https:\/\/api.w.org\/{rel}","templated":true}]}}