{"id":124500,"date":"2021-10-28T11:55:09","date_gmt":"2021-10-28T09:55:09","guid":{"rendered":"https:\/\/likemetkovic.hr\/?p=124500"},"modified":"2021-10-28T13:09:41","modified_gmt":"2021-10-28T11:09:41","slug":"u-kbc-u-split-na-respiratoru-trudnica-porodili-je-carskim-rezom-ona-i-beba-su-stabilno","status":"publish","type":"post","link":"https:\/\/likemetkovic.hr\/portal\/u-kbc-u-split-na-respiratoru-trudnica-porodili-je-carskim-rezom-ona-i-beba-su-stabilno\/","title":{"rendered":"U KBC-u Split na respiratoru trudnica, porodili je carskim rezom &#8211; ona i beba su stabilno"},"content":{"rendered":"<p>Predstojnik Klinike za infektologiju KBC-a Split<strong> Ivo Ivi\u0107<\/strong> kazao je na\u00a0<a href=\"https:\/\/hr.n1info.com\/vijesti\/ivo-ivic-ako-se-ne-cijepimo-morat-cemo-u-neku-vrstu-lockdowna\/\" target=\"_blank\" rel=\"noopener\">N1<\/a> televiziji\u00a0da ga visoke brojke novozara\u017eenih nisu iznenadile.\u00a0Komentirao je, me\u0111u ostalim, i situaciju u KBC-u Split.<\/p>\n<p>Ivi\u0107 smatra da si stvaramo privid da se ni\u0161ta ne doga\u0111a, a doga\u0111a se.<\/p>\n<h4>Trudnica na respiratoru, morali je poroditi carskim<\/h4>\n<p><em>&#8211; Treba u\u0107i u klinike pa vidjeti bolesnike koji su te\u0161ko bolesni. <strong>Ako se ne cijepimo, ne\u0107e biti koristi.<\/strong> Primjeri Danske i \u0160vedske nam govore \u0161to treba raditi. U ovako velikom broju oboljelih me\u0111u mladim ljudima, <strong>nakupit \u0107e se velik broj te\u0161ko bolesnih mladih ljudi<\/strong><\/em>, kazao je.<\/p>\n<p><em>&#8211; Protekle no\u0107i smo imali <strong>trudnicu<\/strong> koja je stavljena na respirator, a porod je zavr\u0161en carskim rezom prije vremena.\u00a0<\/em><\/p>\n<p><em><strong>Djeca donose ku\u0107i bolest<\/strong> &#8211; donose bolesti mladim majkama, kroni\u010dnim bolesnicima, svojim djedovima i bakama. Uz ovakvu procijepljenost mi samo mo\u017eemo o\u010dekivati da \u0107e biti lo\u0161e<\/em>, dodaje.<\/p>\n<p>Doznajemo da se radi o trudnici s podru\u010dja Metkovi\u0107a.<\/p>\n<p>Beba\u00a0i njezina\u00a0majka, zara\u017eena\u00a0trudnica\u00a0koja je sino\u0107 zbog problema s disanjem stavljena na respirator te je prijevremeni porod zavr\u0161en carskim rezom,<strong> trenutno su\u00a0stabilno<\/strong>, potvr\u0111eno je Hini u \u010detvrtak neslu\u017ebeno u splitskom\u00a0KBC-u.<\/p>\n<h4>Ivi\u0107 prognozira daljnji rast hospitaliziranih bolesnika<\/h4>\n<p>&#8211; <em>Ljudi kontaktiraju me\u0111u sobom i ako ne \u017eive u istom ku\u0107anstvu. Svima je dosadilo \u017eivjeti u lockdownu. Mla\u0111a populacija koja se slobodno kre\u0107e doprinijela je \u0161irenju bolesti<\/em>, isti\u010de.<\/p>\n<p><em>&#8211; Za o\u010dekivati je da \u0107emo imati vi\u0161e od 100 hospitaliziranih. <strong>Ili \u0107emo svi stati u red i cijepiti se ili \u0107e biti situacija u kojoj \u0107emo do\u0107i do ne\u010dega \u0161to \u0107e biti blizu lockdowna<\/strong>, rekao je dodaju\u0107i kako velik broj korona pozitivnih zna\u010di da \u0107e ostale djelatnosti morati biti usporene i uti\u0161ane.<\/em><\/p>\n<p><em>&#8211; Gripa se pojavila u pojedina\u010dnim slu\u010dajevima, ali ako \u0107emo se osloboditi i ne dr\u017eati se protuepidemijskih mjera, i gripa \u0107e imati prostora za \u0161irenje. Mene bi zadovoljilo da se ljudi cijepe,<strong> to je najva\u017eniji \u010din koji \u0161titi od bolesti<\/strong>. Ako se ne cijepimo, morat \u0107emo i\u0107i u neku vrstu lockdowna ili njegove modifikacije<\/em>, zaklju\u010dio je.<\/p>\n","protected":false},"excerpt":{"rendered":"<p>Predstojnik Klinike za infektologiju KBC-a Split Ivo Ivi\u0107 kazao je na\u00a0N1 televiziji\u00a0da ga visoke brojke novozara\u017eenih nisu iznenadile.\u00a0Komentirao je, me\u0111u ostalim, i situaciju u KBC-u Split. Ivi\u0107 smatra da si stvaramo privid da se ni\u0161ta ne doga\u0111a, a doga\u0111a se. Trudnica na respiratoru, morali je poroditi carskim &#8211; Treba u\u0107i u klinike pa vidjeti bolesnike [&hellip;]<\/p>\n","protected":false},"author":7,"featured_media":73278,"comment_status":"open","ping_status":"open","sticky":false,"template":"","format":"standard","meta":{"footnotes":""},"categories":[296,1027],"tags":[7222,9846,10110],"class_list":{"0":"post-124500","1":"post","2":"type-post","3":"status-publish","4":"format-standard","5":"has-post-thumbnail","7":"category-ab","8":"category-hrvatska","9":"tag-covid-19","10":"tag-respirator","11":"tag-trudnica"},"yoast_head":"<!-- This site is optimized with the Yoast SEO plugin v25.2 - https:\/\/yoast.com\/wordpress\/plugins\/seo\/ -->\n<title>U KBC-u Split na respiratoru trudnica, porodili je carskim rezom - ona i beba su stabilno - likemetkovic.hr<\/title>\n<meta name=\"robots\" content=\"index, follow, max-snippet:-1, max-image-preview:large, max-video-preview:-1\" \/>\n<link rel=\"canonical\" href=\"https:\/\/likemetkovic.hr\/u-kbc-u-split-na-respiratoru-trudnica-porodili-je-carskim-rezom-ona-i-beba-su-stabilno\/\" \/>\n<meta property=\"og:locale\" content=\"hr_HR\" \/>\n<meta property=\"og:type\" content=\"article\" \/>\n<meta property=\"og:title\" content=\"U KBC-u Split na respiratoru trudnica, porodili je carskim rezom - ona i beba su stabilno - likemetkovic.hr\" \/>\n<meta property=\"og:description\" content=\"Predstojnik Klinike za infektologiju KBC-a Split Ivo Ivi\u0107 kazao je na\u00a0N1 televiziji\u00a0da ga visoke brojke novozara\u017eenih nisu iznenadile.\u00a0Komentirao je, me\u0111u ostalim, i situaciju u KBC-u Split. Ivi\u0107 smatra da si stvaramo privid da se ni\u0161ta ne doga\u0111a, a doga\u0111a se. Trudnica na respiratoru, morali je poroditi carskim &#8211; Treba u\u0107i u klinike pa vidjeti bolesnike [&hellip;]\" \/>\n<meta property=\"og:url\" content=\"https:\/\/likemetkovic.hr\/u-kbc-u-split-na-respiratoru-trudnica-porodili-je-carskim-rezom-ona-i-beba-su-stabilno\/\" \/>\n<meta property=\"og:site_name\" content=\"likemetkovic.hr\" \/>\n<meta property=\"article:publisher\" content=\"https:\/\/www.facebook.com\/likemetkovic.hr\/\" \/>\n<meta property=\"article:published_time\" content=\"2021-10-28T09:55:09+00:00\" \/>\n<meta property=\"article:modified_time\" content=\"2021-10-28T11:09:41+00:00\" \/>\n<meta property=\"og:image\" content=\"https:\/\/likemetkovic.hr\/wp-content\/uploads\/2019\/01\/kbc-split.jpg\" \/>\n\t<meta property=\"og:image:width\" content=\"980\" \/>\n\t<meta property=\"og:image:height\" content=\"625\" \/>\n\t<meta property=\"og:image:type\" content=\"image\/jpeg\" \/>\n<meta name=\"author\" content=\"LIKEmetkovic.hr\" \/>\n<meta name=\"twitter:card\" content=\"summary_large_image\" \/>\n<meta name=\"twitter:label1\" content=\"Napisao\/la\" \/>\n\t<meta name=\"twitter:data1\" content=\"LIKEmetkovic.hr\" \/>\n\t<meta name=\"twitter:label2\" content=\"Procijenjeno vrijeme \u010ditanja\" \/>\n\t<meta name=\"twitter:data2\" content=\"2 minute\" \/>\n<script type=\"application\/ld+json\" class=\"yoast-schema-graph\">{\"@context\":\"https:\/\/schema.org\",\"@graph\":[{\"@type\":\"WebPage\",\"@id\":\"https:\/\/likemetkovic.hr\/u-kbc-u-split-na-respiratoru-trudnica-porodili-je-carskim-rezom-ona-i-beba-su-stabilno\/\",\"url\":\"https:\/\/likemetkovic.hr\/u-kbc-u-split-na-respiratoru-trudnica-porodili-je-carskim-rezom-ona-i-beba-su-stabilno\/\",\"name\":\"U KBC-u Split na respiratoru trudnica, porodili je carskim rezom - ona i beba su stabilno - likemetkovic.hr\",\"isPartOf\":{\"@id\":\"https:\/\/likemetkovic.hr\/#website\"},\"primaryImageOfPage\":{\"@id\":\"https:\/\/likemetkovic.hr\/u-kbc-u-split-na-respiratoru-trudnica-porodili-je-carskim-rezom-ona-i-beba-su-stabilno\/#primaryimage\"},\"image\":{\"@id\":\"https:\/\/likemetkovic.hr\/u-kbc-u-split-na-respiratoru-trudnica-porodili-je-carskim-rezom-ona-i-beba-su-stabilno\/#primaryimage\"},\"thumbnailUrl\":\"https:\/\/likemetkovic.hr\/portal\/wp-content\/uploads\/2019\/01\/kbc-split.jpg\",\"datePublished\":\"2021-10-28T09:55:09+00:00\",\"dateModified\":\"2021-10-28T11:09:41+00:00\",\"author\":{\"@id\":\"https:\/\/likemetkovic.hr\/#\/schema\/person\/a42711f3385a0e2be6f7e0443bfb28f0\"},\"breadcrumb\":{\"@id\":\"https:\/\/likemetkovic.hr\/u-kbc-u-split-na-respiratoru-trudnica-porodili-je-carskim-rezom-ona-i-beba-su-stabilno\/#breadcrumb\"},\"inLanguage\":\"hr\",\"potentialAction\":[{\"@type\":\"ReadAction\",\"target\":[\"https:\/\/likemetkovic.hr\/u-kbc-u-split-na-respiratoru-trudnica-porodili-je-carskim-rezom-ona-i-beba-su-stabilno\/\"]}]},{\"@type\":\"ImageObject\",\"inLanguage\":\"hr\",\"@id\":\"https:\/\/likemetkovic.hr\/u-kbc-u-split-na-respiratoru-trudnica-porodili-je-carskim-rezom-ona-i-beba-su-stabilno\/#primaryimage\",\"url\":\"https:\/\/likemetkovic.hr\/portal\/wp-content\/uploads\/2019\/01\/kbc-split.jpg\",\"contentUrl\":\"https:\/\/likemetkovic.hr\/portal\/wp-content\/uploads\/2019\/01\/kbc-split.jpg\",\"width\":980,\"height\":625},{\"@type\":\"BreadcrumbList\",\"@id\":\"https:\/\/likemetkovic.hr\/u-kbc-u-split-na-respiratoru-trudnica-porodili-je-carskim-rezom-ona-i-beba-su-stabilno\/#breadcrumb\",\"itemListElement\":[{\"@type\":\"ListItem\",\"position\":1,\"name\":\"Po\u010detna stranica\",\"item\":\"https:\/\/likemetkovic.hr\/portal\/\"},{\"@type\":\"ListItem\",\"position\":2,\"name\":\"U KBC-u Split na respiratoru trudnica, porodili je carskim rezom &#8211; ona i beba su stabilno\"}]},{\"@type\":\"WebSite\",\"@id\":\"https:\/\/likemetkovic.hr\/#website\",\"url\":\"https:\/\/likemetkovic.hr\/\",\"name\":\"likemetkovic.hr\",\"description\":\"Misli pozitivno... \u010ditaj LIKE\",\"potentialAction\":[{\"@type\":\"SearchAction\",\"target\":{\"@type\":\"EntryPoint\",\"urlTemplate\":\"https:\/\/likemetkovic.hr\/?s={search_term_string}\"},\"query-input\":{\"@type\":\"PropertyValueSpecification\",\"valueRequired\":true,\"valueName\":\"search_term_string\"}}],\"inLanguage\":\"hr\"},{\"@type\":\"Person\",\"@id\":\"https:\/\/likemetkovic.hr\/#\/schema\/person\/a42711f3385a0e2be6f7e0443bfb28f0\",\"name\":\"LIKEmetkovic.hr\",\"sameAs\":[\"http:\/\/likemetkovic.hr\"],\"url\":\"https:\/\/likemetkovic.hr\/portal\/author\/likemetkovic-hr\/\"}]}<\/script>\n<!-- \/ Yoast SEO plugin. -->","yoast_head_json":{"title":"U KBC-u Split na respiratoru trudnica, porodili je carskim rezom - ona i beba su stabilno - likemetkovic.hr","robots":{"index":"index","follow":"follow","max-snippet":"max-snippet:-1","max-image-preview":"max-image-preview:large","max-video-preview":"max-video-preview:-1"},"canonical":"https:\/\/likemetkovic.hr\/u-kbc-u-split-na-respiratoru-trudnica-porodili-je-carskim-rezom-ona-i-beba-su-stabilno\/","og_locale":"hr_HR","og_type":"article","og_title":"U KBC-u Split na respiratoru trudnica, porodili je carskim rezom - ona i beba su stabilno - likemetkovic.hr","og_description":"Predstojnik Klinike za infektologiju KBC-a Split Ivo Ivi\u0107 kazao je na\u00a0N1 televiziji\u00a0da ga visoke brojke novozara\u017eenih nisu iznenadile.\u00a0Komentirao je, me\u0111u ostalim, i situaciju u KBC-u Split. Ivi\u0107 smatra da si stvaramo privid da se ni\u0161ta ne doga\u0111a, a doga\u0111a se. Trudnica na respiratoru, morali je poroditi carskim &#8211; Treba u\u0107i u klinike pa vidjeti bolesnike [&hellip;]","og_url":"https:\/\/likemetkovic.hr\/u-kbc-u-split-na-respiratoru-trudnica-porodili-je-carskim-rezom-ona-i-beba-su-stabilno\/","og_site_name":"likemetkovic.hr","article_publisher":"https:\/\/www.facebook.com\/likemetkovic.hr\/","article_published_time":"2021-10-28T09:55:09+00:00","article_modified_time":"2021-10-28T11:09:41+00:00","og_image":[{"width":980,"height":625,"url":"https:\/\/likemetkovic.hr\/wp-content\/uploads\/2019\/01\/kbc-split.jpg","type":"image\/jpeg"}],"author":"LIKEmetkovic.hr","twitter_card":"summary_large_image","twitter_misc":{"Napisao\/la":"LIKEmetkovic.hr","Procijenjeno vrijeme \u010ditanja":"2 minute"},"schema":{"@context":"https:\/\/schema.org","@graph":[{"@type":"WebPage","@id":"https:\/\/likemetkovic.hr\/u-kbc-u-split-na-respiratoru-trudnica-porodili-je-carskim-rezom-ona-i-beba-su-stabilno\/","url":"https:\/\/likemetkovic.hr\/u-kbc-u-split-na-respiratoru-trudnica-porodili-je-carskim-rezom-ona-i-beba-su-stabilno\/","name":"U KBC-u Split na respiratoru trudnica, porodili je carskim rezom - ona i beba su stabilno - likemetkovic.hr","isPartOf":{"@id":"https:\/\/likemetkovic.hr\/#website"},"primaryImageOfPage":{"@id":"https:\/\/likemetkovic.hr\/u-kbc-u-split-na-respiratoru-trudnica-porodili-je-carskim-rezom-ona-i-beba-su-stabilno\/#primaryimage"},"image":{"@id":"https:\/\/likemetkovic.hr\/u-kbc-u-split-na-respiratoru-trudnica-porodili-je-carskim-rezom-ona-i-beba-su-stabilno\/#primaryimage"},"thumbnailUrl":"https:\/\/likemetkovic.hr\/portal\/wp-content\/uploads\/2019\/01\/kbc-split.jpg","datePublished":"2021-10-28T09:55:09+00:00","dateModified":"2021-10-28T11:09:41+00:00","author":{"@id":"https:\/\/likemetkovic.hr\/#\/schema\/person\/a42711f3385a0e2be6f7e0443bfb28f0"},"breadcrumb":{"@id":"https:\/\/likemetkovic.hr\/u-kbc-u-split-na-respiratoru-trudnica-porodili-je-carskim-rezom-ona-i-beba-su-stabilno\/#breadcrumb"},"inLanguage":"hr","potentialAction":[{"@type":"ReadAction","target":["https:\/\/likemetkovic.hr\/u-kbc-u-split-na-respiratoru-trudnica-porodili-je-carskim-rezom-ona-i-beba-su-stabilno\/"]}]},{"@type":"ImageObject","inLanguage":"hr","@id":"https:\/\/likemetkovic.hr\/u-kbc-u-split-na-respiratoru-trudnica-porodili-je-carskim-rezom-ona-i-beba-su-stabilno\/#primaryimage","url":"https:\/\/likemetkovic.hr\/portal\/wp-content\/uploads\/2019\/01\/kbc-split.jpg","contentUrl":"https:\/\/likemetkovic.hr\/portal\/wp-content\/uploads\/2019\/01\/kbc-split.jpg","width":980,"height":625},{"@type":"BreadcrumbList","@id":"https:\/\/likemetkovic.hr\/u-kbc-u-split-na-respiratoru-trudnica-porodili-je-carskim-rezom-ona-i-beba-su-stabilno\/#breadcrumb","itemListElement":[{"@type":"ListItem","position":1,"name":"Po\u010detna stranica","item":"https:\/\/likemetkovic.hr\/portal\/"},{"@type":"ListItem","position":2,"name":"U KBC-u Split na respiratoru trudnica, porodili je carskim rezom &#8211; ona i beba su stabilno"}]},{"@type":"WebSite","@id":"https:\/\/likemetkovic.hr\/#website","url":"https:\/\/likemetkovic.hr\/","name":"likemetkovic.hr","description":"Misli pozitivno... \u010ditaj LIKE","potentialAction":[{"@type":"SearchAction","target":{"@type":"EntryPoint","urlTemplate":"https:\/\/likemetkovic.hr\/?s={search_term_string}"},"query-input":{"@type":"PropertyValueSpecification","valueRequired":true,"valueName":"search_term_string"}}],"inLanguage":"hr"},{"@type":"Person","@id":"https:\/\/likemetkovic.hr\/#\/schema\/person\/a42711f3385a0e2be6f7e0443bfb28f0","name":"LIKEmetkovic.hr","sameAs":["http:\/\/likemetkovic.hr"],"url":"https:\/\/likemetkovic.hr\/portal\/author\/likemetkovic-hr\/"}]}},"_links":{"self":[{"href":"https:\/\/likemetkovic.hr\/portal\/wp-json\/wp\/v2\/posts\/124500","targetHints":{"allow":["GET"]}}],"collection":[{"href":"https:\/\/likemetkovic.hr\/portal\/wp-json\/wp\/v2\/posts"}],"about":[{"href":"https:\/\/likemetkovic.hr\/portal\/wp-json\/wp\/v2\/types\/post"}],"author":[{"embeddable":true,"href":"https:\/\/likemetkovic.hr\/portal\/wp-json\/wp\/v2\/users\/7"}],"replies":[{"embeddable":true,"href":"https:\/\/likemetkovic.hr\/portal\/wp-json\/wp\/v2\/comments?post=124500"}],"version-history":[{"count":0,"href":"https:\/\/likemetkovic.hr\/portal\/wp-json\/wp\/v2\/posts\/124500\/revisions"}],"wp:featuredmedia":[{"embeddable":true,"href":"https:\/\/likemetkovic.hr\/portal\/wp-json\/wp\/v2\/media\/73278"}],"wp:attachment":[{"href":"https:\/\/likemetkovic.hr\/portal\/wp-json\/wp\/v2\/media?parent=124500"}],"wp:term":[{"taxonomy":"category","embeddable":true,"href":"https:\/\/likemetkovic.hr\/portal\/wp-json\/wp\/v2\/categories?post=124500"},{"taxonomy":"post_tag","embeddable":true,"href":"https:\/\/likemetkovic.hr\/portal\/wp-json\/wp\/v2\/tags?post=124500"}],"curies":[{"name":"wp","href":"https:\/\/api.w.org\/{rel}","templated":true}]}}