{"id":124534,"date":"2021-10-29T09:56:08","date_gmt":"2021-10-29T07:56:08","guid":{"rendered":"https:\/\/likemetkovic.hr\/?p=124534"},"modified":"2021-10-29T09:56:08","modified_gmt":"2021-10-29T07:56:08","slug":"bozinovic-najavio-krecu-kontrole-kafica-trgovackih-centara-javnog-prijevoza","status":"publish","type":"post","link":"https:\/\/likemetkovic.hr\/portal\/bozinovic-najavio-krecu-kontrole-kafica-trgovackih-centara-javnog-prijevoza\/","title":{"rendered":"Bo\u017einovi\u0107 najavio: Kre\u0107u kontrole kafi\u0107a, trgova\u010dkih centara, javnog prijevoza\u2026"},"content":{"rendered":"<p>Na\u010delnik Nacionalnog sto\u017eera civilne <strong>Davor Bo\u017einovi\u0107 <\/strong>rekao je da pove\u0107ani broj novozara\u017eenih ukazuje na trend opu\u0161tanja u dru\u0161tvu i nedovoljno pridr\u017eavanje epidemiolo\u0161kih mjera, pa \u0107e se stoga inzistirati na poja\u010danim nadzorima njihova po\u0161tivanja.<\/p>\n<p>&#8220;Odr\u017ean je sastanak inspektora civilne za\u0161tite s inspektorima Dr\u017eavnog inspektorata i policijom gdje je dogovorena operativna provedba poja\u010danih mjera nadzora. <strong>Policijski slu\u017ebenici \u0107e obavljati poja\u010dani nadzor<\/strong> osoba u javnom prometu, ugostiteljskim objektima, posebno nadzor njihova rada poslije redovnog radnog vremena te nadzor provedbe mjera na javnim okupljanjima&#8221;, kazao je.<\/p>\n<p><strong>Dr\u017eavni inspektorat<\/strong> \u0107e nadzirati rad ugostiteljskih objekata i trgova\u010dkih centara, a Ravnateljstvo civilne za\u0161tite poja\u010dano \u0107e nadzirati pravne osobe u ugostiteljskim objektima i trgova\u010dkim centrima, ali i okupljanja poput svadbi i drugih javnih okupljanja.<\/p>\n<p>Na temelju prikupljenih saznanja posebna \u0107e se pozornost posvetiti organizacije zajedni\u010dkih akcija radi sprje\u010davanja ilegalnih okupljanja, odnosno prema pravnim osobama koje opetovano kr\u0161e odluke Sto\u017eera, najavio je Bo\u017einovi\u0107.<\/p>\n","protected":false},"excerpt":{"rendered":"<p>Na\u010delnik Nacionalnog sto\u017eera civilne Davor Bo\u017einovi\u0107 rekao je da pove\u0107ani broj novozara\u017eenih ukazuje na trend opu\u0161tanja u dru\u0161tvu i nedovoljno pridr\u017eavanje epidemiolo\u0161kih mjera, pa \u0107e se stoga inzistirati na poja\u010danim nadzorima njihova po\u0161tivanja. &#8220;Odr\u017ean je sastanak inspektora civilne za\u0161tite s inspektorima Dr\u017eavnog inspektorata i policijom gdje je dogovorena operativna provedba poja\u010danih mjera nadzora. Policijski slu\u017ebenici [&hellip;]<\/p>\n","protected":false},"author":7,"featured_media":101460,"comment_status":"open","ping_status":"open","sticky":false,"template":"","format":"standard","meta":{"footnotes":""},"categories":[296,1027],"tags":[10114,7023,7423],"class_list":{"0":"post-124534","1":"post","2":"type-post","3":"status-publish","4":"format-standard","5":"has-post-thumbnail","7":"category-ab","8":"category-hrvatska","9":"tag-javni-prijevoz","10":"tag-maske","11":"tag-ugostiteljski-objekti"},"yoast_head":"<!-- This site is optimized with the Yoast SEO plugin v25.2 - https:\/\/yoast.com\/wordpress\/plugins\/seo\/ -->\n<title>Bo\u017einovi\u0107 najavio: Kre\u0107u kontrole kafi\u0107a, trgova\u010dkih centara, javnog prijevoza\u2026 - likemetkovic.hr<\/title>\n<meta name=\"robots\" content=\"index, follow, max-snippet:-1, max-image-preview:large, max-video-preview:-1\" \/>\n<link rel=\"canonical\" href=\"https:\/\/likemetkovic.hr\/bozinovic-najavio-krecu-kontrole-kafica-trgovackih-centara-javnog-prijevoza\/\" \/>\n<meta property=\"og:locale\" content=\"hr_HR\" \/>\n<meta property=\"og:type\" content=\"article\" \/>\n<meta property=\"og:title\" content=\"Bo\u017einovi\u0107 najavio: Kre\u0107u kontrole kafi\u0107a, trgova\u010dkih centara, javnog prijevoza\u2026 - likemetkovic.hr\" \/>\n<meta property=\"og:description\" content=\"Na\u010delnik Nacionalnog sto\u017eera civilne Davor Bo\u017einovi\u0107 rekao je da pove\u0107ani broj novozara\u017eenih ukazuje na trend opu\u0161tanja u dru\u0161tvu i nedovoljno pridr\u017eavanje epidemiolo\u0161kih mjera, pa \u0107e se stoga inzistirati na poja\u010danim nadzorima njihova po\u0161tivanja. &#8220;Odr\u017ean je sastanak inspektora civilne za\u0161tite s inspektorima Dr\u017eavnog inspektorata i policijom gdje je dogovorena operativna provedba poja\u010danih mjera nadzora. Policijski slu\u017ebenici [&hellip;]\" \/>\n<meta property=\"og:url\" content=\"https:\/\/likemetkovic.hr\/bozinovic-najavio-krecu-kontrole-kafica-trgovackih-centara-javnog-prijevoza\/\" \/>\n<meta property=\"og:site_name\" content=\"likemetkovic.hr\" \/>\n<meta property=\"article:publisher\" content=\"https:\/\/www.facebook.com\/likemetkovic.hr\/\" \/>\n<meta property=\"article:published_time\" content=\"2021-10-29T07:56:08+00:00\" \/>\n<meta property=\"og:image\" content=\"https:\/\/likemetkovic.hr\/wp-content\/uploads\/2020\/05\/bozinovic-davor_edited.jpg\" \/>\n\t<meta property=\"og:image:width\" content=\"800\" \/>\n\t<meta property=\"og:image:height\" content=\"533\" \/>\n\t<meta property=\"og:image:type\" content=\"image\/jpeg\" \/>\n<meta name=\"author\" content=\"LIKEmetkovic.hr\" \/>\n<meta name=\"twitter:card\" content=\"summary_large_image\" \/>\n<meta name=\"twitter:label1\" content=\"Napisao\/la\" \/>\n\t<meta name=\"twitter:data1\" content=\"LIKEmetkovic.hr\" \/>\n\t<meta name=\"twitter:label2\" content=\"Procijenjeno vrijeme \u010ditanja\" \/>\n\t<meta name=\"twitter:data2\" content=\"1 minuta\" \/>\n<script type=\"application\/ld+json\" class=\"yoast-schema-graph\">{\"@context\":\"https:\/\/schema.org\",\"@graph\":[{\"@type\":\"WebPage\",\"@id\":\"https:\/\/likemetkovic.hr\/bozinovic-najavio-krecu-kontrole-kafica-trgovackih-centara-javnog-prijevoza\/\",\"url\":\"https:\/\/likemetkovic.hr\/bozinovic-najavio-krecu-kontrole-kafica-trgovackih-centara-javnog-prijevoza\/\",\"name\":\"Bo\u017einovi\u0107 najavio: Kre\u0107u kontrole kafi\u0107a, trgova\u010dkih centara, javnog prijevoza\u2026 - likemetkovic.hr\",\"isPartOf\":{\"@id\":\"https:\/\/likemetkovic.hr\/#website\"},\"primaryImageOfPage\":{\"@id\":\"https:\/\/likemetkovic.hr\/bozinovic-najavio-krecu-kontrole-kafica-trgovackih-centara-javnog-prijevoza\/#primaryimage\"},\"image\":{\"@id\":\"https:\/\/likemetkovic.hr\/bozinovic-najavio-krecu-kontrole-kafica-trgovackih-centara-javnog-prijevoza\/#primaryimage\"},\"thumbnailUrl\":\"https:\/\/likemetkovic.hr\/portal\/wp-content\/uploads\/2020\/05\/bozinovic-davor_edited.jpg\",\"datePublished\":\"2021-10-29T07:56:08+00:00\",\"author\":{\"@id\":\"https:\/\/likemetkovic.hr\/#\/schema\/person\/a42711f3385a0e2be6f7e0443bfb28f0\"},\"breadcrumb\":{\"@id\":\"https:\/\/likemetkovic.hr\/bozinovic-najavio-krecu-kontrole-kafica-trgovackih-centara-javnog-prijevoza\/#breadcrumb\"},\"inLanguage\":\"hr\",\"potentialAction\":[{\"@type\":\"ReadAction\",\"target\":[\"https:\/\/likemetkovic.hr\/bozinovic-najavio-krecu-kontrole-kafica-trgovackih-centara-javnog-prijevoza\/\"]}]},{\"@type\":\"ImageObject\",\"inLanguage\":\"hr\",\"@id\":\"https:\/\/likemetkovic.hr\/bozinovic-najavio-krecu-kontrole-kafica-trgovackih-centara-javnog-prijevoza\/#primaryimage\",\"url\":\"https:\/\/likemetkovic.hr\/portal\/wp-content\/uploads\/2020\/05\/bozinovic-davor_edited.jpg\",\"contentUrl\":\"https:\/\/likemetkovic.hr\/portal\/wp-content\/uploads\/2020\/05\/bozinovic-davor_edited.jpg\",\"width\":800,\"height\":533},{\"@type\":\"BreadcrumbList\",\"@id\":\"https:\/\/likemetkovic.hr\/bozinovic-najavio-krecu-kontrole-kafica-trgovackih-centara-javnog-prijevoza\/#breadcrumb\",\"itemListElement\":[{\"@type\":\"ListItem\",\"position\":1,\"name\":\"Po\u010detna stranica\",\"item\":\"https:\/\/likemetkovic.hr\/portal\/\"},{\"@type\":\"ListItem\",\"position\":2,\"name\":\"Bo\u017einovi\u0107 najavio: Kre\u0107u kontrole kafi\u0107a, trgova\u010dkih centara, javnog prijevoza\u2026\"}]},{\"@type\":\"WebSite\",\"@id\":\"https:\/\/likemetkovic.hr\/#website\",\"url\":\"https:\/\/likemetkovic.hr\/\",\"name\":\"likemetkovic.hr\",\"description\":\"Misli pozitivno... \u010ditaj LIKE\",\"potentialAction\":[{\"@type\":\"SearchAction\",\"target\":{\"@type\":\"EntryPoint\",\"urlTemplate\":\"https:\/\/likemetkovic.hr\/?s={search_term_string}\"},\"query-input\":{\"@type\":\"PropertyValueSpecification\",\"valueRequired\":true,\"valueName\":\"search_term_string\"}}],\"inLanguage\":\"hr\"},{\"@type\":\"Person\",\"@id\":\"https:\/\/likemetkovic.hr\/#\/schema\/person\/a42711f3385a0e2be6f7e0443bfb28f0\",\"name\":\"LIKEmetkovic.hr\",\"sameAs\":[\"http:\/\/likemetkovic.hr\"],\"url\":\"https:\/\/likemetkovic.hr\/portal\/author\/likemetkovic-hr\/\"}]}<\/script>\n<!-- \/ Yoast SEO plugin. -->","yoast_head_json":{"title":"Bo\u017einovi\u0107 najavio: Kre\u0107u kontrole kafi\u0107a, trgova\u010dkih centara, javnog prijevoza\u2026 - likemetkovic.hr","robots":{"index":"index","follow":"follow","max-snippet":"max-snippet:-1","max-image-preview":"max-image-preview:large","max-video-preview":"max-video-preview:-1"},"canonical":"https:\/\/likemetkovic.hr\/bozinovic-najavio-krecu-kontrole-kafica-trgovackih-centara-javnog-prijevoza\/","og_locale":"hr_HR","og_type":"article","og_title":"Bo\u017einovi\u0107 najavio: Kre\u0107u kontrole kafi\u0107a, trgova\u010dkih centara, javnog prijevoza\u2026 - likemetkovic.hr","og_description":"Na\u010delnik Nacionalnog sto\u017eera civilne Davor Bo\u017einovi\u0107 rekao je da pove\u0107ani broj novozara\u017eenih ukazuje na trend opu\u0161tanja u dru\u0161tvu i nedovoljno pridr\u017eavanje epidemiolo\u0161kih mjera, pa \u0107e se stoga inzistirati na poja\u010danim nadzorima njihova po\u0161tivanja. &#8220;Odr\u017ean je sastanak inspektora civilne za\u0161tite s inspektorima Dr\u017eavnog inspektorata i policijom gdje je dogovorena operativna provedba poja\u010danih mjera nadzora. Policijski slu\u017ebenici [&hellip;]","og_url":"https:\/\/likemetkovic.hr\/bozinovic-najavio-krecu-kontrole-kafica-trgovackih-centara-javnog-prijevoza\/","og_site_name":"likemetkovic.hr","article_publisher":"https:\/\/www.facebook.com\/likemetkovic.hr\/","article_published_time":"2021-10-29T07:56:08+00:00","og_image":[{"width":800,"height":533,"url":"https:\/\/likemetkovic.hr\/wp-content\/uploads\/2020\/05\/bozinovic-davor_edited.jpg","type":"image\/jpeg"}],"author":"LIKEmetkovic.hr","twitter_card":"summary_large_image","twitter_misc":{"Napisao\/la":"LIKEmetkovic.hr","Procijenjeno vrijeme \u010ditanja":"1 minuta"},"schema":{"@context":"https:\/\/schema.org","@graph":[{"@type":"WebPage","@id":"https:\/\/likemetkovic.hr\/bozinovic-najavio-krecu-kontrole-kafica-trgovackih-centara-javnog-prijevoza\/","url":"https:\/\/likemetkovic.hr\/bozinovic-najavio-krecu-kontrole-kafica-trgovackih-centara-javnog-prijevoza\/","name":"Bo\u017einovi\u0107 najavio: Kre\u0107u kontrole kafi\u0107a, trgova\u010dkih centara, javnog prijevoza\u2026 - likemetkovic.hr","isPartOf":{"@id":"https:\/\/likemetkovic.hr\/#website"},"primaryImageOfPage":{"@id":"https:\/\/likemetkovic.hr\/bozinovic-najavio-krecu-kontrole-kafica-trgovackih-centara-javnog-prijevoza\/#primaryimage"},"image":{"@id":"https:\/\/likemetkovic.hr\/bozinovic-najavio-krecu-kontrole-kafica-trgovackih-centara-javnog-prijevoza\/#primaryimage"},"thumbnailUrl":"https:\/\/likemetkovic.hr\/portal\/wp-content\/uploads\/2020\/05\/bozinovic-davor_edited.jpg","datePublished":"2021-10-29T07:56:08+00:00","author":{"@id":"https:\/\/likemetkovic.hr\/#\/schema\/person\/a42711f3385a0e2be6f7e0443bfb28f0"},"breadcrumb":{"@id":"https:\/\/likemetkovic.hr\/bozinovic-najavio-krecu-kontrole-kafica-trgovackih-centara-javnog-prijevoza\/#breadcrumb"},"inLanguage":"hr","potentialAction":[{"@type":"ReadAction","target":["https:\/\/likemetkovic.hr\/bozinovic-najavio-krecu-kontrole-kafica-trgovackih-centara-javnog-prijevoza\/"]}]},{"@type":"ImageObject","inLanguage":"hr","@id":"https:\/\/likemetkovic.hr\/bozinovic-najavio-krecu-kontrole-kafica-trgovackih-centara-javnog-prijevoza\/#primaryimage","url":"https:\/\/likemetkovic.hr\/portal\/wp-content\/uploads\/2020\/05\/bozinovic-davor_edited.jpg","contentUrl":"https:\/\/likemetkovic.hr\/portal\/wp-content\/uploads\/2020\/05\/bozinovic-davor_edited.jpg","width":800,"height":533},{"@type":"BreadcrumbList","@id":"https:\/\/likemetkovic.hr\/bozinovic-najavio-krecu-kontrole-kafica-trgovackih-centara-javnog-prijevoza\/#breadcrumb","itemListElement":[{"@type":"ListItem","position":1,"name":"Po\u010detna stranica","item":"https:\/\/likemetkovic.hr\/portal\/"},{"@type":"ListItem","position":2,"name":"Bo\u017einovi\u0107 najavio: Kre\u0107u kontrole kafi\u0107a, trgova\u010dkih centara, javnog prijevoza\u2026"}]},{"@type":"WebSite","@id":"https:\/\/likemetkovic.hr\/#website","url":"https:\/\/likemetkovic.hr\/","name":"likemetkovic.hr","description":"Misli pozitivno... \u010ditaj LIKE","potentialAction":[{"@type":"SearchAction","target":{"@type":"EntryPoint","urlTemplate":"https:\/\/likemetkovic.hr\/?s={search_term_string}"},"query-input":{"@type":"PropertyValueSpecification","valueRequired":true,"valueName":"search_term_string"}}],"inLanguage":"hr"},{"@type":"Person","@id":"https:\/\/likemetkovic.hr\/#\/schema\/person\/a42711f3385a0e2be6f7e0443bfb28f0","name":"LIKEmetkovic.hr","sameAs":["http:\/\/likemetkovic.hr"],"url":"https:\/\/likemetkovic.hr\/portal\/author\/likemetkovic-hr\/"}]}},"_links":{"self":[{"href":"https:\/\/likemetkovic.hr\/portal\/wp-json\/wp\/v2\/posts\/124534","targetHints":{"allow":["GET"]}}],"collection":[{"href":"https:\/\/likemetkovic.hr\/portal\/wp-json\/wp\/v2\/posts"}],"about":[{"href":"https:\/\/likemetkovic.hr\/portal\/wp-json\/wp\/v2\/types\/post"}],"author":[{"embeddable":true,"href":"https:\/\/likemetkovic.hr\/portal\/wp-json\/wp\/v2\/users\/7"}],"replies":[{"embeddable":true,"href":"https:\/\/likemetkovic.hr\/portal\/wp-json\/wp\/v2\/comments?post=124534"}],"version-history":[{"count":0,"href":"https:\/\/likemetkovic.hr\/portal\/wp-json\/wp\/v2\/posts\/124534\/revisions"}],"wp:featuredmedia":[{"embeddable":true,"href":"https:\/\/likemetkovic.hr\/portal\/wp-json\/wp\/v2\/media\/101460"}],"wp:attachment":[{"href":"https:\/\/likemetkovic.hr\/portal\/wp-json\/wp\/v2\/media?parent=124534"}],"wp:term":[{"taxonomy":"category","embeddable":true,"href":"https:\/\/likemetkovic.hr\/portal\/wp-json\/wp\/v2\/categories?post=124534"},{"taxonomy":"post_tag","embeddable":true,"href":"https:\/\/likemetkovic.hr\/portal\/wp-json\/wp\/v2\/tags?post=124534"}],"curies":[{"name":"wp","href":"https:\/\/api.w.org\/{rel}","templated":true}]}}