{"id":124636,"date":"2021-10-31T20:37:01","date_gmt":"2021-10-31T19:37:01","guid":{"rendered":"https:\/\/likemetkovic.hr\/?p=124636"},"modified":"2021-10-31T20:40:49","modified_gmt":"2021-10-31T19:40:49","slug":"medvjed-ubio-konja-u-gornjem-hrasnu-lovci-su-ga-snimili-kamerom","status":"publish","type":"post","link":"https:\/\/likemetkovic.hr\/portal\/medvjed-ubio-konja-u-gornjem-hrasnu-lovci-su-ga-snimili-kamerom\/","title":{"rendered":"Medvjed ubio konja u Gornjem Hrasnu &#8211; lovci su ga snimili kamerom"},"content":{"rendered":"<p class=\"p1\"><span class=\"s1\">Lokalni lovci ostali su zate\u010deni prizorom koji ih je ovoga vikenda do\u010dekao u blizini pravoslavne crkve u Podgradinju u Gornjem Hrasnu.<\/span><\/p>\n<p class=\"p1\"><span class=\"s1\">Lovci su, naime, prona\u0161li ostatke mrtvog konja, a prema onome \u0161to su rekli za <a href=\"https:\/\/neum.online\/medvjed-ubio-konja-u-gornjem-hrasnu\/\" target=\"_blank\" rel=\"noopener\">Neum.online<\/a>, konja je najvjerojatnije usmrtio medvjed.<\/span><\/p>\n<p class=\"p1\"><span class=\"s1\">\u201cS obzirom na ozljede koje su vidljive na konju sigurni smo da se radi o napadu medvjeda, a u blizini su vidljivi i tragovi borbe\u201d, ka\u017eu lokalni lovci.<\/span><\/p>\n<p class=\"p1\"><span class=\"s1\">Ina\u010de, ovo nije prvi napad medvjeda na ovom lokalitetu. Prije pola godine tako\u0111er se dogodio napad na konja koji je tako\u0111er zavr\u0161io smrtnim ishodom. Vlasnik oba konja je Ilija Bili\u0107 iz Gornjeg Hrasna.\u00a0<\/span><span class=\"s1\">Upravo zbog toga lokalni lovci smatraju da se radi o istom medvjedu koji u oba navrata usmrtio konje.\u00a0<\/span><\/p>\n<p class=\"p1\"><span class=\"s1\">Mje\u0161tani okolnih naselja su u strahu, s obzirom na dolazak medvjeda u blizinu sela u kratkom vremenskom razdoblju.\u00a0<\/span><span class=\"s1\">Pretpostavlja se kako se medvjed spustio do sela u potrazi za hranom prije zimskog sna te da nakupi masne naslage da bi lak\u0161e prebrodio zimu.<\/span><\/p>\n<p class=\"p1\"><span class=\"s1\">Zanimljivo je kako su lovci nakon prvog napada medvjeda postavili kamere na ovoj lokaciji, koje su im otkrile nevjerojatan prizor.<\/span><\/p>\n\r\n                <style type=\"text\/css\">\r\n                    \r\n                    #tdi_1  .td-doubleSlider-2 .td-item1 {\r\n                        background: url(https:\/\/likemetkovic.hr\/portal\/wp-content\/uploads\/2021\/10\/medvjed-gornje-hrasno-80x60.jpeg) 0 0 no-repeat;\r\n                    }\r\n                    #tdi_1  .td-doubleSlider-2 .td-item2 {\r\n                        background: url(https:\/\/likemetkovic.hr\/portal\/wp-content\/uploads\/2021\/10\/vuk-gornje-hrasno-80x60.jpeg) 0 0 no-repeat;\r\n                    }\r\n                <\/style>\r\n\r\n                <div id=\"tdi_1\" class=\"td-gallery td-slide-on-2-columns\">\r\n                    <div class=\"post_td_gallery\">\r\n                        <div class=\"td-gallery-slide-top\">\r\n                           <div class=\"td-gallery-title\"><\/div>\r\n\r\n                            <div class=\"td-gallery-controls-wrapper\">\r\n                                <div class=\"td-gallery-slide-count\"><span class=\"td-gallery-slide-item-focus\">1<\/span> of 2<\/div>\r\n                                <div class=\"td-gallery-slide-prev-next-but\">\r\n                                    <i class = \"td-icon-left doubleSliderPrevButton\"><\/i>\r\n                                    <i class = \"td-icon-right doubleSliderNextButton\"><\/i>\r\n                                <\/div>\r\n                            <\/div>\r\n                        <\/div>\r\n\r\n                        <div class = \"td-doubleSlider-1 \">\r\n                            <div class = \"td-slider\">\r\n                                \r\n                    <div class = \"td-slide-item td-item1\">\r\n                        <figure class=\"td-slide-galery-figure td-slide-popup-gallery\">\r\n                            <a class=\"slide-gallery-image-link\" href=\"https:\/\/likemetkovic.hr\/portal\/wp-content\/uploads\/2021\/10\/medvjed-gornje-hrasno.jpeg\" title=\"medvjed gornje hrasno\"  data-caption=\"\"  data-description=\"\">\r\n                                <img decoding=\"async\" src=\"https:\/\/likemetkovic.hr\/portal\/wp-content\/uploads\/2021\/10\/medvjed-gornje-hrasno-560x420.jpeg\" srcset=\"https:\/\/likemetkovic.hr\/portal\/wp-content\/uploads\/2021\/10\/medvjed-gornje-hrasno-560x420.jpeg 560w, https:\/\/likemetkovic.hr\/portal\/wp-content\/uploads\/2021\/10\/medvjed-gornje-hrasno-768x576.jpeg 768w, https:\/\/likemetkovic.hr\/portal\/wp-content\/uploads\/2021\/10\/medvjed-gornje-hrasno-696x522.jpeg 696w, https:\/\/likemetkovic.hr\/portal\/wp-content\/uploads\/2021\/10\/medvjed-gornje-hrasno-80x60.jpeg 80w, https:\/\/likemetkovic.hr\/portal\/wp-content\/uploads\/2021\/10\/medvjed-gornje-hrasno-265x198.jpeg 265w, https:\/\/likemetkovic.hr\/portal\/wp-content\/uploads\/2021\/10\/medvjed-gornje-hrasno.jpeg 800w\" sizes=\"(max-width: 560px) 100vw, 560px\" alt=\"\">\r\n                            <\/a>\r\n                            \r\n                        <\/figure>\r\n                    <\/div>\r\n                    <div class = \"td-slide-item td-item2\">\r\n                        <figure class=\"td-slide-galery-figure td-slide-popup-gallery\">\r\n                            <a class=\"slide-gallery-image-link\" href=\"https:\/\/likemetkovic.hr\/portal\/wp-content\/uploads\/2021\/10\/vuk-gornje-hrasno.jpeg\" title=\"vuk gornje hrasno\"  data-caption=\"\"  data-description=\"\">\r\n                                <img decoding=\"async\" src=\"https:\/\/likemetkovic.hr\/portal\/wp-content\/uploads\/2021\/10\/vuk-gornje-hrasno-611x420.jpeg\" srcset=\"https:\/\/likemetkovic.hr\/portal\/wp-content\/uploads\/2021\/10\/vuk-gornje-hrasno-611x420.jpeg 611w, https:\/\/likemetkovic.hr\/portal\/wp-content\/uploads\/2021\/10\/vuk-gornje-hrasno-218x150.jpeg 218w, https:\/\/likemetkovic.hr\/portal\/wp-content\/uploads\/2021\/10\/vuk-gornje-hrasno-696x478.jpeg 696w, https:\/\/likemetkovic.hr\/portal\/wp-content\/uploads\/2021\/10\/vuk-gornje-hrasno-100x70.jpeg 100w, https:\/\/likemetkovic.hr\/portal\/wp-content\/uploads\/2021\/10\/vuk-gornje-hrasno.jpeg 700w\" sizes=\"(max-width: 611px) 100vw, 611px\" alt=\"\">\r\n                            <\/a>\r\n                            \r\n                        <\/figure>\r\n                    <\/div>\r\n                            <\/div>\r\n                        <\/div>\r\n\r\n                        <div class = \"td-doubleSlider-2\">\r\n                            <div class = \"td-slider\">\r\n                                \r\n                    <div class = \"td-button td-item1\">\r\n                        <div class = \"td-border\"><\/div>\r\n                    <\/div>\r\n                    <div class = \"td-button td-item2\">\r\n                        <div class = \"td-border\"><\/div>\r\n                    <\/div>\r\n                            <\/div>\r\n                        <\/div>\r\n\r\n                    <\/div>\r\n\r\n                <\/div>\r\n                \n<p class=\"p1\"><span class=\"s1\">Ve\u010der nakon \u0161to je ubio konja, medvjed je ponovno do\u0161ao te se po\u010deo hraniti ostacima, me\u0111utim ubrzo nakon njega na gozbu sti\u017ee \u010dopor vukova te dolazi do borbe u kojoj su vukovi natjerali medvjeda da pobjegne, a oni se nastavili hraniti plijenom, pi\u0161e <a href=\"https:\/\/neum.online\/medvjed-ubio-konja-u-gornjem-hrasnu\/\" target=\"_blank\" rel=\"noopener\">Neum.online<\/a>.<\/span><\/p>\n","protected":false},"excerpt":{"rendered":"<p>Lokalni lovci ostali su zate\u010deni prizorom koji ih je ovoga vikenda do\u010dekao u blizini pravoslavne crkve u Podgradinju u Gornjem Hrasnu. Lovci su, naime, prona\u0161li ostatke mrtvog konja, a prema onome \u0161to su rekli za Neum.online, konja je najvjerojatnije usmrtio medvjed. \u201cS obzirom na ozljede koje su vidljive na konju sigurni smo da se radi [&hellip;]<\/p>\n","protected":false},"author":7,"featured_media":124638,"comment_status":"open","ping_status":"open","sticky":false,"template":"","format":"standard","meta":{"footnotes":""},"categories":[296,11],"tags":[10121,1856,8868],"class_list":{"0":"post-124636","1":"post","2":"type-post","3":"status-publish","4":"format-standard","5":"has-post-thumbnail","7":"category-ab","8":"category-metkovic-dolina","9":"tag-gornje-hrasno","10":"tag-medvjed","11":"tag-vuk"},"yoast_head":"<!-- This site is optimized with the Yoast SEO plugin v25.2 - https:\/\/yoast.com\/wordpress\/plugins\/seo\/ -->\n<title>Medvjed ubio konja u Gornjem Hrasnu - lovci su ga snimili kamerom - likemetkovic.hr<\/title>\n<meta name=\"robots\" content=\"index, follow, max-snippet:-1, max-image-preview:large, max-video-preview:-1\" \/>\n<link rel=\"canonical\" href=\"https:\/\/likemetkovic.hr\/medvjed-ubio-konja-u-gornjem-hrasnu-lovci-su-ga-snimili-kamerom\/\" \/>\n<meta property=\"og:locale\" content=\"hr_HR\" \/>\n<meta property=\"og:type\" content=\"article\" \/>\n<meta property=\"og:title\" content=\"Medvjed ubio konja u Gornjem Hrasnu - lovci su ga snimili kamerom - likemetkovic.hr\" \/>\n<meta property=\"og:description\" content=\"Lokalni lovci ostali su zate\u010deni prizorom koji ih je ovoga vikenda do\u010dekao u blizini pravoslavne crkve u Podgradinju u Gornjem Hrasnu. Lovci su, naime, prona\u0161li ostatke mrtvog konja, a prema onome \u0161to su rekli za Neum.online, konja je najvjerojatnije usmrtio medvjed. \u201cS obzirom na ozljede koje su vidljive na konju sigurni smo da se radi [&hellip;]\" \/>\n<meta property=\"og:url\" content=\"https:\/\/likemetkovic.hr\/medvjed-ubio-konja-u-gornjem-hrasnu-lovci-su-ga-snimili-kamerom\/\" \/>\n<meta property=\"og:site_name\" content=\"likemetkovic.hr\" \/>\n<meta property=\"article:publisher\" content=\"https:\/\/www.facebook.com\/likemetkovic.hr\/\" \/>\n<meta property=\"article:published_time\" content=\"2021-10-31T19:37:01+00:00\" \/>\n<meta property=\"article:modified_time\" content=\"2021-10-31T19:40:49+00:00\" \/>\n<meta property=\"og:image\" content=\"https:\/\/likemetkovic.hr\/wp-content\/uploads\/2021\/10\/medvjed-gornje-hrasno.jpeg\" \/>\n\t<meta property=\"og:image:width\" content=\"800\" \/>\n\t<meta property=\"og:image:height\" content=\"600\" \/>\n\t<meta property=\"og:image:type\" content=\"image\/jpeg\" \/>\n<meta name=\"author\" content=\"LIKEmetkovic.hr\" \/>\n<meta name=\"twitter:card\" content=\"summary_large_image\" \/>\n<meta name=\"twitter:label1\" content=\"Napisao\/la\" \/>\n\t<meta name=\"twitter:data1\" content=\"LIKEmetkovic.hr\" \/>\n\t<meta name=\"twitter:label2\" content=\"Procijenjeno vrijeme \u010ditanja\" \/>\n\t<meta name=\"twitter:data2\" content=\"2 minute\" \/>\n<script type=\"application\/ld+json\" class=\"yoast-schema-graph\">{\"@context\":\"https:\/\/schema.org\",\"@graph\":[{\"@type\":\"WebPage\",\"@id\":\"https:\/\/likemetkovic.hr\/medvjed-ubio-konja-u-gornjem-hrasnu-lovci-su-ga-snimili-kamerom\/\",\"url\":\"https:\/\/likemetkovic.hr\/medvjed-ubio-konja-u-gornjem-hrasnu-lovci-su-ga-snimili-kamerom\/\",\"name\":\"Medvjed ubio konja u Gornjem Hrasnu - lovci su ga snimili kamerom - likemetkovic.hr\",\"isPartOf\":{\"@id\":\"https:\/\/likemetkovic.hr\/#website\"},\"primaryImageOfPage\":{\"@id\":\"https:\/\/likemetkovic.hr\/medvjed-ubio-konja-u-gornjem-hrasnu-lovci-su-ga-snimili-kamerom\/#primaryimage\"},\"image\":{\"@id\":\"https:\/\/likemetkovic.hr\/medvjed-ubio-konja-u-gornjem-hrasnu-lovci-su-ga-snimili-kamerom\/#primaryimage\"},\"thumbnailUrl\":\"https:\/\/likemetkovic.hr\/portal\/wp-content\/uploads\/2021\/10\/medvjed-gornje-hrasno.jpeg\",\"datePublished\":\"2021-10-31T19:37:01+00:00\",\"dateModified\":\"2021-10-31T19:40:49+00:00\",\"author\":{\"@id\":\"https:\/\/likemetkovic.hr\/#\/schema\/person\/a42711f3385a0e2be6f7e0443bfb28f0\"},\"breadcrumb\":{\"@id\":\"https:\/\/likemetkovic.hr\/medvjed-ubio-konja-u-gornjem-hrasnu-lovci-su-ga-snimili-kamerom\/#breadcrumb\"},\"inLanguage\":\"hr\",\"potentialAction\":[{\"@type\":\"ReadAction\",\"target\":[\"https:\/\/likemetkovic.hr\/medvjed-ubio-konja-u-gornjem-hrasnu-lovci-su-ga-snimili-kamerom\/\"]}]},{\"@type\":\"ImageObject\",\"inLanguage\":\"hr\",\"@id\":\"https:\/\/likemetkovic.hr\/medvjed-ubio-konja-u-gornjem-hrasnu-lovci-su-ga-snimili-kamerom\/#primaryimage\",\"url\":\"https:\/\/likemetkovic.hr\/portal\/wp-content\/uploads\/2021\/10\/medvjed-gornje-hrasno.jpeg\",\"contentUrl\":\"https:\/\/likemetkovic.hr\/portal\/wp-content\/uploads\/2021\/10\/medvjed-gornje-hrasno.jpeg\",\"width\":800,\"height\":600},{\"@type\":\"BreadcrumbList\",\"@id\":\"https:\/\/likemetkovic.hr\/medvjed-ubio-konja-u-gornjem-hrasnu-lovci-su-ga-snimili-kamerom\/#breadcrumb\",\"itemListElement\":[{\"@type\":\"ListItem\",\"position\":1,\"name\":\"Po\u010detna stranica\",\"item\":\"https:\/\/likemetkovic.hr\/portal\/\"},{\"@type\":\"ListItem\",\"position\":2,\"name\":\"Medvjed ubio konja u Gornjem Hrasnu &#8211; lovci su ga snimili kamerom\"}]},{\"@type\":\"WebSite\",\"@id\":\"https:\/\/likemetkovic.hr\/#website\",\"url\":\"https:\/\/likemetkovic.hr\/\",\"name\":\"likemetkovic.hr\",\"description\":\"Misli pozitivno... \u010ditaj LIKE\",\"potentialAction\":[{\"@type\":\"SearchAction\",\"target\":{\"@type\":\"EntryPoint\",\"urlTemplate\":\"https:\/\/likemetkovic.hr\/?s={search_term_string}\"},\"query-input\":{\"@type\":\"PropertyValueSpecification\",\"valueRequired\":true,\"valueName\":\"search_term_string\"}}],\"inLanguage\":\"hr\"},{\"@type\":\"Person\",\"@id\":\"https:\/\/likemetkovic.hr\/#\/schema\/person\/a42711f3385a0e2be6f7e0443bfb28f0\",\"name\":\"LIKEmetkovic.hr\",\"sameAs\":[\"http:\/\/likemetkovic.hr\"],\"url\":\"https:\/\/likemetkovic.hr\/portal\/author\/likemetkovic-hr\/\"}]}<\/script>\n<!-- \/ Yoast SEO plugin. -->","yoast_head_json":{"title":"Medvjed ubio konja u Gornjem Hrasnu - lovci su ga snimili kamerom - likemetkovic.hr","robots":{"index":"index","follow":"follow","max-snippet":"max-snippet:-1","max-image-preview":"max-image-preview:large","max-video-preview":"max-video-preview:-1"},"canonical":"https:\/\/likemetkovic.hr\/medvjed-ubio-konja-u-gornjem-hrasnu-lovci-su-ga-snimili-kamerom\/","og_locale":"hr_HR","og_type":"article","og_title":"Medvjed ubio konja u Gornjem Hrasnu - lovci su ga snimili kamerom - likemetkovic.hr","og_description":"Lokalni lovci ostali su zate\u010deni prizorom koji ih je ovoga vikenda do\u010dekao u blizini pravoslavne crkve u Podgradinju u Gornjem Hrasnu. Lovci su, naime, prona\u0161li ostatke mrtvog konja, a prema onome \u0161to su rekli za Neum.online, konja je najvjerojatnije usmrtio medvjed. \u201cS obzirom na ozljede koje su vidljive na konju sigurni smo da se radi [&hellip;]","og_url":"https:\/\/likemetkovic.hr\/medvjed-ubio-konja-u-gornjem-hrasnu-lovci-su-ga-snimili-kamerom\/","og_site_name":"likemetkovic.hr","article_publisher":"https:\/\/www.facebook.com\/likemetkovic.hr\/","article_published_time":"2021-10-31T19:37:01+00:00","article_modified_time":"2021-10-31T19:40:49+00:00","og_image":[{"width":800,"height":600,"url":"https:\/\/likemetkovic.hr\/wp-content\/uploads\/2021\/10\/medvjed-gornje-hrasno.jpeg","type":"image\/jpeg"}],"author":"LIKEmetkovic.hr","twitter_card":"summary_large_image","twitter_misc":{"Napisao\/la":"LIKEmetkovic.hr","Procijenjeno vrijeme \u010ditanja":"2 minute"},"schema":{"@context":"https:\/\/schema.org","@graph":[{"@type":"WebPage","@id":"https:\/\/likemetkovic.hr\/medvjed-ubio-konja-u-gornjem-hrasnu-lovci-su-ga-snimili-kamerom\/","url":"https:\/\/likemetkovic.hr\/medvjed-ubio-konja-u-gornjem-hrasnu-lovci-su-ga-snimili-kamerom\/","name":"Medvjed ubio konja u Gornjem Hrasnu - lovci su ga snimili kamerom - likemetkovic.hr","isPartOf":{"@id":"https:\/\/likemetkovic.hr\/#website"},"primaryImageOfPage":{"@id":"https:\/\/likemetkovic.hr\/medvjed-ubio-konja-u-gornjem-hrasnu-lovci-su-ga-snimili-kamerom\/#primaryimage"},"image":{"@id":"https:\/\/likemetkovic.hr\/medvjed-ubio-konja-u-gornjem-hrasnu-lovci-su-ga-snimili-kamerom\/#primaryimage"},"thumbnailUrl":"https:\/\/likemetkovic.hr\/portal\/wp-content\/uploads\/2021\/10\/medvjed-gornje-hrasno.jpeg","datePublished":"2021-10-31T19:37:01+00:00","dateModified":"2021-10-31T19:40:49+00:00","author":{"@id":"https:\/\/likemetkovic.hr\/#\/schema\/person\/a42711f3385a0e2be6f7e0443bfb28f0"},"breadcrumb":{"@id":"https:\/\/likemetkovic.hr\/medvjed-ubio-konja-u-gornjem-hrasnu-lovci-su-ga-snimili-kamerom\/#breadcrumb"},"inLanguage":"hr","potentialAction":[{"@type":"ReadAction","target":["https:\/\/likemetkovic.hr\/medvjed-ubio-konja-u-gornjem-hrasnu-lovci-su-ga-snimili-kamerom\/"]}]},{"@type":"ImageObject","inLanguage":"hr","@id":"https:\/\/likemetkovic.hr\/medvjed-ubio-konja-u-gornjem-hrasnu-lovci-su-ga-snimili-kamerom\/#primaryimage","url":"https:\/\/likemetkovic.hr\/portal\/wp-content\/uploads\/2021\/10\/medvjed-gornje-hrasno.jpeg","contentUrl":"https:\/\/likemetkovic.hr\/portal\/wp-content\/uploads\/2021\/10\/medvjed-gornje-hrasno.jpeg","width":800,"height":600},{"@type":"BreadcrumbList","@id":"https:\/\/likemetkovic.hr\/medvjed-ubio-konja-u-gornjem-hrasnu-lovci-su-ga-snimili-kamerom\/#breadcrumb","itemListElement":[{"@type":"ListItem","position":1,"name":"Po\u010detna stranica","item":"https:\/\/likemetkovic.hr\/portal\/"},{"@type":"ListItem","position":2,"name":"Medvjed ubio konja u Gornjem Hrasnu &#8211; lovci su ga snimili kamerom"}]},{"@type":"WebSite","@id":"https:\/\/likemetkovic.hr\/#website","url":"https:\/\/likemetkovic.hr\/","name":"likemetkovic.hr","description":"Misli pozitivno... \u010ditaj LIKE","potentialAction":[{"@type":"SearchAction","target":{"@type":"EntryPoint","urlTemplate":"https:\/\/likemetkovic.hr\/?s={search_term_string}"},"query-input":{"@type":"PropertyValueSpecification","valueRequired":true,"valueName":"search_term_string"}}],"inLanguage":"hr"},{"@type":"Person","@id":"https:\/\/likemetkovic.hr\/#\/schema\/person\/a42711f3385a0e2be6f7e0443bfb28f0","name":"LIKEmetkovic.hr","sameAs":["http:\/\/likemetkovic.hr"],"url":"https:\/\/likemetkovic.hr\/portal\/author\/likemetkovic-hr\/"}]}},"_links":{"self":[{"href":"https:\/\/likemetkovic.hr\/portal\/wp-json\/wp\/v2\/posts\/124636","targetHints":{"allow":["GET"]}}],"collection":[{"href":"https:\/\/likemetkovic.hr\/portal\/wp-json\/wp\/v2\/posts"}],"about":[{"href":"https:\/\/likemetkovic.hr\/portal\/wp-json\/wp\/v2\/types\/post"}],"author":[{"embeddable":true,"href":"https:\/\/likemetkovic.hr\/portal\/wp-json\/wp\/v2\/users\/7"}],"replies":[{"embeddable":true,"href":"https:\/\/likemetkovic.hr\/portal\/wp-json\/wp\/v2\/comments?post=124636"}],"version-history":[{"count":0,"href":"https:\/\/likemetkovic.hr\/portal\/wp-json\/wp\/v2\/posts\/124636\/revisions"}],"wp:featuredmedia":[{"embeddable":true,"href":"https:\/\/likemetkovic.hr\/portal\/wp-json\/wp\/v2\/media\/124638"}],"wp:attachment":[{"href":"https:\/\/likemetkovic.hr\/portal\/wp-json\/wp\/v2\/media?parent=124636"}],"wp:term":[{"taxonomy":"category","embeddable":true,"href":"https:\/\/likemetkovic.hr\/portal\/wp-json\/wp\/v2\/categories?post=124636"},{"taxonomy":"post_tag","embeddable":true,"href":"https:\/\/likemetkovic.hr\/portal\/wp-json\/wp\/v2\/tags?post=124636"}],"curies":[{"name":"wp","href":"https:\/\/api.w.org\/{rel}","templated":true}]}}