{"id":124686,"date":"2021-11-02T11:08:21","date_gmt":"2021-11-02T10:08:21","guid":{"rendered":"https:\/\/likemetkovic.hr\/?p=124686"},"modified":"2021-11-02T11:08:21","modified_gmt":"2021-11-02T10:08:21","slug":"desne-odstrel-podivljale-stoke-svaku-noc-s-puskon-cuvan-moj-kupus-dvocivka-njemacka-sulc","status":"publish","type":"post","link":"https:\/\/likemetkovic.hr\/portal\/desne-odstrel-podivljale-stoke-svaku-noc-s-puskon-cuvan-moj-kupus-dvocivka-njemacka-sulc\/","title":{"rendered":"DESNE Odstrel podivljale stoke: &#8220;Svaku no\u0107 s pu\u0161kon \u010duvan moj kupus! Dvocivka njema\u010dka \u2018\u0160ulc\u2018&#8230;&#8221;"},"content":{"rendered":"<p>Hrvatsko Ministarstvo poljoprivrede dalo je nalog lova\u010dkim dru\u0161tvima &#8216;\u0160ljuka&#8217; iz Splita i &#8216;Prepelica&#8217; iz Opuzena da likvidiraju krave, junce, telad, magarce, konje i ovce koji lunjaju neretvanskim krajem, a prema procjenama \u010dak ih je blizu pet stotina. Protiv rje\u0161enja nije dozvoljena \u017ealba.<\/p>\n<p>Ovo je kulminacija dugogodi\u0161njih problema koji su se nakupili u dolini Neretve oko Opuzena, od Desana do Krvavca i Komina.\u00a0Kako pi\u0161e\u00a0<a href=\"https:\/\/slobodnadalmacija.hr\/dalmacija\/obala\/krece-krvava-akcija-lovaca-nareden-je-odstrel-stotina-krava-i-konja-uz-obalu-neretve-drzava-je-odobrila-likvidacije-ali-prijatelji-zivotinja-prosvjeduju-cak-i-mjestani-zazivaju-masovno-usmrcivanje-stoke-1139559\" target=\"_blank\" rel=\"noopener\">Slobodna Dalmacija<\/a>, nekoliko stotina grla razli\u010dite stoke krava, ovaca i konja luta ovim krajem i ljudima lomi vo\u0107ke, brste vrtove i iska\u010du na cestu, pa ih pla\u0161e.<\/p>\n<p><img decoding=\"async\" class=\"alignnone size-full wp-image-124687\" src=\"https:\/\/likemetkovic.hr\/wp-content\/uploads\/2021\/11\/veljko-bebic-dundo.jpg\" alt=\"\" width=\"800\" height=\"533\" srcset=\"https:\/\/likemetkovic.hr\/portal\/wp-content\/uploads\/2021\/11\/veljko-bebic-dundo.jpg 800w, https:\/\/likemetkovic.hr\/portal\/wp-content\/uploads\/2021\/11\/veljko-bebic-dundo-768x512.jpg 768w, https:\/\/likemetkovic.hr\/portal\/wp-content\/uploads\/2021\/11\/veljko-bebic-dundo-696x464.jpg 696w, https:\/\/likemetkovic.hr\/portal\/wp-content\/uploads\/2021\/11\/veljko-bebic-dundo-630x420.jpg 630w\" sizes=\"(max-width: 800px) 100vw, 800px\" \/><\/p>\n<p><em>&#8211; \u017dena moja i ja digli ku\u0107u, posadili sve i \u0161to se dogodilo ? Krave i bikovi, \u0111ava ih odnija, po\u010deli nadirat, prvi put, drugi put, peti put i tako evo \u010detrnaest godina. Mi vanka, one u \u0161umu, mi u ku\u0107u, one u vrtal. Sve su nam poravnale. Svaku no\u0107 s pu\u0161kon \u010duvan moj kupus! Smijete se? Evo je, dvocivka njema\u010dka &#8216;\u0160ulc&#8217; pu\u0161ka lova\u010dka, ima joj sedamdeset godina i nema bolje. Imam dozvolu, ja san lovac ima \u0161ezdeset godina i ako triba ne pu\u0161kon nego topon \u0107u branit ovaj kupus,<\/em> rekao je za <a href=\"https:\/\/slobodnadalmacija.hr\/dalmacija\/obala\/krece-krvava-akcija-lovaca-nareden-je-odstrel-stotina-krava-i-konja-uz-obalu-neretve-drzava-je-odobrila-likvidacije-ali-prijatelji-zivotinja-prosvjeduju-cak-i-mjestani-zazivaju-masovno-usmrcivanje-stoke-1139559\" target=\"_blank\" rel=\"noopener\">Slobodnu<\/a> <strong>Veljko Bebi\u0107<\/strong>\u00a0(75), zvani\u00a0<strong>Dundo<\/strong> koji ima probleme s divljom stokom.<\/p>\n<p><strong>Jure Kapovi\u0107<\/strong>, predsjednik opuzenskih lovaca: <em>Najmanji je problem likvidirati stoku, iako sam pomalo zabrinut jer je rije\u010d o ogromnim, divljim bikovima od 700, 800 kilograma, kad bi se zaletio na lovca moglo bi biti velikih problema. Ali dobro, i za to postoji rje\u0161enje, no kako \u0107emo uklanjati mrcine, za to treba te\u0161ka mehanizacija! Ako likvidiramo takvog bika preko kanala kako \u0107emo ga izvu\u0107i otamo? Helikopterom? I na\u0161i lovci imaju \u0161tete u nasadima i dobro nam je poznat problem, ali neka pitanja jo\u0161 moramo utvrditi.<\/em><\/p>\n<p><img decoding=\"async\" class=\"alignnone size-medium wp-image-124688\" src=\"https:\/\/likemetkovic.hr\/wp-content\/uploads\/2021\/11\/krave-luke.jpg\" alt=\"\" width=\"800\" height=\"448\" srcset=\"https:\/\/likemetkovic.hr\/portal\/wp-content\/uploads\/2021\/11\/krave-luke.jpg 800w, https:\/\/likemetkovic.hr\/portal\/wp-content\/uploads\/2021\/11\/krave-luke-768x430.jpg 768w, https:\/\/likemetkovic.hr\/portal\/wp-content\/uploads\/2021\/11\/krave-luke-696x390.jpg 696w, https:\/\/likemetkovic.hr\/portal\/wp-content\/uploads\/2021\/11\/krave-luke-750x420.jpg 750w\" sizes=\"(max-width: 800px) 100vw, 800px\" \/><\/p>\n<p>Vi\u0161e mo\u017eete pro\u010ditati na portalu <a href=\"https:\/\/slobodnadalmacija.hr\/dalmacija\/obala\/krece-krvava-akcija-lovaca-nareden-je-odstrel-stotina-krava-i-konja-uz-obalu-neretve-drzava-je-odobrila-likvidacije-ali-prijatelji-zivotinja-prosvjeduju-cak-i-mjestani-zazivaju-masovno-usmrcivanje-stoke-1139559\" target=\"_blank\" rel=\"noopener\">Slobodne Dalmacije<\/a>.<br \/>\nFoto: Jo\u0161ko Pono\u0161<\/p>\n","protected":false},"excerpt":{"rendered":"<p>Hrvatsko Ministarstvo poljoprivrede dalo je nalog lova\u010dkim dru\u0161tvima &#8216;\u0160ljuka&#8217; iz Splita i &#8216;Prepelica&#8217; iz Opuzena da likvidiraju krave, junce, telad, magarce, konje i ovce koji lunjaju neretvanskim krajem, a prema procjenama \u010dak ih je blizu pet stotina. Protiv rje\u0161enja nije dozvoljena \u017ealba. Ovo je kulminacija dugogodi\u0161njih problema koji su se nakupili u dolini Neretve oko [&hellip;]<\/p>\n","protected":false},"author":7,"featured_media":124687,"comment_status":"open","ping_status":"open","sticky":false,"template":"","format":"standard","meta":{"footnotes":""},"categories":[296,11],"tags":[3798,2885,10085],"class_list":{"0":"post-124686","1":"post","2":"type-post","3":"status-publish","4":"format-standard","5":"has-post-thumbnail","7":"category-ab","8":"category-metkovic-dolina","9":"tag-desne","10":"tag-luke","11":"tag-podivljale-zivotinje"},"yoast_head":"<!-- This site is optimized with the Yoast SEO plugin v25.2 - https:\/\/yoast.com\/wordpress\/plugins\/seo\/ -->\n<title>DESNE Odstrel podivljale stoke: &quot;Svaku no\u0107 s pu\u0161kon \u010duvan moj kupus! Dvocivka njema\u010dka \u2018\u0160ulc\u2018...&quot; - likemetkovic.hr<\/title>\n<meta name=\"robots\" content=\"index, follow, max-snippet:-1, max-image-preview:large, max-video-preview:-1\" \/>\n<link rel=\"canonical\" href=\"https:\/\/likemetkovic.hr\/desne-odstrel-podivljale-stoke-svaku-noc-s-puskon-cuvan-moj-kupus-dvocivka-njemacka-sulc\/\" \/>\n<meta property=\"og:locale\" content=\"hr_HR\" \/>\n<meta property=\"og:type\" content=\"article\" \/>\n<meta property=\"og:title\" content=\"DESNE Odstrel podivljale stoke: &quot;Svaku no\u0107 s pu\u0161kon \u010duvan moj kupus! Dvocivka njema\u010dka \u2018\u0160ulc\u2018...&quot; - likemetkovic.hr\" \/>\n<meta property=\"og:description\" content=\"Hrvatsko Ministarstvo poljoprivrede dalo je nalog lova\u010dkim dru\u0161tvima &#8216;\u0160ljuka&#8217; iz Splita i &#8216;Prepelica&#8217; iz Opuzena da likvidiraju krave, junce, telad, magarce, konje i ovce koji lunjaju neretvanskim krajem, a prema procjenama \u010dak ih je blizu pet stotina. Protiv rje\u0161enja nije dozvoljena \u017ealba. Ovo je kulminacija dugogodi\u0161njih problema koji su se nakupili u dolini Neretve oko [&hellip;]\" \/>\n<meta property=\"og:url\" content=\"https:\/\/likemetkovic.hr\/desne-odstrel-podivljale-stoke-svaku-noc-s-puskon-cuvan-moj-kupus-dvocivka-njemacka-sulc\/\" \/>\n<meta property=\"og:site_name\" content=\"likemetkovic.hr\" \/>\n<meta property=\"article:publisher\" content=\"https:\/\/www.facebook.com\/likemetkovic.hr\/\" \/>\n<meta property=\"article:published_time\" content=\"2021-11-02T10:08:21+00:00\" \/>\n<meta property=\"og:image\" content=\"https:\/\/likemetkovic.hr\/wp-content\/uploads\/2021\/11\/veljko-bebic-dundo.jpg\" \/>\n\t<meta property=\"og:image:width\" content=\"800\" \/>\n\t<meta property=\"og:image:height\" content=\"533\" \/>\n\t<meta property=\"og:image:type\" content=\"image\/jpeg\" \/>\n<meta name=\"author\" content=\"LIKEmetkovic.hr\" \/>\n<meta name=\"twitter:card\" content=\"summary_large_image\" \/>\n<meta name=\"twitter:label1\" content=\"Napisao\/la\" \/>\n\t<meta name=\"twitter:data1\" content=\"LIKEmetkovic.hr\" \/>\n\t<meta name=\"twitter:label2\" content=\"Procijenjeno vrijeme \u010ditanja\" \/>\n\t<meta name=\"twitter:data2\" content=\"2 minute\" \/>\n<script type=\"application\/ld+json\" class=\"yoast-schema-graph\">{\"@context\":\"https:\/\/schema.org\",\"@graph\":[{\"@type\":\"WebPage\",\"@id\":\"https:\/\/likemetkovic.hr\/desne-odstrel-podivljale-stoke-svaku-noc-s-puskon-cuvan-moj-kupus-dvocivka-njemacka-sulc\/\",\"url\":\"https:\/\/likemetkovic.hr\/desne-odstrel-podivljale-stoke-svaku-noc-s-puskon-cuvan-moj-kupus-dvocivka-njemacka-sulc\/\",\"name\":\"DESNE Odstrel podivljale stoke: \\\"Svaku no\u0107 s pu\u0161kon \u010duvan moj kupus! Dvocivka njema\u010dka \u2018\u0160ulc\u2018...\\\" - likemetkovic.hr\",\"isPartOf\":{\"@id\":\"https:\/\/likemetkovic.hr\/#website\"},\"primaryImageOfPage\":{\"@id\":\"https:\/\/likemetkovic.hr\/desne-odstrel-podivljale-stoke-svaku-noc-s-puskon-cuvan-moj-kupus-dvocivka-njemacka-sulc\/#primaryimage\"},\"image\":{\"@id\":\"https:\/\/likemetkovic.hr\/desne-odstrel-podivljale-stoke-svaku-noc-s-puskon-cuvan-moj-kupus-dvocivka-njemacka-sulc\/#primaryimage\"},\"thumbnailUrl\":\"https:\/\/likemetkovic.hr\/portal\/wp-content\/uploads\/2021\/11\/veljko-bebic-dundo.jpg\",\"datePublished\":\"2021-11-02T10:08:21+00:00\",\"author\":{\"@id\":\"https:\/\/likemetkovic.hr\/#\/schema\/person\/a42711f3385a0e2be6f7e0443bfb28f0\"},\"breadcrumb\":{\"@id\":\"https:\/\/likemetkovic.hr\/desne-odstrel-podivljale-stoke-svaku-noc-s-puskon-cuvan-moj-kupus-dvocivka-njemacka-sulc\/#breadcrumb\"},\"inLanguage\":\"hr\",\"potentialAction\":[{\"@type\":\"ReadAction\",\"target\":[\"https:\/\/likemetkovic.hr\/desne-odstrel-podivljale-stoke-svaku-noc-s-puskon-cuvan-moj-kupus-dvocivka-njemacka-sulc\/\"]}]},{\"@type\":\"ImageObject\",\"inLanguage\":\"hr\",\"@id\":\"https:\/\/likemetkovic.hr\/desne-odstrel-podivljale-stoke-svaku-noc-s-puskon-cuvan-moj-kupus-dvocivka-njemacka-sulc\/#primaryimage\",\"url\":\"https:\/\/likemetkovic.hr\/portal\/wp-content\/uploads\/2021\/11\/veljko-bebic-dundo.jpg\",\"contentUrl\":\"https:\/\/likemetkovic.hr\/portal\/wp-content\/uploads\/2021\/11\/veljko-bebic-dundo.jpg\",\"width\":800,\"height\":533},{\"@type\":\"BreadcrumbList\",\"@id\":\"https:\/\/likemetkovic.hr\/desne-odstrel-podivljale-stoke-svaku-noc-s-puskon-cuvan-moj-kupus-dvocivka-njemacka-sulc\/#breadcrumb\",\"itemListElement\":[{\"@type\":\"ListItem\",\"position\":1,\"name\":\"Po\u010detna stranica\",\"item\":\"https:\/\/likemetkovic.hr\/portal\/\"},{\"@type\":\"ListItem\",\"position\":2,\"name\":\"DESNE Odstrel podivljale stoke: &#8220;Svaku no\u0107 s pu\u0161kon \u010duvan moj kupus! Dvocivka njema\u010dka \u2018\u0160ulc\u2018&#8230;&#8221;\"}]},{\"@type\":\"WebSite\",\"@id\":\"https:\/\/likemetkovic.hr\/#website\",\"url\":\"https:\/\/likemetkovic.hr\/\",\"name\":\"likemetkovic.hr\",\"description\":\"Misli pozitivno... \u010ditaj LIKE\",\"potentialAction\":[{\"@type\":\"SearchAction\",\"target\":{\"@type\":\"EntryPoint\",\"urlTemplate\":\"https:\/\/likemetkovic.hr\/?s={search_term_string}\"},\"query-input\":{\"@type\":\"PropertyValueSpecification\",\"valueRequired\":true,\"valueName\":\"search_term_string\"}}],\"inLanguage\":\"hr\"},{\"@type\":\"Person\",\"@id\":\"https:\/\/likemetkovic.hr\/#\/schema\/person\/a42711f3385a0e2be6f7e0443bfb28f0\",\"name\":\"LIKEmetkovic.hr\",\"sameAs\":[\"http:\/\/likemetkovic.hr\"],\"url\":\"https:\/\/likemetkovic.hr\/portal\/author\/likemetkovic-hr\/\"}]}<\/script>\n<!-- \/ Yoast SEO plugin. -->","yoast_head_json":{"title":"DESNE Odstrel podivljale stoke: \"Svaku no\u0107 s pu\u0161kon \u010duvan moj kupus! Dvocivka njema\u010dka \u2018\u0160ulc\u2018...\" - likemetkovic.hr","robots":{"index":"index","follow":"follow","max-snippet":"max-snippet:-1","max-image-preview":"max-image-preview:large","max-video-preview":"max-video-preview:-1"},"canonical":"https:\/\/likemetkovic.hr\/desne-odstrel-podivljale-stoke-svaku-noc-s-puskon-cuvan-moj-kupus-dvocivka-njemacka-sulc\/","og_locale":"hr_HR","og_type":"article","og_title":"DESNE Odstrel podivljale stoke: \"Svaku no\u0107 s pu\u0161kon \u010duvan moj kupus! Dvocivka njema\u010dka \u2018\u0160ulc\u2018...\" - likemetkovic.hr","og_description":"Hrvatsko Ministarstvo poljoprivrede dalo je nalog lova\u010dkim dru\u0161tvima &#8216;\u0160ljuka&#8217; iz Splita i &#8216;Prepelica&#8217; iz Opuzena da likvidiraju krave, junce, telad, magarce, konje i ovce koji lunjaju neretvanskim krajem, a prema procjenama \u010dak ih je blizu pet stotina. Protiv rje\u0161enja nije dozvoljena \u017ealba. Ovo je kulminacija dugogodi\u0161njih problema koji su se nakupili u dolini Neretve oko [&hellip;]","og_url":"https:\/\/likemetkovic.hr\/desne-odstrel-podivljale-stoke-svaku-noc-s-puskon-cuvan-moj-kupus-dvocivka-njemacka-sulc\/","og_site_name":"likemetkovic.hr","article_publisher":"https:\/\/www.facebook.com\/likemetkovic.hr\/","article_published_time":"2021-11-02T10:08:21+00:00","og_image":[{"width":800,"height":533,"url":"https:\/\/likemetkovic.hr\/wp-content\/uploads\/2021\/11\/veljko-bebic-dundo.jpg","type":"image\/jpeg"}],"author":"LIKEmetkovic.hr","twitter_card":"summary_large_image","twitter_misc":{"Napisao\/la":"LIKEmetkovic.hr","Procijenjeno vrijeme \u010ditanja":"2 minute"},"schema":{"@context":"https:\/\/schema.org","@graph":[{"@type":"WebPage","@id":"https:\/\/likemetkovic.hr\/desne-odstrel-podivljale-stoke-svaku-noc-s-puskon-cuvan-moj-kupus-dvocivka-njemacka-sulc\/","url":"https:\/\/likemetkovic.hr\/desne-odstrel-podivljale-stoke-svaku-noc-s-puskon-cuvan-moj-kupus-dvocivka-njemacka-sulc\/","name":"DESNE Odstrel podivljale stoke: \"Svaku no\u0107 s pu\u0161kon \u010duvan moj kupus! Dvocivka njema\u010dka \u2018\u0160ulc\u2018...\" - likemetkovic.hr","isPartOf":{"@id":"https:\/\/likemetkovic.hr\/#website"},"primaryImageOfPage":{"@id":"https:\/\/likemetkovic.hr\/desne-odstrel-podivljale-stoke-svaku-noc-s-puskon-cuvan-moj-kupus-dvocivka-njemacka-sulc\/#primaryimage"},"image":{"@id":"https:\/\/likemetkovic.hr\/desne-odstrel-podivljale-stoke-svaku-noc-s-puskon-cuvan-moj-kupus-dvocivka-njemacka-sulc\/#primaryimage"},"thumbnailUrl":"https:\/\/likemetkovic.hr\/portal\/wp-content\/uploads\/2021\/11\/veljko-bebic-dundo.jpg","datePublished":"2021-11-02T10:08:21+00:00","author":{"@id":"https:\/\/likemetkovic.hr\/#\/schema\/person\/a42711f3385a0e2be6f7e0443bfb28f0"},"breadcrumb":{"@id":"https:\/\/likemetkovic.hr\/desne-odstrel-podivljale-stoke-svaku-noc-s-puskon-cuvan-moj-kupus-dvocivka-njemacka-sulc\/#breadcrumb"},"inLanguage":"hr","potentialAction":[{"@type":"ReadAction","target":["https:\/\/likemetkovic.hr\/desne-odstrel-podivljale-stoke-svaku-noc-s-puskon-cuvan-moj-kupus-dvocivka-njemacka-sulc\/"]}]},{"@type":"ImageObject","inLanguage":"hr","@id":"https:\/\/likemetkovic.hr\/desne-odstrel-podivljale-stoke-svaku-noc-s-puskon-cuvan-moj-kupus-dvocivka-njemacka-sulc\/#primaryimage","url":"https:\/\/likemetkovic.hr\/portal\/wp-content\/uploads\/2021\/11\/veljko-bebic-dundo.jpg","contentUrl":"https:\/\/likemetkovic.hr\/portal\/wp-content\/uploads\/2021\/11\/veljko-bebic-dundo.jpg","width":800,"height":533},{"@type":"BreadcrumbList","@id":"https:\/\/likemetkovic.hr\/desne-odstrel-podivljale-stoke-svaku-noc-s-puskon-cuvan-moj-kupus-dvocivka-njemacka-sulc\/#breadcrumb","itemListElement":[{"@type":"ListItem","position":1,"name":"Po\u010detna stranica","item":"https:\/\/likemetkovic.hr\/portal\/"},{"@type":"ListItem","position":2,"name":"DESNE Odstrel podivljale stoke: &#8220;Svaku no\u0107 s pu\u0161kon \u010duvan moj kupus! Dvocivka njema\u010dka \u2018\u0160ulc\u2018&#8230;&#8221;"}]},{"@type":"WebSite","@id":"https:\/\/likemetkovic.hr\/#website","url":"https:\/\/likemetkovic.hr\/","name":"likemetkovic.hr","description":"Misli pozitivno... \u010ditaj LIKE","potentialAction":[{"@type":"SearchAction","target":{"@type":"EntryPoint","urlTemplate":"https:\/\/likemetkovic.hr\/?s={search_term_string}"},"query-input":{"@type":"PropertyValueSpecification","valueRequired":true,"valueName":"search_term_string"}}],"inLanguage":"hr"},{"@type":"Person","@id":"https:\/\/likemetkovic.hr\/#\/schema\/person\/a42711f3385a0e2be6f7e0443bfb28f0","name":"LIKEmetkovic.hr","sameAs":["http:\/\/likemetkovic.hr"],"url":"https:\/\/likemetkovic.hr\/portal\/author\/likemetkovic-hr\/"}]}},"_links":{"self":[{"href":"https:\/\/likemetkovic.hr\/portal\/wp-json\/wp\/v2\/posts\/124686","targetHints":{"allow":["GET"]}}],"collection":[{"href":"https:\/\/likemetkovic.hr\/portal\/wp-json\/wp\/v2\/posts"}],"about":[{"href":"https:\/\/likemetkovic.hr\/portal\/wp-json\/wp\/v2\/types\/post"}],"author":[{"embeddable":true,"href":"https:\/\/likemetkovic.hr\/portal\/wp-json\/wp\/v2\/users\/7"}],"replies":[{"embeddable":true,"href":"https:\/\/likemetkovic.hr\/portal\/wp-json\/wp\/v2\/comments?post=124686"}],"version-history":[{"count":0,"href":"https:\/\/likemetkovic.hr\/portal\/wp-json\/wp\/v2\/posts\/124686\/revisions"}],"wp:featuredmedia":[{"embeddable":true,"href":"https:\/\/likemetkovic.hr\/portal\/wp-json\/wp\/v2\/media\/124687"}],"wp:attachment":[{"href":"https:\/\/likemetkovic.hr\/portal\/wp-json\/wp\/v2\/media?parent=124686"}],"wp:term":[{"taxonomy":"category","embeddable":true,"href":"https:\/\/likemetkovic.hr\/portal\/wp-json\/wp\/v2\/categories?post=124686"},{"taxonomy":"post_tag","embeddable":true,"href":"https:\/\/likemetkovic.hr\/portal\/wp-json\/wp\/v2\/tags?post=124686"}],"curies":[{"name":"wp","href":"https:\/\/api.w.org\/{rel}","templated":true}]}}