{"id":124695,"date":"2021-11-02T16:12:44","date_gmt":"2021-11-02T15:12:44","guid":{"rendered":"https:\/\/likemetkovic.hr\/?p=124695"},"modified":"2021-11-02T16:12:44","modified_gmt":"2021-11-02T15:12:44","slug":"opuzen-nadbiskup-barisic-krstio-sedmo-dijete-u-obitelji-ajduk-i-cetvrto-dijete-u-obitelji-sutalo","status":"publish","type":"post","link":"https:\/\/likemetkovic.hr\/portal\/opuzen-nadbiskup-barisic-krstio-sedmo-dijete-u-obitelji-ajduk-i-cetvrto-dijete-u-obitelji-sutalo\/","title":{"rendered":"OPUZEN Nadbiskup Bari\u0161i\u0107 krstio sedmo dijete u obitelji Ajduk i \u010detvrto dijete u obitelji \u0160utalo"},"content":{"rendered":"<p>Splitsko-makarski nadbiskup i metropolit<strong><a href=\"https:\/\/smn.hr\/ustanove\/bracno-i-obiteljsko-savjetovaliste\/5181-opuzen-nadbiskup-barisic-krstio-sedmo-dijete-u-obitelji-ajduk-i-cetvrto-dijete-u-obitelji-sutalo\" target=\"_blank\" rel=\"noopener\"> mons. Marin Bari\u0161i\u0107<\/a><\/strong> predvodio je, u nedjelju 31. listopada u \u017dupi sv. Stjepana prvomu\u010denika u Opuzenu, sve\u010dano euharistijsko slavlje tijekom kojeg je krstio malenog <strong>Rafaela<\/strong> \u2013 sedmo dijete u obitelji Damira i Bo\u017eane Ajduk te malenu<strong> Terezu<\/strong> \u2013 \u010detvrto dijete u obitelji Josipa i Gorice \u0160utalo.<\/p>\n<p>U koncelebraciji su bili \u017eupnik don Ante Antunovi\u0107 i don Nikola \u0160aki\u0107. Na misi je pjevao \u017eupni zbor.<\/p>\n<p>\u010cestitav\u0161i roditeljima na otvorenosti \u017eivotu, mons. Bari\u0161i\u0107 ih je pozvao na svjedo\u010denje ljubavi tijekom cijeloga \u017eivota, kazav\u0161i kako je to najautenti\u010dniji na\u010din odgoja vlastite djece.<\/p>\n<p>&#8211; <em><strong>Ljudi bez ljubavi \u2013 koliko god bili uspje\u0161ni \u2013 ostaju trajno hendikepirani.<\/strong> \u010cak su opasni za dru\u0161tvo i vlastitu sredinu. Zbog toga je va\u017eno da roditelji, \u010dija je ljubav dovela do dara \u017eivota, vlastitim primjerom \u017ertve i odricanja djecu odgajaju u kr\u0161\u0107anskom duhu slu\u017eenja Bogu i \u010dovjeku<\/em>, rekao je nabiskup Bari\u0161i\u0107.<\/p>\n<p>Na kraju euharistijskog slavlja \u017eupnik je zahvalio Nadbiskupu na dolasku i poticajnim rije\u010dima te svima koji su doprinijeli proslavi dana\u0161nje sve\u010danosti.<\/p>\n\r\n                <style type=\"text\/css\">\r\n                    \r\n                    #tdi_1  .td-doubleSlider-2 .td-item1 {\r\n                        background: url(https:\/\/likemetkovic.hr\/portal\/wp-content\/uploads\/2021\/11\/krestenje-opuzen-nadbiskup-barisic-5-80x60.jpg) 0 0 no-repeat;\r\n                    }\r\n                    #tdi_1  .td-doubleSlider-2 .td-item2 {\r\n                        background: url(https:\/\/likemetkovic.hr\/portal\/wp-content\/uploads\/2021\/11\/krestenje-opuzen-nadbiskup-barisic-4-80x60.jpg) 0 0 no-repeat;\r\n                    }\r\n                    #tdi_1  .td-doubleSlider-2 .td-item3 {\r\n                        background: url(https:\/\/likemetkovic.hr\/portal\/wp-content\/uploads\/2021\/11\/krestenje-opuzen-nadbiskup-barisic-3-80x60.jpg) 0 0 no-repeat;\r\n                    }\r\n                    #tdi_1  .td-doubleSlider-2 .td-item4 {\r\n                        background: url(https:\/\/likemetkovic.hr\/portal\/wp-content\/uploads\/2021\/11\/krestenje-opuzen-nadbiskup-barisic-2-80x60.jpg) 0 0 no-repeat;\r\n                    }\r\n                    #tdi_1  .td-doubleSlider-2 .td-item5 {\r\n                        background: url(https:\/\/likemetkovic.hr\/portal\/wp-content\/uploads\/2021\/11\/krestenje-opuzen-nadbiskup-barisic-1-80x60.jpeg) 0 0 no-repeat;\r\n                    }\r\n                    #tdi_1  .td-doubleSlider-2 .td-item6 {\r\n                        background: url(https:\/\/likemetkovic.hr\/portal\/wp-content\/uploads\/2021\/11\/krestenje-opuzen-nadbiskup-barisic-1-80x60.jpg) 0 0 no-repeat;\r\n                    }\r\n                <\/style>\r\n\r\n                <div id=\"tdi_1\" class=\"td-gallery td-slide-on-2-columns\">\r\n                    <div class=\"post_td_gallery\">\r\n                        <div class=\"td-gallery-slide-top\">\r\n                           <div class=\"td-gallery-title\"><\/div>\r\n\r\n                            <div class=\"td-gallery-controls-wrapper\">\r\n                                <div class=\"td-gallery-slide-count\"><span class=\"td-gallery-slide-item-focus\">1<\/span> of 6<\/div>\r\n                                <div class=\"td-gallery-slide-prev-next-but\">\r\n                                    <i class = \"td-icon-left doubleSliderPrevButton\"><\/i>\r\n                                    <i class = \"td-icon-right doubleSliderNextButton\"><\/i>\r\n                                <\/div>\r\n                            <\/div>\r\n                        <\/div>\r\n\r\n                        <div class = \"td-doubleSlider-1 \">\r\n                            <div class = \"td-slider\">\r\n                                \r\n                    <div class = \"td-slide-item td-item1\">\r\n                        <figure class=\"td-slide-galery-figure td-slide-popup-gallery\">\r\n                            <a class=\"slide-gallery-image-link\" href=\"https:\/\/likemetkovic.hr\/portal\/wp-content\/uploads\/2021\/11\/krestenje-opuzen-nadbiskup-barisic-5.jpg\" title=\"krestenje opuzen nadbiskup barisic (5)\"  data-caption=\"\"  data-description=\"\">\r\n                                <img decoding=\"async\" src=\"https:\/\/likemetkovic.hr\/portal\/wp-content\/uploads\/2021\/11\/krestenje-opuzen-nadbiskup-barisic-5-629x420.jpg\" srcset=\"https:\/\/likemetkovic.hr\/portal\/wp-content\/uploads\/2021\/11\/krestenje-opuzen-nadbiskup-barisic-5-629x420.jpg 629w, https:\/\/likemetkovic.hr\/portal\/wp-content\/uploads\/2021\/11\/krestenje-opuzen-nadbiskup-barisic-5-768x513.jpg 768w, https:\/\/likemetkovic.hr\/portal\/wp-content\/uploads\/2021\/11\/krestenje-opuzen-nadbiskup-barisic-5-696x465.jpg 696w, https:\/\/likemetkovic.hr\/portal\/wp-content\/uploads\/2021\/11\/krestenje-opuzen-nadbiskup-barisic-5.jpg 800w\" sizes=\"(max-width: 629px) 100vw, 629px\" alt=\"\">\r\n                            <\/a>\r\n                            \r\n                        <\/figure>\r\n                    <\/div>\r\n                    <div class = \"td-slide-item td-item2\">\r\n                        <figure class=\"td-slide-galery-figure td-slide-popup-gallery\">\r\n                            <a class=\"slide-gallery-image-link\" href=\"https:\/\/likemetkovic.hr\/portal\/wp-content\/uploads\/2021\/11\/krestenje-opuzen-nadbiskup-barisic-4.jpg\" title=\"krestenje opuzen nadbiskup barisic (4)\"  data-caption=\"\"  data-description=\"\">\r\n                                <img decoding=\"async\" src=\"https:\/\/likemetkovic.hr\/portal\/wp-content\/uploads\/2021\/11\/krestenje-opuzen-nadbiskup-barisic-4-629x420.jpg\" srcset=\"https:\/\/likemetkovic.hr\/portal\/wp-content\/uploads\/2021\/11\/krestenje-opuzen-nadbiskup-barisic-4-629x420.jpg 629w, https:\/\/likemetkovic.hr\/portal\/wp-content\/uploads\/2021\/11\/krestenje-opuzen-nadbiskup-barisic-4-768x513.jpg 768w, https:\/\/likemetkovic.hr\/portal\/wp-content\/uploads\/2021\/11\/krestenje-opuzen-nadbiskup-barisic-4-696x465.jpg 696w, https:\/\/likemetkovic.hr\/portal\/wp-content\/uploads\/2021\/11\/krestenje-opuzen-nadbiskup-barisic-4.jpg 800w\" sizes=\"(max-width: 629px) 100vw, 629px\" alt=\"\">\r\n                            <\/a>\r\n                            \r\n                        <\/figure>\r\n                    <\/div>\r\n                    <div class = \"td-slide-item td-item3\">\r\n                        <figure class=\"td-slide-galery-figure td-slide-popup-gallery\">\r\n                            <a class=\"slide-gallery-image-link\" href=\"https:\/\/likemetkovic.hr\/portal\/wp-content\/uploads\/2021\/11\/krestenje-opuzen-nadbiskup-barisic-3.jpg\" title=\"krestenje opuzen nadbiskup barisic (3)\"  data-caption=\"\"  data-description=\"\">\r\n                                <img decoding=\"async\" src=\"https:\/\/likemetkovic.hr\/portal\/wp-content\/uploads\/2021\/11\/krestenje-opuzen-nadbiskup-barisic-3-629x420.jpg\" srcset=\"https:\/\/likemetkovic.hr\/portal\/wp-content\/uploads\/2021\/11\/krestenje-opuzen-nadbiskup-barisic-3-629x420.jpg 629w, https:\/\/likemetkovic.hr\/portal\/wp-content\/uploads\/2021\/11\/krestenje-opuzen-nadbiskup-barisic-3-768x513.jpg 768w, https:\/\/likemetkovic.hr\/portal\/wp-content\/uploads\/2021\/11\/krestenje-opuzen-nadbiskup-barisic-3-696x465.jpg 696w, https:\/\/likemetkovic.hr\/portal\/wp-content\/uploads\/2021\/11\/krestenje-opuzen-nadbiskup-barisic-3.jpg 800w\" sizes=\"(max-width: 629px) 100vw, 629px\" alt=\"\">\r\n                            <\/a>\r\n                            \r\n                        <\/figure>\r\n                    <\/div>\r\n                    <div class = \"td-slide-item td-item4\">\r\n                        <figure class=\"td-slide-galery-figure td-slide-popup-gallery\">\r\n                            <a class=\"slide-gallery-image-link\" href=\"https:\/\/likemetkovic.hr\/portal\/wp-content\/uploads\/2021\/11\/krestenje-opuzen-nadbiskup-barisic-2.jpg\" title=\"krestenje opuzen nadbiskup barisic (2)\"  data-caption=\"\"  data-description=\"\">\r\n                                <img decoding=\"async\" src=\"https:\/\/likemetkovic.hr\/portal\/wp-content\/uploads\/2021\/11\/krestenje-opuzen-nadbiskup-barisic-2-629x420.jpg\" srcset=\"https:\/\/likemetkovic.hr\/portal\/wp-content\/uploads\/2021\/11\/krestenje-opuzen-nadbiskup-barisic-2-629x420.jpg 629w, https:\/\/likemetkovic.hr\/portal\/wp-content\/uploads\/2021\/11\/krestenje-opuzen-nadbiskup-barisic-2-768x513.jpg 768w, https:\/\/likemetkovic.hr\/portal\/wp-content\/uploads\/2021\/11\/krestenje-opuzen-nadbiskup-barisic-2-696x465.jpg 696w, https:\/\/likemetkovic.hr\/portal\/wp-content\/uploads\/2021\/11\/krestenje-opuzen-nadbiskup-barisic-2.jpg 800w\" sizes=\"(max-width: 629px) 100vw, 629px\" alt=\"\">\r\n                            <\/a>\r\n                            \r\n                        <\/figure>\r\n                    <\/div>\r\n                    <div class = \"td-slide-item td-item5\">\r\n                        <figure class=\"td-slide-galery-figure td-slide-popup-gallery\">\r\n                            <a class=\"slide-gallery-image-link\" href=\"https:\/\/likemetkovic.hr\/portal\/wp-content\/uploads\/2021\/11\/krestenje-opuzen-nadbiskup-barisic-1.jpeg\" title=\"krestenje opuzen nadbiskup barisic (1)\"  data-caption=\"\"  data-description=\"\">\r\n                                <img decoding=\"async\" src=\"https:\/\/likemetkovic.hr\/portal\/wp-content\/uploads\/2021\/11\/krestenje-opuzen-nadbiskup-barisic-1-658x420.jpeg\" srcset=\"https:\/\/likemetkovic.hr\/portal\/wp-content\/uploads\/2021\/11\/krestenje-opuzen-nadbiskup-barisic-1-658x420.jpeg 658w, https:\/\/likemetkovic.hr\/portal\/wp-content\/uploads\/2021\/11\/krestenje-opuzen-nadbiskup-barisic-1-768x491.jpeg 768w, https:\/\/likemetkovic.hr\/portal\/wp-content\/uploads\/2021\/11\/krestenje-opuzen-nadbiskup-barisic-1-696x445.jpeg 696w, https:\/\/likemetkovic.hr\/portal\/wp-content\/uploads\/2021\/11\/krestenje-opuzen-nadbiskup-barisic-1.jpeg 800w\" sizes=\"(max-width: 658px) 100vw, 658px\" alt=\"\">\r\n                            <\/a>\r\n                            \r\n                        <\/figure>\r\n                    <\/div>\r\n                    <div class = \"td-slide-item td-item6\">\r\n                        <figure class=\"td-slide-galery-figure td-slide-popup-gallery\">\r\n                            <a class=\"slide-gallery-image-link\" href=\"https:\/\/likemetkovic.hr\/portal\/wp-content\/uploads\/2021\/11\/krestenje-opuzen-nadbiskup-barisic-1.jpg\" title=\"krestenje opuzen nadbiskup barisic (1)\"  data-caption=\"\"  data-description=\"\">\r\n                                <img decoding=\"async\" src=\"https:\/\/likemetkovic.hr\/portal\/wp-content\/uploads\/2021\/11\/krestenje-opuzen-nadbiskup-barisic-1-629x420.jpg\" srcset=\"https:\/\/likemetkovic.hr\/portal\/wp-content\/uploads\/2021\/11\/krestenje-opuzen-nadbiskup-barisic-1-629x420.jpg 629w, https:\/\/likemetkovic.hr\/portal\/wp-content\/uploads\/2021\/11\/krestenje-opuzen-nadbiskup-barisic-1-768x513.jpg 768w, https:\/\/likemetkovic.hr\/portal\/wp-content\/uploads\/2021\/11\/krestenje-opuzen-nadbiskup-barisic-1-696x465.jpg 696w, https:\/\/likemetkovic.hr\/portal\/wp-content\/uploads\/2021\/11\/krestenje-opuzen-nadbiskup-barisic-1.jpg 800w\" sizes=\"(max-width: 629px) 100vw, 629px\" alt=\"\">\r\n                            <\/a>\r\n                            \r\n                        <\/figure>\r\n                    <\/div>\r\n                            <\/div>\r\n                        <\/div>\r\n\r\n                        <div class = \"td-doubleSlider-2\">\r\n                            <div class = \"td-slider\">\r\n                                \r\n                    <div class = \"td-button td-item1\">\r\n                        <div class = \"td-border\"><\/div>\r\n                    <\/div>\r\n                    <div class = \"td-button td-item2\">\r\n                        <div class = \"td-border\"><\/div>\r\n                    <\/div>\r\n                    <div class = \"td-button td-item3\">\r\n                        <div class = \"td-border\"><\/div>\r\n                    <\/div>\r\n                    <div class = \"td-button td-item4\">\r\n                        <div class = \"td-border\"><\/div>\r\n                    <\/div>\r\n                    <div class = \"td-button td-item5\">\r\n                        <div class = \"td-border\"><\/div>\r\n                    <\/div>\r\n                    <div class = \"td-button td-item6\">\r\n                        <div class = \"td-border\"><\/div>\r\n                    <\/div>\r\n                            <\/div>\r\n                        <\/div>\r\n\r\n                    <\/div>\r\n\r\n                <\/div>\r\n                \n<p>Zatim je nadbiskup Bari\u0161i\u0107 udijelio obiteljima Ajduk i \u0160utalo knjigu s posvetom, osobno pismo, krunice, medaljice i nov\u010dani poticaj \u2013 dar kojim Splitsko-makarska nadbiskupija izra\u017eava podr\u0161ku obiteljima s \u010detvero i vi\u0161e djece.<\/p>\n<p>Dodajmo kako je u Splitsko-makarskoj nadbiskupiji 2020. godine kr\u0161teno 155 djece u obiteljima s \u010detvero i vi\u0161e djece. Od toga je bilo 87 kr\u0161tenja \u010detvrtog djeteta, 32 kr\u0161tenja petog djeteta, 12 kr\u0161tenja \u0161estog djeteta, 2 kr\u0161tenja sedmog djeteta, 3 kr\u0161tenja osmog djeteta, 1 kr\u0161tenje desetog djeteta te 9 kr\u0161tenja blizanaca od kojih: 7 kr\u0161tenja 3. i 4. djeteta i 2 kr\u0161tenja 4. i 5. djeteta.<\/p>\n<p>Foto: smn.hr<\/p>\n","protected":false},"excerpt":{"rendered":"<p>Splitsko-makarski nadbiskup i metropolit mons. Marin Bari\u0161i\u0107 predvodio je, u nedjelju 31. listopada u \u017dupi sv. Stjepana prvomu\u010denika u Opuzenu, sve\u010dano euharistijsko slavlje tijekom kojeg je krstio malenog Rafaela \u2013 sedmo dijete u obitelji Damira i Bo\u017eane Ajduk te malenu Terezu \u2013 \u010detvrto dijete u obitelji Josipa i Gorice \u0160utalo. U koncelebraciji su bili \u017eupnik [&hellip;]<\/p>\n","protected":false},"author":7,"featured_media":124698,"comment_status":"open","ping_status":"open","sticky":false,"template":"","format":"standard","meta":{"footnotes":""},"categories":[283,11],"tags":[],"class_list":{"0":"post-124695","1":"post","2":"type-post","3":"status-publish","4":"format-standard","5":"has-post-thumbnail","7":"category-a","8":"category-metkovic-dolina"},"yoast_head":"<!-- This site is optimized with the Yoast SEO plugin v25.2 - https:\/\/yoast.com\/wordpress\/plugins\/seo\/ -->\n<title>OPUZEN Nadbiskup Bari\u0161i\u0107 krstio sedmo dijete u obitelji Ajduk i \u010detvrto dijete u obitelji \u0160utalo - likemetkovic.hr<\/title>\n<meta name=\"robots\" content=\"index, follow, max-snippet:-1, max-image-preview:large, max-video-preview:-1\" \/>\n<link rel=\"canonical\" href=\"https:\/\/likemetkovic.hr\/opuzen-nadbiskup-barisic-krstio-sedmo-dijete-u-obitelji-ajduk-i-cetvrto-dijete-u-obitelji-sutalo\/\" \/>\n<meta property=\"og:locale\" content=\"hr_HR\" \/>\n<meta property=\"og:type\" content=\"article\" \/>\n<meta property=\"og:title\" content=\"OPUZEN Nadbiskup Bari\u0161i\u0107 krstio sedmo dijete u obitelji Ajduk i \u010detvrto dijete u obitelji \u0160utalo - likemetkovic.hr\" \/>\n<meta property=\"og:description\" content=\"Splitsko-makarski nadbiskup i metropolit mons. Marin Bari\u0161i\u0107 predvodio je, u nedjelju 31. listopada u \u017dupi sv. Stjepana prvomu\u010denika u Opuzenu, sve\u010dano euharistijsko slavlje tijekom kojeg je krstio malenog Rafaela \u2013 sedmo dijete u obitelji Damira i Bo\u017eane Ajduk te malenu Terezu \u2013 \u010detvrto dijete u obitelji Josipa i Gorice \u0160utalo. U koncelebraciji su bili \u017eupnik [&hellip;]\" \/>\n<meta property=\"og:url\" content=\"https:\/\/likemetkovic.hr\/opuzen-nadbiskup-barisic-krstio-sedmo-dijete-u-obitelji-ajduk-i-cetvrto-dijete-u-obitelji-sutalo\/\" \/>\n<meta property=\"og:site_name\" content=\"likemetkovic.hr\" \/>\n<meta property=\"article:publisher\" content=\"https:\/\/www.facebook.com\/likemetkovic.hr\/\" \/>\n<meta property=\"article:published_time\" content=\"2021-11-02T15:12:44+00:00\" \/>\n<meta property=\"og:image\" content=\"https:\/\/likemetkovic.hr\/wp-content\/uploads\/2021\/11\/krestenje-opuzen-nadbiskup-barisic-3.jpg\" \/>\n\t<meta property=\"og:image:width\" content=\"800\" \/>\n\t<meta property=\"og:image:height\" content=\"534\" \/>\n\t<meta property=\"og:image:type\" content=\"image\/jpeg\" \/>\n<meta name=\"author\" content=\"LIKEmetkovic.hr\" \/>\n<meta name=\"twitter:card\" content=\"summary_large_image\" \/>\n<meta name=\"twitter:label1\" content=\"Napisao\/la\" \/>\n\t<meta name=\"twitter:data1\" content=\"LIKEmetkovic.hr\" \/>\n\t<meta name=\"twitter:label2\" content=\"Procijenjeno vrijeme \u010ditanja\" \/>\n\t<meta name=\"twitter:data2\" content=\"2 minute\" \/>\n<script type=\"application\/ld+json\" class=\"yoast-schema-graph\">{\"@context\":\"https:\/\/schema.org\",\"@graph\":[{\"@type\":\"WebPage\",\"@id\":\"https:\/\/likemetkovic.hr\/opuzen-nadbiskup-barisic-krstio-sedmo-dijete-u-obitelji-ajduk-i-cetvrto-dijete-u-obitelji-sutalo\/\",\"url\":\"https:\/\/likemetkovic.hr\/opuzen-nadbiskup-barisic-krstio-sedmo-dijete-u-obitelji-ajduk-i-cetvrto-dijete-u-obitelji-sutalo\/\",\"name\":\"OPUZEN Nadbiskup Bari\u0161i\u0107 krstio sedmo dijete u obitelji Ajduk i \u010detvrto dijete u obitelji \u0160utalo - likemetkovic.hr\",\"isPartOf\":{\"@id\":\"https:\/\/likemetkovic.hr\/#website\"},\"primaryImageOfPage\":{\"@id\":\"https:\/\/likemetkovic.hr\/opuzen-nadbiskup-barisic-krstio-sedmo-dijete-u-obitelji-ajduk-i-cetvrto-dijete-u-obitelji-sutalo\/#primaryimage\"},\"image\":{\"@id\":\"https:\/\/likemetkovic.hr\/opuzen-nadbiskup-barisic-krstio-sedmo-dijete-u-obitelji-ajduk-i-cetvrto-dijete-u-obitelji-sutalo\/#primaryimage\"},\"thumbnailUrl\":\"https:\/\/likemetkovic.hr\/portal\/wp-content\/uploads\/2021\/11\/krestenje-opuzen-nadbiskup-barisic-3.jpg\",\"datePublished\":\"2021-11-02T15:12:44+00:00\",\"author\":{\"@id\":\"https:\/\/likemetkovic.hr\/#\/schema\/person\/a42711f3385a0e2be6f7e0443bfb28f0\"},\"breadcrumb\":{\"@id\":\"https:\/\/likemetkovic.hr\/opuzen-nadbiskup-barisic-krstio-sedmo-dijete-u-obitelji-ajduk-i-cetvrto-dijete-u-obitelji-sutalo\/#breadcrumb\"},\"inLanguage\":\"hr\",\"potentialAction\":[{\"@type\":\"ReadAction\",\"target\":[\"https:\/\/likemetkovic.hr\/opuzen-nadbiskup-barisic-krstio-sedmo-dijete-u-obitelji-ajduk-i-cetvrto-dijete-u-obitelji-sutalo\/\"]}]},{\"@type\":\"ImageObject\",\"inLanguage\":\"hr\",\"@id\":\"https:\/\/likemetkovic.hr\/opuzen-nadbiskup-barisic-krstio-sedmo-dijete-u-obitelji-ajduk-i-cetvrto-dijete-u-obitelji-sutalo\/#primaryimage\",\"url\":\"https:\/\/likemetkovic.hr\/portal\/wp-content\/uploads\/2021\/11\/krestenje-opuzen-nadbiskup-barisic-3.jpg\",\"contentUrl\":\"https:\/\/likemetkovic.hr\/portal\/wp-content\/uploads\/2021\/11\/krestenje-opuzen-nadbiskup-barisic-3.jpg\",\"width\":800,\"height\":534},{\"@type\":\"BreadcrumbList\",\"@id\":\"https:\/\/likemetkovic.hr\/opuzen-nadbiskup-barisic-krstio-sedmo-dijete-u-obitelji-ajduk-i-cetvrto-dijete-u-obitelji-sutalo\/#breadcrumb\",\"itemListElement\":[{\"@type\":\"ListItem\",\"position\":1,\"name\":\"Po\u010detna stranica\",\"item\":\"https:\/\/likemetkovic.hr\/portal\/\"},{\"@type\":\"ListItem\",\"position\":2,\"name\":\"OPUZEN Nadbiskup Bari\u0161i\u0107 krstio sedmo dijete u obitelji Ajduk i \u010detvrto dijete u obitelji \u0160utalo\"}]},{\"@type\":\"WebSite\",\"@id\":\"https:\/\/likemetkovic.hr\/#website\",\"url\":\"https:\/\/likemetkovic.hr\/\",\"name\":\"likemetkovic.hr\",\"description\":\"Misli pozitivno... \u010ditaj LIKE\",\"potentialAction\":[{\"@type\":\"SearchAction\",\"target\":{\"@type\":\"EntryPoint\",\"urlTemplate\":\"https:\/\/likemetkovic.hr\/?s={search_term_string}\"},\"query-input\":{\"@type\":\"PropertyValueSpecification\",\"valueRequired\":true,\"valueName\":\"search_term_string\"}}],\"inLanguage\":\"hr\"},{\"@type\":\"Person\",\"@id\":\"https:\/\/likemetkovic.hr\/#\/schema\/person\/a42711f3385a0e2be6f7e0443bfb28f0\",\"name\":\"LIKEmetkovic.hr\",\"sameAs\":[\"http:\/\/likemetkovic.hr\"],\"url\":\"https:\/\/likemetkovic.hr\/portal\/author\/likemetkovic-hr\/\"}]}<\/script>\n<!-- \/ Yoast SEO plugin. -->","yoast_head_json":{"title":"OPUZEN Nadbiskup Bari\u0161i\u0107 krstio sedmo dijete u obitelji Ajduk i \u010detvrto dijete u obitelji \u0160utalo - likemetkovic.hr","robots":{"index":"index","follow":"follow","max-snippet":"max-snippet:-1","max-image-preview":"max-image-preview:large","max-video-preview":"max-video-preview:-1"},"canonical":"https:\/\/likemetkovic.hr\/opuzen-nadbiskup-barisic-krstio-sedmo-dijete-u-obitelji-ajduk-i-cetvrto-dijete-u-obitelji-sutalo\/","og_locale":"hr_HR","og_type":"article","og_title":"OPUZEN Nadbiskup Bari\u0161i\u0107 krstio sedmo dijete u obitelji Ajduk i \u010detvrto dijete u obitelji \u0160utalo - likemetkovic.hr","og_description":"Splitsko-makarski nadbiskup i metropolit mons. Marin Bari\u0161i\u0107 predvodio je, u nedjelju 31. listopada u \u017dupi sv. Stjepana prvomu\u010denika u Opuzenu, sve\u010dano euharistijsko slavlje tijekom kojeg je krstio malenog Rafaela \u2013 sedmo dijete u obitelji Damira i Bo\u017eane Ajduk te malenu Terezu \u2013 \u010detvrto dijete u obitelji Josipa i Gorice \u0160utalo. U koncelebraciji su bili \u017eupnik [&hellip;]","og_url":"https:\/\/likemetkovic.hr\/opuzen-nadbiskup-barisic-krstio-sedmo-dijete-u-obitelji-ajduk-i-cetvrto-dijete-u-obitelji-sutalo\/","og_site_name":"likemetkovic.hr","article_publisher":"https:\/\/www.facebook.com\/likemetkovic.hr\/","article_published_time":"2021-11-02T15:12:44+00:00","og_image":[{"width":800,"height":534,"url":"https:\/\/likemetkovic.hr\/wp-content\/uploads\/2021\/11\/krestenje-opuzen-nadbiskup-barisic-3.jpg","type":"image\/jpeg"}],"author":"LIKEmetkovic.hr","twitter_card":"summary_large_image","twitter_misc":{"Napisao\/la":"LIKEmetkovic.hr","Procijenjeno vrijeme \u010ditanja":"2 minute"},"schema":{"@context":"https:\/\/schema.org","@graph":[{"@type":"WebPage","@id":"https:\/\/likemetkovic.hr\/opuzen-nadbiskup-barisic-krstio-sedmo-dijete-u-obitelji-ajduk-i-cetvrto-dijete-u-obitelji-sutalo\/","url":"https:\/\/likemetkovic.hr\/opuzen-nadbiskup-barisic-krstio-sedmo-dijete-u-obitelji-ajduk-i-cetvrto-dijete-u-obitelji-sutalo\/","name":"OPUZEN Nadbiskup Bari\u0161i\u0107 krstio sedmo dijete u obitelji Ajduk i \u010detvrto dijete u obitelji \u0160utalo - likemetkovic.hr","isPartOf":{"@id":"https:\/\/likemetkovic.hr\/#website"},"primaryImageOfPage":{"@id":"https:\/\/likemetkovic.hr\/opuzen-nadbiskup-barisic-krstio-sedmo-dijete-u-obitelji-ajduk-i-cetvrto-dijete-u-obitelji-sutalo\/#primaryimage"},"image":{"@id":"https:\/\/likemetkovic.hr\/opuzen-nadbiskup-barisic-krstio-sedmo-dijete-u-obitelji-ajduk-i-cetvrto-dijete-u-obitelji-sutalo\/#primaryimage"},"thumbnailUrl":"https:\/\/likemetkovic.hr\/portal\/wp-content\/uploads\/2021\/11\/krestenje-opuzen-nadbiskup-barisic-3.jpg","datePublished":"2021-11-02T15:12:44+00:00","author":{"@id":"https:\/\/likemetkovic.hr\/#\/schema\/person\/a42711f3385a0e2be6f7e0443bfb28f0"},"breadcrumb":{"@id":"https:\/\/likemetkovic.hr\/opuzen-nadbiskup-barisic-krstio-sedmo-dijete-u-obitelji-ajduk-i-cetvrto-dijete-u-obitelji-sutalo\/#breadcrumb"},"inLanguage":"hr","potentialAction":[{"@type":"ReadAction","target":["https:\/\/likemetkovic.hr\/opuzen-nadbiskup-barisic-krstio-sedmo-dijete-u-obitelji-ajduk-i-cetvrto-dijete-u-obitelji-sutalo\/"]}]},{"@type":"ImageObject","inLanguage":"hr","@id":"https:\/\/likemetkovic.hr\/opuzen-nadbiskup-barisic-krstio-sedmo-dijete-u-obitelji-ajduk-i-cetvrto-dijete-u-obitelji-sutalo\/#primaryimage","url":"https:\/\/likemetkovic.hr\/portal\/wp-content\/uploads\/2021\/11\/krestenje-opuzen-nadbiskup-barisic-3.jpg","contentUrl":"https:\/\/likemetkovic.hr\/portal\/wp-content\/uploads\/2021\/11\/krestenje-opuzen-nadbiskup-barisic-3.jpg","width":800,"height":534},{"@type":"BreadcrumbList","@id":"https:\/\/likemetkovic.hr\/opuzen-nadbiskup-barisic-krstio-sedmo-dijete-u-obitelji-ajduk-i-cetvrto-dijete-u-obitelji-sutalo\/#breadcrumb","itemListElement":[{"@type":"ListItem","position":1,"name":"Po\u010detna stranica","item":"https:\/\/likemetkovic.hr\/portal\/"},{"@type":"ListItem","position":2,"name":"OPUZEN Nadbiskup Bari\u0161i\u0107 krstio sedmo dijete u obitelji Ajduk i \u010detvrto dijete u obitelji \u0160utalo"}]},{"@type":"WebSite","@id":"https:\/\/likemetkovic.hr\/#website","url":"https:\/\/likemetkovic.hr\/","name":"likemetkovic.hr","description":"Misli pozitivno... \u010ditaj LIKE","potentialAction":[{"@type":"SearchAction","target":{"@type":"EntryPoint","urlTemplate":"https:\/\/likemetkovic.hr\/?s={search_term_string}"},"query-input":{"@type":"PropertyValueSpecification","valueRequired":true,"valueName":"search_term_string"}}],"inLanguage":"hr"},{"@type":"Person","@id":"https:\/\/likemetkovic.hr\/#\/schema\/person\/a42711f3385a0e2be6f7e0443bfb28f0","name":"LIKEmetkovic.hr","sameAs":["http:\/\/likemetkovic.hr"],"url":"https:\/\/likemetkovic.hr\/portal\/author\/likemetkovic-hr\/"}]}},"_links":{"self":[{"href":"https:\/\/likemetkovic.hr\/portal\/wp-json\/wp\/v2\/posts\/124695","targetHints":{"allow":["GET"]}}],"collection":[{"href":"https:\/\/likemetkovic.hr\/portal\/wp-json\/wp\/v2\/posts"}],"about":[{"href":"https:\/\/likemetkovic.hr\/portal\/wp-json\/wp\/v2\/types\/post"}],"author":[{"embeddable":true,"href":"https:\/\/likemetkovic.hr\/portal\/wp-json\/wp\/v2\/users\/7"}],"replies":[{"embeddable":true,"href":"https:\/\/likemetkovic.hr\/portal\/wp-json\/wp\/v2\/comments?post=124695"}],"version-history":[{"count":0,"href":"https:\/\/likemetkovic.hr\/portal\/wp-json\/wp\/v2\/posts\/124695\/revisions"}],"wp:featuredmedia":[{"embeddable":true,"href":"https:\/\/likemetkovic.hr\/portal\/wp-json\/wp\/v2\/media\/124698"}],"wp:attachment":[{"href":"https:\/\/likemetkovic.hr\/portal\/wp-json\/wp\/v2\/media?parent=124695"}],"wp:term":[{"taxonomy":"category","embeddable":true,"href":"https:\/\/likemetkovic.hr\/portal\/wp-json\/wp\/v2\/categories?post=124695"},{"taxonomy":"post_tag","embeddable":true,"href":"https:\/\/likemetkovic.hr\/portal\/wp-json\/wp\/v2\/tags?post=124695"}],"curies":[{"name":"wp","href":"https:\/\/api.w.org\/{rel}","templated":true}]}}