{"id":124773,"date":"2021-11-05T08:21:24","date_gmt":"2021-11-05T07:21:24","guid":{"rendered":"https:\/\/likemetkovic.hr\/?p=124773"},"modified":"2021-11-05T14:31:46","modified_gmt":"2021-11-05T13:31:46","slug":"prica-o-podivljalim-zivotinja-u-dolini-neretve-ima-nastavak-ne-bih-ja-rekla-da-smo-trazili-odstrel-kaze-ministrica-vuckovic","status":"publish","type":"post","link":"https:\/\/likemetkovic.hr\/portal\/prica-o-podivljalim-zivotinja-u-dolini-neretve-ima-nastavak-ne-bih-ja-rekla-da-smo-trazili-odstrel-kaze-ministrica-vuckovic\/","title":{"rendered":"Pri\u010da o podivljalim \u017eivotinja u dolini Neretve ima nastavak. &#8220;Ne bih ja rekla da smo tra\u017eili odstrel&#8221;, ka\u017ee ministrica Vu\u010dkovi\u0107"},"content":{"rendered":"<p>Pri\u010da o odstrelu \u017eivotinja u dolini Neretve koja je objavljena u <a href=\"https:\/\/dnevnik.hr\/vijesti\/hrvatska\/zivotinje-u-dolini-neretve---682717.html\" target=\"_blank\" rel=\"noopener\">Dnevniku Nove TV<\/a> dobila je nastavak. Ministarstvo poljoprivrede ipak tra\u017ei neka druga rje\u0161enja. Mje\u0161tani pak i dalje zbrajaju \u0161tete koje im rade krave, konji i ostala stoka koja luta bez nadzora.<\/p>\n<p>Tu\u017eni su ovo dani za\u00a0<strong>Ivanu Gavran<\/strong>\u00a0koja gleda \u0161tetu u svojim mandarinama. &#8220;Tu\u017eno. Ja ne mogu vjerovati, da zakon \u0161titi njega, a ne mene. Ja \u017eelim \u017eivjeti, \u017eelim raditi ovdje. A kako? Ulo\u017eila sam da bih imala. Sad ni mandarina, ni novaca, ni ni\u010dega&#8221;, ka\u017ee Gavran.<\/p>\n<p>51 mandarinu su joj uni\u0161tile krave koje bez nadzora lutaju poljem kod Komina. Sve je prijavila. &#8220;Dr\u017eavno odvjetni\u0161tvo je poru\u010dilo da im krave nisu prioritet nego psi u Splitu&#8221;, navodi.<\/p>\n<p>Borba sa stokom je konstantna. I\u00a0<strong>Matku Ujdur<\/strong> u Krvavcu je devastirala trud i rad u mandarinama. &#8220;Te krave koriste hajdu\u010dku taktiku, tu su samo po no\u0107i&#8221;, kazao je. Ministarstvo poljoprivrede tra\u017eilo je odstrel \u017eivotinja, o \u010demu je u Dnevniku bilo rije\u010di pro\u0161li tjedan.<\/p>\n<p>&#8220;Mislim da je ministarstvo donijelo zakonsko rje\u0161enje i da \u0107e taj problem biti rije\u0161en&#8221;, smatra <strong>Nikola Krsti\u010devi\u0107,<\/strong>\u00a0na\u010delnik Op\u0107ine Kula Norinska.<\/p>\n<h4><img decoding=\"async\" class=\"alignnone size-medium wp-image-124774\" src=\"https:\/\/likemetkovic.hr\/wp-content\/uploads\/2021\/11\/krave-luke-1-800x381.jpg\" alt=\"\" width=\"800\" height=\"381\" srcset=\"https:\/\/likemetkovic.hr\/portal\/wp-content\/uploads\/2021\/11\/krave-luke-1-800x381.jpg 800w, https:\/\/likemetkovic.hr\/portal\/wp-content\/uploads\/2021\/11\/krave-luke-1-768x365.jpg 768w, https:\/\/likemetkovic.hr\/portal\/wp-content\/uploads\/2021\/11\/krave-luke-1-696x331.jpg 696w, https:\/\/likemetkovic.hr\/portal\/wp-content\/uploads\/2021\/11\/krave-luke-1.jpg 864w\" sizes=\"(max-width: 800px) 100vw, 800px\" \/><\/h4>\n<h4>Odluka o odstrelu odnosila se na lovi\u0161ta<\/h4>\n<p><strong>Marija Vu\u010dkovi\u0107<\/strong>, ministrica poljoprivrede se u \u010detvrtak ipak posipa pepelom. &#8220;<a href=\"https:\/\/dnevnik.hr\/vijesti\/hrvatska\/ministarstvo-se-oglasilo-o-odstrelu-podivljalih-zivotinja-u-dolini-neretve---682624.html\" target=\"_blank\" rel=\"noopener\">Ne bih ja rekla da smo tra\u017eili odstrel<\/a>, mi smo postupili, Ministarstvo poljoprivrede je postupilo slijedom dr\u017eavnog inspektorata RH, naravno na temelju zakona o lovstvu&#8221;, navodi Vu\u010dkovi\u0107.<\/p>\n<p>I tvrdi &#8211; odluka se odnosila samo na lovi\u0161ta. Ali, nakon pritiska javnosti se ipak tra\u017ee nova rje\u0161enja. &#8220;O tre\u0107im mogu\u0107nostima raspravljat \u0107emo na sastanku s predstavnicima sto\u010dara koji \u017eele do\u0107i u Zagreb i eventualno ponuditi odre\u0111ena rje\u0161enja, tek nakon tih sastanaka mo\u0107i \u0107emo utvrditi jesu li rje\u0161enja pod a &#8211; zakonita, pod b &#8211; mogu\u0107a&#8221;, dodaje.<\/p>\n<p>A pod C &#8211; lovci ka\u017eu &#8211; ubijali ne bi. &#8220;Pregovaramo s ljudima koji imaju \u0161tale da to pohvatamo, stavimo u karantenu na \u0161est mjeseci i vidimo kako \u0107e se razvijati. Nastojat \u0107emo bez ubijanja&#8221;, rekao je\u00a0<strong>Jure Kapovi\u0107<\/strong>\u00a0iz Lova\u010dke udruge prepelica u Opuzenu.<\/p>\n<p>&#8220;Drago mi je da \u0107e ministarstvo razmisliti o rje\u0161enjima koje je izdalo jer sigurno ne bi trebali stavljati potpis na ubijanje \u017eivotinja&#8221;, smatra\u00a0<strong>Luka Oman<\/strong>\u00a0iz Udruge Prijatelji \u017eivotinja.<\/p>\n<p>Mje\u0161tani upiru prstom u <strong>Dragu Bezera<\/strong>\u00a0od kojeg je, ka\u017eu, cijeli problem sa \u017eivotinjama krenuo. Njegov odvjetnik ka\u017ee da \u0107e on svim dopustivim pravnim alatima \u0161tititi svoje interese. Puno toga, ka\u017ee, \u0161to se govori nije to\u010dno jer na tom podru\u010dju postoje i drugi sto\u010dari.<\/p>\n<h4><img decoding=\"async\" class=\"alignnone size-full wp-image-122501\" src=\"https:\/\/likemetkovic.hr\/wp-content\/uploads\/2021\/09\/unistene-masline-desne-9.jpg\" alt=\"\" width=\"800\" height=\"533\" srcset=\"https:\/\/likemetkovic.hr\/portal\/wp-content\/uploads\/2021\/09\/unistene-masline-desne-9.jpg 800w, https:\/\/likemetkovic.hr\/portal\/wp-content\/uploads\/2021\/09\/unistene-masline-desne-9-768x512.jpg 768w, https:\/\/likemetkovic.hr\/portal\/wp-content\/uploads\/2021\/09\/unistene-masline-desne-9-696x464.jpg 696w, https:\/\/likemetkovic.hr\/portal\/wp-content\/uploads\/2021\/09\/unistene-masline-desne-9-630x420.jpg 630w\" sizes=\"(max-width: 800px) 100vw, 800px\" \/><\/h4>\n<h4>Stalno je pu\u0161ka uz njega<\/h4>\n<p>Reporter<a href=\"https:\/\/dnevnik.hr\/vijesti\/hrvatska\/zivotinje-u-dolini-neretve---682717.html\" target=\"_blank\" rel=\"noopener\"> Dnevnika Nove TV<\/a>\u00a0<strong>Mario Juri\u010d<\/strong>\u00a0posjetio je selo Desne u op\u0107ini Kula Norinska gdje je razgovarao s\u00a0<strong>Veljkom Bebi\u0107em<\/strong>\u00a0koji se susreo o\u010di u o\u010di s bikom od oko 800 kilograma.<\/p>\n<p>&#8220;Ovdje sam, ima desetak godina, do\u0161ao u mirovinu da bih do\u010dekao starost u ljepoti, igranju karata, bo\u0107anju i sli\u010dno, no ja nemam mira ni jednu no\u0107 od krava. Susreo sam se s bikom koji je potr\u010dao prema meni i do\u017eivio sam stres i sada pijem tablete za \u0161e\u0107er i tlak&#8221;, navodi.<\/p>\n<p>&#8220;Ovdje ljudi optu\u017euju Bezera, ja ga ne optu\u017eujem, on je samo mali pijun. Tu treba tra\u017eiti uzrok u onima koji su smislili ovaj projekt, koji su udarali pe\u010date i veterinarima koji su davali potvrde. Njih treba tra\u017eiti jer su skupa s njim dijelili novce&#8221;, dodaje Bebi\u0107.<\/p>\n<p>&#8220;Ja imam najmanje deset zapisnika od policije, onda vi\u0161e nisam htio zvati jer nema koristi. Do\u0111u, napi\u0161u zapisnik. Onda sam zvao novine i televiziji. Zahvaljujem se Novoj TV koja je\u00a0<a href=\"https:\/\/dnevnik.hr\/vijesti\/hrvatska\/odstrel-podignuo-buru-u-dolini-neretve---681489.html\" target=\"_blank\" rel=\"noopener\">otvorila vrata problema<\/a>\u00a0i nadam se da \u0107e se bar ne\u0161to pokrenuti u pozitivi&#8221;, nada se.<\/p>\n<p>Iza vrata ima pu\u0161ku. &#8220;Stalno je pu\u0161ka uza me, \u010dim padne mrak. Imam jako lijepi vrt. Ja ne pucam u \u017eivotinje, ljubitelj sam \u017eivotinja. Ovdje mora biti velika akcija, od vojske pa nadalje, da bi se ova stvar dovela kraju. Ja mislim, kako ova dr\u017eava stoji, nema ovaj narod u koga se uzdati&#8221;, zaklju\u010duje Bebi\u0107 u razgovoru za<a href=\"https:\/\/dnevnik.hr\/vijesti\/hrvatska\/zivotinje-u-dolini-neretve---682717.html\" target=\"_blank\" rel=\"noopener\"> Novu TV<\/a>.<\/p>\n","protected":false},"excerpt":{"rendered":"<p>Pri\u010da o odstrelu \u017eivotinja u dolini Neretve koja je objavljena u Dnevniku Nove TV dobila je nastavak. Ministarstvo poljoprivrede ipak tra\u017ei neka druga rje\u0161enja. Mje\u0161tani pak i dalje zbrajaju \u0161tete koje im rade krave, konji i ostala stoka koja luta bez nadzora. Tu\u017eni su ovo dani za\u00a0Ivanu Gavran\u00a0koja gleda \u0161tetu u svojim mandarinama. &#8220;Tu\u017eno. Ja [&hellip;]<\/p>\n","protected":false},"author":7,"featured_media":124774,"comment_status":"open","ping_status":"open","sticky":false,"template":"","format":"standard","meta":{"footnotes":""},"categories":[296,11],"tags":[3798,665,2885,10134],"class_list":{"0":"post-124773","1":"post","2":"type-post","3":"status-publish","4":"format-standard","5":"has-post-thumbnail","7":"category-ab","8":"category-metkovic-dolina","9":"tag-desne","10":"tag-kula-norinska","11":"tag-luke","12":"tag-podivljale-domace-zivotinje"},"yoast_head":"<!-- This site is optimized with the Yoast SEO plugin v25.2 - https:\/\/yoast.com\/wordpress\/plugins\/seo\/ -->\n<title>Pri\u010da o podivljalim \u017eivotinja u dolini Neretve ima nastavak. &quot;Ne bih ja rekla da smo tra\u017eili odstrel&quot;, ka\u017ee ministrica Vu\u010dkovi\u0107 - likemetkovic.hr<\/title>\n<meta name=\"robots\" content=\"index, follow, max-snippet:-1, max-image-preview:large, max-video-preview:-1\" \/>\n<link rel=\"canonical\" href=\"https:\/\/likemetkovic.hr\/prica-o-podivljalim-zivotinja-u-dolini-neretve-ima-nastavak-ne-bih-ja-rekla-da-smo-trazili-odstrel-kaze-ministrica-vuckovic\/\" \/>\n<meta property=\"og:locale\" content=\"hr_HR\" \/>\n<meta property=\"og:type\" content=\"article\" \/>\n<meta property=\"og:title\" content=\"Pri\u010da o podivljalim \u017eivotinja u dolini Neretve ima nastavak. &quot;Ne bih ja rekla da smo tra\u017eili odstrel&quot;, ka\u017ee ministrica Vu\u010dkovi\u0107 - likemetkovic.hr\" \/>\n<meta property=\"og:description\" content=\"Pri\u010da o odstrelu \u017eivotinja u dolini Neretve koja je objavljena u Dnevniku Nove TV dobila je nastavak. Ministarstvo poljoprivrede ipak tra\u017ei neka druga rje\u0161enja. Mje\u0161tani pak i dalje zbrajaju \u0161tete koje im rade krave, konji i ostala stoka koja luta bez nadzora. Tu\u017eni su ovo dani za\u00a0Ivanu Gavran\u00a0koja gleda \u0161tetu u svojim mandarinama. &#8220;Tu\u017eno. Ja [&hellip;]\" \/>\n<meta property=\"og:url\" content=\"https:\/\/likemetkovic.hr\/prica-o-podivljalim-zivotinja-u-dolini-neretve-ima-nastavak-ne-bih-ja-rekla-da-smo-trazili-odstrel-kaze-ministrica-vuckovic\/\" \/>\n<meta property=\"og:site_name\" content=\"likemetkovic.hr\" \/>\n<meta property=\"article:publisher\" content=\"https:\/\/www.facebook.com\/likemetkovic.hr\/\" \/>\n<meta property=\"article:published_time\" content=\"2021-11-05T07:21:24+00:00\" \/>\n<meta property=\"article:modified_time\" content=\"2021-11-05T13:31:46+00:00\" \/>\n<meta property=\"og:image\" content=\"https:\/\/likemetkovic.hr\/wp-content\/uploads\/2021\/11\/krave-luke-1.jpg\" \/>\n\t<meta property=\"og:image:width\" content=\"864\" \/>\n\t<meta property=\"og:image:height\" content=\"411\" \/>\n\t<meta property=\"og:image:type\" content=\"image\/jpeg\" \/>\n<meta name=\"author\" content=\"LIKEmetkovic.hr\" \/>\n<meta name=\"twitter:card\" content=\"summary_large_image\" \/>\n<meta name=\"twitter:label1\" content=\"Napisao\/la\" \/>\n\t<meta name=\"twitter:data1\" content=\"LIKEmetkovic.hr\" \/>\n\t<meta name=\"twitter:label2\" content=\"Procijenjeno vrijeme \u010ditanja\" \/>\n\t<meta name=\"twitter:data2\" content=\"4 minute\" \/>\n<script type=\"application\/ld+json\" class=\"yoast-schema-graph\">{\"@context\":\"https:\/\/schema.org\",\"@graph\":[{\"@type\":\"WebPage\",\"@id\":\"https:\/\/likemetkovic.hr\/prica-o-podivljalim-zivotinja-u-dolini-neretve-ima-nastavak-ne-bih-ja-rekla-da-smo-trazili-odstrel-kaze-ministrica-vuckovic\/\",\"url\":\"https:\/\/likemetkovic.hr\/prica-o-podivljalim-zivotinja-u-dolini-neretve-ima-nastavak-ne-bih-ja-rekla-da-smo-trazili-odstrel-kaze-ministrica-vuckovic\/\",\"name\":\"Pri\u010da o podivljalim \u017eivotinja u dolini Neretve ima nastavak. \\\"Ne bih ja rekla da smo tra\u017eili odstrel\\\", ka\u017ee ministrica Vu\u010dkovi\u0107 - likemetkovic.hr\",\"isPartOf\":{\"@id\":\"https:\/\/likemetkovic.hr\/#website\"},\"primaryImageOfPage\":{\"@id\":\"https:\/\/likemetkovic.hr\/prica-o-podivljalim-zivotinja-u-dolini-neretve-ima-nastavak-ne-bih-ja-rekla-da-smo-trazili-odstrel-kaze-ministrica-vuckovic\/#primaryimage\"},\"image\":{\"@id\":\"https:\/\/likemetkovic.hr\/prica-o-podivljalim-zivotinja-u-dolini-neretve-ima-nastavak-ne-bih-ja-rekla-da-smo-trazili-odstrel-kaze-ministrica-vuckovic\/#primaryimage\"},\"thumbnailUrl\":\"https:\/\/likemetkovic.hr\/portal\/wp-content\/uploads\/2021\/11\/krave-luke-1.jpg\",\"datePublished\":\"2021-11-05T07:21:24+00:00\",\"dateModified\":\"2021-11-05T13:31:46+00:00\",\"author\":{\"@id\":\"https:\/\/likemetkovic.hr\/#\/schema\/person\/a42711f3385a0e2be6f7e0443bfb28f0\"},\"breadcrumb\":{\"@id\":\"https:\/\/likemetkovic.hr\/prica-o-podivljalim-zivotinja-u-dolini-neretve-ima-nastavak-ne-bih-ja-rekla-da-smo-trazili-odstrel-kaze-ministrica-vuckovic\/#breadcrumb\"},\"inLanguage\":\"hr\",\"potentialAction\":[{\"@type\":\"ReadAction\",\"target\":[\"https:\/\/likemetkovic.hr\/prica-o-podivljalim-zivotinja-u-dolini-neretve-ima-nastavak-ne-bih-ja-rekla-da-smo-trazili-odstrel-kaze-ministrica-vuckovic\/\"]}]},{\"@type\":\"ImageObject\",\"inLanguage\":\"hr\",\"@id\":\"https:\/\/likemetkovic.hr\/prica-o-podivljalim-zivotinja-u-dolini-neretve-ima-nastavak-ne-bih-ja-rekla-da-smo-trazili-odstrel-kaze-ministrica-vuckovic\/#primaryimage\",\"url\":\"https:\/\/likemetkovic.hr\/portal\/wp-content\/uploads\/2021\/11\/krave-luke-1.jpg\",\"contentUrl\":\"https:\/\/likemetkovic.hr\/portal\/wp-content\/uploads\/2021\/11\/krave-luke-1.jpg\",\"width\":864,\"height\":411},{\"@type\":\"BreadcrumbList\",\"@id\":\"https:\/\/likemetkovic.hr\/prica-o-podivljalim-zivotinja-u-dolini-neretve-ima-nastavak-ne-bih-ja-rekla-da-smo-trazili-odstrel-kaze-ministrica-vuckovic\/#breadcrumb\",\"itemListElement\":[{\"@type\":\"ListItem\",\"position\":1,\"name\":\"Po\u010detna stranica\",\"item\":\"https:\/\/likemetkovic.hr\/portal\/\"},{\"@type\":\"ListItem\",\"position\":2,\"name\":\"Pri\u010da o podivljalim \u017eivotinja u dolini Neretve ima nastavak. &#8220;Ne bih ja rekla da smo tra\u017eili odstrel&#8221;, ka\u017ee ministrica Vu\u010dkovi\u0107\"}]},{\"@type\":\"WebSite\",\"@id\":\"https:\/\/likemetkovic.hr\/#website\",\"url\":\"https:\/\/likemetkovic.hr\/\",\"name\":\"likemetkovic.hr\",\"description\":\"Misli pozitivno... \u010ditaj LIKE\",\"potentialAction\":[{\"@type\":\"SearchAction\",\"target\":{\"@type\":\"EntryPoint\",\"urlTemplate\":\"https:\/\/likemetkovic.hr\/?s={search_term_string}\"},\"query-input\":{\"@type\":\"PropertyValueSpecification\",\"valueRequired\":true,\"valueName\":\"search_term_string\"}}],\"inLanguage\":\"hr\"},{\"@type\":\"Person\",\"@id\":\"https:\/\/likemetkovic.hr\/#\/schema\/person\/a42711f3385a0e2be6f7e0443bfb28f0\",\"name\":\"LIKEmetkovic.hr\",\"sameAs\":[\"http:\/\/likemetkovic.hr\"],\"url\":\"https:\/\/likemetkovic.hr\/portal\/author\/likemetkovic-hr\/\"}]}<\/script>\n<!-- \/ Yoast SEO plugin. -->","yoast_head_json":{"title":"Pri\u010da o podivljalim \u017eivotinja u dolini Neretve ima nastavak. \"Ne bih ja rekla da smo tra\u017eili odstrel\", ka\u017ee ministrica Vu\u010dkovi\u0107 - likemetkovic.hr","robots":{"index":"index","follow":"follow","max-snippet":"max-snippet:-1","max-image-preview":"max-image-preview:large","max-video-preview":"max-video-preview:-1"},"canonical":"https:\/\/likemetkovic.hr\/prica-o-podivljalim-zivotinja-u-dolini-neretve-ima-nastavak-ne-bih-ja-rekla-da-smo-trazili-odstrel-kaze-ministrica-vuckovic\/","og_locale":"hr_HR","og_type":"article","og_title":"Pri\u010da o podivljalim \u017eivotinja u dolini Neretve ima nastavak. \"Ne bih ja rekla da smo tra\u017eili odstrel\", ka\u017ee ministrica Vu\u010dkovi\u0107 - likemetkovic.hr","og_description":"Pri\u010da o odstrelu \u017eivotinja u dolini Neretve koja je objavljena u Dnevniku Nove TV dobila je nastavak. Ministarstvo poljoprivrede ipak tra\u017ei neka druga rje\u0161enja. Mje\u0161tani pak i dalje zbrajaju \u0161tete koje im rade krave, konji i ostala stoka koja luta bez nadzora. Tu\u017eni su ovo dani za\u00a0Ivanu Gavran\u00a0koja gleda \u0161tetu u svojim mandarinama. &#8220;Tu\u017eno. Ja [&hellip;]","og_url":"https:\/\/likemetkovic.hr\/prica-o-podivljalim-zivotinja-u-dolini-neretve-ima-nastavak-ne-bih-ja-rekla-da-smo-trazili-odstrel-kaze-ministrica-vuckovic\/","og_site_name":"likemetkovic.hr","article_publisher":"https:\/\/www.facebook.com\/likemetkovic.hr\/","article_published_time":"2021-11-05T07:21:24+00:00","article_modified_time":"2021-11-05T13:31:46+00:00","og_image":[{"width":864,"height":411,"url":"https:\/\/likemetkovic.hr\/wp-content\/uploads\/2021\/11\/krave-luke-1.jpg","type":"image\/jpeg"}],"author":"LIKEmetkovic.hr","twitter_card":"summary_large_image","twitter_misc":{"Napisao\/la":"LIKEmetkovic.hr","Procijenjeno vrijeme \u010ditanja":"4 minute"},"schema":{"@context":"https:\/\/schema.org","@graph":[{"@type":"WebPage","@id":"https:\/\/likemetkovic.hr\/prica-o-podivljalim-zivotinja-u-dolini-neretve-ima-nastavak-ne-bih-ja-rekla-da-smo-trazili-odstrel-kaze-ministrica-vuckovic\/","url":"https:\/\/likemetkovic.hr\/prica-o-podivljalim-zivotinja-u-dolini-neretve-ima-nastavak-ne-bih-ja-rekla-da-smo-trazili-odstrel-kaze-ministrica-vuckovic\/","name":"Pri\u010da o podivljalim \u017eivotinja u dolini Neretve ima nastavak. \"Ne bih ja rekla da smo tra\u017eili odstrel\", ka\u017ee ministrica Vu\u010dkovi\u0107 - likemetkovic.hr","isPartOf":{"@id":"https:\/\/likemetkovic.hr\/#website"},"primaryImageOfPage":{"@id":"https:\/\/likemetkovic.hr\/prica-o-podivljalim-zivotinja-u-dolini-neretve-ima-nastavak-ne-bih-ja-rekla-da-smo-trazili-odstrel-kaze-ministrica-vuckovic\/#primaryimage"},"image":{"@id":"https:\/\/likemetkovic.hr\/prica-o-podivljalim-zivotinja-u-dolini-neretve-ima-nastavak-ne-bih-ja-rekla-da-smo-trazili-odstrel-kaze-ministrica-vuckovic\/#primaryimage"},"thumbnailUrl":"https:\/\/likemetkovic.hr\/portal\/wp-content\/uploads\/2021\/11\/krave-luke-1.jpg","datePublished":"2021-11-05T07:21:24+00:00","dateModified":"2021-11-05T13:31:46+00:00","author":{"@id":"https:\/\/likemetkovic.hr\/#\/schema\/person\/a42711f3385a0e2be6f7e0443bfb28f0"},"breadcrumb":{"@id":"https:\/\/likemetkovic.hr\/prica-o-podivljalim-zivotinja-u-dolini-neretve-ima-nastavak-ne-bih-ja-rekla-da-smo-trazili-odstrel-kaze-ministrica-vuckovic\/#breadcrumb"},"inLanguage":"hr","potentialAction":[{"@type":"ReadAction","target":["https:\/\/likemetkovic.hr\/prica-o-podivljalim-zivotinja-u-dolini-neretve-ima-nastavak-ne-bih-ja-rekla-da-smo-trazili-odstrel-kaze-ministrica-vuckovic\/"]}]},{"@type":"ImageObject","inLanguage":"hr","@id":"https:\/\/likemetkovic.hr\/prica-o-podivljalim-zivotinja-u-dolini-neretve-ima-nastavak-ne-bih-ja-rekla-da-smo-trazili-odstrel-kaze-ministrica-vuckovic\/#primaryimage","url":"https:\/\/likemetkovic.hr\/portal\/wp-content\/uploads\/2021\/11\/krave-luke-1.jpg","contentUrl":"https:\/\/likemetkovic.hr\/portal\/wp-content\/uploads\/2021\/11\/krave-luke-1.jpg","width":864,"height":411},{"@type":"BreadcrumbList","@id":"https:\/\/likemetkovic.hr\/prica-o-podivljalim-zivotinja-u-dolini-neretve-ima-nastavak-ne-bih-ja-rekla-da-smo-trazili-odstrel-kaze-ministrica-vuckovic\/#breadcrumb","itemListElement":[{"@type":"ListItem","position":1,"name":"Po\u010detna stranica","item":"https:\/\/likemetkovic.hr\/portal\/"},{"@type":"ListItem","position":2,"name":"Pri\u010da o podivljalim \u017eivotinja u dolini Neretve ima nastavak. &#8220;Ne bih ja rekla da smo tra\u017eili odstrel&#8221;, ka\u017ee ministrica Vu\u010dkovi\u0107"}]},{"@type":"WebSite","@id":"https:\/\/likemetkovic.hr\/#website","url":"https:\/\/likemetkovic.hr\/","name":"likemetkovic.hr","description":"Misli pozitivno... \u010ditaj LIKE","potentialAction":[{"@type":"SearchAction","target":{"@type":"EntryPoint","urlTemplate":"https:\/\/likemetkovic.hr\/?s={search_term_string}"},"query-input":{"@type":"PropertyValueSpecification","valueRequired":true,"valueName":"search_term_string"}}],"inLanguage":"hr"},{"@type":"Person","@id":"https:\/\/likemetkovic.hr\/#\/schema\/person\/a42711f3385a0e2be6f7e0443bfb28f0","name":"LIKEmetkovic.hr","sameAs":["http:\/\/likemetkovic.hr"],"url":"https:\/\/likemetkovic.hr\/portal\/author\/likemetkovic-hr\/"}]}},"_links":{"self":[{"href":"https:\/\/likemetkovic.hr\/portal\/wp-json\/wp\/v2\/posts\/124773","targetHints":{"allow":["GET"]}}],"collection":[{"href":"https:\/\/likemetkovic.hr\/portal\/wp-json\/wp\/v2\/posts"}],"about":[{"href":"https:\/\/likemetkovic.hr\/portal\/wp-json\/wp\/v2\/types\/post"}],"author":[{"embeddable":true,"href":"https:\/\/likemetkovic.hr\/portal\/wp-json\/wp\/v2\/users\/7"}],"replies":[{"embeddable":true,"href":"https:\/\/likemetkovic.hr\/portal\/wp-json\/wp\/v2\/comments?post=124773"}],"version-history":[{"count":0,"href":"https:\/\/likemetkovic.hr\/portal\/wp-json\/wp\/v2\/posts\/124773\/revisions"}],"wp:featuredmedia":[{"embeddable":true,"href":"https:\/\/likemetkovic.hr\/portal\/wp-json\/wp\/v2\/media\/124774"}],"wp:attachment":[{"href":"https:\/\/likemetkovic.hr\/portal\/wp-json\/wp\/v2\/media?parent=124773"}],"wp:term":[{"taxonomy":"category","embeddable":true,"href":"https:\/\/likemetkovic.hr\/portal\/wp-json\/wp\/v2\/categories?post=124773"},{"taxonomy":"post_tag","embeddable":true,"href":"https:\/\/likemetkovic.hr\/portal\/wp-json\/wp\/v2\/tags?post=124773"}],"curies":[{"name":"wp","href":"https:\/\/api.w.org\/{rel}","templated":true}]}}