{"id":124788,"date":"2021-11-05T11:32:26","date_gmt":"2021-11-05T10:32:26","guid":{"rendered":"https:\/\/likemetkovic.hr\/?p=124788"},"modified":"2021-11-05T11:43:34","modified_gmt":"2021-11-05T10:43:34","slug":"za-sve-u-drzavnim-i-javnim-ustanovama-uvodi-se-obavezna-covid-potvrda-i-za-gradske-i-zupanijske-zaposlenike","status":"publish","type":"post","link":"https:\/\/likemetkovic.hr\/portal\/za-sve-u-drzavnim-i-javnim-ustanovama-uvodi-se-obavezna-covid-potvrda-i-za-gradske-i-zupanijske-zaposlenike\/","title":{"rendered":"Za sve u dr\u017eavnim i javnim ustanovama uvodi se obavezna COVID potvrda &#8211; i za gradske i \u017eupanijske zaposlenike"},"content":{"rendered":"<p>Na dana\u0161njoj konferenciji za medije Nacionalnog sto\u017eera civilne za\u0161tite u Zagrebu ministar Davor Bo\u017einovi\u0107 je govorio o pro\u0161irenju obaveznosti posjedovanja COVID potvrda.<\/p>\n<p>Tako od 15. studenog COVID potvrde \u0107e morati imati svi zaposlenici u dr\u017eavnim i javnim ustanovama, zaposlenici regionalnih i lokalnih samouprava i zaposlenici trgova\u010dkih dru\u0161tava \u010diji je osniva\u010d dr\u017eava ili regionalne ili lokalne samouprave.<\/p>\n<p>COVID potvrda \u0107e se tra\u017eiti u od posjetitelja navedenih ustanova.<\/p>\n<p>Sportska natjecanja se mogu odr\u017eavati za gledatelje ako svi imaju COVID potvrde. U zatvorenim prostorima osim potvrda, obavezne su i maske.<\/p>\n<p>Ovisno o stanju, pro\u0161iriti \u0107e se upotreba potvrdi na kafi\u0107e, restorane, teretane&#8230;<\/p>\n<p>Klju\u010dna su tri smjera da se uspori \u0161irenje korone:<\/p>\n<p>1. Posti\u0107i \u0161to ve\u0107u procijepljenost<\/p>\n<p>2. Uvesti ograni\u010denja za otkupljenja &#8211; stupa na snagu ve\u0107 sutra, zabranjuje se odr\u017eavanje svih okupljanja\u00a0 u zatvorenim prostorima za sve vi\u0161e od 50 osoba. Dosad je bilo okupljanja vi\u0161e od 100 ljudi.<\/p>\n<p>3. Uvesti \u0161to ve\u0107u sigurnost za neke poslove<\/p>\n<p>Sva javna doga\u0111anja i okupljanja moraju zavr\u0161iti u 24 sata. Vi\u0161e niti okupljanja s COVID potvrdama ne mo\u017ee dugo trajati. Izuzetak su kina ako je film po\u010deo do 23 sata. svadbe mogu biti do 2 sata.<\/p>\n<p>Od najva\u017enijih promjena isti\u010dem &#8211; zabranjuje se okupljanje u zatvorenim prostorima na kojima je prisutno vi\u0161e od 50 ljudi na jednom mjestu osim ako se radi o javnom okupljanju na kojem su samo osobe s EU digitalnom-potvrdom. Dosad se ovo odnosilo na okupljanja do 100 ljudi.<\/p>\n<p>Poo\u0161travaju se mjere, na svim okupljanjima u zatvorenim prostorima \u0107e uz EU digitalnu COVID-potvrdu, biti obavezno kori\u0161tenje maske i odr\u017eavanje potrebnog fizi\u010dkog razmaka. Dosad to nije bilo obavezno za okupljanja uz EU digitalnu COVID-potvrdu.<\/p>\n<p>I dalje vrijedi mjera zabrane svih javnih doga\u0111anja i okupljanja na otvorenom do 100 ljudi na jednom mjestu osim ako se radi samo o osobama s EU digitalnom COVID-potvrdom. Iznimno, mo\u0107i \u0107e se odr\u017eati javna doga\u0111anja na otvorenom s vi\u0161e od 100 osoba, ali samo ako to odobri HZJZ i uz strogo pridr\u017eavanje epidemiolo\u0161kog okvira koji HZJZ mora potvrditi.<\/p>\n<p>Sva javna doga\u0111anja i okupljanja moraju obavezno zavr\u0161iti najkasnije do 24 sata. Dulje od toga ne mogu trajati niti okupljanja s EU digitalnim COVID-potvrdama niti profesionalne, umjetni\u010dke i kulturne izvedbe, odnosno doga\u0111anja. Izuzetak su jedino kino projekcije koje su zapo\u010dele do 23 sata i koje mogu zavr\u0161iti nakon pono\u0107i.<\/p>\n<p>Tako\u0111er, svadbe na kojima svi posjeduju EU digitalne COVID-potvrde moraju zavr\u0161iti najkasnije od dva sata ujutro. Dosad nisu bile vremenski ograni\u010dene. Razmotrit \u0107emo i dodatna vremenska ograni\u010denja sukladno epidemiolo\u0161koj situaciji.<\/p>\n<p>Kongresna i konferencijska doga\u0111anja \u0107e se mo\u0107i odr\u017eavati samo ako svi prisutni posjeduju EU digitalne COVID-potvrde, a uvjet su i maske te odr\u017eavanje fizi\u010dke distance.<\/p>\n","protected":false},"excerpt":{"rendered":"<p>Na dana\u0161njoj konferenciji za medije Nacionalnog sto\u017eera civilne za\u0161tite u Zagrebu ministar Davor Bo\u017einovi\u0107 je govorio o pro\u0161irenju obaveznosti posjedovanja COVID potvrda. Tako od 15. studenog COVID potvrde \u0107e morati imati svi zaposlenici u dr\u017eavnim i javnim ustanovama, zaposlenici regionalnih i lokalnih samouprava i zaposlenici trgova\u010dkih dru\u0161tava \u010diji je osniva\u010d dr\u017eava ili regionalne ili lokalne [&hellip;]<\/p>\n","protected":false},"author":9,"featured_media":121880,"comment_status":"open","ping_status":"open","sticky":false,"template":"","format":"standard","meta":{"footnotes":""},"categories":[283,1027],"tags":[9421],"class_list":{"0":"post-124788","1":"post","2":"type-post","3":"status-publish","4":"format-standard","5":"has-post-thumbnail","7":"category-a","8":"category-hrvatska","9":"tag-covid-potvrda"},"yoast_head":"<!-- This site is optimized with the Yoast SEO plugin v25.2 - https:\/\/yoast.com\/wordpress\/plugins\/seo\/ -->\n<title>Za sve u dr\u017eavnim i javnim ustanovama uvodi se obavezna COVID potvrda - i za gradske i \u017eupanijske zaposlenike - likemetkovic.hr<\/title>\n<meta name=\"robots\" content=\"index, follow, max-snippet:-1, max-image-preview:large, max-video-preview:-1\" \/>\n<link rel=\"canonical\" href=\"https:\/\/likemetkovic.hr\/za-sve-u-drzavnim-i-javnim-ustanovama-uvodi-se-obavezna-covid-potvrda-i-za-gradske-i-zupanijske-zaposlenike\/\" \/>\n<meta property=\"og:locale\" content=\"hr_HR\" \/>\n<meta property=\"og:type\" content=\"article\" \/>\n<meta property=\"og:title\" content=\"Za sve u dr\u017eavnim i javnim ustanovama uvodi se obavezna COVID potvrda - i za gradske i \u017eupanijske zaposlenike - likemetkovic.hr\" \/>\n<meta property=\"og:description\" content=\"Na dana\u0161njoj konferenciji za medije Nacionalnog sto\u017eera civilne za\u0161tite u Zagrebu ministar Davor Bo\u017einovi\u0107 je govorio o pro\u0161irenju obaveznosti posjedovanja COVID potvrda. Tako od 15. studenog COVID potvrde \u0107e morati imati svi zaposlenici u dr\u017eavnim i javnim ustanovama, zaposlenici regionalnih i lokalnih samouprava i zaposlenici trgova\u010dkih dru\u0161tava \u010diji je osniva\u010d dr\u017eava ili regionalne ili lokalne [&hellip;]\" \/>\n<meta property=\"og:url\" content=\"https:\/\/likemetkovic.hr\/za-sve-u-drzavnim-i-javnim-ustanovama-uvodi-se-obavezna-covid-potvrda-i-za-gradske-i-zupanijske-zaposlenike\/\" \/>\n<meta property=\"og:site_name\" content=\"likemetkovic.hr\" \/>\n<meta property=\"article:publisher\" content=\"https:\/\/www.facebook.com\/likemetkovic.hr\/\" \/>\n<meta property=\"article:published_time\" content=\"2021-11-05T10:32:26+00:00\" \/>\n<meta property=\"article:modified_time\" content=\"2021-11-05T10:43:34+00:00\" \/>\n<meta property=\"og:image\" content=\"https:\/\/likemetkovic.hr\/wp-content\/uploads\/2021\/08\/covid-potvrda.jpg\" \/>\n\t<meta property=\"og:image:width\" content=\"800\" \/>\n\t<meta property=\"og:image:height\" content=\"533\" \/>\n\t<meta property=\"og:image:type\" content=\"image\/jpeg\" \/>\n<meta name=\"author\" content=\"K. J.\" \/>\n<meta name=\"twitter:card\" content=\"summary_large_image\" \/>\n<meta name=\"twitter:label1\" content=\"Napisao\/la\" \/>\n\t<meta name=\"twitter:data1\" content=\"K. J.\" \/>\n\t<meta name=\"twitter:label2\" content=\"Procijenjeno vrijeme \u010ditanja\" \/>\n\t<meta name=\"twitter:data2\" content=\"2 minute\" \/>\n<script type=\"application\/ld+json\" class=\"yoast-schema-graph\">{\"@context\":\"https:\/\/schema.org\",\"@graph\":[{\"@type\":\"WebPage\",\"@id\":\"https:\/\/likemetkovic.hr\/za-sve-u-drzavnim-i-javnim-ustanovama-uvodi-se-obavezna-covid-potvrda-i-za-gradske-i-zupanijske-zaposlenike\/\",\"url\":\"https:\/\/likemetkovic.hr\/za-sve-u-drzavnim-i-javnim-ustanovama-uvodi-se-obavezna-covid-potvrda-i-za-gradske-i-zupanijske-zaposlenike\/\",\"name\":\"Za sve u dr\u017eavnim i javnim ustanovama uvodi se obavezna COVID potvrda - i za gradske i \u017eupanijske zaposlenike - likemetkovic.hr\",\"isPartOf\":{\"@id\":\"https:\/\/likemetkovic.hr\/#website\"},\"primaryImageOfPage\":{\"@id\":\"https:\/\/likemetkovic.hr\/za-sve-u-drzavnim-i-javnim-ustanovama-uvodi-se-obavezna-covid-potvrda-i-za-gradske-i-zupanijske-zaposlenike\/#primaryimage\"},\"image\":{\"@id\":\"https:\/\/likemetkovic.hr\/za-sve-u-drzavnim-i-javnim-ustanovama-uvodi-se-obavezna-covid-potvrda-i-za-gradske-i-zupanijske-zaposlenike\/#primaryimage\"},\"thumbnailUrl\":\"https:\/\/likemetkovic.hr\/portal\/wp-content\/uploads\/2021\/08\/covid-potvrda.jpg\",\"datePublished\":\"2021-11-05T10:32:26+00:00\",\"dateModified\":\"2021-11-05T10:43:34+00:00\",\"author\":{\"@id\":\"https:\/\/likemetkovic.hr\/#\/schema\/person\/0a8b4ebfdfe1ff01192dccda40c5da0c\"},\"breadcrumb\":{\"@id\":\"https:\/\/likemetkovic.hr\/za-sve-u-drzavnim-i-javnim-ustanovama-uvodi-se-obavezna-covid-potvrda-i-za-gradske-i-zupanijske-zaposlenike\/#breadcrumb\"},\"inLanguage\":\"hr\",\"potentialAction\":[{\"@type\":\"ReadAction\",\"target\":[\"https:\/\/likemetkovic.hr\/za-sve-u-drzavnim-i-javnim-ustanovama-uvodi-se-obavezna-covid-potvrda-i-za-gradske-i-zupanijske-zaposlenike\/\"]}]},{\"@type\":\"ImageObject\",\"inLanguage\":\"hr\",\"@id\":\"https:\/\/likemetkovic.hr\/za-sve-u-drzavnim-i-javnim-ustanovama-uvodi-se-obavezna-covid-potvrda-i-za-gradske-i-zupanijske-zaposlenike\/#primaryimage\",\"url\":\"https:\/\/likemetkovic.hr\/portal\/wp-content\/uploads\/2021\/08\/covid-potvrda.jpg\",\"contentUrl\":\"https:\/\/likemetkovic.hr\/portal\/wp-content\/uploads\/2021\/08\/covid-potvrda.jpg\",\"width\":800,\"height\":533},{\"@type\":\"BreadcrumbList\",\"@id\":\"https:\/\/likemetkovic.hr\/za-sve-u-drzavnim-i-javnim-ustanovama-uvodi-se-obavezna-covid-potvrda-i-za-gradske-i-zupanijske-zaposlenike\/#breadcrumb\",\"itemListElement\":[{\"@type\":\"ListItem\",\"position\":1,\"name\":\"Po\u010detna stranica\",\"item\":\"https:\/\/likemetkovic.hr\/portal\/\"},{\"@type\":\"ListItem\",\"position\":2,\"name\":\"Za sve u dr\u017eavnim i javnim ustanovama uvodi se obavezna COVID potvrda &#8211; i za gradske i \u017eupanijske zaposlenike\"}]},{\"@type\":\"WebSite\",\"@id\":\"https:\/\/likemetkovic.hr\/#website\",\"url\":\"https:\/\/likemetkovic.hr\/\",\"name\":\"likemetkovic.hr\",\"description\":\"Misli pozitivno... \u010ditaj LIKE\",\"potentialAction\":[{\"@type\":\"SearchAction\",\"target\":{\"@type\":\"EntryPoint\",\"urlTemplate\":\"https:\/\/likemetkovic.hr\/?s={search_term_string}\"},\"query-input\":{\"@type\":\"PropertyValueSpecification\",\"valueRequired\":true,\"valueName\":\"search_term_string\"}}],\"inLanguage\":\"hr\"},{\"@type\":\"Person\",\"@id\":\"https:\/\/likemetkovic.hr\/#\/schema\/person\/0a8b4ebfdfe1ff01192dccda40c5da0c\",\"name\":\"K. J.\",\"url\":\"https:\/\/likemetkovic.hr\/portal\/author\/likemetkovic\/\"}]}<\/script>\n<!-- \/ Yoast SEO plugin. -->","yoast_head_json":{"title":"Za sve u dr\u017eavnim i javnim ustanovama uvodi se obavezna COVID potvrda - i za gradske i \u017eupanijske zaposlenike - likemetkovic.hr","robots":{"index":"index","follow":"follow","max-snippet":"max-snippet:-1","max-image-preview":"max-image-preview:large","max-video-preview":"max-video-preview:-1"},"canonical":"https:\/\/likemetkovic.hr\/za-sve-u-drzavnim-i-javnim-ustanovama-uvodi-se-obavezna-covid-potvrda-i-za-gradske-i-zupanijske-zaposlenike\/","og_locale":"hr_HR","og_type":"article","og_title":"Za sve u dr\u017eavnim i javnim ustanovama uvodi se obavezna COVID potvrda - i za gradske i \u017eupanijske zaposlenike - likemetkovic.hr","og_description":"Na dana\u0161njoj konferenciji za medije Nacionalnog sto\u017eera civilne za\u0161tite u Zagrebu ministar Davor Bo\u017einovi\u0107 je govorio o pro\u0161irenju obaveznosti posjedovanja COVID potvrda. Tako od 15. studenog COVID potvrde \u0107e morati imati svi zaposlenici u dr\u017eavnim i javnim ustanovama, zaposlenici regionalnih i lokalnih samouprava i zaposlenici trgova\u010dkih dru\u0161tava \u010diji je osniva\u010d dr\u017eava ili regionalne ili lokalne [&hellip;]","og_url":"https:\/\/likemetkovic.hr\/za-sve-u-drzavnim-i-javnim-ustanovama-uvodi-se-obavezna-covid-potvrda-i-za-gradske-i-zupanijske-zaposlenike\/","og_site_name":"likemetkovic.hr","article_publisher":"https:\/\/www.facebook.com\/likemetkovic.hr\/","article_published_time":"2021-11-05T10:32:26+00:00","article_modified_time":"2021-11-05T10:43:34+00:00","og_image":[{"width":800,"height":533,"url":"https:\/\/likemetkovic.hr\/wp-content\/uploads\/2021\/08\/covid-potvrda.jpg","type":"image\/jpeg"}],"author":"K. J.","twitter_card":"summary_large_image","twitter_misc":{"Napisao\/la":"K. J.","Procijenjeno vrijeme \u010ditanja":"2 minute"},"schema":{"@context":"https:\/\/schema.org","@graph":[{"@type":"WebPage","@id":"https:\/\/likemetkovic.hr\/za-sve-u-drzavnim-i-javnim-ustanovama-uvodi-se-obavezna-covid-potvrda-i-za-gradske-i-zupanijske-zaposlenike\/","url":"https:\/\/likemetkovic.hr\/za-sve-u-drzavnim-i-javnim-ustanovama-uvodi-se-obavezna-covid-potvrda-i-za-gradske-i-zupanijske-zaposlenike\/","name":"Za sve u dr\u017eavnim i javnim ustanovama uvodi se obavezna COVID potvrda - i za gradske i \u017eupanijske zaposlenike - likemetkovic.hr","isPartOf":{"@id":"https:\/\/likemetkovic.hr\/#website"},"primaryImageOfPage":{"@id":"https:\/\/likemetkovic.hr\/za-sve-u-drzavnim-i-javnim-ustanovama-uvodi-se-obavezna-covid-potvrda-i-za-gradske-i-zupanijske-zaposlenike\/#primaryimage"},"image":{"@id":"https:\/\/likemetkovic.hr\/za-sve-u-drzavnim-i-javnim-ustanovama-uvodi-se-obavezna-covid-potvrda-i-za-gradske-i-zupanijske-zaposlenike\/#primaryimage"},"thumbnailUrl":"https:\/\/likemetkovic.hr\/portal\/wp-content\/uploads\/2021\/08\/covid-potvrda.jpg","datePublished":"2021-11-05T10:32:26+00:00","dateModified":"2021-11-05T10:43:34+00:00","author":{"@id":"https:\/\/likemetkovic.hr\/#\/schema\/person\/0a8b4ebfdfe1ff01192dccda40c5da0c"},"breadcrumb":{"@id":"https:\/\/likemetkovic.hr\/za-sve-u-drzavnim-i-javnim-ustanovama-uvodi-se-obavezna-covid-potvrda-i-za-gradske-i-zupanijske-zaposlenike\/#breadcrumb"},"inLanguage":"hr","potentialAction":[{"@type":"ReadAction","target":["https:\/\/likemetkovic.hr\/za-sve-u-drzavnim-i-javnim-ustanovama-uvodi-se-obavezna-covid-potvrda-i-za-gradske-i-zupanijske-zaposlenike\/"]}]},{"@type":"ImageObject","inLanguage":"hr","@id":"https:\/\/likemetkovic.hr\/za-sve-u-drzavnim-i-javnim-ustanovama-uvodi-se-obavezna-covid-potvrda-i-za-gradske-i-zupanijske-zaposlenike\/#primaryimage","url":"https:\/\/likemetkovic.hr\/portal\/wp-content\/uploads\/2021\/08\/covid-potvrda.jpg","contentUrl":"https:\/\/likemetkovic.hr\/portal\/wp-content\/uploads\/2021\/08\/covid-potvrda.jpg","width":800,"height":533},{"@type":"BreadcrumbList","@id":"https:\/\/likemetkovic.hr\/za-sve-u-drzavnim-i-javnim-ustanovama-uvodi-se-obavezna-covid-potvrda-i-za-gradske-i-zupanijske-zaposlenike\/#breadcrumb","itemListElement":[{"@type":"ListItem","position":1,"name":"Po\u010detna stranica","item":"https:\/\/likemetkovic.hr\/portal\/"},{"@type":"ListItem","position":2,"name":"Za sve u dr\u017eavnim i javnim ustanovama uvodi se obavezna COVID potvrda &#8211; i za gradske i \u017eupanijske zaposlenike"}]},{"@type":"WebSite","@id":"https:\/\/likemetkovic.hr\/#website","url":"https:\/\/likemetkovic.hr\/","name":"likemetkovic.hr","description":"Misli pozitivno... \u010ditaj LIKE","potentialAction":[{"@type":"SearchAction","target":{"@type":"EntryPoint","urlTemplate":"https:\/\/likemetkovic.hr\/?s={search_term_string}"},"query-input":{"@type":"PropertyValueSpecification","valueRequired":true,"valueName":"search_term_string"}}],"inLanguage":"hr"},{"@type":"Person","@id":"https:\/\/likemetkovic.hr\/#\/schema\/person\/0a8b4ebfdfe1ff01192dccda40c5da0c","name":"K. J.","url":"https:\/\/likemetkovic.hr\/portal\/author\/likemetkovic\/"}]}},"_links":{"self":[{"href":"https:\/\/likemetkovic.hr\/portal\/wp-json\/wp\/v2\/posts\/124788","targetHints":{"allow":["GET"]}}],"collection":[{"href":"https:\/\/likemetkovic.hr\/portal\/wp-json\/wp\/v2\/posts"}],"about":[{"href":"https:\/\/likemetkovic.hr\/portal\/wp-json\/wp\/v2\/types\/post"}],"author":[{"embeddable":true,"href":"https:\/\/likemetkovic.hr\/portal\/wp-json\/wp\/v2\/users\/9"}],"replies":[{"embeddable":true,"href":"https:\/\/likemetkovic.hr\/portal\/wp-json\/wp\/v2\/comments?post=124788"}],"version-history":[{"count":0,"href":"https:\/\/likemetkovic.hr\/portal\/wp-json\/wp\/v2\/posts\/124788\/revisions"}],"wp:featuredmedia":[{"embeddable":true,"href":"https:\/\/likemetkovic.hr\/portal\/wp-json\/wp\/v2\/media\/121880"}],"wp:attachment":[{"href":"https:\/\/likemetkovic.hr\/portal\/wp-json\/wp\/v2\/media?parent=124788"}],"wp:term":[{"taxonomy":"category","embeddable":true,"href":"https:\/\/likemetkovic.hr\/portal\/wp-json\/wp\/v2\/categories?post=124788"},{"taxonomy":"post_tag","embeddable":true,"href":"https:\/\/likemetkovic.hr\/portal\/wp-json\/wp\/v2\/tags?post=124788"}],"curies":[{"name":"wp","href":"https:\/\/api.w.org\/{rel}","templated":true}]}}