{"id":124840,"date":"2021-11-06T11:03:43","date_gmt":"2021-11-06T10:03:43","guid":{"rendered":"https:\/\/likemetkovic.hr\/?p=124840"},"modified":"2021-11-06T11:05:37","modified_gmt":"2021-11-06T10:05:37","slug":"kalendar-za-2022-izgleda-obecavajuce-svi-koji-vole-spajati-praznike-i-blagdane-doci-ce-na-svoje","status":"publish","type":"post","link":"https:\/\/likemetkovic.hr\/portal\/kalendar-za-2022-izgleda-obecavajuce-svi-koji-vole-spajati-praznike-i-blagdane-doci-ce-na-svoje\/","title":{"rendered":"Kalendar za 2022. izgleda obe\u0107avaju\u0107e: Svi koji vole spajati praznike i blagdane do\u0107i \u0107e na svoje"},"content":{"rendered":"<div class=\"single__lead\">\n<p>Pogled na kalendar za 2022. godine zaista je o\u010daravaju\u0107i. Odavno nije bilo toliko prigode za spajanja produ\u017eenih vikenda u godini pred nama.<\/p>\n<\/div>\n<div class=\"single__content article__content\">\n<p>Evo, za blagdan Tri kralja prve prilike za spajanje. Neradni je dan \u010detvrtak, pa s dodatkom petka evo po\u0161tenog odmora od novogodi\u0161nje fe\u0161te, pi\u0161e\u00a0<a href=\"https:\/\/slobodnadalmacija.hr\/mozaik\/zivot\/kalendar-za-2022-izgleda-obecavajuce-bit-ce-puno-neradnih-dana-a-evo-i-koje-su-vam-prilike-za-spajanje-i-uzivanje-u-produzenim-vikendima-1140195\" target=\"_blank\" rel=\"noopener noreferrer\">Slobodna Dalmacija<\/a>.<\/p>\n<p>Dobro, Uskrsni je ponedjeljak \u2013 ponedjeljak, 18. travnja, ali tko ne radi, i to su tri dana koja nisu za bacit.<\/p>\n<p>Tijelovo je 16. lipnja, pada u \u010detvrtak. Doda\u0161 jedan dan i \u010detiri prekrasna lipanjska dana su pred vama. Tek \u0161to ste se vratili na posao, eto vas iza kuta \u010deka Dan antifa\u0161isti\u010dke borbe 22. lipnja. Usred tjedna, u srijedu, pa mo\u017eete spajati s nedjeljom prije ili poslije.<\/p>\n<p>Ali, eto kolovoza, Dan pobjede 5. kolovoza doga\u0111a se u petak, a Velika Gospa je 15. kolovoza u ponedjeljak.<\/p>\n<p>Onda je red opet se malo odmoriti od neradnih dana sve do studenog, Svi sveti su u utorak. Pa nije red raditi samo ponedjeljak, zar ne.<\/p>\n<p>I kona\u010dno kraj godine, Bo\u017ei\u0107 jest u nedjelju, ali je Sveti Stjepan u ponedjeljak 26. prosinca, \u0161to nije lo\u0161e s obzirom na ovogodi\u0161nji Bo\u017ei\u0107 od kojeg nema ni\u0161ta od dodatnih odmora.<\/p>\n<p>Dakle, svi stru\u010dnjaci za slobodne dane i povezivanje blagdana imaju se \u010demu radovati kad je u pitanju godina idu\u0107a godina.<\/p>\n<p>&nbsp;<\/p>\n<\/div>\n","protected":false},"excerpt":{"rendered":"<p>Pogled na kalendar za 2022. godine zaista je o\u010daravaju\u0107i. Odavno nije bilo toliko prigode za spajanja produ\u017eenih vikenda u godini pred nama. Evo, za blagdan Tri kralja prve prilike za spajanje. Neradni je dan \u010detvrtak, pa s dodatkom petka evo po\u0161tenog odmora od novogodi\u0161nje fe\u0161te, pi\u0161e\u00a0Slobodna Dalmacija. Dobro, Uskrsni je ponedjeljak \u2013 ponedjeljak, 18. travnja, [&hellip;]<\/p>\n","protected":false},"author":7,"featured_media":107865,"comment_status":"open","ping_status":"open","sticky":false,"template":"","format":"standard","meta":{"footnotes":""},"categories":[296,1027],"tags":[4336,10140,4332],"class_list":{"0":"post-124840","1":"post","2":"type-post","3":"status-publish","4":"format-standard","5":"has-post-thumbnail","7":"category-ab","8":"category-hrvatska","9":"tag-blagdani","10":"tag-godisnji-odmor","11":"tag-praznici"},"yoast_head":"<!-- This site is optimized with the Yoast SEO plugin v25.2 - https:\/\/yoast.com\/wordpress\/plugins\/seo\/ -->\n<title>Kalendar za 2022. izgleda obe\u0107avaju\u0107e: Svi koji vole spajati praznike i blagdane do\u0107i \u0107e na svoje - likemetkovic.hr<\/title>\n<meta name=\"robots\" content=\"index, follow, max-snippet:-1, max-image-preview:large, max-video-preview:-1\" \/>\n<link rel=\"canonical\" href=\"https:\/\/likemetkovic.hr\/kalendar-za-2022-izgleda-obecavajuce-svi-koji-vole-spajati-praznike-i-blagdane-doci-ce-na-svoje\/\" \/>\n<meta property=\"og:locale\" content=\"hr_HR\" \/>\n<meta property=\"og:type\" content=\"article\" \/>\n<meta property=\"og:title\" content=\"Kalendar za 2022. izgleda obe\u0107avaju\u0107e: Svi koji vole spajati praznike i blagdane do\u0107i \u0107e na svoje - likemetkovic.hr\" \/>\n<meta property=\"og:description\" content=\"Pogled na kalendar za 2022. godine zaista je o\u010daravaju\u0107i. Odavno nije bilo toliko prigode za spajanja produ\u017eenih vikenda u godini pred nama. Evo, za blagdan Tri kralja prve prilike za spajanje. Neradni je dan \u010detvrtak, pa s dodatkom petka evo po\u0161tenog odmora od novogodi\u0161nje fe\u0161te, pi\u0161e\u00a0Slobodna Dalmacija. Dobro, Uskrsni je ponedjeljak \u2013 ponedjeljak, 18. travnja, [&hellip;]\" \/>\n<meta property=\"og:url\" content=\"https:\/\/likemetkovic.hr\/kalendar-za-2022-izgleda-obecavajuce-svi-koji-vole-spajati-praznike-i-blagdane-doci-ce-na-svoje\/\" \/>\n<meta property=\"og:site_name\" content=\"likemetkovic.hr\" \/>\n<meta property=\"article:publisher\" content=\"https:\/\/www.facebook.com\/likemetkovic.hr\/\" \/>\n<meta property=\"article:published_time\" content=\"2021-11-06T10:03:43+00:00\" \/>\n<meta property=\"article:modified_time\" content=\"2021-11-06T10:05:37+00:00\" \/>\n<meta property=\"og:image\" content=\"https:\/\/likemetkovic.hr\/wp-content\/uploads\/2020\/09\/kalendar.jpg\" \/>\n\t<meta property=\"og:image:width\" content=\"800\" \/>\n\t<meta property=\"og:image:height\" content=\"427\" \/>\n\t<meta property=\"og:image:type\" content=\"image\/jpeg\" \/>\n<meta name=\"author\" content=\"LIKEmetkovic.hr\" \/>\n<meta name=\"twitter:card\" content=\"summary_large_image\" \/>\n<meta name=\"twitter:label1\" content=\"Napisao\/la\" \/>\n\t<meta name=\"twitter:data1\" content=\"LIKEmetkovic.hr\" \/>\n\t<meta name=\"twitter:label2\" content=\"Procijenjeno vrijeme \u010ditanja\" \/>\n\t<meta name=\"twitter:data2\" content=\"1 minuta\" \/>\n<script type=\"application\/ld+json\" class=\"yoast-schema-graph\">{\"@context\":\"https:\/\/schema.org\",\"@graph\":[{\"@type\":\"WebPage\",\"@id\":\"https:\/\/likemetkovic.hr\/kalendar-za-2022-izgleda-obecavajuce-svi-koji-vole-spajati-praznike-i-blagdane-doci-ce-na-svoje\/\",\"url\":\"https:\/\/likemetkovic.hr\/kalendar-za-2022-izgleda-obecavajuce-svi-koji-vole-spajati-praznike-i-blagdane-doci-ce-na-svoje\/\",\"name\":\"Kalendar za 2022. izgleda obe\u0107avaju\u0107e: Svi koji vole spajati praznike i blagdane do\u0107i \u0107e na svoje - likemetkovic.hr\",\"isPartOf\":{\"@id\":\"https:\/\/likemetkovic.hr\/#website\"},\"primaryImageOfPage\":{\"@id\":\"https:\/\/likemetkovic.hr\/kalendar-za-2022-izgleda-obecavajuce-svi-koji-vole-spajati-praznike-i-blagdane-doci-ce-na-svoje\/#primaryimage\"},\"image\":{\"@id\":\"https:\/\/likemetkovic.hr\/kalendar-za-2022-izgleda-obecavajuce-svi-koji-vole-spajati-praznike-i-blagdane-doci-ce-na-svoje\/#primaryimage\"},\"thumbnailUrl\":\"https:\/\/likemetkovic.hr\/portal\/wp-content\/uploads\/2020\/09\/kalendar.jpg\",\"datePublished\":\"2021-11-06T10:03:43+00:00\",\"dateModified\":\"2021-11-06T10:05:37+00:00\",\"author\":{\"@id\":\"https:\/\/likemetkovic.hr\/#\/schema\/person\/a42711f3385a0e2be6f7e0443bfb28f0\"},\"breadcrumb\":{\"@id\":\"https:\/\/likemetkovic.hr\/kalendar-za-2022-izgleda-obecavajuce-svi-koji-vole-spajati-praznike-i-blagdane-doci-ce-na-svoje\/#breadcrumb\"},\"inLanguage\":\"hr\",\"potentialAction\":[{\"@type\":\"ReadAction\",\"target\":[\"https:\/\/likemetkovic.hr\/kalendar-za-2022-izgleda-obecavajuce-svi-koji-vole-spajati-praznike-i-blagdane-doci-ce-na-svoje\/\"]}]},{\"@type\":\"ImageObject\",\"inLanguage\":\"hr\",\"@id\":\"https:\/\/likemetkovic.hr\/kalendar-za-2022-izgleda-obecavajuce-svi-koji-vole-spajati-praznike-i-blagdane-doci-ce-na-svoje\/#primaryimage\",\"url\":\"https:\/\/likemetkovic.hr\/portal\/wp-content\/uploads\/2020\/09\/kalendar.jpg\",\"contentUrl\":\"https:\/\/likemetkovic.hr\/portal\/wp-content\/uploads\/2020\/09\/kalendar.jpg\",\"width\":800,\"height\":427},{\"@type\":\"BreadcrumbList\",\"@id\":\"https:\/\/likemetkovic.hr\/kalendar-za-2022-izgleda-obecavajuce-svi-koji-vole-spajati-praznike-i-blagdane-doci-ce-na-svoje\/#breadcrumb\",\"itemListElement\":[{\"@type\":\"ListItem\",\"position\":1,\"name\":\"Po\u010detna stranica\",\"item\":\"https:\/\/likemetkovic.hr\/portal\/\"},{\"@type\":\"ListItem\",\"position\":2,\"name\":\"Kalendar za 2022. izgleda obe\u0107avaju\u0107e: Svi koji vole spajati praznike i blagdane do\u0107i \u0107e na svoje\"}]},{\"@type\":\"WebSite\",\"@id\":\"https:\/\/likemetkovic.hr\/#website\",\"url\":\"https:\/\/likemetkovic.hr\/\",\"name\":\"likemetkovic.hr\",\"description\":\"Misli pozitivno... \u010ditaj LIKE\",\"potentialAction\":[{\"@type\":\"SearchAction\",\"target\":{\"@type\":\"EntryPoint\",\"urlTemplate\":\"https:\/\/likemetkovic.hr\/?s={search_term_string}\"},\"query-input\":{\"@type\":\"PropertyValueSpecification\",\"valueRequired\":true,\"valueName\":\"search_term_string\"}}],\"inLanguage\":\"hr\"},{\"@type\":\"Person\",\"@id\":\"https:\/\/likemetkovic.hr\/#\/schema\/person\/a42711f3385a0e2be6f7e0443bfb28f0\",\"name\":\"LIKEmetkovic.hr\",\"sameAs\":[\"http:\/\/likemetkovic.hr\"],\"url\":\"https:\/\/likemetkovic.hr\/portal\/author\/likemetkovic-hr\/\"}]}<\/script>\n<!-- \/ Yoast SEO plugin. -->","yoast_head_json":{"title":"Kalendar za 2022. izgleda obe\u0107avaju\u0107e: Svi koji vole spajati praznike i blagdane do\u0107i \u0107e na svoje - likemetkovic.hr","robots":{"index":"index","follow":"follow","max-snippet":"max-snippet:-1","max-image-preview":"max-image-preview:large","max-video-preview":"max-video-preview:-1"},"canonical":"https:\/\/likemetkovic.hr\/kalendar-za-2022-izgleda-obecavajuce-svi-koji-vole-spajati-praznike-i-blagdane-doci-ce-na-svoje\/","og_locale":"hr_HR","og_type":"article","og_title":"Kalendar za 2022. izgleda obe\u0107avaju\u0107e: Svi koji vole spajati praznike i blagdane do\u0107i \u0107e na svoje - likemetkovic.hr","og_description":"Pogled na kalendar za 2022. godine zaista je o\u010daravaju\u0107i. Odavno nije bilo toliko prigode za spajanja produ\u017eenih vikenda u godini pred nama. Evo, za blagdan Tri kralja prve prilike za spajanje. Neradni je dan \u010detvrtak, pa s dodatkom petka evo po\u0161tenog odmora od novogodi\u0161nje fe\u0161te, pi\u0161e\u00a0Slobodna Dalmacija. Dobro, Uskrsni je ponedjeljak \u2013 ponedjeljak, 18. travnja, [&hellip;]","og_url":"https:\/\/likemetkovic.hr\/kalendar-za-2022-izgleda-obecavajuce-svi-koji-vole-spajati-praznike-i-blagdane-doci-ce-na-svoje\/","og_site_name":"likemetkovic.hr","article_publisher":"https:\/\/www.facebook.com\/likemetkovic.hr\/","article_published_time":"2021-11-06T10:03:43+00:00","article_modified_time":"2021-11-06T10:05:37+00:00","og_image":[{"width":800,"height":427,"url":"https:\/\/likemetkovic.hr\/wp-content\/uploads\/2020\/09\/kalendar.jpg","type":"image\/jpeg"}],"author":"LIKEmetkovic.hr","twitter_card":"summary_large_image","twitter_misc":{"Napisao\/la":"LIKEmetkovic.hr","Procijenjeno vrijeme \u010ditanja":"1 minuta"},"schema":{"@context":"https:\/\/schema.org","@graph":[{"@type":"WebPage","@id":"https:\/\/likemetkovic.hr\/kalendar-za-2022-izgleda-obecavajuce-svi-koji-vole-spajati-praznike-i-blagdane-doci-ce-na-svoje\/","url":"https:\/\/likemetkovic.hr\/kalendar-za-2022-izgleda-obecavajuce-svi-koji-vole-spajati-praznike-i-blagdane-doci-ce-na-svoje\/","name":"Kalendar za 2022. izgleda obe\u0107avaju\u0107e: Svi koji vole spajati praznike i blagdane do\u0107i \u0107e na svoje - likemetkovic.hr","isPartOf":{"@id":"https:\/\/likemetkovic.hr\/#website"},"primaryImageOfPage":{"@id":"https:\/\/likemetkovic.hr\/kalendar-za-2022-izgleda-obecavajuce-svi-koji-vole-spajati-praznike-i-blagdane-doci-ce-na-svoje\/#primaryimage"},"image":{"@id":"https:\/\/likemetkovic.hr\/kalendar-za-2022-izgleda-obecavajuce-svi-koji-vole-spajati-praznike-i-blagdane-doci-ce-na-svoje\/#primaryimage"},"thumbnailUrl":"https:\/\/likemetkovic.hr\/portal\/wp-content\/uploads\/2020\/09\/kalendar.jpg","datePublished":"2021-11-06T10:03:43+00:00","dateModified":"2021-11-06T10:05:37+00:00","author":{"@id":"https:\/\/likemetkovic.hr\/#\/schema\/person\/a42711f3385a0e2be6f7e0443bfb28f0"},"breadcrumb":{"@id":"https:\/\/likemetkovic.hr\/kalendar-za-2022-izgleda-obecavajuce-svi-koji-vole-spajati-praznike-i-blagdane-doci-ce-na-svoje\/#breadcrumb"},"inLanguage":"hr","potentialAction":[{"@type":"ReadAction","target":["https:\/\/likemetkovic.hr\/kalendar-za-2022-izgleda-obecavajuce-svi-koji-vole-spajati-praznike-i-blagdane-doci-ce-na-svoje\/"]}]},{"@type":"ImageObject","inLanguage":"hr","@id":"https:\/\/likemetkovic.hr\/kalendar-za-2022-izgleda-obecavajuce-svi-koji-vole-spajati-praznike-i-blagdane-doci-ce-na-svoje\/#primaryimage","url":"https:\/\/likemetkovic.hr\/portal\/wp-content\/uploads\/2020\/09\/kalendar.jpg","contentUrl":"https:\/\/likemetkovic.hr\/portal\/wp-content\/uploads\/2020\/09\/kalendar.jpg","width":800,"height":427},{"@type":"BreadcrumbList","@id":"https:\/\/likemetkovic.hr\/kalendar-za-2022-izgleda-obecavajuce-svi-koji-vole-spajati-praznike-i-blagdane-doci-ce-na-svoje\/#breadcrumb","itemListElement":[{"@type":"ListItem","position":1,"name":"Po\u010detna stranica","item":"https:\/\/likemetkovic.hr\/portal\/"},{"@type":"ListItem","position":2,"name":"Kalendar za 2022. izgleda obe\u0107avaju\u0107e: Svi koji vole spajati praznike i blagdane do\u0107i \u0107e na svoje"}]},{"@type":"WebSite","@id":"https:\/\/likemetkovic.hr\/#website","url":"https:\/\/likemetkovic.hr\/","name":"likemetkovic.hr","description":"Misli pozitivno... \u010ditaj LIKE","potentialAction":[{"@type":"SearchAction","target":{"@type":"EntryPoint","urlTemplate":"https:\/\/likemetkovic.hr\/?s={search_term_string}"},"query-input":{"@type":"PropertyValueSpecification","valueRequired":true,"valueName":"search_term_string"}}],"inLanguage":"hr"},{"@type":"Person","@id":"https:\/\/likemetkovic.hr\/#\/schema\/person\/a42711f3385a0e2be6f7e0443bfb28f0","name":"LIKEmetkovic.hr","sameAs":["http:\/\/likemetkovic.hr"],"url":"https:\/\/likemetkovic.hr\/portal\/author\/likemetkovic-hr\/"}]}},"_links":{"self":[{"href":"https:\/\/likemetkovic.hr\/portal\/wp-json\/wp\/v2\/posts\/124840","targetHints":{"allow":["GET"]}}],"collection":[{"href":"https:\/\/likemetkovic.hr\/portal\/wp-json\/wp\/v2\/posts"}],"about":[{"href":"https:\/\/likemetkovic.hr\/portal\/wp-json\/wp\/v2\/types\/post"}],"author":[{"embeddable":true,"href":"https:\/\/likemetkovic.hr\/portal\/wp-json\/wp\/v2\/users\/7"}],"replies":[{"embeddable":true,"href":"https:\/\/likemetkovic.hr\/portal\/wp-json\/wp\/v2\/comments?post=124840"}],"version-history":[{"count":0,"href":"https:\/\/likemetkovic.hr\/portal\/wp-json\/wp\/v2\/posts\/124840\/revisions"}],"wp:featuredmedia":[{"embeddable":true,"href":"https:\/\/likemetkovic.hr\/portal\/wp-json\/wp\/v2\/media\/107865"}],"wp:attachment":[{"href":"https:\/\/likemetkovic.hr\/portal\/wp-json\/wp\/v2\/media?parent=124840"}],"wp:term":[{"taxonomy":"category","embeddable":true,"href":"https:\/\/likemetkovic.hr\/portal\/wp-json\/wp\/v2\/categories?post=124840"},{"taxonomy":"post_tag","embeddable":true,"href":"https:\/\/likemetkovic.hr\/portal\/wp-json\/wp\/v2\/tags?post=124840"}],"curies":[{"name":"wp","href":"https:\/\/api.w.org\/{rel}","templated":true}]}}