{"id":124938,"date":"2021-11-09T08:56:55","date_gmt":"2021-11-09T07:56:55","guid":{"rendered":"https:\/\/likemetkovic.hr\/?p=124938"},"modified":"2021-11-09T08:56:55","modified_gmt":"2021-11-09T07:56:55","slug":"poljoprivrednici-ocajni-drago-bezer-priznao-da-je-stoka-njegove-sad-od-drzave-trazi-i-zemljiste","status":"publish","type":"post","link":"https:\/\/likemetkovic.hr\/portal\/poljoprivrednici-ocajni-drago-bezer-priznao-da-je-stoka-njegove-sad-od-drzave-trazi-i-zemljiste\/","title":{"rendered":"Poljoprivrednici o\u010dajni: Drago Bezer priznao da je stoka njegove, sad od dr\u017eave tra\u017ei i zemlji\u0161te"},"content":{"rendered":"<p>Lutaju\u0107a stoka po op\u0107ini Kula Norinska, koja pri\u010dinjava milijunske \u0161tete lokalnom stanovni\u0161tvu uni\u0161tavaju\u0107i nasade mandarina i maslinike i koju bi trebali odstrijeliti lokalni lovci kona\u010dno je dobila vlasnika. Njezin vlasnik je kontroverzni sto\u010dar Drago Bezer, koji je to javno priznao za televiziju <u><a href=\"https:\/\/balkans.aljazeera.net\/\">Al Jazeera Balkans<\/a><\/u>.<\/p>\n<p>\u2013 Ja to dnevno obilazim dnevno tri \u010detiri puta a nave\u010der obvezno. Sve kontroliram i zatvaram-rekao je.<\/p>\n<p>Podsjetimo, stoku je dr\u017eao na dr\u017eavnom zemlji\u0161tu za \u0161to je od dr\u017eave dobio 150 tisu\u0107a EUR-a poticaja za razvoj sto\u010darstva te o\u010dekuje da mu dr\u017eava omogu\u0107i legalno kori\u0161tenje zemlje na kojoj \u0107e boraviti njegova stoka. Bezer smatra da sve dok mu se ne dodjeli dr\u017eavna zemlja nema rje\u0161enja za lutaju\u0107u stoku.<\/p>\n<p>\u2013 Moja je stoka ali ja je sam ne mogu okupljati jer je nema gdje okupiti da bi izvr\u0161io ovo \u0161to dr\u017eava od mene tra\u017ei. Meni treba zemlji\u0161te a dr\u017eava ga neda-rekao je Bezer, priznav\u0161i da je u ilegalnom posjedu od 1992 godine.<\/p>\n<p><iframe title=\"Problem raspu\u0161tene stoke kod Opuzena namjeravaju rije\u0161iti odstrelom\" width=\"696\" height=\"392\" src=\"https:\/\/www.youtube.com\/embed\/hH7EAscZvWE?feature=oembed\" frameborder=\"0\" allow=\"accelerometer; autoplay; clipboard-write; encrypted-media; gyroscope; picture-in-picture\" allowfullscreen><\/iframe><\/p>\n<p>Ho\u0107e li nakon javnog priznanja o vlasni\u0161tvu nad lutaju\u0107om stokom Ministarstvo poljoprivrede povu\u0107i odluku od odstrelu doznati \u0107emo uskoro. Priznanjem da je stoka njegova, Drago Bezer priznaje i \u0161tete koje stoka pri\u010dinjava kao i obvezu da je zbrine.<\/p>\n<p>Me\u0111utim to \u0107e biti jako te\u0161ko provedivo, jer svi oni koji su ga i do sada tu\u017eili nisu se mogli naplatiti za \u0161tetu unato\u010d pravomo\u0107nim presudama budu\u0107i nema imovine niti nov\u010danih sredstava nad kojima bi se provela ovrha.<\/p>\n<p>\u200bDivlja goveda, koja to o\u010dito vi\u0161e nisu jer im se javio vlasnik, i dalje teriorziraju stanovnike doline Neretve. Do kada ne zna se.<\/p>\n","protected":false},"excerpt":{"rendered":"<p>Lutaju\u0107a stoka po op\u0107ini Kula Norinska, koja pri\u010dinjava milijunske \u0161tete lokalnom stanovni\u0161tvu uni\u0161tavaju\u0107i nasade mandarina i maslinike i koju bi trebali odstrijeliti lokalni lovci kona\u010dno je dobila vlasnika. Njezin vlasnik je kontroverzni sto\u010dar Drago Bezer, koji je to javno priznao za televiziju Al Jazeera Balkans. \u2013 Ja to dnevno obilazim dnevno tri \u010detiri puta a [&hellip;]<\/p>\n","protected":false},"author":7,"featured_media":124939,"comment_status":"open","ping_status":"open","sticky":false,"template":"","format":"video","meta":{"footnotes":""},"categories":[296,11],"tags":[5148,2887,2885],"class_list":{"0":"post-124938","1":"post","2":"type-post","3":"status-publish","4":"format-video","5":"has-post-thumbnail","7":"category-ab","8":"category-metkovic-dolina","9":"tag-drago-bezer","10":"tag-krave","11":"tag-luke","12":"post_format-post-format-video"},"yoast_head":"<!-- This site is optimized with the Yoast SEO plugin v25.2 - https:\/\/yoast.com\/wordpress\/plugins\/seo\/ -->\n<title>Poljoprivrednici o\u010dajni: Drago Bezer priznao da je stoka njegove, sad od dr\u017eave tra\u017ei i zemlji\u0161te - likemetkovic.hr<\/title>\n<meta name=\"robots\" content=\"index, follow, max-snippet:-1, max-image-preview:large, max-video-preview:-1\" \/>\n<link rel=\"canonical\" href=\"https:\/\/likemetkovic.hr\/poljoprivrednici-ocajni-drago-bezer-priznao-da-je-stoka-njegove-sad-od-drzave-trazi-i-zemljiste\/\" \/>\n<meta property=\"og:locale\" content=\"hr_HR\" \/>\n<meta property=\"og:type\" content=\"article\" \/>\n<meta property=\"og:title\" content=\"Poljoprivrednici o\u010dajni: Drago Bezer priznao da je stoka njegove, sad od dr\u017eave tra\u017ei i zemlji\u0161te - likemetkovic.hr\" \/>\n<meta property=\"og:description\" content=\"Lutaju\u0107a stoka po op\u0107ini Kula Norinska, koja pri\u010dinjava milijunske \u0161tete lokalnom stanovni\u0161tvu uni\u0161tavaju\u0107i nasade mandarina i maslinike i koju bi trebali odstrijeliti lokalni lovci kona\u010dno je dobila vlasnika. Njezin vlasnik je kontroverzni sto\u010dar Drago Bezer, koji je to javno priznao za televiziju Al Jazeera Balkans. \u2013 Ja to dnevno obilazim dnevno tri \u010detiri puta a [&hellip;]\" \/>\n<meta property=\"og:url\" content=\"https:\/\/likemetkovic.hr\/poljoprivrednici-ocajni-drago-bezer-priznao-da-je-stoka-njegove-sad-od-drzave-trazi-i-zemljiste\/\" \/>\n<meta property=\"og:site_name\" content=\"likemetkovic.hr\" \/>\n<meta property=\"article:publisher\" content=\"https:\/\/www.facebook.com\/likemetkovic.hr\/\" \/>\n<meta property=\"article:published_time\" content=\"2021-11-09T07:56:55+00:00\" \/>\n<meta property=\"og:image\" content=\"https:\/\/likemetkovic.hr\/wp-content\/uploads\/2021\/11\/luke-krave.jpg\" \/>\n\t<meta property=\"og:image:width\" content=\"800\" \/>\n\t<meta property=\"og:image:height\" content=\"450\" \/>\n\t<meta property=\"og:image:type\" content=\"image\/jpeg\" \/>\n<meta name=\"author\" content=\"LIKEmetkovic.hr\" \/>\n<meta name=\"twitter:card\" content=\"summary_large_image\" \/>\n<meta name=\"twitter:label1\" content=\"Napisao\/la\" \/>\n\t<meta name=\"twitter:data1\" content=\"LIKEmetkovic.hr\" \/>\n\t<meta name=\"twitter:label2\" content=\"Procijenjeno vrijeme \u010ditanja\" \/>\n\t<meta name=\"twitter:data2\" content=\"2 minute\" \/>\n<script type=\"application\/ld+json\" class=\"yoast-schema-graph\">{\"@context\":\"https:\/\/schema.org\",\"@graph\":[{\"@type\":\"WebPage\",\"@id\":\"https:\/\/likemetkovic.hr\/poljoprivrednici-ocajni-drago-bezer-priznao-da-je-stoka-njegove-sad-od-drzave-trazi-i-zemljiste\/\",\"url\":\"https:\/\/likemetkovic.hr\/poljoprivrednici-ocajni-drago-bezer-priznao-da-je-stoka-njegove-sad-od-drzave-trazi-i-zemljiste\/\",\"name\":\"Poljoprivrednici o\u010dajni: Drago Bezer priznao da je stoka njegove, sad od dr\u017eave tra\u017ei i zemlji\u0161te - likemetkovic.hr\",\"isPartOf\":{\"@id\":\"https:\/\/likemetkovic.hr\/#website\"},\"primaryImageOfPage\":{\"@id\":\"https:\/\/likemetkovic.hr\/poljoprivrednici-ocajni-drago-bezer-priznao-da-je-stoka-njegove-sad-od-drzave-trazi-i-zemljiste\/#primaryimage\"},\"image\":{\"@id\":\"https:\/\/likemetkovic.hr\/poljoprivrednici-ocajni-drago-bezer-priznao-da-je-stoka-njegove-sad-od-drzave-trazi-i-zemljiste\/#primaryimage\"},\"thumbnailUrl\":\"https:\/\/likemetkovic.hr\/portal\/wp-content\/uploads\/2021\/11\/luke-krave.jpg\",\"datePublished\":\"2021-11-09T07:56:55+00:00\",\"author\":{\"@id\":\"https:\/\/likemetkovic.hr\/#\/schema\/person\/a42711f3385a0e2be6f7e0443bfb28f0\"},\"breadcrumb\":{\"@id\":\"https:\/\/likemetkovic.hr\/poljoprivrednici-ocajni-drago-bezer-priznao-da-je-stoka-njegove-sad-od-drzave-trazi-i-zemljiste\/#breadcrumb\"},\"inLanguage\":\"hr\",\"potentialAction\":[{\"@type\":\"ReadAction\",\"target\":[\"https:\/\/likemetkovic.hr\/poljoprivrednici-ocajni-drago-bezer-priznao-da-je-stoka-njegove-sad-od-drzave-trazi-i-zemljiste\/\"]}]},{\"@type\":\"ImageObject\",\"inLanguage\":\"hr\",\"@id\":\"https:\/\/likemetkovic.hr\/poljoprivrednici-ocajni-drago-bezer-priznao-da-je-stoka-njegove-sad-od-drzave-trazi-i-zemljiste\/#primaryimage\",\"url\":\"https:\/\/likemetkovic.hr\/portal\/wp-content\/uploads\/2021\/11\/luke-krave.jpg\",\"contentUrl\":\"https:\/\/likemetkovic.hr\/portal\/wp-content\/uploads\/2021\/11\/luke-krave.jpg\",\"width\":800,\"height\":450},{\"@type\":\"BreadcrumbList\",\"@id\":\"https:\/\/likemetkovic.hr\/poljoprivrednici-ocajni-drago-bezer-priznao-da-je-stoka-njegove-sad-od-drzave-trazi-i-zemljiste\/#breadcrumb\",\"itemListElement\":[{\"@type\":\"ListItem\",\"position\":1,\"name\":\"Po\u010detna stranica\",\"item\":\"https:\/\/likemetkovic.hr\/portal\/\"},{\"@type\":\"ListItem\",\"position\":2,\"name\":\"Poljoprivrednici o\u010dajni: Drago Bezer priznao da je stoka njegove, sad od dr\u017eave tra\u017ei i zemlji\u0161te\"}]},{\"@type\":\"WebSite\",\"@id\":\"https:\/\/likemetkovic.hr\/#website\",\"url\":\"https:\/\/likemetkovic.hr\/\",\"name\":\"likemetkovic.hr\",\"description\":\"Misli pozitivno... \u010ditaj LIKE\",\"potentialAction\":[{\"@type\":\"SearchAction\",\"target\":{\"@type\":\"EntryPoint\",\"urlTemplate\":\"https:\/\/likemetkovic.hr\/?s={search_term_string}\"},\"query-input\":{\"@type\":\"PropertyValueSpecification\",\"valueRequired\":true,\"valueName\":\"search_term_string\"}}],\"inLanguage\":\"hr\"},{\"@type\":\"Person\",\"@id\":\"https:\/\/likemetkovic.hr\/#\/schema\/person\/a42711f3385a0e2be6f7e0443bfb28f0\",\"name\":\"LIKEmetkovic.hr\",\"sameAs\":[\"http:\/\/likemetkovic.hr\"],\"url\":\"https:\/\/likemetkovic.hr\/portal\/author\/likemetkovic-hr\/\"}]}<\/script>\n<!-- \/ Yoast SEO plugin. -->","yoast_head_json":{"title":"Poljoprivrednici o\u010dajni: Drago Bezer priznao da je stoka njegove, sad od dr\u017eave tra\u017ei i zemlji\u0161te - likemetkovic.hr","robots":{"index":"index","follow":"follow","max-snippet":"max-snippet:-1","max-image-preview":"max-image-preview:large","max-video-preview":"max-video-preview:-1"},"canonical":"https:\/\/likemetkovic.hr\/poljoprivrednici-ocajni-drago-bezer-priznao-da-je-stoka-njegove-sad-od-drzave-trazi-i-zemljiste\/","og_locale":"hr_HR","og_type":"article","og_title":"Poljoprivrednici o\u010dajni: Drago Bezer priznao da je stoka njegove, sad od dr\u017eave tra\u017ei i zemlji\u0161te - likemetkovic.hr","og_description":"Lutaju\u0107a stoka po op\u0107ini Kula Norinska, koja pri\u010dinjava milijunske \u0161tete lokalnom stanovni\u0161tvu uni\u0161tavaju\u0107i nasade mandarina i maslinike i koju bi trebali odstrijeliti lokalni lovci kona\u010dno je dobila vlasnika. Njezin vlasnik je kontroverzni sto\u010dar Drago Bezer, koji je to javno priznao za televiziju Al Jazeera Balkans. \u2013 Ja to dnevno obilazim dnevno tri \u010detiri puta a [&hellip;]","og_url":"https:\/\/likemetkovic.hr\/poljoprivrednici-ocajni-drago-bezer-priznao-da-je-stoka-njegove-sad-od-drzave-trazi-i-zemljiste\/","og_site_name":"likemetkovic.hr","article_publisher":"https:\/\/www.facebook.com\/likemetkovic.hr\/","article_published_time":"2021-11-09T07:56:55+00:00","og_image":[{"width":800,"height":450,"url":"https:\/\/likemetkovic.hr\/wp-content\/uploads\/2021\/11\/luke-krave.jpg","type":"image\/jpeg"}],"author":"LIKEmetkovic.hr","twitter_card":"summary_large_image","twitter_misc":{"Napisao\/la":"LIKEmetkovic.hr","Procijenjeno vrijeme \u010ditanja":"2 minute"},"schema":{"@context":"https:\/\/schema.org","@graph":[{"@type":"WebPage","@id":"https:\/\/likemetkovic.hr\/poljoprivrednici-ocajni-drago-bezer-priznao-da-je-stoka-njegove-sad-od-drzave-trazi-i-zemljiste\/","url":"https:\/\/likemetkovic.hr\/poljoprivrednici-ocajni-drago-bezer-priznao-da-je-stoka-njegove-sad-od-drzave-trazi-i-zemljiste\/","name":"Poljoprivrednici o\u010dajni: Drago Bezer priznao da je stoka njegove, sad od dr\u017eave tra\u017ei i zemlji\u0161te - likemetkovic.hr","isPartOf":{"@id":"https:\/\/likemetkovic.hr\/#website"},"primaryImageOfPage":{"@id":"https:\/\/likemetkovic.hr\/poljoprivrednici-ocajni-drago-bezer-priznao-da-je-stoka-njegove-sad-od-drzave-trazi-i-zemljiste\/#primaryimage"},"image":{"@id":"https:\/\/likemetkovic.hr\/poljoprivrednici-ocajni-drago-bezer-priznao-da-je-stoka-njegove-sad-od-drzave-trazi-i-zemljiste\/#primaryimage"},"thumbnailUrl":"https:\/\/likemetkovic.hr\/portal\/wp-content\/uploads\/2021\/11\/luke-krave.jpg","datePublished":"2021-11-09T07:56:55+00:00","author":{"@id":"https:\/\/likemetkovic.hr\/#\/schema\/person\/a42711f3385a0e2be6f7e0443bfb28f0"},"breadcrumb":{"@id":"https:\/\/likemetkovic.hr\/poljoprivrednici-ocajni-drago-bezer-priznao-da-je-stoka-njegove-sad-od-drzave-trazi-i-zemljiste\/#breadcrumb"},"inLanguage":"hr","potentialAction":[{"@type":"ReadAction","target":["https:\/\/likemetkovic.hr\/poljoprivrednici-ocajni-drago-bezer-priznao-da-je-stoka-njegove-sad-od-drzave-trazi-i-zemljiste\/"]}]},{"@type":"ImageObject","inLanguage":"hr","@id":"https:\/\/likemetkovic.hr\/poljoprivrednici-ocajni-drago-bezer-priznao-da-je-stoka-njegove-sad-od-drzave-trazi-i-zemljiste\/#primaryimage","url":"https:\/\/likemetkovic.hr\/portal\/wp-content\/uploads\/2021\/11\/luke-krave.jpg","contentUrl":"https:\/\/likemetkovic.hr\/portal\/wp-content\/uploads\/2021\/11\/luke-krave.jpg","width":800,"height":450},{"@type":"BreadcrumbList","@id":"https:\/\/likemetkovic.hr\/poljoprivrednici-ocajni-drago-bezer-priznao-da-je-stoka-njegove-sad-od-drzave-trazi-i-zemljiste\/#breadcrumb","itemListElement":[{"@type":"ListItem","position":1,"name":"Po\u010detna stranica","item":"https:\/\/likemetkovic.hr\/portal\/"},{"@type":"ListItem","position":2,"name":"Poljoprivrednici o\u010dajni: Drago Bezer priznao da je stoka njegove, sad od dr\u017eave tra\u017ei i zemlji\u0161te"}]},{"@type":"WebSite","@id":"https:\/\/likemetkovic.hr\/#website","url":"https:\/\/likemetkovic.hr\/","name":"likemetkovic.hr","description":"Misli pozitivno... \u010ditaj LIKE","potentialAction":[{"@type":"SearchAction","target":{"@type":"EntryPoint","urlTemplate":"https:\/\/likemetkovic.hr\/?s={search_term_string}"},"query-input":{"@type":"PropertyValueSpecification","valueRequired":true,"valueName":"search_term_string"}}],"inLanguage":"hr"},{"@type":"Person","@id":"https:\/\/likemetkovic.hr\/#\/schema\/person\/a42711f3385a0e2be6f7e0443bfb28f0","name":"LIKEmetkovic.hr","sameAs":["http:\/\/likemetkovic.hr"],"url":"https:\/\/likemetkovic.hr\/portal\/author\/likemetkovic-hr\/"}]}},"_links":{"self":[{"href":"https:\/\/likemetkovic.hr\/portal\/wp-json\/wp\/v2\/posts\/124938","targetHints":{"allow":["GET"]}}],"collection":[{"href":"https:\/\/likemetkovic.hr\/portal\/wp-json\/wp\/v2\/posts"}],"about":[{"href":"https:\/\/likemetkovic.hr\/portal\/wp-json\/wp\/v2\/types\/post"}],"author":[{"embeddable":true,"href":"https:\/\/likemetkovic.hr\/portal\/wp-json\/wp\/v2\/users\/7"}],"replies":[{"embeddable":true,"href":"https:\/\/likemetkovic.hr\/portal\/wp-json\/wp\/v2\/comments?post=124938"}],"version-history":[{"count":0,"href":"https:\/\/likemetkovic.hr\/portal\/wp-json\/wp\/v2\/posts\/124938\/revisions"}],"wp:featuredmedia":[{"embeddable":true,"href":"https:\/\/likemetkovic.hr\/portal\/wp-json\/wp\/v2\/media\/124939"}],"wp:attachment":[{"href":"https:\/\/likemetkovic.hr\/portal\/wp-json\/wp\/v2\/media?parent=124938"}],"wp:term":[{"taxonomy":"category","embeddable":true,"href":"https:\/\/likemetkovic.hr\/portal\/wp-json\/wp\/v2\/categories?post=124938"},{"taxonomy":"post_tag","embeddable":true,"href":"https:\/\/likemetkovic.hr\/portal\/wp-json\/wp\/v2\/tags?post=124938"}],"curies":[{"name":"wp","href":"https:\/\/api.w.org\/{rel}","templated":true}]}}