{"id":124958,"date":"2021-11-10T09:52:06","date_gmt":"2021-11-10T08:52:06","guid":{"rendered":"https:\/\/likemetkovic.hr\/?p=124958"},"modified":"2021-11-10T09:52:38","modified_gmt":"2021-11-10T08:52:38","slug":"sandra-sekulic-i-renata-zlatkovic-vodit-ce-radionicu-i-knjizevni-susret-za-djecu-u-gradskoj-knjiznici","status":"publish","type":"post","link":"https:\/\/likemetkovic.hr\/portal\/sandra-sekulic-i-renata-zlatkovic-vodit-ce-radionicu-i-knjizevni-susret-za-djecu-u-gradskoj-knjiznici\/","title":{"rendered":"Sandra Sekuli\u0107 i Renata Zlatkovi\u0107 vodit \u0107e radionicu i knji\u017eevni susret za djecu u Gradskoj knji\u017enici:"},"content":{"rendered":"<p>U \u010detvrtak, 11. Studenoga, \u00a0u 17 sati u Gradskoj knji\u017enici Metkovi\u0107 \u0107e se odr\u017eat<strong>i radionica i knji\u017eevni susret za djecu od 9 do 12 godina<\/strong> koju \u0107e voditi likovna dizajnerica i ilustratorica <strong>Sandra Sekuli\u0107<\/strong>, a knji\u017eevni dio susreta knji\u017eevnica <strong>Renata Zlatkovi\u0107<\/strong>.<\/p>\n<p>Dvije umjetnice, jedna od\u00a0 pera a druga od kista, do\u010darat \u0107e nam kako nastaje vesela, \u0161arena, pou\u010dna slikovnica.<\/p>\n<p>Ovim doga\u0111ajem ujedno i obilje\u017eava se <strong>Dan hrvatskih knji\u017enica<\/strong>, 11. studenoga,<br \/>\ndan kada je Hrvatski sabor 1960. god. donio prvi hrvatski zakon o knji\u017enicama.<\/p>\n<p>Za prisustvovanje radionici <strong>mo\u017eete se prijaviti pozivom<\/strong> na 020 681 715. Radionica \u0107e se odr\u017eati uz va\u017ee\u0107e epidemiolo\u0161ke mjere.<\/p>\n","protected":false},"excerpt":{"rendered":"<p>U \u010detvrtak, 11. Studenoga, \u00a0u 17 sati u Gradskoj knji\u017enici Metkovi\u0107 \u0107e se odr\u017eati radionica i knji\u017eevni susret za djecu od 9 do 12 godina koju \u0107e voditi likovna dizajnerica i ilustratorica Sandra Sekuli\u0107, a knji\u017eevni dio susreta knji\u017eevnica Renata Zlatkovi\u0107. Dvije umjetnice, jedna od\u00a0 pera a druga od kista, do\u010darat \u0107e nam kako nastaje [&hellip;]<\/p>\n","protected":false},"author":7,"featured_media":124959,"comment_status":"open","ping_status":"open","sticky":false,"template":"","format":"standard","meta":{"footnotes":""},"categories":[296,11],"tags":[421],"class_list":{"0":"post-124958","1":"post","2":"type-post","3":"status-publish","4":"format-standard","5":"has-post-thumbnail","7":"category-ab","8":"category-metkovic-dolina","9":"tag-gradska-knjiznica-metkovic"},"yoast_head":"<!-- This site is optimized with the Yoast SEO plugin v25.2 - https:\/\/yoast.com\/wordpress\/plugins\/seo\/ -->\n<title>Sandra Sekuli\u0107 i Renata Zlatkovi\u0107 vodit \u0107e radionicu i knji\u017eevni susret za djecu u Gradskoj knji\u017enici: - likemetkovic.hr<\/title>\n<meta name=\"robots\" content=\"index, follow, max-snippet:-1, max-image-preview:large, max-video-preview:-1\" \/>\n<link rel=\"canonical\" href=\"https:\/\/likemetkovic.hr\/sandra-sekulic-i-renata-zlatkovic-vodit-ce-radionicu-i-knjizevni-susret-za-djecu-u-gradskoj-knjiznici\/\" \/>\n<meta property=\"og:locale\" content=\"hr_HR\" \/>\n<meta property=\"og:type\" content=\"article\" \/>\n<meta property=\"og:title\" content=\"Sandra Sekuli\u0107 i Renata Zlatkovi\u0107 vodit \u0107e radionicu i knji\u017eevni susret za djecu u Gradskoj knji\u017enici: - likemetkovic.hr\" \/>\n<meta property=\"og:description\" content=\"U \u010detvrtak, 11. Studenoga, \u00a0u 17 sati u Gradskoj knji\u017enici Metkovi\u0107 \u0107e se odr\u017eati radionica i knji\u017eevni susret za djecu od 9 do 12 godina koju \u0107e voditi likovna dizajnerica i ilustratorica Sandra Sekuli\u0107, a knji\u017eevni dio susreta knji\u017eevnica Renata Zlatkovi\u0107. Dvije umjetnice, jedna od\u00a0 pera a druga od kista, do\u010darat \u0107e nam kako nastaje [&hellip;]\" \/>\n<meta property=\"og:url\" content=\"https:\/\/likemetkovic.hr\/sandra-sekulic-i-renata-zlatkovic-vodit-ce-radionicu-i-knjizevni-susret-za-djecu-u-gradskoj-knjiznici\/\" \/>\n<meta property=\"og:site_name\" content=\"likemetkovic.hr\" \/>\n<meta property=\"article:publisher\" content=\"https:\/\/www.facebook.com\/likemetkovic.hr\/\" \/>\n<meta property=\"article:published_time\" content=\"2021-11-10T08:52:06+00:00\" \/>\n<meta property=\"article:modified_time\" content=\"2021-11-10T08:52:38+00:00\" \/>\n<meta property=\"og:image\" content=\"https:\/\/likemetkovic.hr\/wp-content\/uploads\/2021\/11\/tadionica-za-djecu.jpg\" \/>\n\t<meta property=\"og:image:width\" content=\"800\" \/>\n\t<meta property=\"og:image:height\" content=\"533\" \/>\n\t<meta property=\"og:image:type\" content=\"image\/jpeg\" \/>\n<meta name=\"author\" content=\"LIKEmetkovic.hr\" \/>\n<meta name=\"twitter:card\" content=\"summary_large_image\" \/>\n<meta name=\"twitter:label1\" content=\"Napisao\/la\" \/>\n\t<meta name=\"twitter:data1\" content=\"LIKEmetkovic.hr\" \/>\n\t<meta name=\"twitter:label2\" content=\"Procijenjeno vrijeme \u010ditanja\" \/>\n\t<meta name=\"twitter:data2\" content=\"1 minuta\" \/>\n<script type=\"application\/ld+json\" class=\"yoast-schema-graph\">{\"@context\":\"https:\/\/schema.org\",\"@graph\":[{\"@type\":\"WebPage\",\"@id\":\"https:\/\/likemetkovic.hr\/sandra-sekulic-i-renata-zlatkovic-vodit-ce-radionicu-i-knjizevni-susret-za-djecu-u-gradskoj-knjiznici\/\",\"url\":\"https:\/\/likemetkovic.hr\/sandra-sekulic-i-renata-zlatkovic-vodit-ce-radionicu-i-knjizevni-susret-za-djecu-u-gradskoj-knjiznici\/\",\"name\":\"Sandra Sekuli\u0107 i Renata Zlatkovi\u0107 vodit \u0107e radionicu i knji\u017eevni susret za djecu u Gradskoj knji\u017enici: - likemetkovic.hr\",\"isPartOf\":{\"@id\":\"https:\/\/likemetkovic.hr\/#website\"},\"primaryImageOfPage\":{\"@id\":\"https:\/\/likemetkovic.hr\/sandra-sekulic-i-renata-zlatkovic-vodit-ce-radionicu-i-knjizevni-susret-za-djecu-u-gradskoj-knjiznici\/#primaryimage\"},\"image\":{\"@id\":\"https:\/\/likemetkovic.hr\/sandra-sekulic-i-renata-zlatkovic-vodit-ce-radionicu-i-knjizevni-susret-za-djecu-u-gradskoj-knjiznici\/#primaryimage\"},\"thumbnailUrl\":\"https:\/\/likemetkovic.hr\/portal\/wp-content\/uploads\/2021\/11\/tadionica-za-djecu.jpg\",\"datePublished\":\"2021-11-10T08:52:06+00:00\",\"dateModified\":\"2021-11-10T08:52:38+00:00\",\"author\":{\"@id\":\"https:\/\/likemetkovic.hr\/#\/schema\/person\/a42711f3385a0e2be6f7e0443bfb28f0\"},\"breadcrumb\":{\"@id\":\"https:\/\/likemetkovic.hr\/sandra-sekulic-i-renata-zlatkovic-vodit-ce-radionicu-i-knjizevni-susret-za-djecu-u-gradskoj-knjiznici\/#breadcrumb\"},\"inLanguage\":\"hr\",\"potentialAction\":[{\"@type\":\"ReadAction\",\"target\":[\"https:\/\/likemetkovic.hr\/sandra-sekulic-i-renata-zlatkovic-vodit-ce-radionicu-i-knjizevni-susret-za-djecu-u-gradskoj-knjiznici\/\"]}]},{\"@type\":\"ImageObject\",\"inLanguage\":\"hr\",\"@id\":\"https:\/\/likemetkovic.hr\/sandra-sekulic-i-renata-zlatkovic-vodit-ce-radionicu-i-knjizevni-susret-za-djecu-u-gradskoj-knjiznici\/#primaryimage\",\"url\":\"https:\/\/likemetkovic.hr\/portal\/wp-content\/uploads\/2021\/11\/tadionica-za-djecu.jpg\",\"contentUrl\":\"https:\/\/likemetkovic.hr\/portal\/wp-content\/uploads\/2021\/11\/tadionica-za-djecu.jpg\",\"width\":800,\"height\":533},{\"@type\":\"BreadcrumbList\",\"@id\":\"https:\/\/likemetkovic.hr\/sandra-sekulic-i-renata-zlatkovic-vodit-ce-radionicu-i-knjizevni-susret-za-djecu-u-gradskoj-knjiznici\/#breadcrumb\",\"itemListElement\":[{\"@type\":\"ListItem\",\"position\":1,\"name\":\"Po\u010detna stranica\",\"item\":\"https:\/\/likemetkovic.hr\/portal\/\"},{\"@type\":\"ListItem\",\"position\":2,\"name\":\"Sandra Sekuli\u0107 i Renata Zlatkovi\u0107 vodit \u0107e radionicu i knji\u017eevni susret za djecu u Gradskoj knji\u017enici:\"}]},{\"@type\":\"WebSite\",\"@id\":\"https:\/\/likemetkovic.hr\/#website\",\"url\":\"https:\/\/likemetkovic.hr\/\",\"name\":\"likemetkovic.hr\",\"description\":\"Misli pozitivno... \u010ditaj LIKE\",\"potentialAction\":[{\"@type\":\"SearchAction\",\"target\":{\"@type\":\"EntryPoint\",\"urlTemplate\":\"https:\/\/likemetkovic.hr\/?s={search_term_string}\"},\"query-input\":{\"@type\":\"PropertyValueSpecification\",\"valueRequired\":true,\"valueName\":\"search_term_string\"}}],\"inLanguage\":\"hr\"},{\"@type\":\"Person\",\"@id\":\"https:\/\/likemetkovic.hr\/#\/schema\/person\/a42711f3385a0e2be6f7e0443bfb28f0\",\"name\":\"LIKEmetkovic.hr\",\"sameAs\":[\"http:\/\/likemetkovic.hr\"],\"url\":\"https:\/\/likemetkovic.hr\/portal\/author\/likemetkovic-hr\/\"}]}<\/script>\n<!-- \/ Yoast SEO plugin. -->","yoast_head_json":{"title":"Sandra Sekuli\u0107 i Renata Zlatkovi\u0107 vodit \u0107e radionicu i knji\u017eevni susret za djecu u Gradskoj knji\u017enici: - likemetkovic.hr","robots":{"index":"index","follow":"follow","max-snippet":"max-snippet:-1","max-image-preview":"max-image-preview:large","max-video-preview":"max-video-preview:-1"},"canonical":"https:\/\/likemetkovic.hr\/sandra-sekulic-i-renata-zlatkovic-vodit-ce-radionicu-i-knjizevni-susret-za-djecu-u-gradskoj-knjiznici\/","og_locale":"hr_HR","og_type":"article","og_title":"Sandra Sekuli\u0107 i Renata Zlatkovi\u0107 vodit \u0107e radionicu i knji\u017eevni susret za djecu u Gradskoj knji\u017enici: - likemetkovic.hr","og_description":"U \u010detvrtak, 11. Studenoga, \u00a0u 17 sati u Gradskoj knji\u017enici Metkovi\u0107 \u0107e se odr\u017eati radionica i knji\u017eevni susret za djecu od 9 do 12 godina koju \u0107e voditi likovna dizajnerica i ilustratorica Sandra Sekuli\u0107, a knji\u017eevni dio susreta knji\u017eevnica Renata Zlatkovi\u0107. Dvije umjetnice, jedna od\u00a0 pera a druga od kista, do\u010darat \u0107e nam kako nastaje [&hellip;]","og_url":"https:\/\/likemetkovic.hr\/sandra-sekulic-i-renata-zlatkovic-vodit-ce-radionicu-i-knjizevni-susret-za-djecu-u-gradskoj-knjiznici\/","og_site_name":"likemetkovic.hr","article_publisher":"https:\/\/www.facebook.com\/likemetkovic.hr\/","article_published_time":"2021-11-10T08:52:06+00:00","article_modified_time":"2021-11-10T08:52:38+00:00","og_image":[{"width":800,"height":533,"url":"https:\/\/likemetkovic.hr\/wp-content\/uploads\/2021\/11\/tadionica-za-djecu.jpg","type":"image\/jpeg"}],"author":"LIKEmetkovic.hr","twitter_card":"summary_large_image","twitter_misc":{"Napisao\/la":"LIKEmetkovic.hr","Procijenjeno vrijeme \u010ditanja":"1 minuta"},"schema":{"@context":"https:\/\/schema.org","@graph":[{"@type":"WebPage","@id":"https:\/\/likemetkovic.hr\/sandra-sekulic-i-renata-zlatkovic-vodit-ce-radionicu-i-knjizevni-susret-za-djecu-u-gradskoj-knjiznici\/","url":"https:\/\/likemetkovic.hr\/sandra-sekulic-i-renata-zlatkovic-vodit-ce-radionicu-i-knjizevni-susret-za-djecu-u-gradskoj-knjiznici\/","name":"Sandra Sekuli\u0107 i Renata Zlatkovi\u0107 vodit \u0107e radionicu i knji\u017eevni susret za djecu u Gradskoj knji\u017enici: - likemetkovic.hr","isPartOf":{"@id":"https:\/\/likemetkovic.hr\/#website"},"primaryImageOfPage":{"@id":"https:\/\/likemetkovic.hr\/sandra-sekulic-i-renata-zlatkovic-vodit-ce-radionicu-i-knjizevni-susret-za-djecu-u-gradskoj-knjiznici\/#primaryimage"},"image":{"@id":"https:\/\/likemetkovic.hr\/sandra-sekulic-i-renata-zlatkovic-vodit-ce-radionicu-i-knjizevni-susret-za-djecu-u-gradskoj-knjiznici\/#primaryimage"},"thumbnailUrl":"https:\/\/likemetkovic.hr\/portal\/wp-content\/uploads\/2021\/11\/tadionica-za-djecu.jpg","datePublished":"2021-11-10T08:52:06+00:00","dateModified":"2021-11-10T08:52:38+00:00","author":{"@id":"https:\/\/likemetkovic.hr\/#\/schema\/person\/a42711f3385a0e2be6f7e0443bfb28f0"},"breadcrumb":{"@id":"https:\/\/likemetkovic.hr\/sandra-sekulic-i-renata-zlatkovic-vodit-ce-radionicu-i-knjizevni-susret-za-djecu-u-gradskoj-knjiznici\/#breadcrumb"},"inLanguage":"hr","potentialAction":[{"@type":"ReadAction","target":["https:\/\/likemetkovic.hr\/sandra-sekulic-i-renata-zlatkovic-vodit-ce-radionicu-i-knjizevni-susret-za-djecu-u-gradskoj-knjiznici\/"]}]},{"@type":"ImageObject","inLanguage":"hr","@id":"https:\/\/likemetkovic.hr\/sandra-sekulic-i-renata-zlatkovic-vodit-ce-radionicu-i-knjizevni-susret-za-djecu-u-gradskoj-knjiznici\/#primaryimage","url":"https:\/\/likemetkovic.hr\/portal\/wp-content\/uploads\/2021\/11\/tadionica-za-djecu.jpg","contentUrl":"https:\/\/likemetkovic.hr\/portal\/wp-content\/uploads\/2021\/11\/tadionica-za-djecu.jpg","width":800,"height":533},{"@type":"BreadcrumbList","@id":"https:\/\/likemetkovic.hr\/sandra-sekulic-i-renata-zlatkovic-vodit-ce-radionicu-i-knjizevni-susret-za-djecu-u-gradskoj-knjiznici\/#breadcrumb","itemListElement":[{"@type":"ListItem","position":1,"name":"Po\u010detna stranica","item":"https:\/\/likemetkovic.hr\/portal\/"},{"@type":"ListItem","position":2,"name":"Sandra Sekuli\u0107 i Renata Zlatkovi\u0107 vodit \u0107e radionicu i knji\u017eevni susret za djecu u Gradskoj knji\u017enici:"}]},{"@type":"WebSite","@id":"https:\/\/likemetkovic.hr\/#website","url":"https:\/\/likemetkovic.hr\/","name":"likemetkovic.hr","description":"Misli pozitivno... \u010ditaj LIKE","potentialAction":[{"@type":"SearchAction","target":{"@type":"EntryPoint","urlTemplate":"https:\/\/likemetkovic.hr\/?s={search_term_string}"},"query-input":{"@type":"PropertyValueSpecification","valueRequired":true,"valueName":"search_term_string"}}],"inLanguage":"hr"},{"@type":"Person","@id":"https:\/\/likemetkovic.hr\/#\/schema\/person\/a42711f3385a0e2be6f7e0443bfb28f0","name":"LIKEmetkovic.hr","sameAs":["http:\/\/likemetkovic.hr"],"url":"https:\/\/likemetkovic.hr\/portal\/author\/likemetkovic-hr\/"}]}},"_links":{"self":[{"href":"https:\/\/likemetkovic.hr\/portal\/wp-json\/wp\/v2\/posts\/124958","targetHints":{"allow":["GET"]}}],"collection":[{"href":"https:\/\/likemetkovic.hr\/portal\/wp-json\/wp\/v2\/posts"}],"about":[{"href":"https:\/\/likemetkovic.hr\/portal\/wp-json\/wp\/v2\/types\/post"}],"author":[{"embeddable":true,"href":"https:\/\/likemetkovic.hr\/portal\/wp-json\/wp\/v2\/users\/7"}],"replies":[{"embeddable":true,"href":"https:\/\/likemetkovic.hr\/portal\/wp-json\/wp\/v2\/comments?post=124958"}],"version-history":[{"count":0,"href":"https:\/\/likemetkovic.hr\/portal\/wp-json\/wp\/v2\/posts\/124958\/revisions"}],"wp:featuredmedia":[{"embeddable":true,"href":"https:\/\/likemetkovic.hr\/portal\/wp-json\/wp\/v2\/media\/124959"}],"wp:attachment":[{"href":"https:\/\/likemetkovic.hr\/portal\/wp-json\/wp\/v2\/media?parent=124958"}],"wp:term":[{"taxonomy":"category","embeddable":true,"href":"https:\/\/likemetkovic.hr\/portal\/wp-json\/wp\/v2\/categories?post=124958"},{"taxonomy":"post_tag","embeddable":true,"href":"https:\/\/likemetkovic.hr\/portal\/wp-json\/wp\/v2\/tags?post=124958"}],"curies":[{"name":"wp","href":"https:\/\/api.w.org\/{rel}","templated":true}]}}