{"id":124975,"date":"2021-11-10T14:44:02","date_gmt":"2021-11-10T13:44:02","guid":{"rendered":"https:\/\/likemetkovic.hr\/?p=124975"},"modified":"2021-11-10T14:44:02","modified_gmt":"2021-11-10T13:44:02","slug":"u-tijeku-je-strucno-osposobljavanje-od-obrazovanja-do-zaposljavanja","status":"publish","type":"post","link":"https:\/\/likemetkovic.hr\/portal\/u-tijeku-je-strucno-osposobljavanje-od-obrazovanja-do-zaposljavanja\/","title":{"rendered":"U tijeku je stru\u010dno osposobljavanje &#8216;Od obrazovanja do zapo\u0161ljavanja&#8217;"},"content":{"rendered":"<p>U tijeku je stru\u010dno osposobljavanje u sklopu provedbe druge godine trogodi\u0161njeg programa<em><strong>\u00a0Od obrazovanja do zapo\u0161ljavanja br. 2.<\/strong><\/em><\/p>\n<p>Cilj programa je smanjenje socijalne isklju\u010denosti drugih socijalno osjetljivih skupina kao \u0161to su \u017eene starije od 40 godina i\/ili nezaposlene \u017eene sa podru\u010dja doline Neretve, te ruralnih podru\u010dja Dubrova\u010dko neretvanske \u017eupanije i Splitsko dalmatinske \u017eupanije, a kojeg provodi Udruga DOBRA.<\/p>\n<p>Ciljana skupina \u017eena trenuta\u010dno poha\u0111ateorijski dio nastave s vje\u017ebama, a nakon teorijskog dijela slijedi prakti\u010dni dio nastave osposobljavanja za njegovateljice starijih i nemo\u0107nih osoba, a u programu sudjeluje 15 ciljanih korisnica.<\/p>\n\r\n                <style type=\"text\/css\">\r\n                    \r\n                    #tdi_1  .td-doubleSlider-2 .td-item1 {\r\n                        background: url(https:\/\/likemetkovic.hr\/portal\/wp-content\/uploads\/2021\/11\/samozaposljavanje1-80x60.jpg) 0 0 no-repeat;\r\n                    }\r\n                    #tdi_1  .td-doubleSlider-2 .td-item2 {\r\n                        background: url(https:\/\/likemetkovic.hr\/portal\/wp-content\/uploads\/2021\/11\/samozaposljavanje2-80x60.jpg) 0 0 no-repeat;\r\n                    }\r\n                <\/style>\r\n\r\n                <div id=\"tdi_1\" class=\"td-gallery td-slide-on-2-columns\">\r\n                    <div class=\"post_td_gallery\">\r\n                        <div class=\"td-gallery-slide-top\">\r\n                           <div class=\"td-gallery-title\"><\/div>\r\n\r\n                            <div class=\"td-gallery-controls-wrapper\">\r\n                                <div class=\"td-gallery-slide-count\"><span class=\"td-gallery-slide-item-focus\">1<\/span> of 2<\/div>\r\n                                <div class=\"td-gallery-slide-prev-next-but\">\r\n                                    <i class = \"td-icon-left doubleSliderPrevButton\"><\/i>\r\n                                    <i class = \"td-icon-right doubleSliderNextButton\"><\/i>\r\n                                <\/div>\r\n                            <\/div>\r\n                        <\/div>\r\n\r\n                        <div class = \"td-doubleSlider-1 \">\r\n                            <div class = \"td-slider\">\r\n                                \r\n                    <div class = \"td-slide-item td-item1\">\r\n                        <figure class=\"td-slide-galery-figure td-slide-popup-gallery\">\r\n                            <a class=\"slide-gallery-image-link\" href=\"https:\/\/likemetkovic.hr\/portal\/wp-content\/uploads\/2021\/11\/samozaposljavanje1.jpg\" title=\"samozaposljavanje1\"  data-caption=\"\"  data-description=\"\">\r\n                                <img decoding=\"async\" src=\"https:\/\/likemetkovic.hr\/portal\/wp-content\/uploads\/2021\/11\/samozaposljavanje1-842x420.jpg\" srcset=\"https:\/\/likemetkovic.hr\/portal\/wp-content\/uploads\/2021\/11\/samozaposljavanje1-842x420.jpg 842w, https:\/\/likemetkovic.hr\/portal\/wp-content\/uploads\/2021\/11\/samozaposljavanje1-800x399.jpg 800w, https:\/\/likemetkovic.hr\/portal\/wp-content\/uploads\/2021\/11\/samozaposljavanje1-768x383.jpg 768w, https:\/\/likemetkovic.hr\/portal\/wp-content\/uploads\/2021\/11\/samozaposljavanje1-696x347.jpg 696w, https:\/\/likemetkovic.hr\/portal\/wp-content\/uploads\/2021\/11\/samozaposljavanje1.jpg 900w\" sizes=\"(max-width: 842px) 100vw, 842px\" alt=\"\">\r\n                            <\/a>\r\n                            \r\n                        <\/figure>\r\n                    <\/div>\r\n                    <div class = \"td-slide-item td-item2\">\r\n                        <figure class=\"td-slide-galery-figure td-slide-popup-gallery\">\r\n                            <a class=\"slide-gallery-image-link\" href=\"https:\/\/likemetkovic.hr\/portal\/wp-content\/uploads\/2021\/11\/samozaposljavanje2.jpg\" title=\"samozaposljavanje2\"  data-caption=\"\"  data-description=\"\">\r\n                                <img decoding=\"async\" src=\"https:\/\/likemetkovic.hr\/portal\/wp-content\/uploads\/2021\/11\/samozaposljavanje2-667x420.jpg\" srcset=\"https:\/\/likemetkovic.hr\/portal\/wp-content\/uploads\/2021\/11\/samozaposljavanje2-667x420.jpg 667w, https:\/\/likemetkovic.hr\/portal\/wp-content\/uploads\/2021\/11\/samozaposljavanje2-768x484.jpg 768w, https:\/\/likemetkovic.hr\/portal\/wp-content\/uploads\/2021\/11\/samozaposljavanje2-696x438.jpg 696w, https:\/\/likemetkovic.hr\/portal\/wp-content\/uploads\/2021\/11\/samozaposljavanje2.jpg 800w\" sizes=\"(max-width: 667px) 100vw, 667px\" alt=\"\">\r\n                            <\/a>\r\n                            \r\n                        <\/figure>\r\n                    <\/div>\r\n                            <\/div>\r\n                        <\/div>\r\n\r\n                        <div class = \"td-doubleSlider-2\">\r\n                            <div class = \"td-slider\">\r\n                                \r\n                    <div class = \"td-button td-item1\">\r\n                        <div class = \"td-border\"><\/div>\r\n                    <\/div>\r\n                    <div class = \"td-button td-item2\">\r\n                        <div class = \"td-border\"><\/div>\r\n                    <\/div>\r\n                            <\/div>\r\n                        <\/div>\r\n\r\n                    <\/div>\r\n\r\n                <\/div>\r\n                \n<p>Nositelj programa je udruga\u00a0<em><strong>DOBRA<\/strong><\/em>, dok su partneri <strong>Centar za socijalnu skrb Metkovi\u0107 <\/strong>i <strong>Grad Metkovi\u0107<\/strong>.<\/p>\n<p>Program se financira sredstvima Ministarstvo rada, mirovinskoga sustava, obitelji i socijalne politike.<\/p>\n","protected":false},"excerpt":{"rendered":"<p>U tijeku je stru\u010dno osposobljavanje u sklopu provedbe druge godine trogodi\u0161njeg programa\u00a0Od obrazovanja do zapo\u0161ljavanja br. 2. Cilj programa je smanjenje socijalne isklju\u010denosti drugih socijalno osjetljivih skupina kao \u0161to su \u017eene starije od 40 godina i\/ili nezaposlene \u017eene sa podru\u010dja doline Neretve, te ruralnih podru\u010dja Dubrova\u010dko neretvanske \u017eupanije i Splitsko dalmatinske \u017eupanije, a kojeg provodi [&hellip;]<\/p>\n","protected":false},"author":7,"featured_media":124976,"comment_status":"open","ping_status":"open","sticky":false,"template":"","format":"standard","meta":{"footnotes":""},"categories":[296,95],"tags":[617,628],"class_list":{"0":"post-124975","1":"post","2":"type-post","3":"status-publish","4":"format-standard","5":"has-post-thumbnail","7":"category-ab","8":"category-udruge","9":"tag-udruga-dobra","10":"tag-zaposljavanje"},"yoast_head":"<!-- This site is optimized with the Yoast SEO plugin v25.2 - https:\/\/yoast.com\/wordpress\/plugins\/seo\/ -->\n<title>U tijeku je stru\u010dno osposobljavanje &#039;Od obrazovanja do zapo\u0161ljavanja&#039; - likemetkovic.hr<\/title>\n<meta name=\"robots\" content=\"index, follow, max-snippet:-1, max-image-preview:large, max-video-preview:-1\" \/>\n<link rel=\"canonical\" href=\"https:\/\/likemetkovic.hr\/u-tijeku-je-strucno-osposobljavanje-od-obrazovanja-do-zaposljavanja\/\" \/>\n<meta property=\"og:locale\" content=\"hr_HR\" \/>\n<meta property=\"og:type\" content=\"article\" \/>\n<meta property=\"og:title\" content=\"U tijeku je stru\u010dno osposobljavanje &#039;Od obrazovanja do zapo\u0161ljavanja&#039; - likemetkovic.hr\" \/>\n<meta property=\"og:description\" content=\"U tijeku je stru\u010dno osposobljavanje u sklopu provedbe druge godine trogodi\u0161njeg programa\u00a0Od obrazovanja do zapo\u0161ljavanja br. 2. Cilj programa je smanjenje socijalne isklju\u010denosti drugih socijalno osjetljivih skupina kao \u0161to su \u017eene starije od 40 godina i\/ili nezaposlene \u017eene sa podru\u010dja doline Neretve, te ruralnih podru\u010dja Dubrova\u010dko neretvanske \u017eupanije i Splitsko dalmatinske \u017eupanije, a kojeg provodi [&hellip;]\" \/>\n<meta property=\"og:url\" content=\"https:\/\/likemetkovic.hr\/u-tijeku-je-strucno-osposobljavanje-od-obrazovanja-do-zaposljavanja\/\" \/>\n<meta property=\"og:site_name\" content=\"likemetkovic.hr\" \/>\n<meta property=\"article:publisher\" content=\"https:\/\/www.facebook.com\/likemetkovic.hr\/\" \/>\n<meta property=\"article:published_time\" content=\"2021-11-10T13:44:02+00:00\" \/>\n<meta property=\"og:image\" content=\"https:\/\/likemetkovic.hr\/wp-content\/uploads\/2021\/11\/samozaposljavanje1.jpg\" \/>\n\t<meta property=\"og:image:width\" content=\"900\" \/>\n\t<meta property=\"og:image:height\" content=\"449\" \/>\n\t<meta property=\"og:image:type\" content=\"image\/jpeg\" \/>\n<meta name=\"author\" content=\"LIKEmetkovic.hr\" \/>\n<meta name=\"twitter:card\" content=\"summary_large_image\" \/>\n<meta name=\"twitter:label1\" content=\"Napisao\/la\" \/>\n\t<meta name=\"twitter:data1\" content=\"LIKEmetkovic.hr\" \/>\n\t<meta name=\"twitter:label2\" content=\"Procijenjeno vrijeme \u010ditanja\" \/>\n\t<meta name=\"twitter:data2\" content=\"1 minuta\" \/>\n<script type=\"application\/ld+json\" class=\"yoast-schema-graph\">{\"@context\":\"https:\/\/schema.org\",\"@graph\":[{\"@type\":\"WebPage\",\"@id\":\"https:\/\/likemetkovic.hr\/u-tijeku-je-strucno-osposobljavanje-od-obrazovanja-do-zaposljavanja\/\",\"url\":\"https:\/\/likemetkovic.hr\/u-tijeku-je-strucno-osposobljavanje-od-obrazovanja-do-zaposljavanja\/\",\"name\":\"U tijeku je stru\u010dno osposobljavanje 'Od obrazovanja do zapo\u0161ljavanja' - likemetkovic.hr\",\"isPartOf\":{\"@id\":\"https:\/\/likemetkovic.hr\/#website\"},\"primaryImageOfPage\":{\"@id\":\"https:\/\/likemetkovic.hr\/u-tijeku-je-strucno-osposobljavanje-od-obrazovanja-do-zaposljavanja\/#primaryimage\"},\"image\":{\"@id\":\"https:\/\/likemetkovic.hr\/u-tijeku-je-strucno-osposobljavanje-od-obrazovanja-do-zaposljavanja\/#primaryimage\"},\"thumbnailUrl\":\"https:\/\/likemetkovic.hr\/portal\/wp-content\/uploads\/2021\/11\/samozaposljavanje1.jpg\",\"datePublished\":\"2021-11-10T13:44:02+00:00\",\"author\":{\"@id\":\"https:\/\/likemetkovic.hr\/#\/schema\/person\/a42711f3385a0e2be6f7e0443bfb28f0\"},\"breadcrumb\":{\"@id\":\"https:\/\/likemetkovic.hr\/u-tijeku-je-strucno-osposobljavanje-od-obrazovanja-do-zaposljavanja\/#breadcrumb\"},\"inLanguage\":\"hr\",\"potentialAction\":[{\"@type\":\"ReadAction\",\"target\":[\"https:\/\/likemetkovic.hr\/u-tijeku-je-strucno-osposobljavanje-od-obrazovanja-do-zaposljavanja\/\"]}]},{\"@type\":\"ImageObject\",\"inLanguage\":\"hr\",\"@id\":\"https:\/\/likemetkovic.hr\/u-tijeku-je-strucno-osposobljavanje-od-obrazovanja-do-zaposljavanja\/#primaryimage\",\"url\":\"https:\/\/likemetkovic.hr\/portal\/wp-content\/uploads\/2021\/11\/samozaposljavanje1.jpg\",\"contentUrl\":\"https:\/\/likemetkovic.hr\/portal\/wp-content\/uploads\/2021\/11\/samozaposljavanje1.jpg\",\"width\":900,\"height\":449},{\"@type\":\"BreadcrumbList\",\"@id\":\"https:\/\/likemetkovic.hr\/u-tijeku-je-strucno-osposobljavanje-od-obrazovanja-do-zaposljavanja\/#breadcrumb\",\"itemListElement\":[{\"@type\":\"ListItem\",\"position\":1,\"name\":\"Po\u010detna stranica\",\"item\":\"https:\/\/likemetkovic.hr\/portal\/\"},{\"@type\":\"ListItem\",\"position\":2,\"name\":\"U tijeku je stru\u010dno osposobljavanje &#8216;Od obrazovanja do zapo\u0161ljavanja&#8217;\"}]},{\"@type\":\"WebSite\",\"@id\":\"https:\/\/likemetkovic.hr\/#website\",\"url\":\"https:\/\/likemetkovic.hr\/\",\"name\":\"likemetkovic.hr\",\"description\":\"Misli pozitivno... \u010ditaj LIKE\",\"potentialAction\":[{\"@type\":\"SearchAction\",\"target\":{\"@type\":\"EntryPoint\",\"urlTemplate\":\"https:\/\/likemetkovic.hr\/?s={search_term_string}\"},\"query-input\":{\"@type\":\"PropertyValueSpecification\",\"valueRequired\":true,\"valueName\":\"search_term_string\"}}],\"inLanguage\":\"hr\"},{\"@type\":\"Person\",\"@id\":\"https:\/\/likemetkovic.hr\/#\/schema\/person\/a42711f3385a0e2be6f7e0443bfb28f0\",\"name\":\"LIKEmetkovic.hr\",\"sameAs\":[\"http:\/\/likemetkovic.hr\"],\"url\":\"https:\/\/likemetkovic.hr\/portal\/author\/likemetkovic-hr\/\"}]}<\/script>\n<!-- \/ Yoast SEO plugin. -->","yoast_head_json":{"title":"U tijeku je stru\u010dno osposobljavanje 'Od obrazovanja do zapo\u0161ljavanja' - likemetkovic.hr","robots":{"index":"index","follow":"follow","max-snippet":"max-snippet:-1","max-image-preview":"max-image-preview:large","max-video-preview":"max-video-preview:-1"},"canonical":"https:\/\/likemetkovic.hr\/u-tijeku-je-strucno-osposobljavanje-od-obrazovanja-do-zaposljavanja\/","og_locale":"hr_HR","og_type":"article","og_title":"U tijeku je stru\u010dno osposobljavanje 'Od obrazovanja do zapo\u0161ljavanja' - likemetkovic.hr","og_description":"U tijeku je stru\u010dno osposobljavanje u sklopu provedbe druge godine trogodi\u0161njeg programa\u00a0Od obrazovanja do zapo\u0161ljavanja br. 2. Cilj programa je smanjenje socijalne isklju\u010denosti drugih socijalno osjetljivih skupina kao \u0161to su \u017eene starije od 40 godina i\/ili nezaposlene \u017eene sa podru\u010dja doline Neretve, te ruralnih podru\u010dja Dubrova\u010dko neretvanske \u017eupanije i Splitsko dalmatinske \u017eupanije, a kojeg provodi [&hellip;]","og_url":"https:\/\/likemetkovic.hr\/u-tijeku-je-strucno-osposobljavanje-od-obrazovanja-do-zaposljavanja\/","og_site_name":"likemetkovic.hr","article_publisher":"https:\/\/www.facebook.com\/likemetkovic.hr\/","article_published_time":"2021-11-10T13:44:02+00:00","og_image":[{"width":900,"height":449,"url":"https:\/\/likemetkovic.hr\/wp-content\/uploads\/2021\/11\/samozaposljavanje1.jpg","type":"image\/jpeg"}],"author":"LIKEmetkovic.hr","twitter_card":"summary_large_image","twitter_misc":{"Napisao\/la":"LIKEmetkovic.hr","Procijenjeno vrijeme \u010ditanja":"1 minuta"},"schema":{"@context":"https:\/\/schema.org","@graph":[{"@type":"WebPage","@id":"https:\/\/likemetkovic.hr\/u-tijeku-je-strucno-osposobljavanje-od-obrazovanja-do-zaposljavanja\/","url":"https:\/\/likemetkovic.hr\/u-tijeku-je-strucno-osposobljavanje-od-obrazovanja-do-zaposljavanja\/","name":"U tijeku je stru\u010dno osposobljavanje 'Od obrazovanja do zapo\u0161ljavanja' - likemetkovic.hr","isPartOf":{"@id":"https:\/\/likemetkovic.hr\/#website"},"primaryImageOfPage":{"@id":"https:\/\/likemetkovic.hr\/u-tijeku-je-strucno-osposobljavanje-od-obrazovanja-do-zaposljavanja\/#primaryimage"},"image":{"@id":"https:\/\/likemetkovic.hr\/u-tijeku-je-strucno-osposobljavanje-od-obrazovanja-do-zaposljavanja\/#primaryimage"},"thumbnailUrl":"https:\/\/likemetkovic.hr\/portal\/wp-content\/uploads\/2021\/11\/samozaposljavanje1.jpg","datePublished":"2021-11-10T13:44:02+00:00","author":{"@id":"https:\/\/likemetkovic.hr\/#\/schema\/person\/a42711f3385a0e2be6f7e0443bfb28f0"},"breadcrumb":{"@id":"https:\/\/likemetkovic.hr\/u-tijeku-je-strucno-osposobljavanje-od-obrazovanja-do-zaposljavanja\/#breadcrumb"},"inLanguage":"hr","potentialAction":[{"@type":"ReadAction","target":["https:\/\/likemetkovic.hr\/u-tijeku-je-strucno-osposobljavanje-od-obrazovanja-do-zaposljavanja\/"]}]},{"@type":"ImageObject","inLanguage":"hr","@id":"https:\/\/likemetkovic.hr\/u-tijeku-je-strucno-osposobljavanje-od-obrazovanja-do-zaposljavanja\/#primaryimage","url":"https:\/\/likemetkovic.hr\/portal\/wp-content\/uploads\/2021\/11\/samozaposljavanje1.jpg","contentUrl":"https:\/\/likemetkovic.hr\/portal\/wp-content\/uploads\/2021\/11\/samozaposljavanje1.jpg","width":900,"height":449},{"@type":"BreadcrumbList","@id":"https:\/\/likemetkovic.hr\/u-tijeku-je-strucno-osposobljavanje-od-obrazovanja-do-zaposljavanja\/#breadcrumb","itemListElement":[{"@type":"ListItem","position":1,"name":"Po\u010detna stranica","item":"https:\/\/likemetkovic.hr\/portal\/"},{"@type":"ListItem","position":2,"name":"U tijeku je stru\u010dno osposobljavanje &#8216;Od obrazovanja do zapo\u0161ljavanja&#8217;"}]},{"@type":"WebSite","@id":"https:\/\/likemetkovic.hr\/#website","url":"https:\/\/likemetkovic.hr\/","name":"likemetkovic.hr","description":"Misli pozitivno... \u010ditaj LIKE","potentialAction":[{"@type":"SearchAction","target":{"@type":"EntryPoint","urlTemplate":"https:\/\/likemetkovic.hr\/?s={search_term_string}"},"query-input":{"@type":"PropertyValueSpecification","valueRequired":true,"valueName":"search_term_string"}}],"inLanguage":"hr"},{"@type":"Person","@id":"https:\/\/likemetkovic.hr\/#\/schema\/person\/a42711f3385a0e2be6f7e0443bfb28f0","name":"LIKEmetkovic.hr","sameAs":["http:\/\/likemetkovic.hr"],"url":"https:\/\/likemetkovic.hr\/portal\/author\/likemetkovic-hr\/"}]}},"_links":{"self":[{"href":"https:\/\/likemetkovic.hr\/portal\/wp-json\/wp\/v2\/posts\/124975","targetHints":{"allow":["GET"]}}],"collection":[{"href":"https:\/\/likemetkovic.hr\/portal\/wp-json\/wp\/v2\/posts"}],"about":[{"href":"https:\/\/likemetkovic.hr\/portal\/wp-json\/wp\/v2\/types\/post"}],"author":[{"embeddable":true,"href":"https:\/\/likemetkovic.hr\/portal\/wp-json\/wp\/v2\/users\/7"}],"replies":[{"embeddable":true,"href":"https:\/\/likemetkovic.hr\/portal\/wp-json\/wp\/v2\/comments?post=124975"}],"version-history":[{"count":0,"href":"https:\/\/likemetkovic.hr\/portal\/wp-json\/wp\/v2\/posts\/124975\/revisions"}],"wp:featuredmedia":[{"embeddable":true,"href":"https:\/\/likemetkovic.hr\/portal\/wp-json\/wp\/v2\/media\/124976"}],"wp:attachment":[{"href":"https:\/\/likemetkovic.hr\/portal\/wp-json\/wp\/v2\/media?parent=124975"}],"wp:term":[{"taxonomy":"category","embeddable":true,"href":"https:\/\/likemetkovic.hr\/portal\/wp-json\/wp\/v2\/categories?post=124975"},{"taxonomy":"post_tag","embeddable":true,"href":"https:\/\/likemetkovic.hr\/portal\/wp-json\/wp\/v2\/tags?post=124975"}],"curies":[{"name":"wp","href":"https:\/\/api.w.org\/{rel}","templated":true}]}}