{"id":125017,"date":"2021-11-11T17:56:37","date_gmt":"2021-11-11T16:56:37","guid":{"rendered":"https:\/\/likemetkovic.hr\/?p=125017"},"modified":"2021-11-12T08:21:39","modified_gmt":"2021-11-12T07:21:39","slug":"fuchs-covid-potvrde-u-skolama-od-utorka-objasnio-kako-ce-sve-funkcionirati","status":"publish","type":"post","link":"https:\/\/likemetkovic.hr\/portal\/fuchs-covid-potvrde-u-skolama-od-utorka-objasnio-kako-ce-sve-funkcionirati\/","title":{"rendered":"Fuchs: COVID-potvrde u \u0161kolama od utorka. Objasnio kako \u0107e sve funkcionirati"},"content":{"rendered":"<p>Ministar je rekao da \u0107e mjere stupiti na snagu u utorak, 16. studenog.<\/p>\n<p>\u201cSve javne slu\u017ebe, u na\u0161em slu\u010daju to zna\u010di sve \u0161kole, sve visoko\u0161kolske ustanove i instituti \u0107e trebati provjeravati imaju li zaposlenici COVID-potvrde ili neke druge dokumente kojima \u0107e dokazati preboljenje. Bit \u0107e sigurno osiguran dovoljan broj mjesta za testiranje. Moramo svima koji to moraju obaviti, osigurati da \u0161to lak\u0161e i bli\u017ee moraju provesti testiranje. Predo\u010denje o mogu\u0107nosti ulaska u prostore javnih zgrada provjeravat \u0107e se dva puta tjedno\u201d, obja\u0161njava Fuchs.<\/p>\n<h4>\u201cRavnatelji itekako voljni sudjelovati\u201d<\/h4>\n<p>Ministar je kazao da \u0107e ravnatelji poslo\u017eiti samo odvijanje cijelog procesa kontroliranja COVID-potvrda i testiranja zaposlenika.<\/p>\n<p>\u201cKontrolu \u0107e obavljati same institucije. Mo\u017eda je to nama organizacijski ne\u0161to jednostavnije jer imamo \u010dita\u010de na vratima koje se mogu programirati na na\u010din da se COVID-potvrdom mo\u017ee omogu\u0107it ulaz. U \u0161kolama imamo osoblja koje se mo\u017ee u tom smislu poslo\u017eiti. Ja sam bio neki dan na skupu ravnatelja osnovnih \u0161kola i stekao sam utisak da su itekako sposobni i voljni sudjelovati u ukupnoj borbi protiv pandemije\u201d, govori.<\/p>\n<p>Pojasnio je kako \u0107e se zaposlenici mo\u0107i testirati u \u0161kolama i izvan \u0161kole.<\/p>\n<p>\u201cJa mislim da nemamo ba\u0161 \u0161kola u kojima \u0107e biti jako puno nastavnika koje \u0107e trebati testirati. Ipak je procijepljenost u obrazovnom sustavu porasla zadnjih nekoliko tjedana, sad smo na razini od 74 cijela ne\u0161to posto\u201d, rekao je ministar.<\/p>\n<h4>\u0160to \u0107e biti s onima koji odbiju testiranje?<\/h4>\n<p>Napomenuo je da osobno ne mo\u017ee razumjeti za\u0161to se netko ne bi htio testirati, ali da ako netko odbije testiranje ta osoba ne\u0107e mo\u0107i u\u0107i u radni prostor.<\/p>\n<p>Iako su neki fakulteti ve\u0107 najavili da \u0107e tra\u017eiti COVID-potvrde i od studenata, ministar ka\u017ee da odlukom Sto\u017eera nije predvi\u0111eno da studenti moraju dokazivati svoj status COVID-potvrdama.<\/p>\n<p>\u201cOsim za one kategorije koje moraju obavljati praksu u okviru svoje edukacije u institucijama u kojima je to nu\u017eno (studenti medicine, studenti sestrinstva i studenti u\u010diteljskih fakulteta koji odlaze na nastavu u u\u010dionice)\u201d, isti\u010de.<\/p>\n<p>&#8220;Testiranje \u0107e za sve dr\u017eavne zaposlenike i za sve javne slu\u017ebenike biti besplatno, odnosno tro\u0161kove \u0107e snositi dr\u017eavni prora\u010dun&#8221;, pojasnio je ministar.<\/p>\n<p>\u201cNajvjerojatnije \u0107e \u0161kole na kraju mjeseca fakturirati iznos, a mi \u0107emo onda ispla\u0107ivati\u201d, kazao je.<\/p>\n","protected":false},"excerpt":{"rendered":"<p>Ministar je rekao da \u0107e mjere stupiti na snagu u utorak, 16. studenog. \u201cSve javne slu\u017ebe, u na\u0161em slu\u010daju to zna\u010di sve \u0161kole, sve visoko\u0161kolske ustanove i instituti \u0107e trebati provjeravati imaju li zaposlenici COVID-potvrde ili neke druge dokumente kojima \u0107e dokazati preboljenje. Bit \u0107e sigurno osiguran dovoljan broj mjesta za testiranje. Moramo svima koji [&hellip;]<\/p>\n","protected":false},"author":7,"featured_media":106648,"comment_status":"open","ping_status":"open","sticky":false,"template":"","format":"standard","meta":{"footnotes":""},"categories":[296,1027],"tags":[9421,8015,5879],"class_list":{"0":"post-125017","1":"post","2":"type-post","3":"status-publish","4":"format-standard","5":"has-post-thumbnail","7":"category-ab","8":"category-hrvatska","9":"tag-covid-potvrda","10":"tag-radovan-fuchs","11":"tag-skolstvo"},"yoast_head":"<!-- This site is optimized with the Yoast SEO plugin v25.2 - https:\/\/yoast.com\/wordpress\/plugins\/seo\/ -->\n<title>Fuchs: COVID-potvrde u \u0161kolama od utorka. Objasnio kako \u0107e sve funkcionirati - likemetkovic.hr<\/title>\n<meta name=\"robots\" content=\"index, follow, max-snippet:-1, max-image-preview:large, max-video-preview:-1\" \/>\n<link rel=\"canonical\" href=\"https:\/\/likemetkovic.hr\/fuchs-covid-potvrde-u-skolama-od-utorka-objasnio-kako-ce-sve-funkcionirati\/\" \/>\n<meta property=\"og:locale\" content=\"hr_HR\" \/>\n<meta property=\"og:type\" content=\"article\" \/>\n<meta property=\"og:title\" content=\"Fuchs: COVID-potvrde u \u0161kolama od utorka. Objasnio kako \u0107e sve funkcionirati - likemetkovic.hr\" \/>\n<meta property=\"og:description\" content=\"Ministar je rekao da \u0107e mjere stupiti na snagu u utorak, 16. studenog. \u201cSve javne slu\u017ebe, u na\u0161em slu\u010daju to zna\u010di sve \u0161kole, sve visoko\u0161kolske ustanove i instituti \u0107e trebati provjeravati imaju li zaposlenici COVID-potvrde ili neke druge dokumente kojima \u0107e dokazati preboljenje. Bit \u0107e sigurno osiguran dovoljan broj mjesta za testiranje. Moramo svima koji [&hellip;]\" \/>\n<meta property=\"og:url\" content=\"https:\/\/likemetkovic.hr\/fuchs-covid-potvrde-u-skolama-od-utorka-objasnio-kako-ce-sve-funkcionirati\/\" \/>\n<meta property=\"og:site_name\" content=\"likemetkovic.hr\" \/>\n<meta property=\"article:publisher\" content=\"https:\/\/www.facebook.com\/likemetkovic.hr\/\" \/>\n<meta property=\"article:published_time\" content=\"2021-11-11T16:56:37+00:00\" \/>\n<meta property=\"article:modified_time\" content=\"2021-11-12T07:21:39+00:00\" \/>\n<meta property=\"og:image\" content=\"https:\/\/likemetkovic.hr\/wp-content\/uploads\/2020\/08\/radovan-fuchs-840x472-1.jpg\" \/>\n\t<meta property=\"og:image:width\" content=\"840\" \/>\n\t<meta property=\"og:image:height\" content=\"472\" \/>\n\t<meta property=\"og:image:type\" content=\"image\/jpeg\" \/>\n<meta name=\"author\" content=\"LIKEmetkovic.hr\" \/>\n<meta name=\"twitter:card\" content=\"summary_large_image\" \/>\n<meta name=\"twitter:label1\" content=\"Napisao\/la\" \/>\n\t<meta name=\"twitter:data1\" content=\"LIKEmetkovic.hr\" \/>\n\t<meta name=\"twitter:label2\" content=\"Procijenjeno vrijeme \u010ditanja\" \/>\n\t<meta name=\"twitter:data2\" content=\"2 minute\" \/>\n<script type=\"application\/ld+json\" class=\"yoast-schema-graph\">{\"@context\":\"https:\/\/schema.org\",\"@graph\":[{\"@type\":\"WebPage\",\"@id\":\"https:\/\/likemetkovic.hr\/fuchs-covid-potvrde-u-skolama-od-utorka-objasnio-kako-ce-sve-funkcionirati\/\",\"url\":\"https:\/\/likemetkovic.hr\/fuchs-covid-potvrde-u-skolama-od-utorka-objasnio-kako-ce-sve-funkcionirati\/\",\"name\":\"Fuchs: COVID-potvrde u \u0161kolama od utorka. Objasnio kako \u0107e sve funkcionirati - likemetkovic.hr\",\"isPartOf\":{\"@id\":\"https:\/\/likemetkovic.hr\/#website\"},\"primaryImageOfPage\":{\"@id\":\"https:\/\/likemetkovic.hr\/fuchs-covid-potvrde-u-skolama-od-utorka-objasnio-kako-ce-sve-funkcionirati\/#primaryimage\"},\"image\":{\"@id\":\"https:\/\/likemetkovic.hr\/fuchs-covid-potvrde-u-skolama-od-utorka-objasnio-kako-ce-sve-funkcionirati\/#primaryimage\"},\"thumbnailUrl\":\"https:\/\/likemetkovic.hr\/portal\/wp-content\/uploads\/2020\/08\/radovan-fuchs-840x472-1.jpg\",\"datePublished\":\"2021-11-11T16:56:37+00:00\",\"dateModified\":\"2021-11-12T07:21:39+00:00\",\"author\":{\"@id\":\"https:\/\/likemetkovic.hr\/#\/schema\/person\/a42711f3385a0e2be6f7e0443bfb28f0\"},\"breadcrumb\":{\"@id\":\"https:\/\/likemetkovic.hr\/fuchs-covid-potvrde-u-skolama-od-utorka-objasnio-kako-ce-sve-funkcionirati\/#breadcrumb\"},\"inLanguage\":\"hr\",\"potentialAction\":[{\"@type\":\"ReadAction\",\"target\":[\"https:\/\/likemetkovic.hr\/fuchs-covid-potvrde-u-skolama-od-utorka-objasnio-kako-ce-sve-funkcionirati\/\"]}]},{\"@type\":\"ImageObject\",\"inLanguage\":\"hr\",\"@id\":\"https:\/\/likemetkovic.hr\/fuchs-covid-potvrde-u-skolama-od-utorka-objasnio-kako-ce-sve-funkcionirati\/#primaryimage\",\"url\":\"https:\/\/likemetkovic.hr\/portal\/wp-content\/uploads\/2020\/08\/radovan-fuchs-840x472-1.jpg\",\"contentUrl\":\"https:\/\/likemetkovic.hr\/portal\/wp-content\/uploads\/2020\/08\/radovan-fuchs-840x472-1.jpg\",\"width\":840,\"height\":472},{\"@type\":\"BreadcrumbList\",\"@id\":\"https:\/\/likemetkovic.hr\/fuchs-covid-potvrde-u-skolama-od-utorka-objasnio-kako-ce-sve-funkcionirati\/#breadcrumb\",\"itemListElement\":[{\"@type\":\"ListItem\",\"position\":1,\"name\":\"Po\u010detna stranica\",\"item\":\"https:\/\/likemetkovic.hr\/portal\/\"},{\"@type\":\"ListItem\",\"position\":2,\"name\":\"Fuchs: COVID-potvrde u \u0161kolama od utorka. Objasnio kako \u0107e sve funkcionirati\"}]},{\"@type\":\"WebSite\",\"@id\":\"https:\/\/likemetkovic.hr\/#website\",\"url\":\"https:\/\/likemetkovic.hr\/\",\"name\":\"likemetkovic.hr\",\"description\":\"Misli pozitivno... \u010ditaj LIKE\",\"potentialAction\":[{\"@type\":\"SearchAction\",\"target\":{\"@type\":\"EntryPoint\",\"urlTemplate\":\"https:\/\/likemetkovic.hr\/?s={search_term_string}\"},\"query-input\":{\"@type\":\"PropertyValueSpecification\",\"valueRequired\":true,\"valueName\":\"search_term_string\"}}],\"inLanguage\":\"hr\"},{\"@type\":\"Person\",\"@id\":\"https:\/\/likemetkovic.hr\/#\/schema\/person\/a42711f3385a0e2be6f7e0443bfb28f0\",\"name\":\"LIKEmetkovic.hr\",\"sameAs\":[\"http:\/\/likemetkovic.hr\"],\"url\":\"https:\/\/likemetkovic.hr\/portal\/author\/likemetkovic-hr\/\"}]}<\/script>\n<!-- \/ Yoast SEO plugin. -->","yoast_head_json":{"title":"Fuchs: COVID-potvrde u \u0161kolama od utorka. Objasnio kako \u0107e sve funkcionirati - likemetkovic.hr","robots":{"index":"index","follow":"follow","max-snippet":"max-snippet:-1","max-image-preview":"max-image-preview:large","max-video-preview":"max-video-preview:-1"},"canonical":"https:\/\/likemetkovic.hr\/fuchs-covid-potvrde-u-skolama-od-utorka-objasnio-kako-ce-sve-funkcionirati\/","og_locale":"hr_HR","og_type":"article","og_title":"Fuchs: COVID-potvrde u \u0161kolama od utorka. Objasnio kako \u0107e sve funkcionirati - likemetkovic.hr","og_description":"Ministar je rekao da \u0107e mjere stupiti na snagu u utorak, 16. studenog. \u201cSve javne slu\u017ebe, u na\u0161em slu\u010daju to zna\u010di sve \u0161kole, sve visoko\u0161kolske ustanove i instituti \u0107e trebati provjeravati imaju li zaposlenici COVID-potvrde ili neke druge dokumente kojima \u0107e dokazati preboljenje. Bit \u0107e sigurno osiguran dovoljan broj mjesta za testiranje. Moramo svima koji [&hellip;]","og_url":"https:\/\/likemetkovic.hr\/fuchs-covid-potvrde-u-skolama-od-utorka-objasnio-kako-ce-sve-funkcionirati\/","og_site_name":"likemetkovic.hr","article_publisher":"https:\/\/www.facebook.com\/likemetkovic.hr\/","article_published_time":"2021-11-11T16:56:37+00:00","article_modified_time":"2021-11-12T07:21:39+00:00","og_image":[{"width":840,"height":472,"url":"https:\/\/likemetkovic.hr\/wp-content\/uploads\/2020\/08\/radovan-fuchs-840x472-1.jpg","type":"image\/jpeg"}],"author":"LIKEmetkovic.hr","twitter_card":"summary_large_image","twitter_misc":{"Napisao\/la":"LIKEmetkovic.hr","Procijenjeno vrijeme \u010ditanja":"2 minute"},"schema":{"@context":"https:\/\/schema.org","@graph":[{"@type":"WebPage","@id":"https:\/\/likemetkovic.hr\/fuchs-covid-potvrde-u-skolama-od-utorka-objasnio-kako-ce-sve-funkcionirati\/","url":"https:\/\/likemetkovic.hr\/fuchs-covid-potvrde-u-skolama-od-utorka-objasnio-kako-ce-sve-funkcionirati\/","name":"Fuchs: COVID-potvrde u \u0161kolama od utorka. Objasnio kako \u0107e sve funkcionirati - likemetkovic.hr","isPartOf":{"@id":"https:\/\/likemetkovic.hr\/#website"},"primaryImageOfPage":{"@id":"https:\/\/likemetkovic.hr\/fuchs-covid-potvrde-u-skolama-od-utorka-objasnio-kako-ce-sve-funkcionirati\/#primaryimage"},"image":{"@id":"https:\/\/likemetkovic.hr\/fuchs-covid-potvrde-u-skolama-od-utorka-objasnio-kako-ce-sve-funkcionirati\/#primaryimage"},"thumbnailUrl":"https:\/\/likemetkovic.hr\/portal\/wp-content\/uploads\/2020\/08\/radovan-fuchs-840x472-1.jpg","datePublished":"2021-11-11T16:56:37+00:00","dateModified":"2021-11-12T07:21:39+00:00","author":{"@id":"https:\/\/likemetkovic.hr\/#\/schema\/person\/a42711f3385a0e2be6f7e0443bfb28f0"},"breadcrumb":{"@id":"https:\/\/likemetkovic.hr\/fuchs-covid-potvrde-u-skolama-od-utorka-objasnio-kako-ce-sve-funkcionirati\/#breadcrumb"},"inLanguage":"hr","potentialAction":[{"@type":"ReadAction","target":["https:\/\/likemetkovic.hr\/fuchs-covid-potvrde-u-skolama-od-utorka-objasnio-kako-ce-sve-funkcionirati\/"]}]},{"@type":"ImageObject","inLanguage":"hr","@id":"https:\/\/likemetkovic.hr\/fuchs-covid-potvrde-u-skolama-od-utorka-objasnio-kako-ce-sve-funkcionirati\/#primaryimage","url":"https:\/\/likemetkovic.hr\/portal\/wp-content\/uploads\/2020\/08\/radovan-fuchs-840x472-1.jpg","contentUrl":"https:\/\/likemetkovic.hr\/portal\/wp-content\/uploads\/2020\/08\/radovan-fuchs-840x472-1.jpg","width":840,"height":472},{"@type":"BreadcrumbList","@id":"https:\/\/likemetkovic.hr\/fuchs-covid-potvrde-u-skolama-od-utorka-objasnio-kako-ce-sve-funkcionirati\/#breadcrumb","itemListElement":[{"@type":"ListItem","position":1,"name":"Po\u010detna stranica","item":"https:\/\/likemetkovic.hr\/portal\/"},{"@type":"ListItem","position":2,"name":"Fuchs: COVID-potvrde u \u0161kolama od utorka. Objasnio kako \u0107e sve funkcionirati"}]},{"@type":"WebSite","@id":"https:\/\/likemetkovic.hr\/#website","url":"https:\/\/likemetkovic.hr\/","name":"likemetkovic.hr","description":"Misli pozitivno... \u010ditaj LIKE","potentialAction":[{"@type":"SearchAction","target":{"@type":"EntryPoint","urlTemplate":"https:\/\/likemetkovic.hr\/?s={search_term_string}"},"query-input":{"@type":"PropertyValueSpecification","valueRequired":true,"valueName":"search_term_string"}}],"inLanguage":"hr"},{"@type":"Person","@id":"https:\/\/likemetkovic.hr\/#\/schema\/person\/a42711f3385a0e2be6f7e0443bfb28f0","name":"LIKEmetkovic.hr","sameAs":["http:\/\/likemetkovic.hr"],"url":"https:\/\/likemetkovic.hr\/portal\/author\/likemetkovic-hr\/"}]}},"_links":{"self":[{"href":"https:\/\/likemetkovic.hr\/portal\/wp-json\/wp\/v2\/posts\/125017","targetHints":{"allow":["GET"]}}],"collection":[{"href":"https:\/\/likemetkovic.hr\/portal\/wp-json\/wp\/v2\/posts"}],"about":[{"href":"https:\/\/likemetkovic.hr\/portal\/wp-json\/wp\/v2\/types\/post"}],"author":[{"embeddable":true,"href":"https:\/\/likemetkovic.hr\/portal\/wp-json\/wp\/v2\/users\/7"}],"replies":[{"embeddable":true,"href":"https:\/\/likemetkovic.hr\/portal\/wp-json\/wp\/v2\/comments?post=125017"}],"version-history":[{"count":0,"href":"https:\/\/likemetkovic.hr\/portal\/wp-json\/wp\/v2\/posts\/125017\/revisions"}],"wp:featuredmedia":[{"embeddable":true,"href":"https:\/\/likemetkovic.hr\/portal\/wp-json\/wp\/v2\/media\/106648"}],"wp:attachment":[{"href":"https:\/\/likemetkovic.hr\/portal\/wp-json\/wp\/v2\/media?parent=125017"}],"wp:term":[{"taxonomy":"category","embeddable":true,"href":"https:\/\/likemetkovic.hr\/portal\/wp-json\/wp\/v2\/categories?post=125017"},{"taxonomy":"post_tag","embeddable":true,"href":"https:\/\/likemetkovic.hr\/portal\/wp-json\/wp\/v2\/tags?post=125017"}],"curies":[{"name":"wp","href":"https:\/\/api.w.org\/{rel}","templated":true}]}}