{"id":125041,"date":"2021-11-12T18:47:03","date_gmt":"2021-11-12T17:47:03","guid":{"rendered":"https:\/\/likemetkovic.hr\/?p=125041"},"modified":"2021-11-12T18:47:03","modified_gmt":"2021-11-12T17:47:03","slug":"donosimo-detalje-od-utorka-obavezne-covid-potvrde-u-drzavnim-i-javnim-sluzbama","status":"publish","type":"post","link":"https:\/\/likemetkovic.hr\/portal\/donosimo-detalje-od-utorka-obavezne-covid-potvrde-u-drzavnim-i-javnim-sluzbama\/","title":{"rendered":"Donosimo detalje: od utorka obavezne COVID potvrde u dr\u017eavnim i javnim slu\u017ebama"},"content":{"rendered":"<p>U utorak, 16. studenoga, svi zaposleni u javnom sektoru du\u017eni su predo\u010diti digitalnu covid-potvrdu, odnosno dokaz o preboljenju, cijepljenju ili negativnom testu prilikom ulaska na posao. Isto se odnosi na sve gra\u0111ane starije od 16 godina koji trebaju usluge dr\u017eavnih i lokalnih institucija te tvrtki \u010diji su one osniva\u010di. Odluka nema ograni\u010denje trajanja, odnosno na snazi je do daljnjeg, pi\u0161e <a href=\"https:\/\/www.jutarnji.hr\/vijesti\/hrvatska\/stozer-objasnio-sve-sto-se-mijenja-od-utorka-donesena-i-vazna-odluka-o-izdavanju-potvrda-15119523\" target=\"_blank\" rel=\"noopener\">Jutarnji list<\/a>.<\/p>\n<p>Ipak, postoje neki izuzeci, tako da se odluka ne odnosi na u\u010denike prilikom dolaska u \u0161kolu. Da bi se izbjeglo odga\u0111anje sudskih procesa, tako\u0111er ne\u0107e biti nu\u017ena potvrda, ali morat \u0107e se pridr\u017eavati svih epidemiolo\u0161kih mjera, kao i maski s vi\u0161om za\u0161titom sigurnosti od medicinske ili platnene maske. Tako\u0111er, mo\u0107i \u0107e se u\u0107i u po\u0161tu bez negativnog testa, ali isklju\u010divo za po\u0161iljke koje se ti\u010du poziva na sudove i sli\u010dno.<\/p>\n<p>U odluci koja stupa na snagu stoji da su du\u017enosnici, slu\u017ebenici i zaposlenici obvezni EU potvrdu ili odgovaraju\u0107i dokaz predo\u010diti prilikom ulaska u prostorije i dati je na uvid osobi koju poslodavac odredi. Ista se odluka odnosi na sve stranke koje tu dolaze, sve pru\u017eatelje usluge koji pru\u017eaju usluge u tim prostorima ili druge osobe koje tu dolaze po bilo kojoj osnovi. Prema slu\u017ebenom dokumentu, od predo\u010denja covid-potvrde izuzeti su: studenti, u\u010denici, mla\u0111i od 16 godina, osobe koje dovode dijete ili u\u010denika u vrti\u0107 ili \u0161kolu, osobe koje prate osobu koja se ne mo\u017ee brinuti za sebe, osobe koje u podru\u010dje HZZO-a dolaze podi\u0107i svoju covid-potvrdu, korisnici po\u0161tanskih usluga koji moraju preuzeti po\u0161iljke \u010dije bi nepreuzimanje imalo pravne posljedice i osobe koje imaju kontraindikaciju na cjepivo.<\/p>\n<p>\u0160to se ti\u010de samih potvrda, njihova je valjanost 12 mjeseci od druge doze, odnosno 12 mjeseci od primitka tre\u0107e doze. Sve osobe koje su preboljele covid u posljednjih 12 mjeseci mogu dobiti potvrdu od lije\u010dnika i ona \u0107e se smatrati ispravnom, i to neovisno o tome je li nastala na temelju PCR-a, brzog antigenskog testa ili je osoba bila tzv. vjerojatni slu\u010daj.<\/p>\n<p>Prema nekim procjenama, smatra se da je oko 70 posto zaposlenih u javnom sektoru preboljelo covid ili su se testirali, a broj onih koji \u0107e trebati test je oko 110 tisu\u0107a. Osim njih, tu su i gra\u0111ani koji \u0107e trebati negativan test za ulazak u ustanove. Zbog toga, od 420 dosad registriranih laboratorija, Ministarstvo zdravstva \u0161iri broj testnih mjesta na 6407 i njima je danas poslan dopis. Tvrtke mogu osigurati testiranje u vlastitim prostorima, ali tada \u0107e potvrda vrijediti isklju\u010divo za ulazak na posao, odnosno ne\u0107e biti valjana 48 sati za odlazak na druga mjesta koja propisuju covid-potvrdu.<\/p>\n<p>Testirat \u0107e mo\u0107i svi &#8211; od ginekologa, ortopeda i ostalih lije\u010dnika do stomatologa i farmaceuta, no jo\u0161 uvijek nema povratne informacije koliko \u0107e njih pristati da kod njih bude testni punkt. Tako\u0111er, iz HZJZ-a i Ministarstva zdravstva navode da su osigurane dovoljne koli\u010dine brzih testova koji \u0107e se rasporediti po zavodima za javno zdravstvo diljem zemlje. Logi\u010dno je da, primjerice, ginekolozi, za razliku od ljekarni, nemaju pripremljene testove, stoga \u0107e ih morati hitno preuzeti.<\/p>\n<p>Kao \u0161to je prije re\u010deno, zaposlenici \u0107e sami platiti test, a novac \u0107e im se refundirati. No, kako ka\u017eu iz Sto\u017eera, oni ne mogu privatnicima odre\u0111ivati cijenu. Tako \u0107e brzi antigenski test u dr\u017eavnim institucijama stajati oko 105 kuna, a u privatnima stoji i vi\u0161e od 150 kuna.<\/p>\n<p>Potpredsjednik Vlade i \u0161ef Nacionalnog sto\u017eera\u00a0<strong>Davor Bo\u017einovi\u0107\u00a0<\/strong>dao je preporuku privatnim tvrtkama da uvedu covid-potvrdu, ali njihove tro\u0161kove ne\u0107e pokrivati dr\u017eava. Bo\u017einovi\u0107 smatra da zdravlje nema cijenu.<\/p>\n<p>&#8211; Svi \u0107e se morati testirati najmanje dva puta tjedno. Oni na koje se odnosi odluka, mo\u0107i \u0107e se testirati na 6407 testnih mjesta, a popis mjesta je na slu\u017ebenim stranicama HZJZ-a. Mjera se uvodi iz epidemiolo\u0161kih razloga, a covid-potvrda je dokaz da je osoba cijepljena, negativna ili je preboljela covid. Oni koji odbiju pokazati covid-potvrdu ili odbiju testiranje, ne\u0107e mo\u0107i u\u0107i u prostorije &#8211; izjavio je Bo\u017einovi\u0107.<\/p>\n<p>Ministar zdravstva\u00a0<strong>Vili Bero\u0161<\/strong>\u00a0rekao je da uvo\u0111enje covid-potvrda nije ukidanje sloboda.<\/p>\n<p>&#8211; Ova mjera se mo\u017ee usporediti sa slobodom upravljanja autom kad se moramo pridr\u017eavati pravila. Prolazak kroz crveno nije ljudsko pravo. Pridr\u017eavamo se mjera da se za\u0161titimo od virusa. U tom kontekstu mogu re\u0107i da svaki dan nau\u010dimo ne\u0161to novo. Ostaje tvrdnja da je cijepljenje najbolja mjera za\u0161tite od virusa &#8211; izjavio je Bero\u0161 i dodao da i tamo gdje su svi cijepljeni, povremeno dolazi do proboja virusa. Zato je potrebno i dalje se pridr\u017eavati osnovnih epidemiolo\u0161kih mjera.<\/p>\n<p>&#8211; Cijepljenje i epidemiolo\u0161ke mjere su dva elementa, no pojavljuje se i tre\u0107i, a to su novi lijekovi. Mi smo stupili u kontakt s proizvo\u0111a\u010dima i pregovaramo oko nabave tih lijekova za hrvatske gra\u0111ane &#8211; rekao je Bero\u0161.<\/p>\n<p>Sama kontrola covid-potvrda provodit \u0107e se na ulazu u svaku tvrtku ili instituciju i to organiziraju oni sami, a postoji mogu\u0107nost dodatne kontrole i samih kontrolora.<\/p>\n<h4>Ako se cijepite tre\u0107om dozom, potrebno ponovno izvaditi covid-potvrdu<\/h4>\n<p>Nacionalnom sto\u017eeru danas su se pridru\u017eili i iz AKD-a kako bi jo\u0161 jednom pojasnili kako do covid-potvrde.<\/p>\n<p><strong>Jure Serti\u0107<\/strong>\u00a0iz AKD-a rekao je da je dosad izdano 2,799.799 potvrda te da je postupak jednostavan.<\/p>\n<p>Osobe koje imaju covid-potvrdu na temelju dviju doza pa dobiju tre\u0107u dozu cjepiva morat \u0107e zatra\u017eiti novu covid-potvrdu. Dakle, u slu\u010daju da se gra\u0111ani cijepe i tre\u0107om dozom, poru\u010duju kako je potrebno ponovno izvaditi covid-potvrdu nakon cijepljenja booster dozom.<\/p>\n<p>&#8211; Ona ne zna\u010di automatsko produljenje, nego osoba mora izvaditi novu potvrdu. Ona vrijedi 365 dana od zadnje doze &#8211; ka\u017eu iz AKD-a. Svaka promjena statusa cijepljene osobe zahtijeva da osoba izvadi novu potvrdu. Va\u017eno je naglasiti da svako od 6500 testnih mjesta izdaje covid-potvrdu.<\/p>\n","protected":false},"excerpt":{"rendered":"<p>U utorak, 16. studenoga, svi zaposleni u javnom sektoru du\u017eni su predo\u010diti digitalnu covid-potvrdu, odnosno dokaz o preboljenju, cijepljenju ili negativnom testu prilikom ulaska na posao. Isto se odnosi na sve gra\u0111ane starije od 16 godina koji trebaju usluge dr\u017eavnih i lokalnih institucija te tvrtki \u010diji su one osniva\u010di. Odluka nema ograni\u010denje trajanja, odnosno na [&hellip;]<\/p>\n","protected":false},"author":9,"featured_media":121880,"comment_status":"open","ping_status":"open","sticky":false,"template":"","format":"standard","meta":{"footnotes":""},"categories":[283,1027],"tags":[],"class_list":{"0":"post-125041","1":"post","2":"type-post","3":"status-publish","4":"format-standard","5":"has-post-thumbnail","7":"category-a","8":"category-hrvatska"},"yoast_head":"<!-- This site is optimized with the Yoast SEO plugin v25.2 - https:\/\/yoast.com\/wordpress\/plugins\/seo\/ -->\n<title>Donosimo detalje: od utorka obavezne COVID potvrde u dr\u017eavnim i javnim slu\u017ebama - likemetkovic.hr<\/title>\n<meta name=\"robots\" content=\"index, follow, max-snippet:-1, max-image-preview:large, max-video-preview:-1\" \/>\n<link rel=\"canonical\" href=\"https:\/\/likemetkovic.hr\/donosimo-detalje-od-utorka-obavezne-covid-potvrde-u-drzavnim-i-javnim-sluzbama\/\" \/>\n<meta property=\"og:locale\" content=\"hr_HR\" \/>\n<meta property=\"og:type\" content=\"article\" \/>\n<meta property=\"og:title\" content=\"Donosimo detalje: od utorka obavezne COVID potvrde u dr\u017eavnim i javnim slu\u017ebama - likemetkovic.hr\" \/>\n<meta property=\"og:description\" content=\"U utorak, 16. studenoga, svi zaposleni u javnom sektoru du\u017eni su predo\u010diti digitalnu covid-potvrdu, odnosno dokaz o preboljenju, cijepljenju ili negativnom testu prilikom ulaska na posao. Isto se odnosi na sve gra\u0111ane starije od 16 godina koji trebaju usluge dr\u017eavnih i lokalnih institucija te tvrtki \u010diji su one osniva\u010di. Odluka nema ograni\u010denje trajanja, odnosno na [&hellip;]\" \/>\n<meta property=\"og:url\" content=\"https:\/\/likemetkovic.hr\/donosimo-detalje-od-utorka-obavezne-covid-potvrde-u-drzavnim-i-javnim-sluzbama\/\" \/>\n<meta property=\"og:site_name\" content=\"likemetkovic.hr\" \/>\n<meta property=\"article:publisher\" content=\"https:\/\/www.facebook.com\/likemetkovic.hr\/\" \/>\n<meta property=\"article:published_time\" content=\"2021-11-12T17:47:03+00:00\" \/>\n<meta property=\"og:image\" content=\"https:\/\/likemetkovic.hr\/wp-content\/uploads\/2021\/08\/covid-potvrda.jpg\" \/>\n\t<meta property=\"og:image:width\" content=\"800\" \/>\n\t<meta property=\"og:image:height\" content=\"533\" \/>\n\t<meta property=\"og:image:type\" content=\"image\/jpeg\" \/>\n<meta name=\"author\" content=\"K. J.\" \/>\n<meta name=\"twitter:card\" content=\"summary_large_image\" \/>\n<meta name=\"twitter:label1\" content=\"Napisao\/la\" \/>\n\t<meta name=\"twitter:data1\" content=\"K. J.\" \/>\n\t<meta name=\"twitter:label2\" content=\"Procijenjeno vrijeme \u010ditanja\" \/>\n\t<meta name=\"twitter:data2\" content=\"4 minute\" \/>\n<script type=\"application\/ld+json\" class=\"yoast-schema-graph\">{\"@context\":\"https:\/\/schema.org\",\"@graph\":[{\"@type\":\"WebPage\",\"@id\":\"https:\/\/likemetkovic.hr\/donosimo-detalje-od-utorka-obavezne-covid-potvrde-u-drzavnim-i-javnim-sluzbama\/\",\"url\":\"https:\/\/likemetkovic.hr\/donosimo-detalje-od-utorka-obavezne-covid-potvrde-u-drzavnim-i-javnim-sluzbama\/\",\"name\":\"Donosimo detalje: od utorka obavezne COVID potvrde u dr\u017eavnim i javnim slu\u017ebama - likemetkovic.hr\",\"isPartOf\":{\"@id\":\"https:\/\/likemetkovic.hr\/#website\"},\"primaryImageOfPage\":{\"@id\":\"https:\/\/likemetkovic.hr\/donosimo-detalje-od-utorka-obavezne-covid-potvrde-u-drzavnim-i-javnim-sluzbama\/#primaryimage\"},\"image\":{\"@id\":\"https:\/\/likemetkovic.hr\/donosimo-detalje-od-utorka-obavezne-covid-potvrde-u-drzavnim-i-javnim-sluzbama\/#primaryimage\"},\"thumbnailUrl\":\"https:\/\/likemetkovic.hr\/portal\/wp-content\/uploads\/2021\/08\/covid-potvrda.jpg\",\"datePublished\":\"2021-11-12T17:47:03+00:00\",\"author\":{\"@id\":\"https:\/\/likemetkovic.hr\/#\/schema\/person\/0a8b4ebfdfe1ff01192dccda40c5da0c\"},\"breadcrumb\":{\"@id\":\"https:\/\/likemetkovic.hr\/donosimo-detalje-od-utorka-obavezne-covid-potvrde-u-drzavnim-i-javnim-sluzbama\/#breadcrumb\"},\"inLanguage\":\"hr\",\"potentialAction\":[{\"@type\":\"ReadAction\",\"target\":[\"https:\/\/likemetkovic.hr\/donosimo-detalje-od-utorka-obavezne-covid-potvrde-u-drzavnim-i-javnim-sluzbama\/\"]}]},{\"@type\":\"ImageObject\",\"inLanguage\":\"hr\",\"@id\":\"https:\/\/likemetkovic.hr\/donosimo-detalje-od-utorka-obavezne-covid-potvrde-u-drzavnim-i-javnim-sluzbama\/#primaryimage\",\"url\":\"https:\/\/likemetkovic.hr\/portal\/wp-content\/uploads\/2021\/08\/covid-potvrda.jpg\",\"contentUrl\":\"https:\/\/likemetkovic.hr\/portal\/wp-content\/uploads\/2021\/08\/covid-potvrda.jpg\",\"width\":800,\"height\":533},{\"@type\":\"BreadcrumbList\",\"@id\":\"https:\/\/likemetkovic.hr\/donosimo-detalje-od-utorka-obavezne-covid-potvrde-u-drzavnim-i-javnim-sluzbama\/#breadcrumb\",\"itemListElement\":[{\"@type\":\"ListItem\",\"position\":1,\"name\":\"Po\u010detna stranica\",\"item\":\"https:\/\/likemetkovic.hr\/portal\/\"},{\"@type\":\"ListItem\",\"position\":2,\"name\":\"Donosimo detalje: od utorka obavezne COVID potvrde u dr\u017eavnim i javnim slu\u017ebama\"}]},{\"@type\":\"WebSite\",\"@id\":\"https:\/\/likemetkovic.hr\/#website\",\"url\":\"https:\/\/likemetkovic.hr\/\",\"name\":\"likemetkovic.hr\",\"description\":\"Misli pozitivno... \u010ditaj LIKE\",\"potentialAction\":[{\"@type\":\"SearchAction\",\"target\":{\"@type\":\"EntryPoint\",\"urlTemplate\":\"https:\/\/likemetkovic.hr\/?s={search_term_string}\"},\"query-input\":{\"@type\":\"PropertyValueSpecification\",\"valueRequired\":true,\"valueName\":\"search_term_string\"}}],\"inLanguage\":\"hr\"},{\"@type\":\"Person\",\"@id\":\"https:\/\/likemetkovic.hr\/#\/schema\/person\/0a8b4ebfdfe1ff01192dccda40c5da0c\",\"name\":\"K. J.\",\"url\":\"https:\/\/likemetkovic.hr\/portal\/author\/likemetkovic\/\"}]}<\/script>\n<!-- \/ Yoast SEO plugin. -->","yoast_head_json":{"title":"Donosimo detalje: od utorka obavezne COVID potvrde u dr\u017eavnim i javnim slu\u017ebama - likemetkovic.hr","robots":{"index":"index","follow":"follow","max-snippet":"max-snippet:-1","max-image-preview":"max-image-preview:large","max-video-preview":"max-video-preview:-1"},"canonical":"https:\/\/likemetkovic.hr\/donosimo-detalje-od-utorka-obavezne-covid-potvrde-u-drzavnim-i-javnim-sluzbama\/","og_locale":"hr_HR","og_type":"article","og_title":"Donosimo detalje: od utorka obavezne COVID potvrde u dr\u017eavnim i javnim slu\u017ebama - likemetkovic.hr","og_description":"U utorak, 16. studenoga, svi zaposleni u javnom sektoru du\u017eni su predo\u010diti digitalnu covid-potvrdu, odnosno dokaz o preboljenju, cijepljenju ili negativnom testu prilikom ulaska na posao. Isto se odnosi na sve gra\u0111ane starije od 16 godina koji trebaju usluge dr\u017eavnih i lokalnih institucija te tvrtki \u010diji su one osniva\u010di. Odluka nema ograni\u010denje trajanja, odnosno na [&hellip;]","og_url":"https:\/\/likemetkovic.hr\/donosimo-detalje-od-utorka-obavezne-covid-potvrde-u-drzavnim-i-javnim-sluzbama\/","og_site_name":"likemetkovic.hr","article_publisher":"https:\/\/www.facebook.com\/likemetkovic.hr\/","article_published_time":"2021-11-12T17:47:03+00:00","og_image":[{"width":800,"height":533,"url":"https:\/\/likemetkovic.hr\/wp-content\/uploads\/2021\/08\/covid-potvrda.jpg","type":"image\/jpeg"}],"author":"K. J.","twitter_card":"summary_large_image","twitter_misc":{"Napisao\/la":"K. J.","Procijenjeno vrijeme \u010ditanja":"4 minute"},"schema":{"@context":"https:\/\/schema.org","@graph":[{"@type":"WebPage","@id":"https:\/\/likemetkovic.hr\/donosimo-detalje-od-utorka-obavezne-covid-potvrde-u-drzavnim-i-javnim-sluzbama\/","url":"https:\/\/likemetkovic.hr\/donosimo-detalje-od-utorka-obavezne-covid-potvrde-u-drzavnim-i-javnim-sluzbama\/","name":"Donosimo detalje: od utorka obavezne COVID potvrde u dr\u017eavnim i javnim slu\u017ebama - likemetkovic.hr","isPartOf":{"@id":"https:\/\/likemetkovic.hr\/#website"},"primaryImageOfPage":{"@id":"https:\/\/likemetkovic.hr\/donosimo-detalje-od-utorka-obavezne-covid-potvrde-u-drzavnim-i-javnim-sluzbama\/#primaryimage"},"image":{"@id":"https:\/\/likemetkovic.hr\/donosimo-detalje-od-utorka-obavezne-covid-potvrde-u-drzavnim-i-javnim-sluzbama\/#primaryimage"},"thumbnailUrl":"https:\/\/likemetkovic.hr\/portal\/wp-content\/uploads\/2021\/08\/covid-potvrda.jpg","datePublished":"2021-11-12T17:47:03+00:00","author":{"@id":"https:\/\/likemetkovic.hr\/#\/schema\/person\/0a8b4ebfdfe1ff01192dccda40c5da0c"},"breadcrumb":{"@id":"https:\/\/likemetkovic.hr\/donosimo-detalje-od-utorka-obavezne-covid-potvrde-u-drzavnim-i-javnim-sluzbama\/#breadcrumb"},"inLanguage":"hr","potentialAction":[{"@type":"ReadAction","target":["https:\/\/likemetkovic.hr\/donosimo-detalje-od-utorka-obavezne-covid-potvrde-u-drzavnim-i-javnim-sluzbama\/"]}]},{"@type":"ImageObject","inLanguage":"hr","@id":"https:\/\/likemetkovic.hr\/donosimo-detalje-od-utorka-obavezne-covid-potvrde-u-drzavnim-i-javnim-sluzbama\/#primaryimage","url":"https:\/\/likemetkovic.hr\/portal\/wp-content\/uploads\/2021\/08\/covid-potvrda.jpg","contentUrl":"https:\/\/likemetkovic.hr\/portal\/wp-content\/uploads\/2021\/08\/covid-potvrda.jpg","width":800,"height":533},{"@type":"BreadcrumbList","@id":"https:\/\/likemetkovic.hr\/donosimo-detalje-od-utorka-obavezne-covid-potvrde-u-drzavnim-i-javnim-sluzbama\/#breadcrumb","itemListElement":[{"@type":"ListItem","position":1,"name":"Po\u010detna stranica","item":"https:\/\/likemetkovic.hr\/portal\/"},{"@type":"ListItem","position":2,"name":"Donosimo detalje: od utorka obavezne COVID potvrde u dr\u017eavnim i javnim slu\u017ebama"}]},{"@type":"WebSite","@id":"https:\/\/likemetkovic.hr\/#website","url":"https:\/\/likemetkovic.hr\/","name":"likemetkovic.hr","description":"Misli pozitivno... \u010ditaj LIKE","potentialAction":[{"@type":"SearchAction","target":{"@type":"EntryPoint","urlTemplate":"https:\/\/likemetkovic.hr\/?s={search_term_string}"},"query-input":{"@type":"PropertyValueSpecification","valueRequired":true,"valueName":"search_term_string"}}],"inLanguage":"hr"},{"@type":"Person","@id":"https:\/\/likemetkovic.hr\/#\/schema\/person\/0a8b4ebfdfe1ff01192dccda40c5da0c","name":"K. J.","url":"https:\/\/likemetkovic.hr\/portal\/author\/likemetkovic\/"}]}},"_links":{"self":[{"href":"https:\/\/likemetkovic.hr\/portal\/wp-json\/wp\/v2\/posts\/125041","targetHints":{"allow":["GET"]}}],"collection":[{"href":"https:\/\/likemetkovic.hr\/portal\/wp-json\/wp\/v2\/posts"}],"about":[{"href":"https:\/\/likemetkovic.hr\/portal\/wp-json\/wp\/v2\/types\/post"}],"author":[{"embeddable":true,"href":"https:\/\/likemetkovic.hr\/portal\/wp-json\/wp\/v2\/users\/9"}],"replies":[{"embeddable":true,"href":"https:\/\/likemetkovic.hr\/portal\/wp-json\/wp\/v2\/comments?post=125041"}],"version-history":[{"count":0,"href":"https:\/\/likemetkovic.hr\/portal\/wp-json\/wp\/v2\/posts\/125041\/revisions"}],"wp:featuredmedia":[{"embeddable":true,"href":"https:\/\/likemetkovic.hr\/portal\/wp-json\/wp\/v2\/media\/121880"}],"wp:attachment":[{"href":"https:\/\/likemetkovic.hr\/portal\/wp-json\/wp\/v2\/media?parent=125041"}],"wp:term":[{"taxonomy":"category","embeddable":true,"href":"https:\/\/likemetkovic.hr\/portal\/wp-json\/wp\/v2\/categories?post=125041"},{"taxonomy":"post_tag","embeddable":true,"href":"https:\/\/likemetkovic.hr\/portal\/wp-json\/wp\/v2\/tags?post=125041"}],"curies":[{"name":"wp","href":"https:\/\/api.w.org\/{rel}","templated":true}]}}