{"id":125155,"date":"2021-11-16T16:03:43","date_gmt":"2021-11-16T15:03:43","guid":{"rendered":"https:\/\/likemetkovic.hr\/?p=125155"},"modified":"2021-11-16T16:03:43","modified_gmt":"2021-11-16T15:03:43","slug":"obavijest-u-petak-ce-biti-cijepljenje-protiv-covid-a-u-gimnazijskoj-dvorani","status":"publish","type":"post","link":"https:\/\/likemetkovic.hr\/portal\/obavijest-u-petak-ce-biti-cijepljenje-protiv-covid-a-u-gimnazijskoj-dvorani\/","title":{"rendered":"OBAVIJEST | U petak \u0107e biti cijepljenje protiv COVID-a u Gimnazijskoj dvorani"},"content":{"rendered":"<p>Dom zdravlja Metkovi\u0107 je najavio novi izvanredni punkt masovnog cijepljenja koje \u0107e se odr\u017eati 19. studenog (petak) od 13 do 16 sati u Gimnazijskoj sportskoj dvorani u Metkovi\u0107u<\/p>\n<p>Kako navode, zbog odredbe Sto\u017eera o testiranju javnih i dr\u017eavnih slu\u017ebenika te svih onih koji ulaze u njihove prostorije, izrazito se pove\u0107ala potra\u017enja za cijepljenjem.\u00a0Stoga apeliraju na odaziv kako bi se rasteretio zdravstveni sustav.<\/p>\n<p>Dostupna \u0107e biti sva cjepiva, osim Astra Zeneca.<\/p>\n","protected":false},"excerpt":{"rendered":"<p>Dom zdravlja Metkovi\u0107 je najavio novi izvanredni punkt masovnog cijepljenja koje \u0107e se odr\u017eati 19. studenog (petak) od 13 do 16 sati u Gimnazijskoj sportskoj dvorani u Metkovi\u0107u Kako navode, zbog odredbe Sto\u017eera o testiranju javnih i dr\u017eavnih slu\u017ebenika te svih onih koji ulaze u njihove prostorije, izrazito se pove\u0107ala potra\u017enja za cijepljenjem.\u00a0Stoga apeliraju na [&hellip;]<\/p>\n","protected":false},"author":7,"featured_media":117188,"comment_status":"open","ping_status":"open","sticky":false,"template":"","format":"standard","meta":{"footnotes":""},"categories":[283,11],"tags":[],"class_list":{"0":"post-125155","1":"post","2":"type-post","3":"status-publish","4":"format-standard","5":"has-post-thumbnail","7":"category-a","8":"category-metkovic-dolina"},"yoast_head":"<!-- This site is optimized with the Yoast SEO plugin v25.2 - https:\/\/yoast.com\/wordpress\/plugins\/seo\/ -->\n<title>OBAVIJEST | U petak \u0107e biti cijepljenje protiv COVID-a u Gimnazijskoj dvorani - likemetkovic.hr<\/title>\n<meta name=\"robots\" content=\"index, follow, max-snippet:-1, max-image-preview:large, max-video-preview:-1\" \/>\n<link rel=\"canonical\" href=\"https:\/\/likemetkovic.hr\/obavijest-u-petak-ce-biti-cijepljenje-protiv-covid-a-u-gimnazijskoj-dvorani\/\" \/>\n<meta property=\"og:locale\" content=\"hr_HR\" \/>\n<meta property=\"og:type\" content=\"article\" \/>\n<meta property=\"og:title\" content=\"OBAVIJEST | U petak \u0107e biti cijepljenje protiv COVID-a u Gimnazijskoj dvorani - likemetkovic.hr\" \/>\n<meta property=\"og:description\" content=\"Dom zdravlja Metkovi\u0107 je najavio novi izvanredni punkt masovnog cijepljenja koje \u0107e se odr\u017eati 19. studenog (petak) od 13 do 16 sati u Gimnazijskoj sportskoj dvorani u Metkovi\u0107u Kako navode, zbog odredbe Sto\u017eera o testiranju javnih i dr\u017eavnih slu\u017ebenika te svih onih koji ulaze u njihove prostorije, izrazito se pove\u0107ala potra\u017enja za cijepljenjem.\u00a0Stoga apeliraju na [&hellip;]\" \/>\n<meta property=\"og:url\" content=\"https:\/\/likemetkovic.hr\/obavijest-u-petak-ce-biti-cijepljenje-protiv-covid-a-u-gimnazijskoj-dvorani\/\" \/>\n<meta property=\"og:site_name\" content=\"likemetkovic.hr\" \/>\n<meta property=\"article:publisher\" content=\"https:\/\/www.facebook.com\/likemetkovic.hr\/\" \/>\n<meta property=\"article:published_time\" content=\"2021-11-16T15:03:43+00:00\" \/>\n<meta property=\"og:image\" content=\"https:\/\/likemetkovic.hr\/wp-content\/uploads\/2021\/05\/cijepljenje-covid-mekovic-13-5-2021_10.jpg\" \/>\n\t<meta property=\"og:image:width\" content=\"800\" \/>\n\t<meta property=\"og:image:height\" content=\"533\" \/>\n\t<meta property=\"og:image:type\" content=\"image\/jpeg\" \/>\n<meta name=\"author\" content=\"LIKEmetkovic.hr\" \/>\n<meta name=\"twitter:card\" content=\"summary_large_image\" \/>\n<meta name=\"twitter:label1\" content=\"Napisao\/la\" \/>\n\t<meta name=\"twitter:data1\" content=\"LIKEmetkovic.hr\" \/>\n\t<meta name=\"twitter:label2\" content=\"Procijenjeno vrijeme \u010ditanja\" \/>\n\t<meta name=\"twitter:data2\" content=\"1 minuta\" \/>\n<script type=\"application\/ld+json\" class=\"yoast-schema-graph\">{\"@context\":\"https:\/\/schema.org\",\"@graph\":[{\"@type\":\"WebPage\",\"@id\":\"https:\/\/likemetkovic.hr\/obavijest-u-petak-ce-biti-cijepljenje-protiv-covid-a-u-gimnazijskoj-dvorani\/\",\"url\":\"https:\/\/likemetkovic.hr\/obavijest-u-petak-ce-biti-cijepljenje-protiv-covid-a-u-gimnazijskoj-dvorani\/\",\"name\":\"OBAVIJEST | U petak \u0107e biti cijepljenje protiv COVID-a u Gimnazijskoj dvorani - likemetkovic.hr\",\"isPartOf\":{\"@id\":\"https:\/\/likemetkovic.hr\/#website\"},\"primaryImageOfPage\":{\"@id\":\"https:\/\/likemetkovic.hr\/obavijest-u-petak-ce-biti-cijepljenje-protiv-covid-a-u-gimnazijskoj-dvorani\/#primaryimage\"},\"image\":{\"@id\":\"https:\/\/likemetkovic.hr\/obavijest-u-petak-ce-biti-cijepljenje-protiv-covid-a-u-gimnazijskoj-dvorani\/#primaryimage\"},\"thumbnailUrl\":\"https:\/\/likemetkovic.hr\/portal\/wp-content\/uploads\/2021\/05\/cijepljenje-covid-mekovic-13-5-2021_10.jpg\",\"datePublished\":\"2021-11-16T15:03:43+00:00\",\"author\":{\"@id\":\"https:\/\/likemetkovic.hr\/#\/schema\/person\/a42711f3385a0e2be6f7e0443bfb28f0\"},\"breadcrumb\":{\"@id\":\"https:\/\/likemetkovic.hr\/obavijest-u-petak-ce-biti-cijepljenje-protiv-covid-a-u-gimnazijskoj-dvorani\/#breadcrumb\"},\"inLanguage\":\"hr\",\"potentialAction\":[{\"@type\":\"ReadAction\",\"target\":[\"https:\/\/likemetkovic.hr\/obavijest-u-petak-ce-biti-cijepljenje-protiv-covid-a-u-gimnazijskoj-dvorani\/\"]}]},{\"@type\":\"ImageObject\",\"inLanguage\":\"hr\",\"@id\":\"https:\/\/likemetkovic.hr\/obavijest-u-petak-ce-biti-cijepljenje-protiv-covid-a-u-gimnazijskoj-dvorani\/#primaryimage\",\"url\":\"https:\/\/likemetkovic.hr\/portal\/wp-content\/uploads\/2021\/05\/cijepljenje-covid-mekovic-13-5-2021_10.jpg\",\"contentUrl\":\"https:\/\/likemetkovic.hr\/portal\/wp-content\/uploads\/2021\/05\/cijepljenje-covid-mekovic-13-5-2021_10.jpg\",\"width\":800,\"height\":533},{\"@type\":\"BreadcrumbList\",\"@id\":\"https:\/\/likemetkovic.hr\/obavijest-u-petak-ce-biti-cijepljenje-protiv-covid-a-u-gimnazijskoj-dvorani\/#breadcrumb\",\"itemListElement\":[{\"@type\":\"ListItem\",\"position\":1,\"name\":\"Po\u010detna stranica\",\"item\":\"https:\/\/likemetkovic.hr\/portal\/\"},{\"@type\":\"ListItem\",\"position\":2,\"name\":\"OBAVIJEST | U petak \u0107e biti cijepljenje protiv COVID-a u Gimnazijskoj dvorani\"}]},{\"@type\":\"WebSite\",\"@id\":\"https:\/\/likemetkovic.hr\/#website\",\"url\":\"https:\/\/likemetkovic.hr\/\",\"name\":\"likemetkovic.hr\",\"description\":\"Misli pozitivno... \u010ditaj LIKE\",\"potentialAction\":[{\"@type\":\"SearchAction\",\"target\":{\"@type\":\"EntryPoint\",\"urlTemplate\":\"https:\/\/likemetkovic.hr\/?s={search_term_string}\"},\"query-input\":{\"@type\":\"PropertyValueSpecification\",\"valueRequired\":true,\"valueName\":\"search_term_string\"}}],\"inLanguage\":\"hr\"},{\"@type\":\"Person\",\"@id\":\"https:\/\/likemetkovic.hr\/#\/schema\/person\/a42711f3385a0e2be6f7e0443bfb28f0\",\"name\":\"LIKEmetkovic.hr\",\"sameAs\":[\"http:\/\/likemetkovic.hr\"],\"url\":\"https:\/\/likemetkovic.hr\/portal\/author\/likemetkovic-hr\/\"}]}<\/script>\n<!-- \/ Yoast SEO plugin. -->","yoast_head_json":{"title":"OBAVIJEST | U petak \u0107e biti cijepljenje protiv COVID-a u Gimnazijskoj dvorani - likemetkovic.hr","robots":{"index":"index","follow":"follow","max-snippet":"max-snippet:-1","max-image-preview":"max-image-preview:large","max-video-preview":"max-video-preview:-1"},"canonical":"https:\/\/likemetkovic.hr\/obavijest-u-petak-ce-biti-cijepljenje-protiv-covid-a-u-gimnazijskoj-dvorani\/","og_locale":"hr_HR","og_type":"article","og_title":"OBAVIJEST | U petak \u0107e biti cijepljenje protiv COVID-a u Gimnazijskoj dvorani - likemetkovic.hr","og_description":"Dom zdravlja Metkovi\u0107 je najavio novi izvanredni punkt masovnog cijepljenja koje \u0107e se odr\u017eati 19. studenog (petak) od 13 do 16 sati u Gimnazijskoj sportskoj dvorani u Metkovi\u0107u Kako navode, zbog odredbe Sto\u017eera o testiranju javnih i dr\u017eavnih slu\u017ebenika te svih onih koji ulaze u njihove prostorije, izrazito se pove\u0107ala potra\u017enja za cijepljenjem.\u00a0Stoga apeliraju na [&hellip;]","og_url":"https:\/\/likemetkovic.hr\/obavijest-u-petak-ce-biti-cijepljenje-protiv-covid-a-u-gimnazijskoj-dvorani\/","og_site_name":"likemetkovic.hr","article_publisher":"https:\/\/www.facebook.com\/likemetkovic.hr\/","article_published_time":"2021-11-16T15:03:43+00:00","og_image":[{"width":800,"height":533,"url":"https:\/\/likemetkovic.hr\/wp-content\/uploads\/2021\/05\/cijepljenje-covid-mekovic-13-5-2021_10.jpg","type":"image\/jpeg"}],"author":"LIKEmetkovic.hr","twitter_card":"summary_large_image","twitter_misc":{"Napisao\/la":"LIKEmetkovic.hr","Procijenjeno vrijeme \u010ditanja":"1 minuta"},"schema":{"@context":"https:\/\/schema.org","@graph":[{"@type":"WebPage","@id":"https:\/\/likemetkovic.hr\/obavijest-u-petak-ce-biti-cijepljenje-protiv-covid-a-u-gimnazijskoj-dvorani\/","url":"https:\/\/likemetkovic.hr\/obavijest-u-petak-ce-biti-cijepljenje-protiv-covid-a-u-gimnazijskoj-dvorani\/","name":"OBAVIJEST | U petak \u0107e biti cijepljenje protiv COVID-a u Gimnazijskoj dvorani - likemetkovic.hr","isPartOf":{"@id":"https:\/\/likemetkovic.hr\/#website"},"primaryImageOfPage":{"@id":"https:\/\/likemetkovic.hr\/obavijest-u-petak-ce-biti-cijepljenje-protiv-covid-a-u-gimnazijskoj-dvorani\/#primaryimage"},"image":{"@id":"https:\/\/likemetkovic.hr\/obavijest-u-petak-ce-biti-cijepljenje-protiv-covid-a-u-gimnazijskoj-dvorani\/#primaryimage"},"thumbnailUrl":"https:\/\/likemetkovic.hr\/portal\/wp-content\/uploads\/2021\/05\/cijepljenje-covid-mekovic-13-5-2021_10.jpg","datePublished":"2021-11-16T15:03:43+00:00","author":{"@id":"https:\/\/likemetkovic.hr\/#\/schema\/person\/a42711f3385a0e2be6f7e0443bfb28f0"},"breadcrumb":{"@id":"https:\/\/likemetkovic.hr\/obavijest-u-petak-ce-biti-cijepljenje-protiv-covid-a-u-gimnazijskoj-dvorani\/#breadcrumb"},"inLanguage":"hr","potentialAction":[{"@type":"ReadAction","target":["https:\/\/likemetkovic.hr\/obavijest-u-petak-ce-biti-cijepljenje-protiv-covid-a-u-gimnazijskoj-dvorani\/"]}]},{"@type":"ImageObject","inLanguage":"hr","@id":"https:\/\/likemetkovic.hr\/obavijest-u-petak-ce-biti-cijepljenje-protiv-covid-a-u-gimnazijskoj-dvorani\/#primaryimage","url":"https:\/\/likemetkovic.hr\/portal\/wp-content\/uploads\/2021\/05\/cijepljenje-covid-mekovic-13-5-2021_10.jpg","contentUrl":"https:\/\/likemetkovic.hr\/portal\/wp-content\/uploads\/2021\/05\/cijepljenje-covid-mekovic-13-5-2021_10.jpg","width":800,"height":533},{"@type":"BreadcrumbList","@id":"https:\/\/likemetkovic.hr\/obavijest-u-petak-ce-biti-cijepljenje-protiv-covid-a-u-gimnazijskoj-dvorani\/#breadcrumb","itemListElement":[{"@type":"ListItem","position":1,"name":"Po\u010detna stranica","item":"https:\/\/likemetkovic.hr\/portal\/"},{"@type":"ListItem","position":2,"name":"OBAVIJEST | U petak \u0107e biti cijepljenje protiv COVID-a u Gimnazijskoj dvorani"}]},{"@type":"WebSite","@id":"https:\/\/likemetkovic.hr\/#website","url":"https:\/\/likemetkovic.hr\/","name":"likemetkovic.hr","description":"Misli pozitivno... \u010ditaj LIKE","potentialAction":[{"@type":"SearchAction","target":{"@type":"EntryPoint","urlTemplate":"https:\/\/likemetkovic.hr\/?s={search_term_string}"},"query-input":{"@type":"PropertyValueSpecification","valueRequired":true,"valueName":"search_term_string"}}],"inLanguage":"hr"},{"@type":"Person","@id":"https:\/\/likemetkovic.hr\/#\/schema\/person\/a42711f3385a0e2be6f7e0443bfb28f0","name":"LIKEmetkovic.hr","sameAs":["http:\/\/likemetkovic.hr"],"url":"https:\/\/likemetkovic.hr\/portal\/author\/likemetkovic-hr\/"}]}},"_links":{"self":[{"href":"https:\/\/likemetkovic.hr\/portal\/wp-json\/wp\/v2\/posts\/125155","targetHints":{"allow":["GET"]}}],"collection":[{"href":"https:\/\/likemetkovic.hr\/portal\/wp-json\/wp\/v2\/posts"}],"about":[{"href":"https:\/\/likemetkovic.hr\/portal\/wp-json\/wp\/v2\/types\/post"}],"author":[{"embeddable":true,"href":"https:\/\/likemetkovic.hr\/portal\/wp-json\/wp\/v2\/users\/7"}],"replies":[{"embeddable":true,"href":"https:\/\/likemetkovic.hr\/portal\/wp-json\/wp\/v2\/comments?post=125155"}],"version-history":[{"count":0,"href":"https:\/\/likemetkovic.hr\/portal\/wp-json\/wp\/v2\/posts\/125155\/revisions"}],"wp:featuredmedia":[{"embeddable":true,"href":"https:\/\/likemetkovic.hr\/portal\/wp-json\/wp\/v2\/media\/117188"}],"wp:attachment":[{"href":"https:\/\/likemetkovic.hr\/portal\/wp-json\/wp\/v2\/media?parent=125155"}],"wp:term":[{"taxonomy":"category","embeddable":true,"href":"https:\/\/likemetkovic.hr\/portal\/wp-json\/wp\/v2\/categories?post=125155"},{"taxonomy":"post_tag","embeddable":true,"href":"https:\/\/likemetkovic.hr\/portal\/wp-json\/wp\/v2\/tags?post=125155"}],"curies":[{"name":"wp","href":"https:\/\/api.w.org\/{rel}","templated":true}]}}