{"id":125235,"date":"2021-11-18T16:46:14","date_gmt":"2021-11-18T15:46:14","guid":{"rendered":"https:\/\/likemetkovic.hr\/?p=125235"},"modified":"2021-11-18T16:48:20","modified_gmt":"2021-11-18T15:48:20","slug":"foto-veterani-4-gbr-iz-metkovica-u-koloni-sjecanja-s-velikom-hrvatskom-zastavom","status":"publish","type":"post","link":"https:\/\/likemetkovic.hr\/portal\/foto-veterani-4-gbr-iz-metkovica-u-koloni-sjecanja-s-velikom-hrvatskom-zastavom\/","title":{"rendered":"FOTO | Veterani 4. gbr iz Metkovi\u0107a u Koloni sje\u0107anja s velikom hrvatskom zastavom"},"content":{"rendered":"<p>U Vukovaru se danas na poseban obilje\u017eava Dan sje\u0107anja na \u017ertvu Vukovara i \u0160kabrnje i svih \u017ertava iz Domovinskog rata. U<strong> Koloni sje\u0107anja<\/strong> od vukovarske bolnice do Memorijalnog groblja sudjelovali su i veterani 4. gbr HV-a iz Metkovi\u0107a pronose\u0107i veliku hrvatsku zastavu s geslom postrojbe.<\/p>\n<p>Trideset je godina pro\u0161lo od dana pada <strong>Vukovara<\/strong> \u010diji su branitelji tijekom 87 dana opsade pru\u017eali otpor nadmo\u0107nijem neprijatelju, tada tre\u0107oj oklopnoj sili Europe. Pribli\u017eno dvije tisu\u0107e njih odolijevalo je napadima 30 tisu\u0107a srpskih rezervista i \u010detnika &#8211; i time dalo potrebno vrijeme ostatku Hrvatske da se pripremi za obranu. U agresiji na Vukovar poginulo je vi\u0161e od 2700 ljudi.<\/p>\n<p>Danas se prisje\u0107amo i \u017ertava<strong> \u0160kabrnje <\/strong>gdje je tako\u0111er bila Kolona sje\u0107anja.\u00a0Prije trideset godina zlo\u010dinci su zvjerski ubili 43 mje\u0161tanina, me\u0111u njima i petnaest branitelja, a selo spalili. Ne smjeno zaboraviti ni <strong>Saborsko<\/strong> koje palo nekoliko dana prije Vukovara nakon tri mjeseca otpora. Od 51 poginulog Sabor\u010dana u Domovinskom najve\u0107i broj njih je ubijen 12. studenoga 1991. Selo je potpuno uni\u0161teno, a ku\u0107e zapaljene.<\/p>\n<p>Evo \u0161to je danas u Vukovaru zabilje\u017eio Branko Markota:<\/p>\n\r\n                <style type=\"text\/css\">\r\n                    \r\n                    #tdi_1  .td-doubleSlider-2 .td-item1 {\r\n                        background: url(https:\/\/likemetkovic.hr\/portal\/wp-content\/uploads\/2021\/11\/kolona-sjecanja-vukovar-2021-1-80x60.jpg) 0 0 no-repeat;\r\n                    }\r\n                    #tdi_1  .td-doubleSlider-2 .td-item2 {\r\n                        background: url(https:\/\/likemetkovic.hr\/portal\/wp-content\/uploads\/2021\/11\/kolona-sjecanja-vukovar-2021-2-80x60.jpg) 0 0 no-repeat;\r\n                    }\r\n                    #tdi_1  .td-doubleSlider-2 .td-item3 {\r\n                        background: url(https:\/\/likemetkovic.hr\/portal\/wp-content\/uploads\/2021\/11\/kolona-sjecanja-vukovar-2021-3-80x60.jpg) 0 0 no-repeat;\r\n                    }\r\n                    #tdi_1  .td-doubleSlider-2 .td-item4 {\r\n                        background: url(https:\/\/likemetkovic.hr\/portal\/wp-content\/uploads\/2021\/11\/kolona-sjecanja-vukovar-2021-4-80x60.jpg) 0 0 no-repeat;\r\n                    }\r\n                    #tdi_1  .td-doubleSlider-2 .td-item5 {\r\n                        background: url(https:\/\/likemetkovic.hr\/portal\/wp-content\/uploads\/2021\/11\/kolona-sjecanja-vukovar-2021-5-80x60.jpg) 0 0 no-repeat;\r\n                    }\r\n                    #tdi_1  .td-doubleSlider-2 .td-item6 {\r\n                        background: url(https:\/\/likemetkovic.hr\/portal\/wp-content\/uploads\/2021\/11\/kolona-sjecanja-vukovar-2021-7-80x60.jpg) 0 0 no-repeat;\r\n                    }\r\n                    #tdi_1  .td-doubleSlider-2 .td-item7 {\r\n                        background: url(https:\/\/likemetkovic.hr\/portal\/wp-content\/uploads\/2021\/11\/kolona-sjecanja-vukovar-2021-8-80x60.jpg) 0 0 no-repeat;\r\n                    }\r\n                    #tdi_1  .td-doubleSlider-2 .td-item8 {\r\n                        background: url(https:\/\/likemetkovic.hr\/portal\/wp-content\/uploads\/2021\/11\/kolona-sjecanja-vukovar-2021-9-80x60.jpg) 0 0 no-repeat;\r\n                    }\r\n                    #tdi_1  .td-doubleSlider-2 .td-item9 {\r\n                        background: url(https:\/\/likemetkovic.hr\/portal\/wp-content\/uploads\/2021\/11\/kolona-sjecanja-vukovar-2021-10-80x60.jpg) 0 0 no-repeat;\r\n                    }\r\n                    #tdi_1  .td-doubleSlider-2 .td-item10 {\r\n                        background: url(https:\/\/likemetkovic.hr\/portal\/wp-content\/uploads\/2021\/11\/kolona-sjecanja-vukovar-2021-11-80x60.jpg) 0 0 no-repeat;\r\n                    }\r\n                    #tdi_1  .td-doubleSlider-2 .td-item11 {\r\n                        background: url(https:\/\/likemetkovic.hr\/portal\/wp-content\/uploads\/2021\/11\/kolona-sjecanja-vukovar-2021-12-80x60.jpg) 0 0 no-repeat;\r\n                    }\r\n                    #tdi_1  .td-doubleSlider-2 .td-item12 {\r\n                        background: url(https:\/\/likemetkovic.hr\/portal\/wp-content\/uploads\/2021\/11\/kolona-sjecanja-vukovar-2021-13-80x60.jpg) 0 0 no-repeat;\r\n                    }\r\n                    #tdi_1  .td-doubleSlider-2 .td-item13 {\r\n                        background: url(https:\/\/likemetkovic.hr\/portal\/wp-content\/uploads\/2021\/11\/kolona-sjecanja-vukovar-2021-14-80x60.jpg) 0 0 no-repeat;\r\n                    }\r\n                    #tdi_1  .td-doubleSlider-2 .td-item14 {\r\n                        background: url(https:\/\/likemetkovic.hr\/portal\/wp-content\/uploads\/2021\/11\/kolona-sjecanja-vukovar-2021-15-80x60.jpg) 0 0 no-repeat;\r\n                    }\r\n                    #tdi_1  .td-doubleSlider-2 .td-item15 {\r\n                        background: url(https:\/\/likemetkovic.hr\/portal\/wp-content\/uploads\/2021\/11\/kolona-sjecanja-vukovar-2021-16-80x60.jpg) 0 0 no-repeat;\r\n                    }\r\n                    #tdi_1  .td-doubleSlider-2 .td-item16 {\r\n                        background: url(https:\/\/likemetkovic.hr\/portal\/wp-content\/uploads\/2021\/11\/kolona-sjecanja-vukovar-2021-17-80x60.jpg) 0 0 no-repeat;\r\n                    }\r\n                    #tdi_1  .td-doubleSlider-2 .td-item17 {\r\n                        background: url(https:\/\/likemetkovic.hr\/portal\/wp-content\/uploads\/2021\/11\/kolona-sjecanja-vukovar-2021-18-80x60.jpg) 0 0 no-repeat;\r\n                    }\r\n                    #tdi_1  .td-doubleSlider-2 .td-item18 {\r\n                        background: url(https:\/\/likemetkovic.hr\/portal\/wp-content\/uploads\/2021\/11\/kolona-sjecanja-vukovar-2021-19-80x60.jpg) 0 0 no-repeat;\r\n                    }\r\n                    #tdi_1  .td-doubleSlider-2 .td-item19 {\r\n                        background: url(https:\/\/likemetkovic.hr\/portal\/wp-content\/uploads\/2021\/11\/kolona-sjecanja-vukovar-2021-20-80x60.jpg) 0 0 no-repeat;\r\n                    }\r\n                    #tdi_1  .td-doubleSlider-2 .td-item20 {\r\n                        background: url(https:\/\/likemetkovic.hr\/portal\/wp-content\/uploads\/2021\/11\/kolona-sjecanja-vukovar-2021-21-80x60.jpg) 0 0 no-repeat;\r\n                    }\r\n                    #tdi_1  .td-doubleSlider-2 .td-item21 {\r\n                        background: url(https:\/\/likemetkovic.hr\/portal\/wp-content\/uploads\/2021\/11\/kolona-sjecanja-vukovar-2021-22-80x60.jpg) 0 0 no-repeat;\r\n                    }\r\n                <\/style>\r\n\r\n                <div id=\"tdi_1\" class=\"td-gallery td-slide-on-2-columns\">\r\n                    <div class=\"post_td_gallery\">\r\n                        <div class=\"td-gallery-slide-top\">\r\n                           <div class=\"td-gallery-title\"><\/div>\r\n\r\n                            <div class=\"td-gallery-controls-wrapper\">\r\n                                <div class=\"td-gallery-slide-count\"><span class=\"td-gallery-slide-item-focus\">1<\/span> of 21<\/div>\r\n                                <div class=\"td-gallery-slide-prev-next-but\">\r\n                                    <i class = \"td-icon-left doubleSliderPrevButton\"><\/i>\r\n                                    <i class = \"td-icon-right doubleSliderNextButton\"><\/i>\r\n                                <\/div>\r\n                            <\/div>\r\n                        <\/div>\r\n\r\n                        <div class = \"td-doubleSlider-1 \">\r\n                            <div class = \"td-slider\">\r\n                                \r\n                    <div class = \"td-slide-item td-item1\">\r\n                        <figure class=\"td-slide-galery-figure td-slide-popup-gallery\">\r\n                            <a class=\"slide-gallery-image-link\" href=\"https:\/\/likemetkovic.hr\/portal\/wp-content\/uploads\/2021\/11\/kolona-sjecanja-vukovar-2021-1.jpg\" title=\"kolona sje\u0107anja vukovar 2021 (1)\"  data-caption=\"\"  data-description=\"\">\r\n                                <img decoding=\"async\" src=\"https:\/\/likemetkovic.hr\/portal\/wp-content\/uploads\/2021\/11\/kolona-sjecanja-vukovar-2021-1.jpg\" srcset=\"https:\/\/likemetkovic.hr\/portal\/wp-content\/uploads\/2021\/11\/kolona-sjecanja-vukovar-2021-1.jpg 800w, https:\/\/likemetkovic.hr\/portal\/wp-content\/uploads\/2021\/11\/kolona-sjecanja-vukovar-2021-1-768x353.jpg 768w, https:\/\/likemetkovic.hr\/portal\/wp-content\/uploads\/2021\/11\/kolona-sjecanja-vukovar-2021-1-696x320.jpg 696w\" sizes=\"(max-width: 800px) 100vw, 800px\" alt=\"\">\r\n                            <\/a>\r\n                            \r\n                        <\/figure>\r\n                    <\/div>\r\n                    <div class = \"td-slide-item td-item2\">\r\n                        <figure class=\"td-slide-galery-figure td-slide-popup-gallery\">\r\n                            <a class=\"slide-gallery-image-link\" href=\"https:\/\/likemetkovic.hr\/portal\/wp-content\/uploads\/2021\/11\/kolona-sjecanja-vukovar-2021-2.jpg\" title=\"kolona sje\u0107anja vukovar 2021 (2)\"  data-caption=\"\"  data-description=\"\">\r\n                                <img decoding=\"async\" src=\"https:\/\/likemetkovic.hr\/portal\/wp-content\/uploads\/2021\/11\/kolona-sjecanja-vukovar-2021-2.jpg\" srcset=\"https:\/\/likemetkovic.hr\/portal\/wp-content\/uploads\/2021\/11\/kolona-sjecanja-vukovar-2021-2.jpg 800w, https:\/\/likemetkovic.hr\/portal\/wp-content\/uploads\/2021\/11\/kolona-sjecanja-vukovar-2021-2-768x353.jpg 768w, https:\/\/likemetkovic.hr\/portal\/wp-content\/uploads\/2021\/11\/kolona-sjecanja-vukovar-2021-2-696x320.jpg 696w\" sizes=\"(max-width: 800px) 100vw, 800px\" alt=\"\">\r\n                            <\/a>\r\n                            \r\n                        <\/figure>\r\n                    <\/div>\r\n                    <div class = \"td-slide-item td-item3\">\r\n                        <figure class=\"td-slide-galery-figure td-slide-popup-gallery\">\r\n                            <a class=\"slide-gallery-image-link\" href=\"https:\/\/likemetkovic.hr\/portal\/wp-content\/uploads\/2021\/11\/kolona-sjecanja-vukovar-2021-3.jpg\" title=\"kolona sje\u0107anja vukovar 2021 (3)\"  data-caption=\"\"  data-description=\"\">\r\n                                <img decoding=\"async\" src=\"https:\/\/likemetkovic.hr\/portal\/wp-content\/uploads\/2021\/11\/kolona-sjecanja-vukovar-2021-3.jpg\" srcset=\"https:\/\/likemetkovic.hr\/portal\/wp-content\/uploads\/2021\/11\/kolona-sjecanja-vukovar-2021-3.jpg 800w, https:\/\/likemetkovic.hr\/portal\/wp-content\/uploads\/2021\/11\/kolona-sjecanja-vukovar-2021-3-768x353.jpg 768w, https:\/\/likemetkovic.hr\/portal\/wp-content\/uploads\/2021\/11\/kolona-sjecanja-vukovar-2021-3-696x320.jpg 696w\" sizes=\"(max-width: 800px) 100vw, 800px\" alt=\"\">\r\n                            <\/a>\r\n                            \r\n                        <\/figure>\r\n                    <\/div>\r\n                    <div class = \"td-slide-item td-item4\">\r\n                        <figure class=\"td-slide-galery-figure td-slide-popup-gallery\">\r\n                            <a class=\"slide-gallery-image-link\" href=\"https:\/\/likemetkovic.hr\/portal\/wp-content\/uploads\/2021\/11\/kolona-sjecanja-vukovar-2021-4.jpg\" title=\"kolona sje\u0107anja vukovar 2021 (4)\"  data-caption=\"\"  data-description=\"\">\r\n                                <img decoding=\"async\" src=\"https:\/\/likemetkovic.hr\/portal\/wp-content\/uploads\/2021\/11\/kolona-sjecanja-vukovar-2021-4.jpg\" srcset=\"https:\/\/likemetkovic.hr\/portal\/wp-content\/uploads\/2021\/11\/kolona-sjecanja-vukovar-2021-4.jpg 800w, https:\/\/likemetkovic.hr\/portal\/wp-content\/uploads\/2021\/11\/kolona-sjecanja-vukovar-2021-4-768x355.jpg 768w, https:\/\/likemetkovic.hr\/portal\/wp-content\/uploads\/2021\/11\/kolona-sjecanja-vukovar-2021-4-696x322.jpg 696w\" sizes=\"(max-width: 800px) 100vw, 800px\" alt=\"\">\r\n                            <\/a>\r\n                            \r\n                        <\/figure>\r\n                    <\/div>\r\n                    <div class = \"td-slide-item td-item5\">\r\n                        <figure class=\"td-slide-galery-figure td-slide-popup-gallery\">\r\n                            <a class=\"slide-gallery-image-link\" href=\"https:\/\/likemetkovic.hr\/portal\/wp-content\/uploads\/2021\/11\/kolona-sjecanja-vukovar-2021-5.jpg\" title=\"kolona sje\u0107anja vukovar 2021 (5)\"  data-caption=\"\"  data-description=\"\">\r\n                                <img decoding=\"async\" src=\"https:\/\/likemetkovic.hr\/portal\/wp-content\/uploads\/2021\/11\/kolona-sjecanja-vukovar-2021-5.jpg\" srcset=\"https:\/\/likemetkovic.hr\/portal\/wp-content\/uploads\/2021\/11\/kolona-sjecanja-vukovar-2021-5.jpg 800w, https:\/\/likemetkovic.hr\/portal\/wp-content\/uploads\/2021\/11\/kolona-sjecanja-vukovar-2021-5-768x355.jpg 768w, https:\/\/likemetkovic.hr\/portal\/wp-content\/uploads\/2021\/11\/kolona-sjecanja-vukovar-2021-5-696x322.jpg 696w\" sizes=\"(max-width: 800px) 100vw, 800px\" alt=\"\">\r\n                            <\/a>\r\n                            \r\n                        <\/figure>\r\n                    <\/div>\r\n                    <div class = \"td-slide-item td-item6\">\r\n                        <figure class=\"td-slide-galery-figure td-slide-popup-gallery\">\r\n                            <a class=\"slide-gallery-image-link\" href=\"https:\/\/likemetkovic.hr\/portal\/wp-content\/uploads\/2021\/11\/kolona-sjecanja-vukovar-2021-7.jpg\" title=\"kolona sje\u0107anja vukovar 2021 (7)\"  data-caption=\"\"  data-description=\"\">\r\n                                <img decoding=\"async\" src=\"https:\/\/likemetkovic.hr\/portal\/wp-content\/uploads\/2021\/11\/kolona-sjecanja-vukovar-2021-7.jpg\" srcset=\"https:\/\/likemetkovic.hr\/portal\/wp-content\/uploads\/2021\/11\/kolona-sjecanja-vukovar-2021-7.jpg 800w, https:\/\/likemetkovic.hr\/portal\/wp-content\/uploads\/2021\/11\/kolona-sjecanja-vukovar-2021-7-768x355.jpg 768w, https:\/\/likemetkovic.hr\/portal\/wp-content\/uploads\/2021\/11\/kolona-sjecanja-vukovar-2021-7-696x322.jpg 696w\" sizes=\"(max-width: 800px) 100vw, 800px\" alt=\"\">\r\n                            <\/a>\r\n                            \r\n                        <\/figure>\r\n                    <\/div>\r\n                    <div class = \"td-slide-item td-item7\">\r\n                        <figure class=\"td-slide-galery-figure td-slide-popup-gallery\">\r\n                            <a class=\"slide-gallery-image-link\" href=\"https:\/\/likemetkovic.hr\/portal\/wp-content\/uploads\/2021\/11\/kolona-sjecanja-vukovar-2021-8.jpg\" title=\"kolona sje\u0107anja vukovar 2021 (8)\"  data-caption=\"\"  data-description=\"\">\r\n                                <img decoding=\"async\" src=\"https:\/\/likemetkovic.hr\/portal\/wp-content\/uploads\/2021\/11\/kolona-sjecanja-vukovar-2021-8.jpg\" srcset=\"https:\/\/likemetkovic.hr\/portal\/wp-content\/uploads\/2021\/11\/kolona-sjecanja-vukovar-2021-8.jpg 800w, https:\/\/likemetkovic.hr\/portal\/wp-content\/uploads\/2021\/11\/kolona-sjecanja-vukovar-2021-8-768x353.jpg 768w, https:\/\/likemetkovic.hr\/portal\/wp-content\/uploads\/2021\/11\/kolona-sjecanja-vukovar-2021-8-696x320.jpg 696w\" sizes=\"(max-width: 800px) 100vw, 800px\" alt=\"\">\r\n                            <\/a>\r\n                            \r\n                        <\/figure>\r\n                    <\/div>\r\n                    <div class = \"td-slide-item td-item8\">\r\n                        <figure class=\"td-slide-galery-figure td-slide-popup-gallery\">\r\n                            <a class=\"slide-gallery-image-link\" href=\"https:\/\/likemetkovic.hr\/portal\/wp-content\/uploads\/2021\/11\/kolona-sjecanja-vukovar-2021-9.jpg\" title=\"kolona sje\u0107anja vukovar 2021 (9)\"  data-caption=\"\"  data-description=\"\">\r\n                                <img decoding=\"async\" src=\"https:\/\/likemetkovic.hr\/portal\/wp-content\/uploads\/2021\/11\/kolona-sjecanja-vukovar-2021-9.jpg\" srcset=\"https:\/\/likemetkovic.hr\/portal\/wp-content\/uploads\/2021\/11\/kolona-sjecanja-vukovar-2021-9.jpg 800w, https:\/\/likemetkovic.hr\/portal\/wp-content\/uploads\/2021\/11\/kolona-sjecanja-vukovar-2021-9-768x353.jpg 768w, https:\/\/likemetkovic.hr\/portal\/wp-content\/uploads\/2021\/11\/kolona-sjecanja-vukovar-2021-9-696x320.jpg 696w\" sizes=\"(max-width: 800px) 100vw, 800px\" alt=\"\">\r\n                            <\/a>\r\n                            \r\n                        <\/figure>\r\n                    <\/div>\r\n                    <div class = \"td-slide-item td-item9\">\r\n                        <figure class=\"td-slide-galery-figure td-slide-popup-gallery\">\r\n                            <a class=\"slide-gallery-image-link\" href=\"https:\/\/likemetkovic.hr\/portal\/wp-content\/uploads\/2021\/11\/kolona-sjecanja-vukovar-2021-10.jpg\" title=\"kolona sje\u0107anja vukovar 2021 (10)\"  data-caption=\"\"  data-description=\"\">\r\n                                <img decoding=\"async\" src=\"https:\/\/likemetkovic.hr\/portal\/wp-content\/uploads\/2021\/11\/kolona-sjecanja-vukovar-2021-10.jpg\" srcset=\"https:\/\/likemetkovic.hr\/portal\/wp-content\/uploads\/2021\/11\/kolona-sjecanja-vukovar-2021-10.jpg 800w, https:\/\/likemetkovic.hr\/portal\/wp-content\/uploads\/2021\/11\/kolona-sjecanja-vukovar-2021-10-768x355.jpg 768w, https:\/\/likemetkovic.hr\/portal\/wp-content\/uploads\/2021\/11\/kolona-sjecanja-vukovar-2021-10-696x322.jpg 696w\" sizes=\"(max-width: 800px) 100vw, 800px\" alt=\"\">\r\n                            <\/a>\r\n                            \r\n                        <\/figure>\r\n                    <\/div>\r\n                    <div class = \"td-slide-item td-item10\">\r\n                        <figure class=\"td-slide-galery-figure td-slide-popup-gallery\">\r\n                            <a class=\"slide-gallery-image-link\" href=\"https:\/\/likemetkovic.hr\/portal\/wp-content\/uploads\/2021\/11\/kolona-sjecanja-vukovar-2021-11.jpg\" title=\"kolona sje\u0107anja vukovar 2021 (11)\"  data-caption=\"\"  data-description=\"\">\r\n                                <img decoding=\"async\" src=\"https:\/\/likemetkovic.hr\/portal\/wp-content\/uploads\/2021\/11\/kolona-sjecanja-vukovar-2021-11.jpg\" srcset=\"https:\/\/likemetkovic.hr\/portal\/wp-content\/uploads\/2021\/11\/kolona-sjecanja-vukovar-2021-11.jpg 800w, https:\/\/likemetkovic.hr\/portal\/wp-content\/uploads\/2021\/11\/kolona-sjecanja-vukovar-2021-11-768x355.jpg 768w, https:\/\/likemetkovic.hr\/portal\/wp-content\/uploads\/2021\/11\/kolona-sjecanja-vukovar-2021-11-696x322.jpg 696w\" sizes=\"(max-width: 800px) 100vw, 800px\" alt=\"\">\r\n                            <\/a>\r\n                            \r\n                        <\/figure>\r\n                    <\/div>\r\n                    <div class = \"td-slide-item td-item11\">\r\n                        <figure class=\"td-slide-galery-figure td-slide-popup-gallery\">\r\n                            <a class=\"slide-gallery-image-link\" href=\"https:\/\/likemetkovic.hr\/portal\/wp-content\/uploads\/2021\/11\/kolona-sjecanja-vukovar-2021-12.jpg\" title=\"kolona sje\u0107anja vukovar 2021 (12)\"  data-caption=\"\"  data-description=\"\">\r\n                                <img decoding=\"async\" src=\"https:\/\/likemetkovic.hr\/portal\/wp-content\/uploads\/2021\/11\/kolona-sjecanja-vukovar-2021-12.jpg\" srcset=\"https:\/\/likemetkovic.hr\/portal\/wp-content\/uploads\/2021\/11\/kolona-sjecanja-vukovar-2021-12.jpg 800w, https:\/\/likemetkovic.hr\/portal\/wp-content\/uploads\/2021\/11\/kolona-sjecanja-vukovar-2021-12-768x353.jpg 768w, https:\/\/likemetkovic.hr\/portal\/wp-content\/uploads\/2021\/11\/kolona-sjecanja-vukovar-2021-12-696x320.jpg 696w\" sizes=\"(max-width: 800px) 100vw, 800px\" alt=\"\">\r\n                            <\/a>\r\n                            \r\n                        <\/figure>\r\n                    <\/div>\r\n                    <div class = \"td-slide-item td-item12\">\r\n                        <figure class=\"td-slide-galery-figure td-slide-popup-gallery\">\r\n                            <a class=\"slide-gallery-image-link\" href=\"https:\/\/likemetkovic.hr\/portal\/wp-content\/uploads\/2021\/11\/kolona-sjecanja-vukovar-2021-13.jpg\" title=\"kolona sje\u0107anja vukovar 2021 (13)\"  data-caption=\"\"  data-description=\"\">\r\n                                <img decoding=\"async\" src=\"https:\/\/likemetkovic.hr\/portal\/wp-content\/uploads\/2021\/11\/kolona-sjecanja-vukovar-2021-13.jpg\" srcset=\"https:\/\/likemetkovic.hr\/portal\/wp-content\/uploads\/2021\/11\/kolona-sjecanja-vukovar-2021-13.jpg 800w, https:\/\/likemetkovic.hr\/portal\/wp-content\/uploads\/2021\/11\/kolona-sjecanja-vukovar-2021-13-768x355.jpg 768w, https:\/\/likemetkovic.hr\/portal\/wp-content\/uploads\/2021\/11\/kolona-sjecanja-vukovar-2021-13-696x322.jpg 696w\" sizes=\"(max-width: 800px) 100vw, 800px\" alt=\"\">\r\n                            <\/a>\r\n                            \r\n                        <\/figure>\r\n                    <\/div>\r\n                    <div class = \"td-slide-item td-item13\">\r\n                        <figure class=\"td-slide-galery-figure td-slide-popup-gallery\">\r\n                            <a class=\"slide-gallery-image-link\" href=\"https:\/\/likemetkovic.hr\/portal\/wp-content\/uploads\/2021\/11\/kolona-sjecanja-vukovar-2021-14.jpg\" title=\"kolona sje\u0107anja vukovar 2021 (14)\"  data-caption=\"\"  data-description=\"\">\r\n                                <img decoding=\"async\" src=\"https:\/\/likemetkovic.hr\/portal\/wp-content\/uploads\/2021\/11\/kolona-sjecanja-vukovar-2021-14.jpg\" srcset=\"https:\/\/likemetkovic.hr\/portal\/wp-content\/uploads\/2021\/11\/kolona-sjecanja-vukovar-2021-14.jpg 800w, https:\/\/likemetkovic.hr\/portal\/wp-content\/uploads\/2021\/11\/kolona-sjecanja-vukovar-2021-14-768x353.jpg 768w, https:\/\/likemetkovic.hr\/portal\/wp-content\/uploads\/2021\/11\/kolona-sjecanja-vukovar-2021-14-696x320.jpg 696w\" sizes=\"(max-width: 800px) 100vw, 800px\" alt=\"\">\r\n                            <\/a>\r\n                            \r\n                        <\/figure>\r\n                    <\/div>\r\n                    <div class = \"td-slide-item td-item14\">\r\n                        <figure class=\"td-slide-galery-figure td-slide-popup-gallery\">\r\n                            <a class=\"slide-gallery-image-link\" href=\"https:\/\/likemetkovic.hr\/portal\/wp-content\/uploads\/2021\/11\/kolona-sjecanja-vukovar-2021-15.jpg\" title=\"kolona sje\u0107anja vukovar 2021 (15)\"  data-caption=\"\"  data-description=\"\">\r\n                                <img decoding=\"async\" src=\"https:\/\/likemetkovic.hr\/portal\/wp-content\/uploads\/2021\/11\/kolona-sjecanja-vukovar-2021-15.jpg\" srcset=\"https:\/\/likemetkovic.hr\/portal\/wp-content\/uploads\/2021\/11\/kolona-sjecanja-vukovar-2021-15.jpg 800w, https:\/\/likemetkovic.hr\/portal\/wp-content\/uploads\/2021\/11\/kolona-sjecanja-vukovar-2021-15-768x353.jpg 768w, https:\/\/likemetkovic.hr\/portal\/wp-content\/uploads\/2021\/11\/kolona-sjecanja-vukovar-2021-15-696x320.jpg 696w\" sizes=\"(max-width: 800px) 100vw, 800px\" alt=\"\">\r\n                            <\/a>\r\n                            \r\n                        <\/figure>\r\n                    <\/div>\r\n                    <div class = \"td-slide-item td-item15\">\r\n                        <figure class=\"td-slide-galery-figure td-slide-popup-gallery\">\r\n                            <a class=\"slide-gallery-image-link\" href=\"https:\/\/likemetkovic.hr\/portal\/wp-content\/uploads\/2021\/11\/kolona-sjecanja-vukovar-2021-16.jpg\" title=\"kolona sje\u0107anja vukovar 2021 (16)\"  data-caption=\"\"  data-description=\"\">\r\n                                <img decoding=\"async\" src=\"https:\/\/likemetkovic.hr\/portal\/wp-content\/uploads\/2021\/11\/kolona-sjecanja-vukovar-2021-16.jpg\" srcset=\"https:\/\/likemetkovic.hr\/portal\/wp-content\/uploads\/2021\/11\/kolona-sjecanja-vukovar-2021-16.jpg 800w, https:\/\/likemetkovic.hr\/portal\/wp-content\/uploads\/2021\/11\/kolona-sjecanja-vukovar-2021-16-768x353.jpg 768w, https:\/\/likemetkovic.hr\/portal\/wp-content\/uploads\/2021\/11\/kolona-sjecanja-vukovar-2021-16-696x320.jpg 696w\" sizes=\"(max-width: 800px) 100vw, 800px\" alt=\"\">\r\n                            <\/a>\r\n                            \r\n                        <\/figure>\r\n                    <\/div>\r\n                    <div class = \"td-slide-item td-item16\">\r\n                        <figure class=\"td-slide-galery-figure td-slide-popup-gallery\">\r\n                            <a class=\"slide-gallery-image-link\" href=\"https:\/\/likemetkovic.hr\/portal\/wp-content\/uploads\/2021\/11\/kolona-sjecanja-vukovar-2021-17.jpg\" title=\"kolona sje\u0107anja vukovar 2021 (17)\"  data-caption=\"\"  data-description=\"\">\r\n                                <img decoding=\"async\" src=\"https:\/\/likemetkovic.hr\/portal\/wp-content\/uploads\/2021\/11\/kolona-sjecanja-vukovar-2021-17.jpg\" srcset=\"https:\/\/likemetkovic.hr\/portal\/wp-content\/uploads\/2021\/11\/kolona-sjecanja-vukovar-2021-17.jpg 800w, https:\/\/likemetkovic.hr\/portal\/wp-content\/uploads\/2021\/11\/kolona-sjecanja-vukovar-2021-17-768x353.jpg 768w, https:\/\/likemetkovic.hr\/portal\/wp-content\/uploads\/2021\/11\/kolona-sjecanja-vukovar-2021-17-696x320.jpg 696w\" sizes=\"(max-width: 800px) 100vw, 800px\" alt=\"\">\r\n                            <\/a>\r\n                            \r\n                        <\/figure>\r\n                    <\/div>\r\n                    <div class = \"td-slide-item td-item17\">\r\n                        <figure class=\"td-slide-galery-figure td-slide-popup-gallery\">\r\n                            <a class=\"slide-gallery-image-link\" href=\"https:\/\/likemetkovic.hr\/portal\/wp-content\/uploads\/2021\/11\/kolona-sjecanja-vukovar-2021-18.jpg\" title=\"kolona sje\u0107anja vukovar 2021 (18)\"  data-caption=\"\"  data-description=\"\">\r\n                                <img decoding=\"async\" src=\"https:\/\/likemetkovic.hr\/portal\/wp-content\/uploads\/2021\/11\/kolona-sjecanja-vukovar-2021-18.jpg\" srcset=\"https:\/\/likemetkovic.hr\/portal\/wp-content\/uploads\/2021\/11\/kolona-sjecanja-vukovar-2021-18.jpg 800w, https:\/\/likemetkovic.hr\/portal\/wp-content\/uploads\/2021\/11\/kolona-sjecanja-vukovar-2021-18-768x353.jpg 768w, https:\/\/likemetkovic.hr\/portal\/wp-content\/uploads\/2021\/11\/kolona-sjecanja-vukovar-2021-18-696x320.jpg 696w\" sizes=\"(max-width: 800px) 100vw, 800px\" alt=\"\">\r\n                            <\/a>\r\n                            \r\n                        <\/figure>\r\n                    <\/div>\r\n                    <div class = \"td-slide-item td-item18\">\r\n                        <figure class=\"td-slide-galery-figure td-slide-popup-gallery\">\r\n                            <a class=\"slide-gallery-image-link\" href=\"https:\/\/likemetkovic.hr\/portal\/wp-content\/uploads\/2021\/11\/kolona-sjecanja-vukovar-2021-19.jpg\" title=\"kolona sje\u0107anja vukovar 2021 (19)\"  data-caption=\"\"  data-description=\"\">\r\n                                <img decoding=\"async\" src=\"https:\/\/likemetkovic.hr\/portal\/wp-content\/uploads\/2021\/11\/kolona-sjecanja-vukovar-2021-19.jpg\" srcset=\"https:\/\/likemetkovic.hr\/portal\/wp-content\/uploads\/2021\/11\/kolona-sjecanja-vukovar-2021-19.jpg 800w, https:\/\/likemetkovic.hr\/portal\/wp-content\/uploads\/2021\/11\/kolona-sjecanja-vukovar-2021-19-768x353.jpg 768w, https:\/\/likemetkovic.hr\/portal\/wp-content\/uploads\/2021\/11\/kolona-sjecanja-vukovar-2021-19-696x320.jpg 696w\" sizes=\"(max-width: 800px) 100vw, 800px\" alt=\"\">\r\n                            <\/a>\r\n                            \r\n                        <\/figure>\r\n                    <\/div>\r\n                    <div class = \"td-slide-item td-item19\">\r\n                        <figure class=\"td-slide-galery-figure td-slide-popup-gallery\">\r\n                            <a class=\"slide-gallery-image-link\" href=\"https:\/\/likemetkovic.hr\/portal\/wp-content\/uploads\/2021\/11\/kolona-sjecanja-vukovar-2021-20.jpg\" title=\"kolona sje\u0107anja vukovar 2021 (20)\"  data-caption=\"\"  data-description=\"\">\r\n                                <img decoding=\"async\" src=\"https:\/\/likemetkovic.hr\/portal\/wp-content\/uploads\/2021\/11\/kolona-sjecanja-vukovar-2021-20.jpg\" srcset=\"https:\/\/likemetkovic.hr\/portal\/wp-content\/uploads\/2021\/11\/kolona-sjecanja-vukovar-2021-20.jpg 800w, https:\/\/likemetkovic.hr\/portal\/wp-content\/uploads\/2021\/11\/kolona-sjecanja-vukovar-2021-20-768x353.jpg 768w, https:\/\/likemetkovic.hr\/portal\/wp-content\/uploads\/2021\/11\/kolona-sjecanja-vukovar-2021-20-696x320.jpg 696w\" sizes=\"(max-width: 800px) 100vw, 800px\" alt=\"\">\r\n                            <\/a>\r\n                            \r\n                        <\/figure>\r\n                    <\/div>\r\n                    <div class = \"td-slide-item td-item20\">\r\n                        <figure class=\"td-slide-galery-figure td-slide-popup-gallery\">\r\n                            <a class=\"slide-gallery-image-link\" href=\"https:\/\/likemetkovic.hr\/portal\/wp-content\/uploads\/2021\/11\/kolona-sjecanja-vukovar-2021-21.jpg\" title=\"kolona sje\u0107anja vukovar 2021 (21)\"  data-caption=\"\"  data-description=\"\">\r\n                                <img decoding=\"async\" src=\"https:\/\/likemetkovic.hr\/portal\/wp-content\/uploads\/2021\/11\/kolona-sjecanja-vukovar-2021-21.jpg\" srcset=\"https:\/\/likemetkovic.hr\/portal\/wp-content\/uploads\/2021\/11\/kolona-sjecanja-vukovar-2021-21.jpg 800w, https:\/\/likemetkovic.hr\/portal\/wp-content\/uploads\/2021\/11\/kolona-sjecanja-vukovar-2021-21-768x353.jpg 768w, https:\/\/likemetkovic.hr\/portal\/wp-content\/uploads\/2021\/11\/kolona-sjecanja-vukovar-2021-21-696x320.jpg 696w\" sizes=\"(max-width: 800px) 100vw, 800px\" alt=\"\">\r\n                            <\/a>\r\n                            \r\n                        <\/figure>\r\n                    <\/div>\r\n                    <div class = \"td-slide-item td-item21\">\r\n                        <figure class=\"td-slide-galery-figure td-slide-popup-gallery\">\r\n                            <a class=\"slide-gallery-image-link\" href=\"https:\/\/likemetkovic.hr\/portal\/wp-content\/uploads\/2021\/11\/kolona-sjecanja-vukovar-2021-22.jpg\" title=\"kolona sje\u0107anja vukovar 2021 (22)\"  data-caption=\"\"  data-description=\"\">\r\n                                <img decoding=\"async\" src=\"https:\/\/likemetkovic.hr\/portal\/wp-content\/uploads\/2021\/11\/kolona-sjecanja-vukovar-2021-22.jpg\" srcset=\"https:\/\/likemetkovic.hr\/portal\/wp-content\/uploads\/2021\/11\/kolona-sjecanja-vukovar-2021-22.jpg 800w, https:\/\/likemetkovic.hr\/portal\/wp-content\/uploads\/2021\/11\/kolona-sjecanja-vukovar-2021-22-768x355.jpg 768w, https:\/\/likemetkovic.hr\/portal\/wp-content\/uploads\/2021\/11\/kolona-sjecanja-vukovar-2021-22-696x322.jpg 696w\" sizes=\"(max-width: 800px) 100vw, 800px\" alt=\"\">\r\n                            <\/a>\r\n                            \r\n                        <\/figure>\r\n                    <\/div>\r\n                            <\/div>\r\n                        <\/div>\r\n\r\n                        <div class = \"td-doubleSlider-2\">\r\n                            <div class = \"td-slider\">\r\n                                \r\n                    <div class = \"td-button td-item1\">\r\n                        <div class = \"td-border\"><\/div>\r\n                    <\/div>\r\n                    <div class = \"td-button td-item2\">\r\n                        <div class = \"td-border\"><\/div>\r\n                    <\/div>\r\n                    <div class = \"td-button td-item3\">\r\n                        <div class = \"td-border\"><\/div>\r\n                    <\/div>\r\n                    <div class = \"td-button td-item4\">\r\n                        <div class = \"td-border\"><\/div>\r\n                    <\/div>\r\n                    <div class = \"td-button td-item5\">\r\n                        <div class = \"td-border\"><\/div>\r\n                    <\/div>\r\n                    <div class = \"td-button td-item6\">\r\n                        <div class = \"td-border\"><\/div>\r\n                    <\/div>\r\n                    <div class = \"td-button td-item7\">\r\n                        <div class = \"td-border\"><\/div>\r\n                    <\/div>\r\n                    <div class = \"td-button td-item8\">\r\n                        <div class = \"td-border\"><\/div>\r\n                    <\/div>\r\n                    <div class = \"td-button td-item9\">\r\n                        <div class = \"td-border\"><\/div>\r\n                    <\/div>\r\n                    <div class = \"td-button td-item10\">\r\n                        <div class = \"td-border\"><\/div>\r\n                    <\/div>\r\n                    <div class = \"td-button td-item11\">\r\n                        <div class = \"td-border\"><\/div>\r\n                    <\/div>\r\n                    <div class = \"td-button td-item12\">\r\n                        <div class = \"td-border\"><\/div>\r\n                    <\/div>\r\n                    <div class = \"td-button td-item13\">\r\n                        <div class = \"td-border\"><\/div>\r\n                    <\/div>\r\n                    <div class = \"td-button td-item14\">\r\n                        <div class = \"td-border\"><\/div>\r\n                    <\/div>\r\n                    <div class = \"td-button td-item15\">\r\n                        <div class = \"td-border\"><\/div>\r\n                    <\/div>\r\n                    <div class = \"td-button td-item16\">\r\n                        <div class = \"td-border\"><\/div>\r\n                    <\/div>\r\n                    <div class = \"td-button td-item17\">\r\n                        <div class = \"td-border\"><\/div>\r\n                    <\/div>\r\n                    <div class = \"td-button td-item18\">\r\n                        <div class = \"td-border\"><\/div>\r\n                    <\/div>\r\n                    <div class = \"td-button td-item19\">\r\n                        <div class = \"td-border\"><\/div>\r\n                    <\/div>\r\n                    <div class = \"td-button td-item20\">\r\n                        <div class = \"td-border\"><\/div>\r\n                    <\/div>\r\n                    <div class = \"td-button td-item21\">\r\n                        <div class = \"td-border\"><\/div>\r\n                    <\/div>\r\n                            <\/div>\r\n                        <\/div>\r\n\r\n                    <\/div>\r\n\r\n                <\/div>\r\n                \n","protected":false},"excerpt":{"rendered":"<p>U Vukovaru se danas na poseban obilje\u017eava Dan sje\u0107anja na \u017ertvu Vukovara i \u0160kabrnje i svih \u017ertava iz Domovinskog rata. U Koloni sje\u0107anja od vukovarske bolnice do Memorijalnog groblja sudjelovali su i veterani 4. gbr HV-a iz Metkovi\u0107a pronose\u0107i veliku hrvatsku zastavu s geslom postrojbe. Trideset je godina pro\u0161lo od dana pada Vukovara \u010diji su [&hellip;]<\/p>\n","protected":false},"author":9,"featured_media":125245,"comment_status":"open","ping_status":"open","sticky":false,"template":"","format":"standard","meta":{"footnotes":""},"categories":[3265,283,1027],"tags":[6439,6446,550],"class_list":{"0":"post-125235","1":"post","2":"type-post","3":"status-publish","4":"format-standard","5":"has-post-thumbnail","7":"category-a_privremeno","8":"category-a","9":"category-hrvatska","10":"tag-kolona-sjecanja","11":"tag-sjecanje-na-vukovar","12":"tag-veterani-4-gbr"},"yoast_head":"<!-- This site is optimized with the Yoast SEO plugin v25.2 - https:\/\/yoast.com\/wordpress\/plugins\/seo\/ -->\n<title>FOTO | Veterani 4. gbr iz Metkovi\u0107a u Koloni sje\u0107anja s velikom hrvatskom zastavom - likemetkovic.hr<\/title>\n<meta name=\"robots\" content=\"index, follow, max-snippet:-1, max-image-preview:large, max-video-preview:-1\" \/>\n<link rel=\"canonical\" href=\"https:\/\/likemetkovic.hr\/foto-veterani-4-gbr-iz-metkovica-u-koloni-sjecanja-s-velikom-hrvatskom-zastavom\/\" \/>\n<meta property=\"og:locale\" content=\"hr_HR\" \/>\n<meta property=\"og:type\" content=\"article\" \/>\n<meta property=\"og:title\" content=\"FOTO | Veterani 4. gbr iz Metkovi\u0107a u Koloni sje\u0107anja s velikom hrvatskom zastavom - likemetkovic.hr\" \/>\n<meta property=\"og:description\" content=\"U Vukovaru se danas na poseban obilje\u017eava Dan sje\u0107anja na \u017ertvu Vukovara i \u0160kabrnje i svih \u017ertava iz Domovinskog rata. U Koloni sje\u0107anja od vukovarske bolnice do Memorijalnog groblja sudjelovali su i veterani 4. gbr HV-a iz Metkovi\u0107a pronose\u0107i veliku hrvatsku zastavu s geslom postrojbe. Trideset je godina pro\u0161lo od dana pada Vukovara \u010diji su [&hellip;]\" \/>\n<meta property=\"og:url\" content=\"https:\/\/likemetkovic.hr\/foto-veterani-4-gbr-iz-metkovica-u-koloni-sjecanja-s-velikom-hrvatskom-zastavom\/\" \/>\n<meta property=\"og:site_name\" content=\"likemetkovic.hr\" \/>\n<meta property=\"article:publisher\" content=\"https:\/\/www.facebook.com\/likemetkovic.hr\/\" \/>\n<meta property=\"article:published_time\" content=\"2021-11-18T15:46:14+00:00\" \/>\n<meta property=\"article:modified_time\" content=\"2021-11-18T15:48:20+00:00\" \/>\n<meta property=\"og:image\" content=\"https:\/\/likemetkovic.hr\/wp-content\/uploads\/2021\/11\/kolona-sjecanja-vukovar-2021-11.jpg\" \/>\n\t<meta property=\"og:image:width\" content=\"800\" \/>\n\t<meta property=\"og:image:height\" content=\"370\" \/>\n\t<meta property=\"og:image:type\" content=\"image\/jpeg\" \/>\n<meta name=\"author\" content=\"K. J.\" \/>\n<meta name=\"twitter:card\" content=\"summary_large_image\" \/>\n<meta name=\"twitter:label1\" content=\"Napisao\/la\" \/>\n\t<meta name=\"twitter:data1\" content=\"K. J.\" \/>\n\t<meta name=\"twitter:label2\" content=\"Procijenjeno vrijeme \u010ditanja\" \/>\n\t<meta name=\"twitter:data2\" content=\"1 minuta\" \/>\n<script type=\"application\/ld+json\" class=\"yoast-schema-graph\">{\"@context\":\"https:\/\/schema.org\",\"@graph\":[{\"@type\":\"WebPage\",\"@id\":\"https:\/\/likemetkovic.hr\/foto-veterani-4-gbr-iz-metkovica-u-koloni-sjecanja-s-velikom-hrvatskom-zastavom\/\",\"url\":\"https:\/\/likemetkovic.hr\/foto-veterani-4-gbr-iz-metkovica-u-koloni-sjecanja-s-velikom-hrvatskom-zastavom\/\",\"name\":\"FOTO | Veterani 4. gbr iz Metkovi\u0107a u Koloni sje\u0107anja s velikom hrvatskom zastavom - likemetkovic.hr\",\"isPartOf\":{\"@id\":\"https:\/\/likemetkovic.hr\/#website\"},\"primaryImageOfPage\":{\"@id\":\"https:\/\/likemetkovic.hr\/foto-veterani-4-gbr-iz-metkovica-u-koloni-sjecanja-s-velikom-hrvatskom-zastavom\/#primaryimage\"},\"image\":{\"@id\":\"https:\/\/likemetkovic.hr\/foto-veterani-4-gbr-iz-metkovica-u-koloni-sjecanja-s-velikom-hrvatskom-zastavom\/#primaryimage\"},\"thumbnailUrl\":\"https:\/\/likemetkovic.hr\/portal\/wp-content\/uploads\/2021\/11\/kolona-sjecanja-vukovar-2021-11.jpg\",\"datePublished\":\"2021-11-18T15:46:14+00:00\",\"dateModified\":\"2021-11-18T15:48:20+00:00\",\"author\":{\"@id\":\"https:\/\/likemetkovic.hr\/#\/schema\/person\/0a8b4ebfdfe1ff01192dccda40c5da0c\"},\"breadcrumb\":{\"@id\":\"https:\/\/likemetkovic.hr\/foto-veterani-4-gbr-iz-metkovica-u-koloni-sjecanja-s-velikom-hrvatskom-zastavom\/#breadcrumb\"},\"inLanguage\":\"hr\",\"potentialAction\":[{\"@type\":\"ReadAction\",\"target\":[\"https:\/\/likemetkovic.hr\/foto-veterani-4-gbr-iz-metkovica-u-koloni-sjecanja-s-velikom-hrvatskom-zastavom\/\"]}]},{\"@type\":\"ImageObject\",\"inLanguage\":\"hr\",\"@id\":\"https:\/\/likemetkovic.hr\/foto-veterani-4-gbr-iz-metkovica-u-koloni-sjecanja-s-velikom-hrvatskom-zastavom\/#primaryimage\",\"url\":\"https:\/\/likemetkovic.hr\/portal\/wp-content\/uploads\/2021\/11\/kolona-sjecanja-vukovar-2021-11.jpg\",\"contentUrl\":\"https:\/\/likemetkovic.hr\/portal\/wp-content\/uploads\/2021\/11\/kolona-sjecanja-vukovar-2021-11.jpg\",\"width\":800,\"height\":370},{\"@type\":\"BreadcrumbList\",\"@id\":\"https:\/\/likemetkovic.hr\/foto-veterani-4-gbr-iz-metkovica-u-koloni-sjecanja-s-velikom-hrvatskom-zastavom\/#breadcrumb\",\"itemListElement\":[{\"@type\":\"ListItem\",\"position\":1,\"name\":\"Po\u010detna stranica\",\"item\":\"https:\/\/likemetkovic.hr\/portal\/\"},{\"@type\":\"ListItem\",\"position\":2,\"name\":\"FOTO | Veterani 4. gbr iz Metkovi\u0107a u Koloni sje\u0107anja s velikom hrvatskom zastavom\"}]},{\"@type\":\"WebSite\",\"@id\":\"https:\/\/likemetkovic.hr\/#website\",\"url\":\"https:\/\/likemetkovic.hr\/\",\"name\":\"likemetkovic.hr\",\"description\":\"Misli pozitivno... \u010ditaj LIKE\",\"potentialAction\":[{\"@type\":\"SearchAction\",\"target\":{\"@type\":\"EntryPoint\",\"urlTemplate\":\"https:\/\/likemetkovic.hr\/?s={search_term_string}\"},\"query-input\":{\"@type\":\"PropertyValueSpecification\",\"valueRequired\":true,\"valueName\":\"search_term_string\"}}],\"inLanguage\":\"hr\"},{\"@type\":\"Person\",\"@id\":\"https:\/\/likemetkovic.hr\/#\/schema\/person\/0a8b4ebfdfe1ff01192dccda40c5da0c\",\"name\":\"K. J.\",\"url\":\"https:\/\/likemetkovic.hr\/portal\/author\/likemetkovic\/\"}]}<\/script>\n<!-- \/ Yoast SEO plugin. -->","yoast_head_json":{"title":"FOTO | Veterani 4. gbr iz Metkovi\u0107a u Koloni sje\u0107anja s velikom hrvatskom zastavom - likemetkovic.hr","robots":{"index":"index","follow":"follow","max-snippet":"max-snippet:-1","max-image-preview":"max-image-preview:large","max-video-preview":"max-video-preview:-1"},"canonical":"https:\/\/likemetkovic.hr\/foto-veterani-4-gbr-iz-metkovica-u-koloni-sjecanja-s-velikom-hrvatskom-zastavom\/","og_locale":"hr_HR","og_type":"article","og_title":"FOTO | Veterani 4. gbr iz Metkovi\u0107a u Koloni sje\u0107anja s velikom hrvatskom zastavom - likemetkovic.hr","og_description":"U Vukovaru se danas na poseban obilje\u017eava Dan sje\u0107anja na \u017ertvu Vukovara i \u0160kabrnje i svih \u017ertava iz Domovinskog rata. U Koloni sje\u0107anja od vukovarske bolnice do Memorijalnog groblja sudjelovali su i veterani 4. gbr HV-a iz Metkovi\u0107a pronose\u0107i veliku hrvatsku zastavu s geslom postrojbe. Trideset je godina pro\u0161lo od dana pada Vukovara \u010diji su [&hellip;]","og_url":"https:\/\/likemetkovic.hr\/foto-veterani-4-gbr-iz-metkovica-u-koloni-sjecanja-s-velikom-hrvatskom-zastavom\/","og_site_name":"likemetkovic.hr","article_publisher":"https:\/\/www.facebook.com\/likemetkovic.hr\/","article_published_time":"2021-11-18T15:46:14+00:00","article_modified_time":"2021-11-18T15:48:20+00:00","og_image":[{"width":800,"height":370,"url":"https:\/\/likemetkovic.hr\/wp-content\/uploads\/2021\/11\/kolona-sjecanja-vukovar-2021-11.jpg","type":"image\/jpeg"}],"author":"K. J.","twitter_card":"summary_large_image","twitter_misc":{"Napisao\/la":"K. J.","Procijenjeno vrijeme \u010ditanja":"1 minuta"},"schema":{"@context":"https:\/\/schema.org","@graph":[{"@type":"WebPage","@id":"https:\/\/likemetkovic.hr\/foto-veterani-4-gbr-iz-metkovica-u-koloni-sjecanja-s-velikom-hrvatskom-zastavom\/","url":"https:\/\/likemetkovic.hr\/foto-veterani-4-gbr-iz-metkovica-u-koloni-sjecanja-s-velikom-hrvatskom-zastavom\/","name":"FOTO | Veterani 4. gbr iz Metkovi\u0107a u Koloni sje\u0107anja s velikom hrvatskom zastavom - likemetkovic.hr","isPartOf":{"@id":"https:\/\/likemetkovic.hr\/#website"},"primaryImageOfPage":{"@id":"https:\/\/likemetkovic.hr\/foto-veterani-4-gbr-iz-metkovica-u-koloni-sjecanja-s-velikom-hrvatskom-zastavom\/#primaryimage"},"image":{"@id":"https:\/\/likemetkovic.hr\/foto-veterani-4-gbr-iz-metkovica-u-koloni-sjecanja-s-velikom-hrvatskom-zastavom\/#primaryimage"},"thumbnailUrl":"https:\/\/likemetkovic.hr\/portal\/wp-content\/uploads\/2021\/11\/kolona-sjecanja-vukovar-2021-11.jpg","datePublished":"2021-11-18T15:46:14+00:00","dateModified":"2021-11-18T15:48:20+00:00","author":{"@id":"https:\/\/likemetkovic.hr\/#\/schema\/person\/0a8b4ebfdfe1ff01192dccda40c5da0c"},"breadcrumb":{"@id":"https:\/\/likemetkovic.hr\/foto-veterani-4-gbr-iz-metkovica-u-koloni-sjecanja-s-velikom-hrvatskom-zastavom\/#breadcrumb"},"inLanguage":"hr","potentialAction":[{"@type":"ReadAction","target":["https:\/\/likemetkovic.hr\/foto-veterani-4-gbr-iz-metkovica-u-koloni-sjecanja-s-velikom-hrvatskom-zastavom\/"]}]},{"@type":"ImageObject","inLanguage":"hr","@id":"https:\/\/likemetkovic.hr\/foto-veterani-4-gbr-iz-metkovica-u-koloni-sjecanja-s-velikom-hrvatskom-zastavom\/#primaryimage","url":"https:\/\/likemetkovic.hr\/portal\/wp-content\/uploads\/2021\/11\/kolona-sjecanja-vukovar-2021-11.jpg","contentUrl":"https:\/\/likemetkovic.hr\/portal\/wp-content\/uploads\/2021\/11\/kolona-sjecanja-vukovar-2021-11.jpg","width":800,"height":370},{"@type":"BreadcrumbList","@id":"https:\/\/likemetkovic.hr\/foto-veterani-4-gbr-iz-metkovica-u-koloni-sjecanja-s-velikom-hrvatskom-zastavom\/#breadcrumb","itemListElement":[{"@type":"ListItem","position":1,"name":"Po\u010detna stranica","item":"https:\/\/likemetkovic.hr\/portal\/"},{"@type":"ListItem","position":2,"name":"FOTO | Veterani 4. gbr iz Metkovi\u0107a u Koloni sje\u0107anja s velikom hrvatskom zastavom"}]},{"@type":"WebSite","@id":"https:\/\/likemetkovic.hr\/#website","url":"https:\/\/likemetkovic.hr\/","name":"likemetkovic.hr","description":"Misli pozitivno... \u010ditaj LIKE","potentialAction":[{"@type":"SearchAction","target":{"@type":"EntryPoint","urlTemplate":"https:\/\/likemetkovic.hr\/?s={search_term_string}"},"query-input":{"@type":"PropertyValueSpecification","valueRequired":true,"valueName":"search_term_string"}}],"inLanguage":"hr"},{"@type":"Person","@id":"https:\/\/likemetkovic.hr\/#\/schema\/person\/0a8b4ebfdfe1ff01192dccda40c5da0c","name":"K. J.","url":"https:\/\/likemetkovic.hr\/portal\/author\/likemetkovic\/"}]}},"_links":{"self":[{"href":"https:\/\/likemetkovic.hr\/portal\/wp-json\/wp\/v2\/posts\/125235","targetHints":{"allow":["GET"]}}],"collection":[{"href":"https:\/\/likemetkovic.hr\/portal\/wp-json\/wp\/v2\/posts"}],"about":[{"href":"https:\/\/likemetkovic.hr\/portal\/wp-json\/wp\/v2\/types\/post"}],"author":[{"embeddable":true,"href":"https:\/\/likemetkovic.hr\/portal\/wp-json\/wp\/v2\/users\/9"}],"replies":[{"embeddable":true,"href":"https:\/\/likemetkovic.hr\/portal\/wp-json\/wp\/v2\/comments?post=125235"}],"version-history":[{"count":0,"href":"https:\/\/likemetkovic.hr\/portal\/wp-json\/wp\/v2\/posts\/125235\/revisions"}],"wp:featuredmedia":[{"embeddable":true,"href":"https:\/\/likemetkovic.hr\/portal\/wp-json\/wp\/v2\/media\/125245"}],"wp:attachment":[{"href":"https:\/\/likemetkovic.hr\/portal\/wp-json\/wp\/v2\/media?parent=125235"}],"wp:term":[{"taxonomy":"category","embeddable":true,"href":"https:\/\/likemetkovic.hr\/portal\/wp-json\/wp\/v2\/categories?post=125235"},{"taxonomy":"post_tag","embeddable":true,"href":"https:\/\/likemetkovic.hr\/portal\/wp-json\/wp\/v2\/tags?post=125235"}],"curies":[{"name":"wp","href":"https:\/\/api.w.org\/{rel}","templated":true}]}}