{"id":125266,"date":"2021-11-19T10:20:44","date_gmt":"2021-11-19T09:20:44","guid":{"rendered":"https:\/\/likemetkovic.hr\/?p=125266"},"modified":"2021-11-19T10:20:44","modified_gmt":"2021-11-19T09:20:44","slug":"konacno-vikend-bez-kise-vec-od-ponedjeljka-promjena-vremena","status":"publish","type":"post","link":"https:\/\/likemetkovic.hr\/portal\/konacno-vikend-bez-kise-vec-od-ponedjeljka-promjena-vremena\/","title":{"rendered":"Kona\u010dno vikend bez ki\u0161e, ve\u0107 od ponedjeljka promjena vremena"},"content":{"rendered":"<p>Obla\u010dno vrijeme pratilo nas je danima, a danas se ukazalo sunce. Oblake je rastjerala bura koja je uz obalu uglavnom bila slaba do umjerena, tek podno Velebita i ponegdje na otvorenom moru ima vrlo jakih udara vjetra, pi\u0161e <a href=\"https:\/\/www.dalmacijadanas.hr\/dobro-iskoristite-suncani-kraj-tjedna-konacno-suh-vikend-no-vec-od-ponedjeljka-novo-kisno-razdoblje2\">Dalmaciju danas<\/a>.<\/p>\n<p>Pred nama je kona\u010dno stabilan kraj tjedna. On donosi vrlo ugodne temperature zraka koje \u0107e biti vi\u0161e od normale za ovaj dio godine, a i vjetar \u0107e biti slab. Jugo krajem nedjelje i djelomi\u010dno naobla\u010denje bit \u0107e uvod u novu promjenu vremena.<\/p>\n<p>S obzirom na prognozu za sljede\u0107i tjedan, bilo bi dobro da iskoristite<strong> vikend pred nama jer \u0107e ve\u0107im dijelom biti sun\u010dan i relativno topao<\/strong>, a najve\u0107i dio sljede\u0107eg tjedna bit \u0107e prete\u017eno obla\u010dan. Vjerojatno ne\u0107e biti dana bez barem malo ki\u0161e.<\/p>\n<p><strong>U petak<\/strong>\u00a0\u0107e biti djelomi\u010dno sun\u010dano i suho. Puhat \u0107e slaba do umjerena bura, popodne na otvorenome prolazno jaka tramontana. Minimalne jutarnje temperature zraka u Zagori od 1 do 6\u00b0C, uz obalu i na otocima od 7 do 12\u00b0C. Najvi\u0161e dnevne temperature od 14 do 19\u00b0C.<\/p>\n<p><strong>Subota<\/strong>\u00a0\u0107e biti prete\u017eno vedra. Ujutro \u0107e puhati slaba bura, danju tiho ili slab vjetar s mora. Minimalne jutarnje temperature zraka u Zagori od 1 do 6\u00b0C, uz obalu i na otocima od 8 do 13\u00b0C. Najvi\u0161e dnevne temperature od 15 do 20\u00b0C.<\/p>\n<p>Ve\u0107i dio<strong>\u00a0nedjelje<\/strong>\u00a0bit \u0107e prete\u017eno sun\u010dan i suh. Ipak, u drugom dijelu dana, a osobito nave\u010der postupan porast naoblake sa zapada. Ponegdje mo\u017ee pasti vrlo malo ki\u0161e. Ujutro tiho ili burin, danju \u0107e zapuhati slabo do umjereno jugo koje \u0107e nave\u010der biti poja\u010dano. Jutarnje temperature zraka neznatno vi\u0161e, danju ve\u0107inom od 15 do 20\u00b0C.<\/p>\n<p><strong>Od ponedjeljka<\/strong>\u00a0\u0107e biti prete\u017eno obla\u010dno. Vi\u0161e ki\u0161e bit \u0107e na otocima, a najmanje u Zagori. U po\u010detku \u0107e puhati jugo, popodne u okretanju na slabu do umjerenu buru. Relativno toplo.<\/p>\n<p><strong>U utorak<\/strong>\u00a0obla\u010dno uz povremenu slabu ki\u0161u, a na Dinari je mogu\u0107 snijeg u vi\u0161im predjelima. Puhat \u0107e umjerena bura, podno Velebita jaka s olujnim udarima. Bit \u0107e hladnije s najvi\u0161im dnevnim temperaturama od 10 do 17\u00b0C.<\/p>\n<p><strong>U srijedu<\/strong> vrlo promjenjivo, a bura \u0107e danju prije\u0107i uz jugo uz stalno ja\u010danje. Ponovno toplije. Najnestabilniji dan tjedna mogao bi biti \u010detvrtak. O\u010dekuju se obilne dnevne oborine, a puhat \u0107e jako do olujno jugo koje \u0107e do kraja dana okretati na lebi\u0107. Ponovno \u0107e biti toplije, pi\u0161e <a href=\"https:\/\/www.dalmacijadanas.hr\/dobro-iskoristite-suncani-kraj-tjedna-konacno-suh-vikend-no-vec-od-ponedjeljka-novo-kisno-razdoblje2\">Dalmaciju danas<\/a>.<\/p>\n","protected":false},"excerpt":{"rendered":"<p>Obla\u010dno vrijeme pratilo nas je danima, a danas se ukazalo sunce. Oblake je rastjerala bura koja je uz obalu uglavnom bila slaba do umjerena, tek podno Velebita i ponegdje na otvorenom moru ima vrlo jakih udara vjetra, pi\u0161e Dalmaciju danas. Pred nama je kona\u010dno stabilan kraj tjedna. On donosi vrlo ugodne temperature zraka koje \u0107e [&hellip;]<\/p>\n","protected":false},"author":7,"featured_media":101282,"comment_status":"open","ping_status":"open","sticky":false,"template":"","format":"standard","meta":{"footnotes":""},"categories":[283,1027],"tags":[365],"class_list":{"0":"post-125266","1":"post","2":"type-post","3":"status-publish","4":"format-standard","5":"has-post-thumbnail","7":"category-a","8":"category-hrvatska","9":"tag-vremenska-prognoza"},"yoast_head":"<!-- This site is optimized with the Yoast SEO plugin v25.2 - https:\/\/yoast.com\/wordpress\/plugins\/seo\/ -->\n<title>Kona\u010dno vikend bez ki\u0161e, ve\u0107 od ponedjeljka promjena vremena - likemetkovic.hr<\/title>\n<meta name=\"robots\" content=\"index, follow, max-snippet:-1, max-image-preview:large, max-video-preview:-1\" \/>\n<link rel=\"canonical\" href=\"https:\/\/likemetkovic.hr\/konacno-vikend-bez-kise-vec-od-ponedjeljka-promjena-vremena\/\" \/>\n<meta property=\"og:locale\" content=\"hr_HR\" \/>\n<meta property=\"og:type\" content=\"article\" \/>\n<meta property=\"og:title\" content=\"Kona\u010dno vikend bez ki\u0161e, ve\u0107 od ponedjeljka promjena vremena - likemetkovic.hr\" \/>\n<meta property=\"og:description\" content=\"Obla\u010dno vrijeme pratilo nas je danima, a danas se ukazalo sunce. Oblake je rastjerala bura koja je uz obalu uglavnom bila slaba do umjerena, tek podno Velebita i ponegdje na otvorenom moru ima vrlo jakih udara vjetra, pi\u0161e Dalmaciju danas. Pred nama je kona\u010dno stabilan kraj tjedna. On donosi vrlo ugodne temperature zraka koje \u0107e [&hellip;]\" \/>\n<meta property=\"og:url\" content=\"https:\/\/likemetkovic.hr\/konacno-vikend-bez-kise-vec-od-ponedjeljka-promjena-vremena\/\" \/>\n<meta property=\"og:site_name\" content=\"likemetkovic.hr\" \/>\n<meta property=\"article:publisher\" content=\"https:\/\/www.facebook.com\/likemetkovic.hr\/\" \/>\n<meta property=\"article:published_time\" content=\"2021-11-19T09:20:44+00:00\" \/>\n<meta property=\"og:image\" content=\"https:\/\/likemetkovic.hr\/wp-content\/uploads\/2020\/05\/kablina_rujnica_panorama_24.jpg\" \/>\n\t<meta property=\"og:image:width\" content=\"800\" \/>\n\t<meta property=\"og:image:height\" content=\"533\" \/>\n\t<meta property=\"og:image:type\" content=\"image\/jpeg\" \/>\n<meta name=\"author\" content=\"LIKEmetkovic.hr\" \/>\n<meta name=\"twitter:card\" content=\"summary_large_image\" \/>\n<meta name=\"twitter:label1\" content=\"Napisao\/la\" \/>\n\t<meta name=\"twitter:data1\" content=\"LIKEmetkovic.hr\" \/>\n\t<meta name=\"twitter:label2\" content=\"Procijenjeno vrijeme \u010ditanja\" \/>\n\t<meta name=\"twitter:data2\" content=\"2 minute\" \/>\n<script type=\"application\/ld+json\" class=\"yoast-schema-graph\">{\"@context\":\"https:\/\/schema.org\",\"@graph\":[{\"@type\":\"WebPage\",\"@id\":\"https:\/\/likemetkovic.hr\/konacno-vikend-bez-kise-vec-od-ponedjeljka-promjena-vremena\/\",\"url\":\"https:\/\/likemetkovic.hr\/konacno-vikend-bez-kise-vec-od-ponedjeljka-promjena-vremena\/\",\"name\":\"Kona\u010dno vikend bez ki\u0161e, ve\u0107 od ponedjeljka promjena vremena - likemetkovic.hr\",\"isPartOf\":{\"@id\":\"https:\/\/likemetkovic.hr\/#website\"},\"primaryImageOfPage\":{\"@id\":\"https:\/\/likemetkovic.hr\/konacno-vikend-bez-kise-vec-od-ponedjeljka-promjena-vremena\/#primaryimage\"},\"image\":{\"@id\":\"https:\/\/likemetkovic.hr\/konacno-vikend-bez-kise-vec-od-ponedjeljka-promjena-vremena\/#primaryimage\"},\"thumbnailUrl\":\"https:\/\/likemetkovic.hr\/portal\/wp-content\/uploads\/2020\/05\/kablina_rujnica_panorama_24.jpg\",\"datePublished\":\"2021-11-19T09:20:44+00:00\",\"author\":{\"@id\":\"https:\/\/likemetkovic.hr\/#\/schema\/person\/a42711f3385a0e2be6f7e0443bfb28f0\"},\"breadcrumb\":{\"@id\":\"https:\/\/likemetkovic.hr\/konacno-vikend-bez-kise-vec-od-ponedjeljka-promjena-vremena\/#breadcrumb\"},\"inLanguage\":\"hr\",\"potentialAction\":[{\"@type\":\"ReadAction\",\"target\":[\"https:\/\/likemetkovic.hr\/konacno-vikend-bez-kise-vec-od-ponedjeljka-promjena-vremena\/\"]}]},{\"@type\":\"ImageObject\",\"inLanguage\":\"hr\",\"@id\":\"https:\/\/likemetkovic.hr\/konacno-vikend-bez-kise-vec-od-ponedjeljka-promjena-vremena\/#primaryimage\",\"url\":\"https:\/\/likemetkovic.hr\/portal\/wp-content\/uploads\/2020\/05\/kablina_rujnica_panorama_24.jpg\",\"contentUrl\":\"https:\/\/likemetkovic.hr\/portal\/wp-content\/uploads\/2020\/05\/kablina_rujnica_panorama_24.jpg\",\"width\":800,\"height\":533},{\"@type\":\"BreadcrumbList\",\"@id\":\"https:\/\/likemetkovic.hr\/konacno-vikend-bez-kise-vec-od-ponedjeljka-promjena-vremena\/#breadcrumb\",\"itemListElement\":[{\"@type\":\"ListItem\",\"position\":1,\"name\":\"Po\u010detna stranica\",\"item\":\"https:\/\/likemetkovic.hr\/portal\/\"},{\"@type\":\"ListItem\",\"position\":2,\"name\":\"Kona\u010dno vikend bez ki\u0161e, ve\u0107 od ponedjeljka promjena vremena\"}]},{\"@type\":\"WebSite\",\"@id\":\"https:\/\/likemetkovic.hr\/#website\",\"url\":\"https:\/\/likemetkovic.hr\/\",\"name\":\"likemetkovic.hr\",\"description\":\"Misli pozitivno... \u010ditaj LIKE\",\"potentialAction\":[{\"@type\":\"SearchAction\",\"target\":{\"@type\":\"EntryPoint\",\"urlTemplate\":\"https:\/\/likemetkovic.hr\/?s={search_term_string}\"},\"query-input\":{\"@type\":\"PropertyValueSpecification\",\"valueRequired\":true,\"valueName\":\"search_term_string\"}}],\"inLanguage\":\"hr\"},{\"@type\":\"Person\",\"@id\":\"https:\/\/likemetkovic.hr\/#\/schema\/person\/a42711f3385a0e2be6f7e0443bfb28f0\",\"name\":\"LIKEmetkovic.hr\",\"sameAs\":[\"http:\/\/likemetkovic.hr\"],\"url\":\"https:\/\/likemetkovic.hr\/portal\/author\/likemetkovic-hr\/\"}]}<\/script>\n<!-- \/ Yoast SEO plugin. -->","yoast_head_json":{"title":"Kona\u010dno vikend bez ki\u0161e, ve\u0107 od ponedjeljka promjena vremena - likemetkovic.hr","robots":{"index":"index","follow":"follow","max-snippet":"max-snippet:-1","max-image-preview":"max-image-preview:large","max-video-preview":"max-video-preview:-1"},"canonical":"https:\/\/likemetkovic.hr\/konacno-vikend-bez-kise-vec-od-ponedjeljka-promjena-vremena\/","og_locale":"hr_HR","og_type":"article","og_title":"Kona\u010dno vikend bez ki\u0161e, ve\u0107 od ponedjeljka promjena vremena - likemetkovic.hr","og_description":"Obla\u010dno vrijeme pratilo nas je danima, a danas se ukazalo sunce. Oblake je rastjerala bura koja je uz obalu uglavnom bila slaba do umjerena, tek podno Velebita i ponegdje na otvorenom moru ima vrlo jakih udara vjetra, pi\u0161e Dalmaciju danas. Pred nama je kona\u010dno stabilan kraj tjedna. On donosi vrlo ugodne temperature zraka koje \u0107e [&hellip;]","og_url":"https:\/\/likemetkovic.hr\/konacno-vikend-bez-kise-vec-od-ponedjeljka-promjena-vremena\/","og_site_name":"likemetkovic.hr","article_publisher":"https:\/\/www.facebook.com\/likemetkovic.hr\/","article_published_time":"2021-11-19T09:20:44+00:00","og_image":[{"width":800,"height":533,"url":"https:\/\/likemetkovic.hr\/wp-content\/uploads\/2020\/05\/kablina_rujnica_panorama_24.jpg","type":"image\/jpeg"}],"author":"LIKEmetkovic.hr","twitter_card":"summary_large_image","twitter_misc":{"Napisao\/la":"LIKEmetkovic.hr","Procijenjeno vrijeme \u010ditanja":"2 minute"},"schema":{"@context":"https:\/\/schema.org","@graph":[{"@type":"WebPage","@id":"https:\/\/likemetkovic.hr\/konacno-vikend-bez-kise-vec-od-ponedjeljka-promjena-vremena\/","url":"https:\/\/likemetkovic.hr\/konacno-vikend-bez-kise-vec-od-ponedjeljka-promjena-vremena\/","name":"Kona\u010dno vikend bez ki\u0161e, ve\u0107 od ponedjeljka promjena vremena - likemetkovic.hr","isPartOf":{"@id":"https:\/\/likemetkovic.hr\/#website"},"primaryImageOfPage":{"@id":"https:\/\/likemetkovic.hr\/konacno-vikend-bez-kise-vec-od-ponedjeljka-promjena-vremena\/#primaryimage"},"image":{"@id":"https:\/\/likemetkovic.hr\/konacno-vikend-bez-kise-vec-od-ponedjeljka-promjena-vremena\/#primaryimage"},"thumbnailUrl":"https:\/\/likemetkovic.hr\/portal\/wp-content\/uploads\/2020\/05\/kablina_rujnica_panorama_24.jpg","datePublished":"2021-11-19T09:20:44+00:00","author":{"@id":"https:\/\/likemetkovic.hr\/#\/schema\/person\/a42711f3385a0e2be6f7e0443bfb28f0"},"breadcrumb":{"@id":"https:\/\/likemetkovic.hr\/konacno-vikend-bez-kise-vec-od-ponedjeljka-promjena-vremena\/#breadcrumb"},"inLanguage":"hr","potentialAction":[{"@type":"ReadAction","target":["https:\/\/likemetkovic.hr\/konacno-vikend-bez-kise-vec-od-ponedjeljka-promjena-vremena\/"]}]},{"@type":"ImageObject","inLanguage":"hr","@id":"https:\/\/likemetkovic.hr\/konacno-vikend-bez-kise-vec-od-ponedjeljka-promjena-vremena\/#primaryimage","url":"https:\/\/likemetkovic.hr\/portal\/wp-content\/uploads\/2020\/05\/kablina_rujnica_panorama_24.jpg","contentUrl":"https:\/\/likemetkovic.hr\/portal\/wp-content\/uploads\/2020\/05\/kablina_rujnica_panorama_24.jpg","width":800,"height":533},{"@type":"BreadcrumbList","@id":"https:\/\/likemetkovic.hr\/konacno-vikend-bez-kise-vec-od-ponedjeljka-promjena-vremena\/#breadcrumb","itemListElement":[{"@type":"ListItem","position":1,"name":"Po\u010detna stranica","item":"https:\/\/likemetkovic.hr\/portal\/"},{"@type":"ListItem","position":2,"name":"Kona\u010dno vikend bez ki\u0161e, ve\u0107 od ponedjeljka promjena vremena"}]},{"@type":"WebSite","@id":"https:\/\/likemetkovic.hr\/#website","url":"https:\/\/likemetkovic.hr\/","name":"likemetkovic.hr","description":"Misli pozitivno... \u010ditaj LIKE","potentialAction":[{"@type":"SearchAction","target":{"@type":"EntryPoint","urlTemplate":"https:\/\/likemetkovic.hr\/?s={search_term_string}"},"query-input":{"@type":"PropertyValueSpecification","valueRequired":true,"valueName":"search_term_string"}}],"inLanguage":"hr"},{"@type":"Person","@id":"https:\/\/likemetkovic.hr\/#\/schema\/person\/a42711f3385a0e2be6f7e0443bfb28f0","name":"LIKEmetkovic.hr","sameAs":["http:\/\/likemetkovic.hr"],"url":"https:\/\/likemetkovic.hr\/portal\/author\/likemetkovic-hr\/"}]}},"_links":{"self":[{"href":"https:\/\/likemetkovic.hr\/portal\/wp-json\/wp\/v2\/posts\/125266","targetHints":{"allow":["GET"]}}],"collection":[{"href":"https:\/\/likemetkovic.hr\/portal\/wp-json\/wp\/v2\/posts"}],"about":[{"href":"https:\/\/likemetkovic.hr\/portal\/wp-json\/wp\/v2\/types\/post"}],"author":[{"embeddable":true,"href":"https:\/\/likemetkovic.hr\/portal\/wp-json\/wp\/v2\/users\/7"}],"replies":[{"embeddable":true,"href":"https:\/\/likemetkovic.hr\/portal\/wp-json\/wp\/v2\/comments?post=125266"}],"version-history":[{"count":0,"href":"https:\/\/likemetkovic.hr\/portal\/wp-json\/wp\/v2\/posts\/125266\/revisions"}],"wp:featuredmedia":[{"embeddable":true,"href":"https:\/\/likemetkovic.hr\/portal\/wp-json\/wp\/v2\/media\/101282"}],"wp:attachment":[{"href":"https:\/\/likemetkovic.hr\/portal\/wp-json\/wp\/v2\/media?parent=125266"}],"wp:term":[{"taxonomy":"category","embeddable":true,"href":"https:\/\/likemetkovic.hr\/portal\/wp-json\/wp\/v2\/categories?post=125266"},{"taxonomy":"post_tag","embeddable":true,"href":"https:\/\/likemetkovic.hr\/portal\/wp-json\/wp\/v2\/tags?post=125266"}],"curies":[{"name":"wp","href":"https:\/\/api.w.org\/{rel}","templated":true}]}}