{"id":125278,"date":"2021-11-19T13:00:27","date_gmt":"2021-11-19T12:00:27","guid":{"rendered":"https:\/\/likemetkovic.hr\/?p=125278"},"modified":"2021-11-19T13:00:27","modified_gmt":"2021-11-19T12:00:27","slug":"metkovski-osnovnoskolci-se-u-ponedjeljak-vracaju-u-skole","status":"publish","type":"post","link":"https:\/\/likemetkovic.hr\/portal\/metkovski-osnovnoskolci-se-u-ponedjeljak-vracaju-u-skole\/","title":{"rendered":"Metkovski osnovno\u0161kolci se u ponedjeljak vra\u0107aju u \u0161kole"},"content":{"rendered":"<p>U ponedjeljak, 22. studenoga 2021., metkovski osnovno\u0161kolci se vra\u0107aju u \u0161kole.<\/p>\n<p>Nastava \u0107e biti po Modelu A (nastava u u\u010dionicama) uz po\u0161tivanje epidemiolo\u0161kim mjera i preporuka Sto\u017eera civilne za\u0161tite od 12. studenoga 2021. o uvo\u0111enju posebne sigurnosne mjere obveznog testiranja du\u017enosnika, dr\u017eavnih slu\u017ebenika i namje\u0161tenika u javnim slu\u017ebama i namje\u0161tenika u lokalnoj i podru\u010dnoj (regionalnoj) samoupravi te zaposlenika trgova\u010dkih dru\u0161tava i ustanova.<\/p>\n<p>Dodatne informacije su objavljene na mre\u017enim stranicama \u0161kola.<\/p>\n","protected":false},"excerpt":{"rendered":"<p>U ponedjeljak, 22. studenoga 2021., metkovski osnovno\u0161kolci se vra\u0107aju u \u0161kole. Nastava \u0107e biti po Modelu A (nastava u u\u010dionicama) uz po\u0161tivanje epidemiolo\u0161kim mjera i preporuka Sto\u017eera civilne za\u0161tite od 12. studenoga 2021. o uvo\u0111enju posebne sigurnosne mjere obveznog testiranja du\u017enosnika, dr\u017eavnih slu\u017ebenika i namje\u0161tenika u javnim slu\u017ebama i namje\u0161tenika u lokalnoj i podru\u010dnoj (regionalnoj) [&hellip;]<\/p>\n","protected":false},"author":7,"featured_media":113154,"comment_status":"open","ping_status":"open","sticky":false,"template":"","format":"standard","meta":{"footnotes":""},"categories":[283,166],"tags":[7597,5369],"class_list":{"0":"post-125278","1":"post","2":"type-post","3":"status-publish","4":"format-standard","5":"has-post-thumbnail","7":"category-a","8":"category-skolstvo","9":"tag-epidemioloske-mjere","10":"tag-nastava"},"yoast_head":"<!-- This site is optimized with the Yoast SEO plugin v25.2 - https:\/\/yoast.com\/wordpress\/plugins\/seo\/ -->\n<title>Metkovski osnovno\u0161kolci se u ponedjeljak vra\u0107aju u \u0161kole - likemetkovic.hr<\/title>\n<meta name=\"robots\" content=\"index, follow, max-snippet:-1, max-image-preview:large, max-video-preview:-1\" \/>\n<link rel=\"canonical\" href=\"https:\/\/likemetkovic.hr\/metkovski-osnovnoskolci-se-u-ponedjeljak-vracaju-u-skole\/\" \/>\n<meta property=\"og:locale\" content=\"hr_HR\" \/>\n<meta property=\"og:type\" content=\"article\" \/>\n<meta property=\"og:title\" content=\"Metkovski osnovno\u0161kolci se u ponedjeljak vra\u0107aju u \u0161kole - likemetkovic.hr\" \/>\n<meta property=\"og:description\" content=\"U ponedjeljak, 22. studenoga 2021., metkovski osnovno\u0161kolci se vra\u0107aju u \u0161kole. Nastava \u0107e biti po Modelu A (nastava u u\u010dionicama) uz po\u0161tivanje epidemiolo\u0161kim mjera i preporuka Sto\u017eera civilne za\u0161tite od 12. studenoga 2021. o uvo\u0111enju posebne sigurnosne mjere obveznog testiranja du\u017enosnika, dr\u017eavnih slu\u017ebenika i namje\u0161tenika u javnim slu\u017ebama i namje\u0161tenika u lokalnoj i podru\u010dnoj (regionalnoj) [&hellip;]\" \/>\n<meta property=\"og:url\" content=\"https:\/\/likemetkovic.hr\/metkovski-osnovnoskolci-se-u-ponedjeljak-vracaju-u-skole\/\" \/>\n<meta property=\"og:site_name\" content=\"likemetkovic.hr\" \/>\n<meta property=\"article:publisher\" content=\"https:\/\/www.facebook.com\/likemetkovic.hr\/\" \/>\n<meta property=\"article:published_time\" content=\"2021-11-19T12:00:27+00:00\" \/>\n<meta property=\"og:image\" content=\"https:\/\/likemetkovic.hr\/wp-content\/uploads\/2021\/01\/ucenici-skola-djeca.jpg\" \/>\n\t<meta property=\"og:image:width\" content=\"810\" \/>\n\t<meta property=\"og:image:height\" content=\"499\" \/>\n\t<meta property=\"og:image:type\" content=\"image\/jpeg\" \/>\n<meta name=\"author\" content=\"LIKEmetkovic.hr\" \/>\n<meta name=\"twitter:card\" content=\"summary_large_image\" \/>\n<meta name=\"twitter:label1\" content=\"Napisao\/la\" \/>\n\t<meta name=\"twitter:data1\" content=\"LIKEmetkovic.hr\" \/>\n\t<meta name=\"twitter:label2\" content=\"Procijenjeno vrijeme \u010ditanja\" \/>\n\t<meta name=\"twitter:data2\" content=\"1 minuta\" \/>\n<script type=\"application\/ld+json\" class=\"yoast-schema-graph\">{\"@context\":\"https:\/\/schema.org\",\"@graph\":[{\"@type\":\"WebPage\",\"@id\":\"https:\/\/likemetkovic.hr\/metkovski-osnovnoskolci-se-u-ponedjeljak-vracaju-u-skole\/\",\"url\":\"https:\/\/likemetkovic.hr\/metkovski-osnovnoskolci-se-u-ponedjeljak-vracaju-u-skole\/\",\"name\":\"Metkovski osnovno\u0161kolci se u ponedjeljak vra\u0107aju u \u0161kole - likemetkovic.hr\",\"isPartOf\":{\"@id\":\"https:\/\/likemetkovic.hr\/#website\"},\"primaryImageOfPage\":{\"@id\":\"https:\/\/likemetkovic.hr\/metkovski-osnovnoskolci-se-u-ponedjeljak-vracaju-u-skole\/#primaryimage\"},\"image\":{\"@id\":\"https:\/\/likemetkovic.hr\/metkovski-osnovnoskolci-se-u-ponedjeljak-vracaju-u-skole\/#primaryimage\"},\"thumbnailUrl\":\"https:\/\/likemetkovic.hr\/portal\/wp-content\/uploads\/2021\/01\/ucenici-skola-djeca.jpg\",\"datePublished\":\"2021-11-19T12:00:27+00:00\",\"author\":{\"@id\":\"https:\/\/likemetkovic.hr\/#\/schema\/person\/a42711f3385a0e2be6f7e0443bfb28f0\"},\"breadcrumb\":{\"@id\":\"https:\/\/likemetkovic.hr\/metkovski-osnovnoskolci-se-u-ponedjeljak-vracaju-u-skole\/#breadcrumb\"},\"inLanguage\":\"hr\",\"potentialAction\":[{\"@type\":\"ReadAction\",\"target\":[\"https:\/\/likemetkovic.hr\/metkovski-osnovnoskolci-se-u-ponedjeljak-vracaju-u-skole\/\"]}]},{\"@type\":\"ImageObject\",\"inLanguage\":\"hr\",\"@id\":\"https:\/\/likemetkovic.hr\/metkovski-osnovnoskolci-se-u-ponedjeljak-vracaju-u-skole\/#primaryimage\",\"url\":\"https:\/\/likemetkovic.hr\/portal\/wp-content\/uploads\/2021\/01\/ucenici-skola-djeca.jpg\",\"contentUrl\":\"https:\/\/likemetkovic.hr\/portal\/wp-content\/uploads\/2021\/01\/ucenici-skola-djeca.jpg\",\"width\":810,\"height\":499},{\"@type\":\"BreadcrumbList\",\"@id\":\"https:\/\/likemetkovic.hr\/metkovski-osnovnoskolci-se-u-ponedjeljak-vracaju-u-skole\/#breadcrumb\",\"itemListElement\":[{\"@type\":\"ListItem\",\"position\":1,\"name\":\"Po\u010detna stranica\",\"item\":\"https:\/\/likemetkovic.hr\/portal\/\"},{\"@type\":\"ListItem\",\"position\":2,\"name\":\"Metkovski osnovno\u0161kolci se u ponedjeljak vra\u0107aju u \u0161kole\"}]},{\"@type\":\"WebSite\",\"@id\":\"https:\/\/likemetkovic.hr\/#website\",\"url\":\"https:\/\/likemetkovic.hr\/\",\"name\":\"likemetkovic.hr\",\"description\":\"Misli pozitivno... \u010ditaj LIKE\",\"potentialAction\":[{\"@type\":\"SearchAction\",\"target\":{\"@type\":\"EntryPoint\",\"urlTemplate\":\"https:\/\/likemetkovic.hr\/?s={search_term_string}\"},\"query-input\":{\"@type\":\"PropertyValueSpecification\",\"valueRequired\":true,\"valueName\":\"search_term_string\"}}],\"inLanguage\":\"hr\"},{\"@type\":\"Person\",\"@id\":\"https:\/\/likemetkovic.hr\/#\/schema\/person\/a42711f3385a0e2be6f7e0443bfb28f0\",\"name\":\"LIKEmetkovic.hr\",\"sameAs\":[\"http:\/\/likemetkovic.hr\"],\"url\":\"https:\/\/likemetkovic.hr\/portal\/author\/likemetkovic-hr\/\"}]}<\/script>\n<!-- \/ Yoast SEO plugin. -->","yoast_head_json":{"title":"Metkovski osnovno\u0161kolci se u ponedjeljak vra\u0107aju u \u0161kole - likemetkovic.hr","robots":{"index":"index","follow":"follow","max-snippet":"max-snippet:-1","max-image-preview":"max-image-preview:large","max-video-preview":"max-video-preview:-1"},"canonical":"https:\/\/likemetkovic.hr\/metkovski-osnovnoskolci-se-u-ponedjeljak-vracaju-u-skole\/","og_locale":"hr_HR","og_type":"article","og_title":"Metkovski osnovno\u0161kolci se u ponedjeljak vra\u0107aju u \u0161kole - likemetkovic.hr","og_description":"U ponedjeljak, 22. studenoga 2021., metkovski osnovno\u0161kolci se vra\u0107aju u \u0161kole. Nastava \u0107e biti po Modelu A (nastava u u\u010dionicama) uz po\u0161tivanje epidemiolo\u0161kim mjera i preporuka Sto\u017eera civilne za\u0161tite od 12. studenoga 2021. o uvo\u0111enju posebne sigurnosne mjere obveznog testiranja du\u017enosnika, dr\u017eavnih slu\u017ebenika i namje\u0161tenika u javnim slu\u017ebama i namje\u0161tenika u lokalnoj i podru\u010dnoj (regionalnoj) [&hellip;]","og_url":"https:\/\/likemetkovic.hr\/metkovski-osnovnoskolci-se-u-ponedjeljak-vracaju-u-skole\/","og_site_name":"likemetkovic.hr","article_publisher":"https:\/\/www.facebook.com\/likemetkovic.hr\/","article_published_time":"2021-11-19T12:00:27+00:00","og_image":[{"width":810,"height":499,"url":"https:\/\/likemetkovic.hr\/wp-content\/uploads\/2021\/01\/ucenici-skola-djeca.jpg","type":"image\/jpeg"}],"author":"LIKEmetkovic.hr","twitter_card":"summary_large_image","twitter_misc":{"Napisao\/la":"LIKEmetkovic.hr","Procijenjeno vrijeme \u010ditanja":"1 minuta"},"schema":{"@context":"https:\/\/schema.org","@graph":[{"@type":"WebPage","@id":"https:\/\/likemetkovic.hr\/metkovski-osnovnoskolci-se-u-ponedjeljak-vracaju-u-skole\/","url":"https:\/\/likemetkovic.hr\/metkovski-osnovnoskolci-se-u-ponedjeljak-vracaju-u-skole\/","name":"Metkovski osnovno\u0161kolci se u ponedjeljak vra\u0107aju u \u0161kole - likemetkovic.hr","isPartOf":{"@id":"https:\/\/likemetkovic.hr\/#website"},"primaryImageOfPage":{"@id":"https:\/\/likemetkovic.hr\/metkovski-osnovnoskolci-se-u-ponedjeljak-vracaju-u-skole\/#primaryimage"},"image":{"@id":"https:\/\/likemetkovic.hr\/metkovski-osnovnoskolci-se-u-ponedjeljak-vracaju-u-skole\/#primaryimage"},"thumbnailUrl":"https:\/\/likemetkovic.hr\/portal\/wp-content\/uploads\/2021\/01\/ucenici-skola-djeca.jpg","datePublished":"2021-11-19T12:00:27+00:00","author":{"@id":"https:\/\/likemetkovic.hr\/#\/schema\/person\/a42711f3385a0e2be6f7e0443bfb28f0"},"breadcrumb":{"@id":"https:\/\/likemetkovic.hr\/metkovski-osnovnoskolci-se-u-ponedjeljak-vracaju-u-skole\/#breadcrumb"},"inLanguage":"hr","potentialAction":[{"@type":"ReadAction","target":["https:\/\/likemetkovic.hr\/metkovski-osnovnoskolci-se-u-ponedjeljak-vracaju-u-skole\/"]}]},{"@type":"ImageObject","inLanguage":"hr","@id":"https:\/\/likemetkovic.hr\/metkovski-osnovnoskolci-se-u-ponedjeljak-vracaju-u-skole\/#primaryimage","url":"https:\/\/likemetkovic.hr\/portal\/wp-content\/uploads\/2021\/01\/ucenici-skola-djeca.jpg","contentUrl":"https:\/\/likemetkovic.hr\/portal\/wp-content\/uploads\/2021\/01\/ucenici-skola-djeca.jpg","width":810,"height":499},{"@type":"BreadcrumbList","@id":"https:\/\/likemetkovic.hr\/metkovski-osnovnoskolci-se-u-ponedjeljak-vracaju-u-skole\/#breadcrumb","itemListElement":[{"@type":"ListItem","position":1,"name":"Po\u010detna stranica","item":"https:\/\/likemetkovic.hr\/portal\/"},{"@type":"ListItem","position":2,"name":"Metkovski osnovno\u0161kolci se u ponedjeljak vra\u0107aju u \u0161kole"}]},{"@type":"WebSite","@id":"https:\/\/likemetkovic.hr\/#website","url":"https:\/\/likemetkovic.hr\/","name":"likemetkovic.hr","description":"Misli pozitivno... \u010ditaj LIKE","potentialAction":[{"@type":"SearchAction","target":{"@type":"EntryPoint","urlTemplate":"https:\/\/likemetkovic.hr\/?s={search_term_string}"},"query-input":{"@type":"PropertyValueSpecification","valueRequired":true,"valueName":"search_term_string"}}],"inLanguage":"hr"},{"@type":"Person","@id":"https:\/\/likemetkovic.hr\/#\/schema\/person\/a42711f3385a0e2be6f7e0443bfb28f0","name":"LIKEmetkovic.hr","sameAs":["http:\/\/likemetkovic.hr"],"url":"https:\/\/likemetkovic.hr\/portal\/author\/likemetkovic-hr\/"}]}},"_links":{"self":[{"href":"https:\/\/likemetkovic.hr\/portal\/wp-json\/wp\/v2\/posts\/125278","targetHints":{"allow":["GET"]}}],"collection":[{"href":"https:\/\/likemetkovic.hr\/portal\/wp-json\/wp\/v2\/posts"}],"about":[{"href":"https:\/\/likemetkovic.hr\/portal\/wp-json\/wp\/v2\/types\/post"}],"author":[{"embeddable":true,"href":"https:\/\/likemetkovic.hr\/portal\/wp-json\/wp\/v2\/users\/7"}],"replies":[{"embeddable":true,"href":"https:\/\/likemetkovic.hr\/portal\/wp-json\/wp\/v2\/comments?post=125278"}],"version-history":[{"count":0,"href":"https:\/\/likemetkovic.hr\/portal\/wp-json\/wp\/v2\/posts\/125278\/revisions"}],"wp:featuredmedia":[{"embeddable":true,"href":"https:\/\/likemetkovic.hr\/portal\/wp-json\/wp\/v2\/media\/113154"}],"wp:attachment":[{"href":"https:\/\/likemetkovic.hr\/portal\/wp-json\/wp\/v2\/media?parent=125278"}],"wp:term":[{"taxonomy":"category","embeddable":true,"href":"https:\/\/likemetkovic.hr\/portal\/wp-json\/wp\/v2\/categories?post=125278"},{"taxonomy":"post_tag","embeddable":true,"href":"https:\/\/likemetkovic.hr\/portal\/wp-json\/wp\/v2\/tags?post=125278"}],"curies":[{"name":"wp","href":"https:\/\/api.w.org\/{rel}","templated":true}]}}