{"id":125319,"date":"2021-11-20T17:37:44","date_gmt":"2021-11-20T16:37:44","guid":{"rendered":"https:\/\/likemetkovic.hr\/?p=125319"},"modified":"2021-11-20T17:38:10","modified_gmt":"2021-11-20T16:38:10","slug":"medvjedi-napadaju-konje-a-vukovi-krave-i-telad-u-zaledu-neuma","status":"publish","type":"post","link":"https:\/\/likemetkovic.hr\/portal\/medvjedi-napadaju-konje-a-vukovi-krave-i-telad-u-zaledu-neuma\/","title":{"rendered":"Medvjedi napadaju konje, a vukovi krave i telad u zale\u0111u Neuma"},"content":{"rendered":"<p>Pravo \u010dudo bila je pojava divljih svinja koncem sedamdesetih godina pro\u0161log stolje\u0107a na jugu Hercegovine.\u00a0Onda su po\u010detkom ovoga milenija stigli vukovi, kako za\u0161to, nitko to ne zna. Me\u0111utim, prava je senzacija pojava medvjeda.<\/p>\n<p>Pri\u010de o medvjedima na korak od mora pojavile su se proljetos pa brzo utihnule, da bi ponovo o\u017eivjele nedavno kada je prona\u0111en mrtav konj.<\/p>\n<h4><strong><img decoding=\"async\" class=\"alignnone size-full wp-image-125320\" src=\"https:\/\/likemetkovic.hr\/wp-content\/uploads\/2021\/11\/vukovi-medvjed-hrasno.jpg\" alt=\"\" width=\"800\" height=\"559\" srcset=\"https:\/\/likemetkovic.hr\/portal\/wp-content\/uploads\/2021\/11\/vukovi-medvjed-hrasno.jpg 800w, https:\/\/likemetkovic.hr\/portal\/wp-content\/uploads\/2021\/11\/vukovi-medvjed-hrasno-768x537.jpg 768w, https:\/\/likemetkovic.hr\/portal\/wp-content\/uploads\/2021\/11\/vukovi-medvjed-hrasno-696x486.jpg 696w, https:\/\/likemetkovic.hr\/portal\/wp-content\/uploads\/2021\/11\/vukovi-medvjed-hrasno-601x420.jpg 601w, https:\/\/likemetkovic.hr\/portal\/wp-content\/uploads\/2021\/11\/vukovi-medvjed-hrasno-100x70.jpg 100w\" sizes=\"(max-width: 800px) 100vw, 800px\" \/><\/strong><\/h4>\n<h4><strong>Medvjed ubio konja<\/strong><\/h4>\n<p>Vukovi ili medvjedi tek Miro Obradovi\u0107, predsjednik Lovne sekcije Hrasno i \u0161umar za podru\u010dje op\u0107ine Ravno, pripovijeda:<\/p>\n<p>\u201dPo dojavama mje\u0161tana oti\u0161ao sam na teren i prona\u0161ao strvinu ubijenog konja. Kad sam detaljnije pogledao vidio sam da je rije\u010d o medvjedu, na to su upu\u0107ivali tragovi oko ubijenog konja. Da bi otklonili sve dvojbe postavili smo lova\u010dke kamere, dan, dva nakon toga kamere su ponovo registrirale medvjeda, mada vi\u0161e nije dirao le\u0161, nego je samo bio u prolazu. Kamere su zatim snimile par vukova koje su se motale oko strvine.<\/p>\n<p>Dalje su se pojavile informacije iz Gornjeg Hrasna da su krava i dvoje teladi zaklani. To su bili vukovi, vu\u010dji je trag. Medvjed je vi\u0111en prema Stocu i ovdje na Stolovima, stra\u017eari \u0161to \u010duvaju strojeve, vidjeli su ga preko no\u0107i. Tu je negdje u lovi\u0161tu, tko zna gdje\u201c, ka\u017ee Miro, te na primjedbu da je bilo za o\u010dekivati da zbog buke strojeva koji probijaju magistralnu cestu Neum \u2013 Stolac, pobjegne nastavlja:<\/p>\n<p>\u201dMo\u017eda mu pa\u0161e buka, strojeva, pa se primakao, ha, ha\u2026 Mogu\u0107e da ide za ljudima, zbog hrane. Njegovo stani\u0161te po okolnim planinama tamo prema Trebinju, sve je podbacilo, \u017eir, divlje vo\u0107e, sve. Nema hrane, pa luta, tra\u017ei kako bi mogao prezimiti. Proljetos je bila invazija gubara, zahvatila je veliko podru\u010dje op\u0107ine Ravno, gdje sam \u0161umar, Neuma i dijelova \u010capljine, napravila je ogromnu \u0161tetu, pa nije bilo ni \u017eira, ni divljih jabuka, ni\u0161ta, vjerojatno tra\u017ei hranu\u201d, konstatira Miro.<\/p>\n<p><em><strong>-Je li se medvjed ranije pojavljivao na ovom podru\u010dju, znamo da je na podru\u010dju Ravnog vi\u0111an?<\/strong><\/em><\/p>\n<p>\u201dProljetos je kod istog vlasnika, Ilije Bili\u0107a, isto ubio konja! Isto smo mi to obra\u0111ivali. Tada sam vidio sedam vukova na kameri, \u010dak i medvjeda. Kamere su to registrirale. Prije desetak godina, bio se pojavio jedan medvjed, tu se motao i nestao\u201d, pripovijeda Miro, te na upit o medvjedu koji se kupao u moru izme\u0111u Neuma i Stona, nastavlja:<\/p>\n<p>\u201dPratim sve doga\u0111aje \u0161to se ti\u010de medvjeda, to me zanima, kao da je postao nova divlja\u010d na ovom podru\u010dju. Vidio sam da je do\u0161ao do mora. \u2018Ko zna koliko ih ima na ovom podru\u010dju, to je no\u0107na ptica, \u2018ko \u0107e to znati? Jedino lova\u010dke kamere ga mogu upratiti ili slu\u010dajno lovci ili voza\u010di na putovima\u201d, ka\u017ee Miro, te na pitanje \u2013 \u0161to je razlog da su medvjedi stigli na more, konstatira:<\/p>\n<p>\u201dJa mislim da je to posljedica napu\u010denih lovi\u0161ta, pa on tra\u017ei svoj teritorij. Tako mu se areal pro\u0161iriva. Nema ljudi sela se prazne, a on tra\u017ei svoj dio teritorija gdje bi mogao opstati\u201d.<\/p>\n<h5><em><strong>-Medvjed je ovdje invazivna vrsta, \u0161to zna\u010di da nije za\u0161ti\u0107en, mogu se loviti i vuk i medvjed?<\/strong><\/em><\/h5>\n<p>\u201dRazgovarali smo o tome u okviru LD \u201eJadran\u201c Neum, kontaktirali smo i Lova\u010dki savez Herceg Bosne. \u010cinjenica je da on ovdje nije za\u0161ti\u0107ena vrsta, on bi se mogao odstrijeliti s tim da bi trebalo tra\u017eiti dozvolu prvo od Saveza, pa od ministarstva poljoprivrede, s obzirom da pravi \u0161tete na ovom podru\u010dju.<\/p>\n<p>On ovdje nema dovoljno hrane, u Bosni se rijetko \u010duje da pravi neke \u0161tete, jer su gore \u0161ume pune hrane, \u017eira, bukve\u2026, a ovdje on jednostavno nema \u0161to jesti. Mora se prilagoditi okoli\u0161u. Medvjed ne ubija bez velike gladi, hrani se uglavnom biljem\u201d, zaklju\u010duje Miro Obradovi\u0107, predsjednik Lovne sekcije Hrasno.<\/p>\n<h4><strong>Nema hrane<\/strong><\/h4>\n<p>Mada izgleda voli miris obli\u017enjeg mora, medi sudbina na jugu Hercegovine, bar za sada, nije sjajna, nema hrane, pravi \u0161tetu, a ni zakon nije na njegovoj strani.<\/p>\n<p>Dakle, perspektiva mu nije sjajna, a pravo je \u010dudo da su se s planina sjeveroistoka Hercegovine, iznad Nevesinja i Gacka, spustili desetinama kilometara ju\u017enije. Da nije radova na magistrali Neum \u2013 Stolac, pojava medvjeda koji ubija konje, na podru\u010dju gdje ga stolje\u0107ima nije bilo izazvala bi pravu paniku, ovako uglavnom starije stanovni\u0161tvo na ovom podru\u010dju, jednim uhom oslu\u0161kuje buku te\u0161kih strojeva, a drugim \u0161umove oko ku\u0107e, strahuju\u0107i za ovce, krave i posljednje konje.<\/p>\n<p>Pi\u0161e: Du\u0161an Musa \/ <a href=\"http:\/\/www.radio-capljina.com\/aktualnosti\/item\/2929-medvjedi-napadaju-konje-a-vukovi-krave-i-telad-na-visoravni-hrasna-u-neumskom-zaledu.html\" target=\"_blank\" rel=\"noopener\">Radio \u010capljina<\/a><br \/>\nFoto: Miro Obradovi\u0107<\/p>\n","protected":false},"excerpt":{"rendered":"<p>Pravo \u010dudo bila je pojava divljih svinja koncem sedamdesetih godina pro\u0161log stolje\u0107a na jugu Hercegovine.\u00a0Onda su po\u010detkom ovoga milenija stigli vukovi, kako za\u0161to, nitko to ne zna. Me\u0111utim, prava je senzacija pojava medvjeda. Pri\u010de o medvjedima na korak od mora pojavile su se proljetos pa brzo utihnule, da bi ponovo o\u017eivjele nedavno kada je prona\u0111en [&hellip;]<\/p>\n","protected":false},"author":7,"featured_media":125320,"comment_status":"open","ping_status":"open","sticky":false,"template":"","format":"standard","meta":{"footnotes":""},"categories":[296,11],"tags":[10175,1856,8868],"class_list":{"0":"post-125319","1":"post","2":"type-post","3":"status-publish","4":"format-standard","5":"has-post-thumbnail","7":"category-ab","8":"category-metkovic-dolina","9":"tag-hrasno","10":"tag-medvjed","11":"tag-vuk"},"yoast_head":"<!-- This site is optimized with the Yoast SEO plugin v25.2 - https:\/\/yoast.com\/wordpress\/plugins\/seo\/ -->\n<title>Medvjedi napadaju konje, a vukovi krave i telad u zale\u0111u Neuma - likemetkovic.hr<\/title>\n<meta name=\"robots\" content=\"index, follow, max-snippet:-1, max-image-preview:large, max-video-preview:-1\" \/>\n<link rel=\"canonical\" href=\"https:\/\/likemetkovic.hr\/medvjedi-napadaju-konje-a-vukovi-krave-i-telad-u-zaledu-neuma\/\" \/>\n<meta property=\"og:locale\" content=\"hr_HR\" \/>\n<meta property=\"og:type\" content=\"article\" \/>\n<meta property=\"og:title\" content=\"Medvjedi napadaju konje, a vukovi krave i telad u zale\u0111u Neuma - likemetkovic.hr\" \/>\n<meta property=\"og:description\" content=\"Pravo \u010dudo bila je pojava divljih svinja koncem sedamdesetih godina pro\u0161log stolje\u0107a na jugu Hercegovine.\u00a0Onda su po\u010detkom ovoga milenija stigli vukovi, kako za\u0161to, nitko to ne zna. Me\u0111utim, prava je senzacija pojava medvjeda. Pri\u010de o medvjedima na korak od mora pojavile su se proljetos pa brzo utihnule, da bi ponovo o\u017eivjele nedavno kada je prona\u0111en [&hellip;]\" \/>\n<meta property=\"og:url\" content=\"https:\/\/likemetkovic.hr\/medvjedi-napadaju-konje-a-vukovi-krave-i-telad-u-zaledu-neuma\/\" \/>\n<meta property=\"og:site_name\" content=\"likemetkovic.hr\" \/>\n<meta property=\"article:publisher\" content=\"https:\/\/www.facebook.com\/likemetkovic.hr\/\" \/>\n<meta property=\"article:published_time\" content=\"2021-11-20T16:37:44+00:00\" \/>\n<meta property=\"article:modified_time\" content=\"2021-11-20T16:38:10+00:00\" \/>\n<meta property=\"og:image\" content=\"https:\/\/likemetkovic.hr\/wp-content\/uploads\/2021\/11\/vukovi-medvjed-hrasno.jpg\" \/>\n\t<meta property=\"og:image:width\" content=\"800\" \/>\n\t<meta property=\"og:image:height\" content=\"559\" \/>\n\t<meta property=\"og:image:type\" content=\"image\/jpeg\" \/>\n<meta name=\"author\" content=\"LIKEmetkovic.hr\" \/>\n<meta name=\"twitter:card\" content=\"summary_large_image\" \/>\n<meta name=\"twitter:label1\" content=\"Napisao\/la\" \/>\n\t<meta name=\"twitter:data1\" content=\"LIKEmetkovic.hr\" \/>\n\t<meta name=\"twitter:label2\" content=\"Procijenjeno vrijeme \u010ditanja\" \/>\n\t<meta name=\"twitter:data2\" content=\"4 minute\" \/>\n<script type=\"application\/ld+json\" class=\"yoast-schema-graph\">{\"@context\":\"https:\/\/schema.org\",\"@graph\":[{\"@type\":\"WebPage\",\"@id\":\"https:\/\/likemetkovic.hr\/medvjedi-napadaju-konje-a-vukovi-krave-i-telad-u-zaledu-neuma\/\",\"url\":\"https:\/\/likemetkovic.hr\/medvjedi-napadaju-konje-a-vukovi-krave-i-telad-u-zaledu-neuma\/\",\"name\":\"Medvjedi napadaju konje, a vukovi krave i telad u zale\u0111u Neuma - likemetkovic.hr\",\"isPartOf\":{\"@id\":\"https:\/\/likemetkovic.hr\/#website\"},\"primaryImageOfPage\":{\"@id\":\"https:\/\/likemetkovic.hr\/medvjedi-napadaju-konje-a-vukovi-krave-i-telad-u-zaledu-neuma\/#primaryimage\"},\"image\":{\"@id\":\"https:\/\/likemetkovic.hr\/medvjedi-napadaju-konje-a-vukovi-krave-i-telad-u-zaledu-neuma\/#primaryimage\"},\"thumbnailUrl\":\"https:\/\/likemetkovic.hr\/portal\/wp-content\/uploads\/2021\/11\/vukovi-medvjed-hrasno.jpg\",\"datePublished\":\"2021-11-20T16:37:44+00:00\",\"dateModified\":\"2021-11-20T16:38:10+00:00\",\"author\":{\"@id\":\"https:\/\/likemetkovic.hr\/#\/schema\/person\/a42711f3385a0e2be6f7e0443bfb28f0\"},\"breadcrumb\":{\"@id\":\"https:\/\/likemetkovic.hr\/medvjedi-napadaju-konje-a-vukovi-krave-i-telad-u-zaledu-neuma\/#breadcrumb\"},\"inLanguage\":\"hr\",\"potentialAction\":[{\"@type\":\"ReadAction\",\"target\":[\"https:\/\/likemetkovic.hr\/medvjedi-napadaju-konje-a-vukovi-krave-i-telad-u-zaledu-neuma\/\"]}]},{\"@type\":\"ImageObject\",\"inLanguage\":\"hr\",\"@id\":\"https:\/\/likemetkovic.hr\/medvjedi-napadaju-konje-a-vukovi-krave-i-telad-u-zaledu-neuma\/#primaryimage\",\"url\":\"https:\/\/likemetkovic.hr\/portal\/wp-content\/uploads\/2021\/11\/vukovi-medvjed-hrasno.jpg\",\"contentUrl\":\"https:\/\/likemetkovic.hr\/portal\/wp-content\/uploads\/2021\/11\/vukovi-medvjed-hrasno.jpg\",\"width\":800,\"height\":559},{\"@type\":\"BreadcrumbList\",\"@id\":\"https:\/\/likemetkovic.hr\/medvjedi-napadaju-konje-a-vukovi-krave-i-telad-u-zaledu-neuma\/#breadcrumb\",\"itemListElement\":[{\"@type\":\"ListItem\",\"position\":1,\"name\":\"Po\u010detna stranica\",\"item\":\"https:\/\/likemetkovic.hr\/portal\/\"},{\"@type\":\"ListItem\",\"position\":2,\"name\":\"Medvjedi napadaju konje, a vukovi krave i telad u zale\u0111u Neuma\"}]},{\"@type\":\"WebSite\",\"@id\":\"https:\/\/likemetkovic.hr\/#website\",\"url\":\"https:\/\/likemetkovic.hr\/\",\"name\":\"likemetkovic.hr\",\"description\":\"Misli pozitivno... \u010ditaj LIKE\",\"potentialAction\":[{\"@type\":\"SearchAction\",\"target\":{\"@type\":\"EntryPoint\",\"urlTemplate\":\"https:\/\/likemetkovic.hr\/?s={search_term_string}\"},\"query-input\":{\"@type\":\"PropertyValueSpecification\",\"valueRequired\":true,\"valueName\":\"search_term_string\"}}],\"inLanguage\":\"hr\"},{\"@type\":\"Person\",\"@id\":\"https:\/\/likemetkovic.hr\/#\/schema\/person\/a42711f3385a0e2be6f7e0443bfb28f0\",\"name\":\"LIKEmetkovic.hr\",\"sameAs\":[\"http:\/\/likemetkovic.hr\"],\"url\":\"https:\/\/likemetkovic.hr\/portal\/author\/likemetkovic-hr\/\"}]}<\/script>\n<!-- \/ Yoast SEO plugin. -->","yoast_head_json":{"title":"Medvjedi napadaju konje, a vukovi krave i telad u zale\u0111u Neuma - likemetkovic.hr","robots":{"index":"index","follow":"follow","max-snippet":"max-snippet:-1","max-image-preview":"max-image-preview:large","max-video-preview":"max-video-preview:-1"},"canonical":"https:\/\/likemetkovic.hr\/medvjedi-napadaju-konje-a-vukovi-krave-i-telad-u-zaledu-neuma\/","og_locale":"hr_HR","og_type":"article","og_title":"Medvjedi napadaju konje, a vukovi krave i telad u zale\u0111u Neuma - likemetkovic.hr","og_description":"Pravo \u010dudo bila je pojava divljih svinja koncem sedamdesetih godina pro\u0161log stolje\u0107a na jugu Hercegovine.\u00a0Onda su po\u010detkom ovoga milenija stigli vukovi, kako za\u0161to, nitko to ne zna. Me\u0111utim, prava je senzacija pojava medvjeda. Pri\u010de o medvjedima na korak od mora pojavile su se proljetos pa brzo utihnule, da bi ponovo o\u017eivjele nedavno kada je prona\u0111en [&hellip;]","og_url":"https:\/\/likemetkovic.hr\/medvjedi-napadaju-konje-a-vukovi-krave-i-telad-u-zaledu-neuma\/","og_site_name":"likemetkovic.hr","article_publisher":"https:\/\/www.facebook.com\/likemetkovic.hr\/","article_published_time":"2021-11-20T16:37:44+00:00","article_modified_time":"2021-11-20T16:38:10+00:00","og_image":[{"width":800,"height":559,"url":"https:\/\/likemetkovic.hr\/wp-content\/uploads\/2021\/11\/vukovi-medvjed-hrasno.jpg","type":"image\/jpeg"}],"author":"LIKEmetkovic.hr","twitter_card":"summary_large_image","twitter_misc":{"Napisao\/la":"LIKEmetkovic.hr","Procijenjeno vrijeme \u010ditanja":"4 minute"},"schema":{"@context":"https:\/\/schema.org","@graph":[{"@type":"WebPage","@id":"https:\/\/likemetkovic.hr\/medvjedi-napadaju-konje-a-vukovi-krave-i-telad-u-zaledu-neuma\/","url":"https:\/\/likemetkovic.hr\/medvjedi-napadaju-konje-a-vukovi-krave-i-telad-u-zaledu-neuma\/","name":"Medvjedi napadaju konje, a vukovi krave i telad u zale\u0111u Neuma - likemetkovic.hr","isPartOf":{"@id":"https:\/\/likemetkovic.hr\/#website"},"primaryImageOfPage":{"@id":"https:\/\/likemetkovic.hr\/medvjedi-napadaju-konje-a-vukovi-krave-i-telad-u-zaledu-neuma\/#primaryimage"},"image":{"@id":"https:\/\/likemetkovic.hr\/medvjedi-napadaju-konje-a-vukovi-krave-i-telad-u-zaledu-neuma\/#primaryimage"},"thumbnailUrl":"https:\/\/likemetkovic.hr\/portal\/wp-content\/uploads\/2021\/11\/vukovi-medvjed-hrasno.jpg","datePublished":"2021-11-20T16:37:44+00:00","dateModified":"2021-11-20T16:38:10+00:00","author":{"@id":"https:\/\/likemetkovic.hr\/#\/schema\/person\/a42711f3385a0e2be6f7e0443bfb28f0"},"breadcrumb":{"@id":"https:\/\/likemetkovic.hr\/medvjedi-napadaju-konje-a-vukovi-krave-i-telad-u-zaledu-neuma\/#breadcrumb"},"inLanguage":"hr","potentialAction":[{"@type":"ReadAction","target":["https:\/\/likemetkovic.hr\/medvjedi-napadaju-konje-a-vukovi-krave-i-telad-u-zaledu-neuma\/"]}]},{"@type":"ImageObject","inLanguage":"hr","@id":"https:\/\/likemetkovic.hr\/medvjedi-napadaju-konje-a-vukovi-krave-i-telad-u-zaledu-neuma\/#primaryimage","url":"https:\/\/likemetkovic.hr\/portal\/wp-content\/uploads\/2021\/11\/vukovi-medvjed-hrasno.jpg","contentUrl":"https:\/\/likemetkovic.hr\/portal\/wp-content\/uploads\/2021\/11\/vukovi-medvjed-hrasno.jpg","width":800,"height":559},{"@type":"BreadcrumbList","@id":"https:\/\/likemetkovic.hr\/medvjedi-napadaju-konje-a-vukovi-krave-i-telad-u-zaledu-neuma\/#breadcrumb","itemListElement":[{"@type":"ListItem","position":1,"name":"Po\u010detna stranica","item":"https:\/\/likemetkovic.hr\/portal\/"},{"@type":"ListItem","position":2,"name":"Medvjedi napadaju konje, a vukovi krave i telad u zale\u0111u Neuma"}]},{"@type":"WebSite","@id":"https:\/\/likemetkovic.hr\/#website","url":"https:\/\/likemetkovic.hr\/","name":"likemetkovic.hr","description":"Misli pozitivno... \u010ditaj LIKE","potentialAction":[{"@type":"SearchAction","target":{"@type":"EntryPoint","urlTemplate":"https:\/\/likemetkovic.hr\/?s={search_term_string}"},"query-input":{"@type":"PropertyValueSpecification","valueRequired":true,"valueName":"search_term_string"}}],"inLanguage":"hr"},{"@type":"Person","@id":"https:\/\/likemetkovic.hr\/#\/schema\/person\/a42711f3385a0e2be6f7e0443bfb28f0","name":"LIKEmetkovic.hr","sameAs":["http:\/\/likemetkovic.hr"],"url":"https:\/\/likemetkovic.hr\/portal\/author\/likemetkovic-hr\/"}]}},"_links":{"self":[{"href":"https:\/\/likemetkovic.hr\/portal\/wp-json\/wp\/v2\/posts\/125319","targetHints":{"allow":["GET"]}}],"collection":[{"href":"https:\/\/likemetkovic.hr\/portal\/wp-json\/wp\/v2\/posts"}],"about":[{"href":"https:\/\/likemetkovic.hr\/portal\/wp-json\/wp\/v2\/types\/post"}],"author":[{"embeddable":true,"href":"https:\/\/likemetkovic.hr\/portal\/wp-json\/wp\/v2\/users\/7"}],"replies":[{"embeddable":true,"href":"https:\/\/likemetkovic.hr\/portal\/wp-json\/wp\/v2\/comments?post=125319"}],"version-history":[{"count":0,"href":"https:\/\/likemetkovic.hr\/portal\/wp-json\/wp\/v2\/posts\/125319\/revisions"}],"wp:featuredmedia":[{"embeddable":true,"href":"https:\/\/likemetkovic.hr\/portal\/wp-json\/wp\/v2\/media\/125320"}],"wp:attachment":[{"href":"https:\/\/likemetkovic.hr\/portal\/wp-json\/wp\/v2\/media?parent=125319"}],"wp:term":[{"taxonomy":"category","embeddable":true,"href":"https:\/\/likemetkovic.hr\/portal\/wp-json\/wp\/v2\/categories?post=125319"},{"taxonomy":"post_tag","embeddable":true,"href":"https:\/\/likemetkovic.hr\/portal\/wp-json\/wp\/v2\/tags?post=125319"}],"curies":[{"name":"wp","href":"https:\/\/api.w.org\/{rel}","templated":true}]}}