{"id":125331,"date":"2021-11-21T07:23:18","date_gmt":"2021-11-21T06:23:18","guid":{"rendered":"https:\/\/likemetkovic.hr\/?p=125331"},"modified":"2021-11-21T07:24:16","modified_gmt":"2021-11-21T06:24:16","slug":"razgovor-s-povodom-mario-tot-s-iranskom-reprezentacijom-ide-na-sp-2022-u-kataru","status":"publish","type":"post","link":"https:\/\/likemetkovic.hr\/portal\/razgovor-s-povodom-mario-tot-s-iranskom-reprezentacijom-ide-na-sp-2022-u-kataru\/","title":{"rendered":"RAZGOVOR S POVODOM | Mario Tot s iranskom reprezentacijom ide na SP 2022. u Katar"},"content":{"rendered":"<p>To\u010dno za godinu dana u Kataru \u0107e po\u010deti<strong> Svjetsko nogometno prvenstvo<\/strong>, doga\u0111aj koji \u0107e preusmjeriti svjetsku medijsku i sportsku pozornost na ovaj bogati arapski emirat. <strong>Hrvatska<\/strong> je ve\u0107 osigurala mjesto u tom biranom dru\u0161tvu. Prolaz u Katar je osigurao i<strong> Iran<\/strong> koji je u utakmici s Libanonom u suda\u010dkoj nadoknadi napravio senzaciju \u2013 Iranci su uspjeli posti\u0107i dva gola i pobijediti 1:2 u utakmici 5. kola skupine A azijskih kvalifikacija za SP 2022.<\/p>\n<p>U tom presudnom trenutku na klupi Irana je sjedio 48-godi\u0161nji trener iz Metkovi\u0107a, <strong>Mario Tot<\/strong> umjesto izbornika <strong>Dragana Sko\u010di\u0107a<\/strong>.<\/p>\n<p><strong><img decoding=\"async\" class=\"alignnone size-medium wp-image-125336\" src=\"https:\/\/likemetkovic.hr\/wp-content\/uploads\/2021\/11\/mario-tot-iran-4.jpg\" alt=\"\" width=\"800\" height=\"533\" srcset=\"https:\/\/likemetkovic.hr\/portal\/wp-content\/uploads\/2021\/11\/mario-tot-iran-4.jpg 800w, https:\/\/likemetkovic.hr\/portal\/wp-content\/uploads\/2021\/11\/mario-tot-iran-4-768x512.jpg 768w, https:\/\/likemetkovic.hr\/portal\/wp-content\/uploads\/2021\/11\/mario-tot-iran-4-696x464.jpg 696w, https:\/\/likemetkovic.hr\/portal\/wp-content\/uploads\/2021\/11\/mario-tot-iran-4-630x420.jpg 630w\" sizes=\"(max-width: 800px) 100vw, 800px\" \/><\/strong><\/p>\n<p>Prof. kineziologije Mario Tot je do sada trenirao i ostvarivao zavidne rezultate s Brotnjom, Dinamom, Rijekom, Lokomotivom, Istrom, a potom je karijeru gradio na Dalekom istoku (Malezija i Kina). Po\u010detkom ove godine otisnuo se u reprezentativne vode.<\/p>\n<p>Kvalifikacija njegova Irana na SP u Kataru 2022. je bio povod za razgovor.<\/p>\n<p><strong>Nov izazov u Va\u0161oj trenerskoj karijeri je ulazak u iranski reprezentativni tim s Draganom Sko\u010di\u0107em na \u010delu, kako je do\u0161lo do te suradnje?<\/strong><\/p>\n<p>Jo\u0161 davne 2004. godine, kad sam kao predava\u010d i \u010dlan zavr\u0161ne diplomske komisije na Nogometnoj akademiji HNS-a, upoznao Rije\u010danina Dragana Sko\u010di\u0107a. Od tada smo bili u stalnom kontaktu. Kad je prije nekih devet mjeseci stigao poziv dugogodi\u0161njeg prijatelja da mu se pridru\u017eim u tada nemogu\u0107oj misiji spa\u0161avanja \u010dasti posrnulog azijskog diva Irana, nisam dvojio da tu ponudu moram prihvatiti.<\/p>\n<p><strong><img decoding=\"async\" class=\"alignnone size-medium wp-image-125334\" src=\"https:\/\/likemetkovic.hr\/wp-content\/uploads\/2021\/11\/mario-tot-iran-2.jpeg\" alt=\"\" width=\"800\" height=\"532\" srcset=\"https:\/\/likemetkovic.hr\/portal\/wp-content\/uploads\/2021\/11\/mario-tot-iran-2.jpeg 800w, https:\/\/likemetkovic.hr\/portal\/wp-content\/uploads\/2021\/11\/mario-tot-iran-2-768x511.jpeg 768w, https:\/\/likemetkovic.hr\/portal\/wp-content\/uploads\/2021\/11\/mario-tot-iran-2-696x463.jpeg 696w, https:\/\/likemetkovic.hr\/portal\/wp-content\/uploads\/2021\/11\/mario-tot-iran-2-632x420.jpeg 632w\" sizes=\"(max-width: 800px) 100vw, 800px\" \/><\/strong><\/p>\n<p><strong>Kako su vas prihvatili u Iranu?<\/strong><\/p>\n<p>Iran je poznat po tome da je jedna od najgostoprimljivijih zemalja svijeta, zemlja srda\u010dnih i ponosnih ljudi, pa je sama prilagodba za mene bila laka, a Dragan u Iranu radi jo\u0161 od 2013. godine vodio je \u010detiri njihova kluba (Malavan, Foolad, Knooneh be Knooneh i Sanat Naft). Iranci su mentalitetom poprili\u010dno sli\u010dni nama, pa je i to utjecalo na lak\u0161u prilagodbu.<\/p>\n<p><strong><img decoding=\"async\" class=\"alignnone size-medium wp-image-125338\" src=\"https:\/\/likemetkovic.hr\/wp-content\/uploads\/2021\/11\/mario-tot-iran-6.jpg\" alt=\"\" width=\"800\" height=\"533\" srcset=\"https:\/\/likemetkovic.hr\/portal\/wp-content\/uploads\/2021\/11\/mario-tot-iran-6.jpg 800w, https:\/\/likemetkovic.hr\/portal\/wp-content\/uploads\/2021\/11\/mario-tot-iran-6-768x512.jpg 768w, https:\/\/likemetkovic.hr\/portal\/wp-content\/uploads\/2021\/11\/mario-tot-iran-6-696x464.jpg 696w, https:\/\/likemetkovic.hr\/portal\/wp-content\/uploads\/2021\/11\/mario-tot-iran-6-630x420.jpg 630w\" sizes=\"(max-width: 800px) 100vw, 800px\" \/><\/strong><\/p>\n<p><strong>Va\u0161 osvrt na kvalifikacije za SP\u2026<\/strong><\/p>\n<p>Kao \u0161to je poznato, azijske kvalifikacije za Svjetsko prvenstvo traju dugo i vrlo su zahtjevne jer u njima sudjeluje preko 40 zemalja ovoga dijela svijeta. Pet je mjesta rezervirano za najbolje, a prolazi se dva kvalifikacijska kruga. Kada smo preuzeli nacionalnu mom\u010dad Irana, nakon belgijskog trenera Wilmotsa, situacija je bila gotovo bezizlazna: tre\u0107e mjesto u grupi, pred nama \u010detiri zadnje utakmice u gostima, bez prostora da se izgubi niti jedan bod. Tu etapu smo pro\u0161li besprijekorno &#8211; \u010detiri pobjede i prvo mjesto u skupini &#8211; \u0161to nas je odvelo u grupa A zavr\u0161nog kruga kvalifikacija.<\/p>\n<p>Tamo smo nastavili pobjedni\u010dki niz koji traje sve do danas, u \u0161est utakmica smo osigurali 16 bodova i \u010detiri kola prije kraja imamo nedosti\u017enu prednost. Mo\u017eemo re\u0107i da je Iran ve\u0107 osigurao nastup na Svjetskom prvenstvu u Kataru 2022. Uz nas najbli\u017ea tom plasmanu je Ju\u017ena Koreja, a u drugoj grupi se borba vodi izme\u0111u Saudijske Arabije, Australije i Japana.<\/p>\n<p><strong><img decoding=\"async\" class=\"alignnone size-medium wp-image-125335\" src=\"https:\/\/likemetkovic.hr\/wp-content\/uploads\/2021\/11\/mario-tot-iran-3.jpg\" alt=\"\" width=\"800\" height=\"533\" srcset=\"https:\/\/likemetkovic.hr\/portal\/wp-content\/uploads\/2021\/11\/mario-tot-iran-3.jpg 800w, https:\/\/likemetkovic.hr\/portal\/wp-content\/uploads\/2021\/11\/mario-tot-iran-3-768x512.jpg 768w, https:\/\/likemetkovic.hr\/portal\/wp-content\/uploads\/2021\/11\/mario-tot-iran-3-696x464.jpg 696w, https:\/\/likemetkovic.hr\/portal\/wp-content\/uploads\/2021\/11\/mario-tot-iran-3-630x420.jpg 630w\" sizes=\"(max-width: 800px) 100vw, 800px\" \/><\/strong><\/p>\n<p><strong>U ovom trenutku Iran je na 21. mjestu FIFA-ine ljestvice, kakva su o\u010dekivanja na Svjetskom prvenstvu u Kataru?<\/strong><\/p>\n<p>Iranska reprezentacija je sa 33. mjesta prije godinu dana stigla na 21. poziciju u svijetu, \u0161to je \u010dini vrlo ozbiljnom svjetskom reprezentacijom i najbolje rangiranom nogometnom reprezentacijom u Aziji.<\/p>\n<p>O\u010dekivanja svih nas, kao i brojne navija\u010dke armije od 85 milijuna ljudi, su visoka i svi vjeruju da se mo\u017ee napraviti dobar rezultat. To je i logi\u010dno kada u svojim redovima imate niz internacionalaca koji igraju za velike europske klubove poput Porta, Zenita, Feyenoorda, Dinama Zagreb, Boaviste, AEK-a i brojnih drugih.<\/p>\n<p><strong><img decoding=\"async\" class=\"alignnone size-medium wp-image-125332\" src=\"https:\/\/likemetkovic.hr\/wp-content\/uploads\/2021\/11\/mario-tot-iran-1-800x401.jpeg\" alt=\"\" width=\"800\" height=\"401\" srcset=\"https:\/\/likemetkovic.hr\/portal\/wp-content\/uploads\/2021\/11\/mario-tot-iran-1-800x401.jpeg 800w, https:\/\/likemetkovic.hr\/portal\/wp-content\/uploads\/2021\/11\/mario-tot-iran-1-768x385.jpeg 768w, https:\/\/likemetkovic.hr\/portal\/wp-content\/uploads\/2021\/11\/mario-tot-iran-1-696x349.jpeg 696w, https:\/\/likemetkovic.hr\/portal\/wp-content\/uploads\/2021\/11\/mario-tot-iran-1-1068x536.jpeg 1068w, https:\/\/likemetkovic.hr\/portal\/wp-content\/uploads\/2021\/11\/mario-tot-iran-1-837x420.jpeg 837w, https:\/\/likemetkovic.hr\/portal\/wp-content\/uploads\/2021\/11\/mario-tot-iran-1.jpeg 1080w\" sizes=\"(max-width: 800px) 100vw, 800px\" \/><\/strong><\/p>\n<p><strong>Kako gledate na mogu\u0107i susret s Hrvatskom u Kataru?<\/strong><\/p>\n<p>Naravno da je sasvim izvjesna \u0161ansa da se tamo sastanemo sa Hrvatskom. Mi vjerujemo da bi to bila dobra i neizvjesna utakmica, iako je Hrvatska bolje rangirana reprezentacija.<\/p>\n<p><strong><img decoding=\"async\" class=\"alignnone size-medium wp-image-125337\" src=\"https:\/\/likemetkovic.hr\/wp-content\/uploads\/2021\/11\/mario-tot-iran-5.jpg\" alt=\"\" width=\"800\" height=\"534\" srcset=\"https:\/\/likemetkovic.hr\/portal\/wp-content\/uploads\/2021\/11\/mario-tot-iran-5.jpg 800w, https:\/\/likemetkovic.hr\/portal\/wp-content\/uploads\/2021\/11\/mario-tot-iran-5-768x513.jpg 768w, https:\/\/likemetkovic.hr\/portal\/wp-content\/uploads\/2021\/11\/mario-tot-iran-5-696x465.jpg 696w, https:\/\/likemetkovic.hr\/portal\/wp-content\/uploads\/2021\/11\/mario-tot-iran-5-629x420.jpg 629w\" sizes=\"(max-width: 800px) 100vw, 800px\" \/><\/strong><\/p>\n<h4>Tradicija se nastavlja, hrvatski tim vodi iransku reprezentaciju!<\/h4>\n<p>Dragan Sko\u010di\u0107 je nastavio niz Hrvata koji su bili izbornici iranske nogometne vrste (prije njega to su bili Tomislav Ivi\u0107, Stanko Poklepovi\u0107, \u0106iro Bla\u017eevi\u0107 i Branko Ivankovi\u0107) u timu jo\u0161 dvojicom hrvatskih trenera, Marijom Totom i Mladenom \u017dganjerom. Ina\u010de, Sko\u010di\u0107 je nedavno dobio zna\u010dajno me\u0111unarodno priznanje, rije\u010dki stru\u010dnjak nominiran je za najboljega izbornika na svijetu u 2021. godini.<\/p>\n<p>Foto: Privatni album<\/p>\n","protected":false},"excerpt":{"rendered":"<p>To\u010dno za godinu dana u Kataru \u0107e po\u010deti Svjetsko nogometno prvenstvo, doga\u0111aj koji \u0107e preusmjeriti svjetsku medijsku i sportsku pozornost na ovaj bogati arapski emirat. Hrvatska je ve\u0107 osigurala mjesto u tom biranom dru\u0161tvu. Prolaz u Katar je osigurao i Iran koji je u utakmici s Libanonom u suda\u010dkoj nadoknadi napravio senzaciju \u2013 Iranci su [&hellip;]<\/p>\n","protected":false},"author":9,"featured_media":125336,"comment_status":"open","ping_status":"open","sticky":false,"template":"","format":"standard","meta":{"footnotes":""},"categories":[283,30],"tags":[10178,10177,10179],"class_list":{"0":"post-125331","1":"post","2":"type-post","3":"status-publish","4":"format-standard","5":"has-post-thumbnail","7":"category-a","8":"category-nogomet","9":"tag-iran","10":"tag-mario-tot","11":"tag-sp-katar-2022"},"yoast_head":"<!-- This site is optimized with the Yoast SEO plugin v25.2 - https:\/\/yoast.com\/wordpress\/plugins\/seo\/ -->\n<title>RAZGOVOR S POVODOM | Mario Tot s iranskom reprezentacijom ide na SP 2022. u Katar - likemetkovic.hr<\/title>\n<meta name=\"robots\" content=\"index, follow, max-snippet:-1, max-image-preview:large, max-video-preview:-1\" \/>\n<link rel=\"canonical\" href=\"https:\/\/likemetkovic.hr\/razgovor-s-povodom-mario-tot-s-iranskom-reprezentacijom-ide-na-sp-2022-u-kataru\/\" \/>\n<meta property=\"og:locale\" content=\"hr_HR\" \/>\n<meta property=\"og:type\" content=\"article\" \/>\n<meta property=\"og:title\" content=\"RAZGOVOR S POVODOM | Mario Tot s iranskom reprezentacijom ide na SP 2022. u Katar - likemetkovic.hr\" \/>\n<meta property=\"og:description\" content=\"To\u010dno za godinu dana u Kataru \u0107e po\u010deti Svjetsko nogometno prvenstvo, doga\u0111aj koji \u0107e preusmjeriti svjetsku medijsku i sportsku pozornost na ovaj bogati arapski emirat. Hrvatska je ve\u0107 osigurala mjesto u tom biranom dru\u0161tvu. Prolaz u Katar je osigurao i Iran koji je u utakmici s Libanonom u suda\u010dkoj nadoknadi napravio senzaciju \u2013 Iranci su [&hellip;]\" \/>\n<meta property=\"og:url\" content=\"https:\/\/likemetkovic.hr\/razgovor-s-povodom-mario-tot-s-iranskom-reprezentacijom-ide-na-sp-2022-u-kataru\/\" \/>\n<meta property=\"og:site_name\" content=\"likemetkovic.hr\" \/>\n<meta property=\"article:publisher\" content=\"https:\/\/www.facebook.com\/likemetkovic.hr\/\" \/>\n<meta property=\"article:published_time\" content=\"2021-11-21T06:23:18+00:00\" \/>\n<meta property=\"article:modified_time\" content=\"2021-11-21T06:24:16+00:00\" \/>\n<meta property=\"og:image\" content=\"https:\/\/likemetkovic.hr\/wp-content\/uploads\/2021\/11\/mario-tot-iran-4.jpg\" \/>\n\t<meta property=\"og:image:width\" content=\"800\" \/>\n\t<meta property=\"og:image:height\" content=\"533\" \/>\n\t<meta property=\"og:image:type\" content=\"image\/jpeg\" \/>\n<meta name=\"author\" content=\"K. J.\" \/>\n<meta name=\"twitter:card\" content=\"summary_large_image\" \/>\n<meta name=\"twitter:label1\" content=\"Napisao\/la\" \/>\n\t<meta name=\"twitter:data1\" content=\"K. J.\" \/>\n\t<meta name=\"twitter:label2\" content=\"Procijenjeno vrijeme \u010ditanja\" \/>\n\t<meta name=\"twitter:data2\" content=\"5 minuta\" \/>\n<script type=\"application\/ld+json\" class=\"yoast-schema-graph\">{\"@context\":\"https:\/\/schema.org\",\"@graph\":[{\"@type\":\"WebPage\",\"@id\":\"https:\/\/likemetkovic.hr\/razgovor-s-povodom-mario-tot-s-iranskom-reprezentacijom-ide-na-sp-2022-u-kataru\/\",\"url\":\"https:\/\/likemetkovic.hr\/razgovor-s-povodom-mario-tot-s-iranskom-reprezentacijom-ide-na-sp-2022-u-kataru\/\",\"name\":\"RAZGOVOR S POVODOM | Mario Tot s iranskom reprezentacijom ide na SP 2022. u Katar - likemetkovic.hr\",\"isPartOf\":{\"@id\":\"https:\/\/likemetkovic.hr\/#website\"},\"primaryImageOfPage\":{\"@id\":\"https:\/\/likemetkovic.hr\/razgovor-s-povodom-mario-tot-s-iranskom-reprezentacijom-ide-na-sp-2022-u-kataru\/#primaryimage\"},\"image\":{\"@id\":\"https:\/\/likemetkovic.hr\/razgovor-s-povodom-mario-tot-s-iranskom-reprezentacijom-ide-na-sp-2022-u-kataru\/#primaryimage\"},\"thumbnailUrl\":\"https:\/\/likemetkovic.hr\/portal\/wp-content\/uploads\/2021\/11\/mario-tot-iran-4.jpg\",\"datePublished\":\"2021-11-21T06:23:18+00:00\",\"dateModified\":\"2021-11-21T06:24:16+00:00\",\"author\":{\"@id\":\"https:\/\/likemetkovic.hr\/#\/schema\/person\/0a8b4ebfdfe1ff01192dccda40c5da0c\"},\"breadcrumb\":{\"@id\":\"https:\/\/likemetkovic.hr\/razgovor-s-povodom-mario-tot-s-iranskom-reprezentacijom-ide-na-sp-2022-u-kataru\/#breadcrumb\"},\"inLanguage\":\"hr\",\"potentialAction\":[{\"@type\":\"ReadAction\",\"target\":[\"https:\/\/likemetkovic.hr\/razgovor-s-povodom-mario-tot-s-iranskom-reprezentacijom-ide-na-sp-2022-u-kataru\/\"]}]},{\"@type\":\"ImageObject\",\"inLanguage\":\"hr\",\"@id\":\"https:\/\/likemetkovic.hr\/razgovor-s-povodom-mario-tot-s-iranskom-reprezentacijom-ide-na-sp-2022-u-kataru\/#primaryimage\",\"url\":\"https:\/\/likemetkovic.hr\/portal\/wp-content\/uploads\/2021\/11\/mario-tot-iran-4.jpg\",\"contentUrl\":\"https:\/\/likemetkovic.hr\/portal\/wp-content\/uploads\/2021\/11\/mario-tot-iran-4.jpg\",\"width\":800,\"height\":533},{\"@type\":\"BreadcrumbList\",\"@id\":\"https:\/\/likemetkovic.hr\/razgovor-s-povodom-mario-tot-s-iranskom-reprezentacijom-ide-na-sp-2022-u-kataru\/#breadcrumb\",\"itemListElement\":[{\"@type\":\"ListItem\",\"position\":1,\"name\":\"Po\u010detna stranica\",\"item\":\"https:\/\/likemetkovic.hr\/portal\/\"},{\"@type\":\"ListItem\",\"position\":2,\"name\":\"RAZGOVOR S POVODOM | Mario Tot s iranskom reprezentacijom ide na SP 2022. u Katar\"}]},{\"@type\":\"WebSite\",\"@id\":\"https:\/\/likemetkovic.hr\/#website\",\"url\":\"https:\/\/likemetkovic.hr\/\",\"name\":\"likemetkovic.hr\",\"description\":\"Misli pozitivno... \u010ditaj LIKE\",\"potentialAction\":[{\"@type\":\"SearchAction\",\"target\":{\"@type\":\"EntryPoint\",\"urlTemplate\":\"https:\/\/likemetkovic.hr\/?s={search_term_string}\"},\"query-input\":{\"@type\":\"PropertyValueSpecification\",\"valueRequired\":true,\"valueName\":\"search_term_string\"}}],\"inLanguage\":\"hr\"},{\"@type\":\"Person\",\"@id\":\"https:\/\/likemetkovic.hr\/#\/schema\/person\/0a8b4ebfdfe1ff01192dccda40c5da0c\",\"name\":\"K. J.\",\"url\":\"https:\/\/likemetkovic.hr\/portal\/author\/likemetkovic\/\"}]}<\/script>\n<!-- \/ Yoast SEO plugin. -->","yoast_head_json":{"title":"RAZGOVOR S POVODOM | Mario Tot s iranskom reprezentacijom ide na SP 2022. u Katar - likemetkovic.hr","robots":{"index":"index","follow":"follow","max-snippet":"max-snippet:-1","max-image-preview":"max-image-preview:large","max-video-preview":"max-video-preview:-1"},"canonical":"https:\/\/likemetkovic.hr\/razgovor-s-povodom-mario-tot-s-iranskom-reprezentacijom-ide-na-sp-2022-u-kataru\/","og_locale":"hr_HR","og_type":"article","og_title":"RAZGOVOR S POVODOM | Mario Tot s iranskom reprezentacijom ide na SP 2022. u Katar - likemetkovic.hr","og_description":"To\u010dno za godinu dana u Kataru \u0107e po\u010deti Svjetsko nogometno prvenstvo, doga\u0111aj koji \u0107e preusmjeriti svjetsku medijsku i sportsku pozornost na ovaj bogati arapski emirat. Hrvatska je ve\u0107 osigurala mjesto u tom biranom dru\u0161tvu. Prolaz u Katar je osigurao i Iran koji je u utakmici s Libanonom u suda\u010dkoj nadoknadi napravio senzaciju \u2013 Iranci su [&hellip;]","og_url":"https:\/\/likemetkovic.hr\/razgovor-s-povodom-mario-tot-s-iranskom-reprezentacijom-ide-na-sp-2022-u-kataru\/","og_site_name":"likemetkovic.hr","article_publisher":"https:\/\/www.facebook.com\/likemetkovic.hr\/","article_published_time":"2021-11-21T06:23:18+00:00","article_modified_time":"2021-11-21T06:24:16+00:00","og_image":[{"width":800,"height":533,"url":"https:\/\/likemetkovic.hr\/wp-content\/uploads\/2021\/11\/mario-tot-iran-4.jpg","type":"image\/jpeg"}],"author":"K. J.","twitter_card":"summary_large_image","twitter_misc":{"Napisao\/la":"K. J.","Procijenjeno vrijeme \u010ditanja":"5 minuta"},"schema":{"@context":"https:\/\/schema.org","@graph":[{"@type":"WebPage","@id":"https:\/\/likemetkovic.hr\/razgovor-s-povodom-mario-tot-s-iranskom-reprezentacijom-ide-na-sp-2022-u-kataru\/","url":"https:\/\/likemetkovic.hr\/razgovor-s-povodom-mario-tot-s-iranskom-reprezentacijom-ide-na-sp-2022-u-kataru\/","name":"RAZGOVOR S POVODOM | Mario Tot s iranskom reprezentacijom ide na SP 2022. u Katar - likemetkovic.hr","isPartOf":{"@id":"https:\/\/likemetkovic.hr\/#website"},"primaryImageOfPage":{"@id":"https:\/\/likemetkovic.hr\/razgovor-s-povodom-mario-tot-s-iranskom-reprezentacijom-ide-na-sp-2022-u-kataru\/#primaryimage"},"image":{"@id":"https:\/\/likemetkovic.hr\/razgovor-s-povodom-mario-tot-s-iranskom-reprezentacijom-ide-na-sp-2022-u-kataru\/#primaryimage"},"thumbnailUrl":"https:\/\/likemetkovic.hr\/portal\/wp-content\/uploads\/2021\/11\/mario-tot-iran-4.jpg","datePublished":"2021-11-21T06:23:18+00:00","dateModified":"2021-11-21T06:24:16+00:00","author":{"@id":"https:\/\/likemetkovic.hr\/#\/schema\/person\/0a8b4ebfdfe1ff01192dccda40c5da0c"},"breadcrumb":{"@id":"https:\/\/likemetkovic.hr\/razgovor-s-povodom-mario-tot-s-iranskom-reprezentacijom-ide-na-sp-2022-u-kataru\/#breadcrumb"},"inLanguage":"hr","potentialAction":[{"@type":"ReadAction","target":["https:\/\/likemetkovic.hr\/razgovor-s-povodom-mario-tot-s-iranskom-reprezentacijom-ide-na-sp-2022-u-kataru\/"]}]},{"@type":"ImageObject","inLanguage":"hr","@id":"https:\/\/likemetkovic.hr\/razgovor-s-povodom-mario-tot-s-iranskom-reprezentacijom-ide-na-sp-2022-u-kataru\/#primaryimage","url":"https:\/\/likemetkovic.hr\/portal\/wp-content\/uploads\/2021\/11\/mario-tot-iran-4.jpg","contentUrl":"https:\/\/likemetkovic.hr\/portal\/wp-content\/uploads\/2021\/11\/mario-tot-iran-4.jpg","width":800,"height":533},{"@type":"BreadcrumbList","@id":"https:\/\/likemetkovic.hr\/razgovor-s-povodom-mario-tot-s-iranskom-reprezentacijom-ide-na-sp-2022-u-kataru\/#breadcrumb","itemListElement":[{"@type":"ListItem","position":1,"name":"Po\u010detna stranica","item":"https:\/\/likemetkovic.hr\/portal\/"},{"@type":"ListItem","position":2,"name":"RAZGOVOR S POVODOM | Mario Tot s iranskom reprezentacijom ide na SP 2022. u Katar"}]},{"@type":"WebSite","@id":"https:\/\/likemetkovic.hr\/#website","url":"https:\/\/likemetkovic.hr\/","name":"likemetkovic.hr","description":"Misli pozitivno... \u010ditaj LIKE","potentialAction":[{"@type":"SearchAction","target":{"@type":"EntryPoint","urlTemplate":"https:\/\/likemetkovic.hr\/?s={search_term_string}"},"query-input":{"@type":"PropertyValueSpecification","valueRequired":true,"valueName":"search_term_string"}}],"inLanguage":"hr"},{"@type":"Person","@id":"https:\/\/likemetkovic.hr\/#\/schema\/person\/0a8b4ebfdfe1ff01192dccda40c5da0c","name":"K. J.","url":"https:\/\/likemetkovic.hr\/portal\/author\/likemetkovic\/"}]}},"_links":{"self":[{"href":"https:\/\/likemetkovic.hr\/portal\/wp-json\/wp\/v2\/posts\/125331","targetHints":{"allow":["GET"]}}],"collection":[{"href":"https:\/\/likemetkovic.hr\/portal\/wp-json\/wp\/v2\/posts"}],"about":[{"href":"https:\/\/likemetkovic.hr\/portal\/wp-json\/wp\/v2\/types\/post"}],"author":[{"embeddable":true,"href":"https:\/\/likemetkovic.hr\/portal\/wp-json\/wp\/v2\/users\/9"}],"replies":[{"embeddable":true,"href":"https:\/\/likemetkovic.hr\/portal\/wp-json\/wp\/v2\/comments?post=125331"}],"version-history":[{"count":0,"href":"https:\/\/likemetkovic.hr\/portal\/wp-json\/wp\/v2\/posts\/125331\/revisions"}],"wp:featuredmedia":[{"embeddable":true,"href":"https:\/\/likemetkovic.hr\/portal\/wp-json\/wp\/v2\/media\/125336"}],"wp:attachment":[{"href":"https:\/\/likemetkovic.hr\/portal\/wp-json\/wp\/v2\/media?parent=125331"}],"wp:term":[{"taxonomy":"category","embeddable":true,"href":"https:\/\/likemetkovic.hr\/portal\/wp-json\/wp\/v2\/categories?post=125331"},{"taxonomy":"post_tag","embeddable":true,"href":"https:\/\/likemetkovic.hr\/portal\/wp-json\/wp\/v2\/tags?post=125331"}],"curies":[{"name":"wp","href":"https:\/\/api.w.org\/{rel}","templated":true}]}}