{"id":125553,"date":"2021-11-26T14:28:55","date_gmt":"2021-11-26T13:28:55","guid":{"rendered":"https:\/\/likemetkovic.hr\/?p=125553"},"modified":"2021-11-26T14:30:21","modified_gmt":"2021-11-26T13:30:21","slug":"bozinovic-trajanje-covid-potvrde-skratiti-na-9-mjeseci","status":"publish","type":"post","link":"https:\/\/likemetkovic.hr\/portal\/bozinovic-trajanje-covid-potvrde-skratiti-na-9-mjeseci\/","title":{"rendered":"Bo\u017einovi\u0107: Trajanje COVID potvrde skratit \u0107e se na 9 mjeseci"},"content":{"rendered":"<p>Na dana\u0161njoj konferenciji za medije Nacionalnog sto\u017eera civilne za\u0161tite ministar unutarnjih poslova Davor Bo\u017einovi\u0107 je potvrdio da \u0107e se trajanje COVID-potvrda na razini EU smanjiti na 9 mjeseci.<\/p>\n<p>Odluka o trajanju COVID-potvrda mijenjat \u0107e se, pretpostavljam, sredinom prosinca, rekao je Bo\u017einovi\u0107. Konkretno, naveo je datum 16. prosinca kao datum kad bi se trajanje COVID-potvrda trebao smanjiti na 9 mjeseci.<\/p>\n<p>Njihova duljina nakon primanja <em>booster<\/em> doze jo\u0161 se ispituje, mi trenutno primjenjujemo godinu dana nakon primanja <em>booster<\/em> doze, jer jo\u0161 nije poznato koliko \u0107e ona dr\u017eati imunitet, rekao je Bo\u017einovi\u0107.<\/p>\n","protected":false},"excerpt":{"rendered":"<p>Na dana\u0161njoj konferenciji za medije Nacionalnog sto\u017eera civilne za\u0161tite ministar unutarnjih poslova Davor Bo\u017einovi\u0107 je potvrdio da \u0107e se trajanje COVID-potvrda na razini EU smanjiti na 9 mjeseci. Odluka o trajanju COVID-potvrda mijenjat \u0107e se, pretpostavljam, sredinom prosinca, rekao je Bo\u017einovi\u0107. Konkretno, naveo je datum 16. prosinca kao datum kad bi se trajanje COVID-potvrda trebao [&hellip;]<\/p>\n","protected":false},"author":7,"featured_media":114071,"comment_status":"open","ping_status":"open","sticky":false,"template":"","format":"standard","meta":{"footnotes":""},"categories":[283,1027],"tags":[9421],"class_list":{"0":"post-125553","1":"post","2":"type-post","3":"status-publish","4":"format-standard","5":"has-post-thumbnail","7":"category-a","8":"category-hrvatska","9":"tag-covid-potvrda"},"yoast_head":"<!-- This site is optimized with the Yoast SEO plugin v25.2 - https:\/\/yoast.com\/wordpress\/plugins\/seo\/ -->\n<title>Bo\u017einovi\u0107: Trajanje COVID potvrde skratit \u0107e se na 9 mjeseci - likemetkovic.hr<\/title>\n<meta name=\"robots\" content=\"index, follow, max-snippet:-1, max-image-preview:large, max-video-preview:-1\" \/>\n<link rel=\"canonical\" href=\"https:\/\/likemetkovic.hr\/bozinovic-trajanje-covid-potvrde-skratiti-na-9-mjeseci\/\" \/>\n<meta property=\"og:locale\" content=\"hr_HR\" \/>\n<meta property=\"og:type\" content=\"article\" \/>\n<meta property=\"og:title\" content=\"Bo\u017einovi\u0107: Trajanje COVID potvrde skratit \u0107e se na 9 mjeseci - likemetkovic.hr\" \/>\n<meta property=\"og:description\" content=\"Na dana\u0161njoj konferenciji za medije Nacionalnog sto\u017eera civilne za\u0161tite ministar unutarnjih poslova Davor Bo\u017einovi\u0107 je potvrdio da \u0107e se trajanje COVID-potvrda na razini EU smanjiti na 9 mjeseci. Odluka o trajanju COVID-potvrda mijenjat \u0107e se, pretpostavljam, sredinom prosinca, rekao je Bo\u017einovi\u0107. Konkretno, naveo je datum 16. prosinca kao datum kad bi se trajanje COVID-potvrda trebao [&hellip;]\" \/>\n<meta property=\"og:url\" content=\"https:\/\/likemetkovic.hr\/bozinovic-trajanje-covid-potvrde-skratiti-na-9-mjeseci\/\" \/>\n<meta property=\"og:site_name\" content=\"likemetkovic.hr\" \/>\n<meta property=\"article:publisher\" content=\"https:\/\/www.facebook.com\/likemetkovic.hr\/\" \/>\n<meta property=\"article:published_time\" content=\"2021-11-26T13:28:55+00:00\" \/>\n<meta property=\"article:modified_time\" content=\"2021-11-26T13:30:21+00:00\" \/>\n<meta property=\"og:image\" content=\"https:\/\/likemetkovic.hr\/wp-content\/uploads\/2021\/02\/beros-capak-bozinovic.jpg\" \/>\n\t<meta property=\"og:image:width\" content=\"850\" \/>\n\t<meta property=\"og:image:height\" content=\"445\" \/>\n\t<meta property=\"og:image:type\" content=\"image\/jpeg\" \/>\n<meta name=\"author\" content=\"LIKEmetkovic.hr\" \/>\n<meta name=\"twitter:card\" content=\"summary_large_image\" \/>\n<meta name=\"twitter:label1\" content=\"Napisao\/la\" \/>\n\t<meta name=\"twitter:data1\" content=\"LIKEmetkovic.hr\" \/>\n\t<meta name=\"twitter:label2\" content=\"Procijenjeno vrijeme \u010ditanja\" \/>\n\t<meta name=\"twitter:data2\" content=\"1 minuta\" \/>\n<script type=\"application\/ld+json\" class=\"yoast-schema-graph\">{\"@context\":\"https:\/\/schema.org\",\"@graph\":[{\"@type\":\"WebPage\",\"@id\":\"https:\/\/likemetkovic.hr\/bozinovic-trajanje-covid-potvrde-skratiti-na-9-mjeseci\/\",\"url\":\"https:\/\/likemetkovic.hr\/bozinovic-trajanje-covid-potvrde-skratiti-na-9-mjeseci\/\",\"name\":\"Bo\u017einovi\u0107: Trajanje COVID potvrde skratit \u0107e se na 9 mjeseci - likemetkovic.hr\",\"isPartOf\":{\"@id\":\"https:\/\/likemetkovic.hr\/#website\"},\"primaryImageOfPage\":{\"@id\":\"https:\/\/likemetkovic.hr\/bozinovic-trajanje-covid-potvrde-skratiti-na-9-mjeseci\/#primaryimage\"},\"image\":{\"@id\":\"https:\/\/likemetkovic.hr\/bozinovic-trajanje-covid-potvrde-skratiti-na-9-mjeseci\/#primaryimage\"},\"thumbnailUrl\":\"https:\/\/likemetkovic.hr\/portal\/wp-content\/uploads\/2021\/02\/beros-capak-bozinovic.jpg\",\"datePublished\":\"2021-11-26T13:28:55+00:00\",\"dateModified\":\"2021-11-26T13:30:21+00:00\",\"author\":{\"@id\":\"https:\/\/likemetkovic.hr\/#\/schema\/person\/a42711f3385a0e2be6f7e0443bfb28f0\"},\"breadcrumb\":{\"@id\":\"https:\/\/likemetkovic.hr\/bozinovic-trajanje-covid-potvrde-skratiti-na-9-mjeseci\/#breadcrumb\"},\"inLanguage\":\"hr\",\"potentialAction\":[{\"@type\":\"ReadAction\",\"target\":[\"https:\/\/likemetkovic.hr\/bozinovic-trajanje-covid-potvrde-skratiti-na-9-mjeseci\/\"]}]},{\"@type\":\"ImageObject\",\"inLanguage\":\"hr\",\"@id\":\"https:\/\/likemetkovic.hr\/bozinovic-trajanje-covid-potvrde-skratiti-na-9-mjeseci\/#primaryimage\",\"url\":\"https:\/\/likemetkovic.hr\/portal\/wp-content\/uploads\/2021\/02\/beros-capak-bozinovic.jpg\",\"contentUrl\":\"https:\/\/likemetkovic.hr\/portal\/wp-content\/uploads\/2021\/02\/beros-capak-bozinovic.jpg\",\"width\":850,\"height\":445},{\"@type\":\"BreadcrumbList\",\"@id\":\"https:\/\/likemetkovic.hr\/bozinovic-trajanje-covid-potvrde-skratiti-na-9-mjeseci\/#breadcrumb\",\"itemListElement\":[{\"@type\":\"ListItem\",\"position\":1,\"name\":\"Po\u010detna stranica\",\"item\":\"https:\/\/likemetkovic.hr\/portal\/\"},{\"@type\":\"ListItem\",\"position\":2,\"name\":\"Bo\u017einovi\u0107: Trajanje COVID potvrde skratit \u0107e se na 9 mjeseci\"}]},{\"@type\":\"WebSite\",\"@id\":\"https:\/\/likemetkovic.hr\/#website\",\"url\":\"https:\/\/likemetkovic.hr\/\",\"name\":\"likemetkovic.hr\",\"description\":\"Misli pozitivno... \u010ditaj LIKE\",\"potentialAction\":[{\"@type\":\"SearchAction\",\"target\":{\"@type\":\"EntryPoint\",\"urlTemplate\":\"https:\/\/likemetkovic.hr\/?s={search_term_string}\"},\"query-input\":{\"@type\":\"PropertyValueSpecification\",\"valueRequired\":true,\"valueName\":\"search_term_string\"}}],\"inLanguage\":\"hr\"},{\"@type\":\"Person\",\"@id\":\"https:\/\/likemetkovic.hr\/#\/schema\/person\/a42711f3385a0e2be6f7e0443bfb28f0\",\"name\":\"LIKEmetkovic.hr\",\"sameAs\":[\"http:\/\/likemetkovic.hr\"],\"url\":\"https:\/\/likemetkovic.hr\/portal\/author\/likemetkovic-hr\/\"}]}<\/script>\n<!-- \/ Yoast SEO plugin. -->","yoast_head_json":{"title":"Bo\u017einovi\u0107: Trajanje COVID potvrde skratit \u0107e se na 9 mjeseci - likemetkovic.hr","robots":{"index":"index","follow":"follow","max-snippet":"max-snippet:-1","max-image-preview":"max-image-preview:large","max-video-preview":"max-video-preview:-1"},"canonical":"https:\/\/likemetkovic.hr\/bozinovic-trajanje-covid-potvrde-skratiti-na-9-mjeseci\/","og_locale":"hr_HR","og_type":"article","og_title":"Bo\u017einovi\u0107: Trajanje COVID potvrde skratit \u0107e se na 9 mjeseci - likemetkovic.hr","og_description":"Na dana\u0161njoj konferenciji za medije Nacionalnog sto\u017eera civilne za\u0161tite ministar unutarnjih poslova Davor Bo\u017einovi\u0107 je potvrdio da \u0107e se trajanje COVID-potvrda na razini EU smanjiti na 9 mjeseci. Odluka o trajanju COVID-potvrda mijenjat \u0107e se, pretpostavljam, sredinom prosinca, rekao je Bo\u017einovi\u0107. Konkretno, naveo je datum 16. prosinca kao datum kad bi se trajanje COVID-potvrda trebao [&hellip;]","og_url":"https:\/\/likemetkovic.hr\/bozinovic-trajanje-covid-potvrde-skratiti-na-9-mjeseci\/","og_site_name":"likemetkovic.hr","article_publisher":"https:\/\/www.facebook.com\/likemetkovic.hr\/","article_published_time":"2021-11-26T13:28:55+00:00","article_modified_time":"2021-11-26T13:30:21+00:00","og_image":[{"width":850,"height":445,"url":"https:\/\/likemetkovic.hr\/wp-content\/uploads\/2021\/02\/beros-capak-bozinovic.jpg","type":"image\/jpeg"}],"author":"LIKEmetkovic.hr","twitter_card":"summary_large_image","twitter_misc":{"Napisao\/la":"LIKEmetkovic.hr","Procijenjeno vrijeme \u010ditanja":"1 minuta"},"schema":{"@context":"https:\/\/schema.org","@graph":[{"@type":"WebPage","@id":"https:\/\/likemetkovic.hr\/bozinovic-trajanje-covid-potvrde-skratiti-na-9-mjeseci\/","url":"https:\/\/likemetkovic.hr\/bozinovic-trajanje-covid-potvrde-skratiti-na-9-mjeseci\/","name":"Bo\u017einovi\u0107: Trajanje COVID potvrde skratit \u0107e se na 9 mjeseci - likemetkovic.hr","isPartOf":{"@id":"https:\/\/likemetkovic.hr\/#website"},"primaryImageOfPage":{"@id":"https:\/\/likemetkovic.hr\/bozinovic-trajanje-covid-potvrde-skratiti-na-9-mjeseci\/#primaryimage"},"image":{"@id":"https:\/\/likemetkovic.hr\/bozinovic-trajanje-covid-potvrde-skratiti-na-9-mjeseci\/#primaryimage"},"thumbnailUrl":"https:\/\/likemetkovic.hr\/portal\/wp-content\/uploads\/2021\/02\/beros-capak-bozinovic.jpg","datePublished":"2021-11-26T13:28:55+00:00","dateModified":"2021-11-26T13:30:21+00:00","author":{"@id":"https:\/\/likemetkovic.hr\/#\/schema\/person\/a42711f3385a0e2be6f7e0443bfb28f0"},"breadcrumb":{"@id":"https:\/\/likemetkovic.hr\/bozinovic-trajanje-covid-potvrde-skratiti-na-9-mjeseci\/#breadcrumb"},"inLanguage":"hr","potentialAction":[{"@type":"ReadAction","target":["https:\/\/likemetkovic.hr\/bozinovic-trajanje-covid-potvrde-skratiti-na-9-mjeseci\/"]}]},{"@type":"ImageObject","inLanguage":"hr","@id":"https:\/\/likemetkovic.hr\/bozinovic-trajanje-covid-potvrde-skratiti-na-9-mjeseci\/#primaryimage","url":"https:\/\/likemetkovic.hr\/portal\/wp-content\/uploads\/2021\/02\/beros-capak-bozinovic.jpg","contentUrl":"https:\/\/likemetkovic.hr\/portal\/wp-content\/uploads\/2021\/02\/beros-capak-bozinovic.jpg","width":850,"height":445},{"@type":"BreadcrumbList","@id":"https:\/\/likemetkovic.hr\/bozinovic-trajanje-covid-potvrde-skratiti-na-9-mjeseci\/#breadcrumb","itemListElement":[{"@type":"ListItem","position":1,"name":"Po\u010detna stranica","item":"https:\/\/likemetkovic.hr\/portal\/"},{"@type":"ListItem","position":2,"name":"Bo\u017einovi\u0107: Trajanje COVID potvrde skratit \u0107e se na 9 mjeseci"}]},{"@type":"WebSite","@id":"https:\/\/likemetkovic.hr\/#website","url":"https:\/\/likemetkovic.hr\/","name":"likemetkovic.hr","description":"Misli pozitivno... \u010ditaj LIKE","potentialAction":[{"@type":"SearchAction","target":{"@type":"EntryPoint","urlTemplate":"https:\/\/likemetkovic.hr\/?s={search_term_string}"},"query-input":{"@type":"PropertyValueSpecification","valueRequired":true,"valueName":"search_term_string"}}],"inLanguage":"hr"},{"@type":"Person","@id":"https:\/\/likemetkovic.hr\/#\/schema\/person\/a42711f3385a0e2be6f7e0443bfb28f0","name":"LIKEmetkovic.hr","sameAs":["http:\/\/likemetkovic.hr"],"url":"https:\/\/likemetkovic.hr\/portal\/author\/likemetkovic-hr\/"}]}},"_links":{"self":[{"href":"https:\/\/likemetkovic.hr\/portal\/wp-json\/wp\/v2\/posts\/125553","targetHints":{"allow":["GET"]}}],"collection":[{"href":"https:\/\/likemetkovic.hr\/portal\/wp-json\/wp\/v2\/posts"}],"about":[{"href":"https:\/\/likemetkovic.hr\/portal\/wp-json\/wp\/v2\/types\/post"}],"author":[{"embeddable":true,"href":"https:\/\/likemetkovic.hr\/portal\/wp-json\/wp\/v2\/users\/7"}],"replies":[{"embeddable":true,"href":"https:\/\/likemetkovic.hr\/portal\/wp-json\/wp\/v2\/comments?post=125553"}],"version-history":[{"count":0,"href":"https:\/\/likemetkovic.hr\/portal\/wp-json\/wp\/v2\/posts\/125553\/revisions"}],"wp:featuredmedia":[{"embeddable":true,"href":"https:\/\/likemetkovic.hr\/portal\/wp-json\/wp\/v2\/media\/114071"}],"wp:attachment":[{"href":"https:\/\/likemetkovic.hr\/portal\/wp-json\/wp\/v2\/media?parent=125553"}],"wp:term":[{"taxonomy":"category","embeddable":true,"href":"https:\/\/likemetkovic.hr\/portal\/wp-json\/wp\/v2\/categories?post=125553"},{"taxonomy":"post_tag","embeddable":true,"href":"https:\/\/likemetkovic.hr\/portal\/wp-json\/wp\/v2\/tags?post=125553"}],"curies":[{"name":"wp","href":"https:\/\/api.w.org\/{rel}","templated":true}]}}