{"id":125735,"date":"2021-12-02T20:09:04","date_gmt":"2021-12-02T19:09:04","guid":{"rendered":"https:\/\/likemetkovic.hr\/?p=125735"},"modified":"2021-12-02T20:14:47","modified_gmt":"2021-12-02T19:14:47","slug":"dane-rendulic-sjecanje-na-studeni-prosinac-1991-30-obljetnica-pogibije-renata-covica","status":"publish","type":"post","link":"https:\/\/likemetkovic.hr\/portal\/dane-rendulic-sjecanje-na-studeni-prosinac-1991-30-obljetnica-pogibije-renata-covica\/","title":{"rendered":"Dane Renduli\u0107: Sje\u0107anje na studeni\/prosinac 1991. &#8211; 30. obljetnica pogibije Renata \u010covi\u0107a"},"content":{"rendered":"<p>Ve\u0107 izmoreni neprekidnim boravkom na terenu posebice u \u0161irem podru\u010dju sela \u010cepiku\u0107e, gdje smo se 23. studenoga 1991. godine izvukli u zadnjem trenutku i kao posljednje snage obrane tog podru\u010dja, nakon \u0161to smo ostali u polu okru\u017eenju\u00a0 u selu Podimo\u010d i na polo\u017eajima na dominantnom podru\u010dju brda Katina i prijevoja Mihovi kri\u017e kao \u201ezaboravljena postrojba\u201c. Izvukli smo se samo poznaju\u0107i svaku kozju stazu preko sela Lisac.<\/p>\n<p>Druga samostalna izvidni\u010dka satnija 4. gbr. sa svojim transporterima odigrala je na istoj zada\u0107i presudnu ulogu u izvla\u010denju i spa\u0161avanju jedne pri\u010duvne satnije iz Metkovi\u0107a iz sela \u010cepiku\u0107e. U takvim okolnostima nakon pada sela \u010cepiku\u0107a a tako i na Stonskoj boji\u0161nici do\u0161lo je do pucanja linija obrane i velikih praznina u obrani. Bez obzira na stanje u A satniji ZNG Metkovi\u0107 misle\u0107i prije svega na zamor ljudstva dana 26. studenoga 1991. godine satnija je uzbunjena i dobila zada\u0107u da se javi zapovjedniku <strong>Petru \u0160imcu<\/strong> u Stonu bez drugih detalja o zada\u0107i satnije.<\/p>\n\r\n                <style type=\"text\/css\">\r\n                    \r\n                    #tdi_1  .td-doubleSlider-2 .td-item1 {\r\n                        background: url(https:\/\/likemetkovic.hr\/portal\/wp-content\/uploads\/2021\/12\/matijas-covic-1-80x60.jpg) 0 0 no-repeat;\r\n                    }\r\n                    #tdi_1  .td-doubleSlider-2 .td-item2 {\r\n                        background: url(https:\/\/likemetkovic.hr\/portal\/wp-content\/uploads\/2021\/12\/matijas-covic-2-80x60.jpg) 0 0 no-repeat;\r\n                    }\r\n                    #tdi_1  .td-doubleSlider-2 .td-item3 {\r\n                        background: url(https:\/\/likemetkovic.hr\/portal\/wp-content\/uploads\/2021\/12\/matijas-covic-3-80x60.jpg) 0 0 no-repeat;\r\n                    }\r\n                    #tdi_1  .td-doubleSlider-2 .td-item4 {\r\n                        background: url(https:\/\/likemetkovic.hr\/portal\/wp-content\/uploads\/2021\/12\/matijas-covic-4-80x60.jpg) 0 0 no-repeat;\r\n                    }\r\n                <\/style>\r\n\r\n                <div id=\"tdi_1\" class=\"td-gallery td-slide-on-2-columns\">\r\n                    <div class=\"post_td_gallery\">\r\n                        <div class=\"td-gallery-slide-top\">\r\n                           <div class=\"td-gallery-title\"><\/div>\r\n\r\n                            <div class=\"td-gallery-controls-wrapper\">\r\n                                <div class=\"td-gallery-slide-count\"><span class=\"td-gallery-slide-item-focus\">1<\/span> of 4<\/div>\r\n                                <div class=\"td-gallery-slide-prev-next-but\">\r\n                                    <i class = \"td-icon-left doubleSliderPrevButton\"><\/i>\r\n                                    <i class = \"td-icon-right doubleSliderNextButton\"><\/i>\r\n                                <\/div>\r\n                            <\/div>\r\n                        <\/div>\r\n\r\n                        <div class = \"td-doubleSlider-1 \">\r\n                            <div class = \"td-slider\">\r\n                                \r\n                    <div class = \"td-slide-item td-item1\">\r\n                        <figure class=\"td-slide-galery-figure td-slide-popup-gallery\">\r\n                            <a class=\"slide-gallery-image-link\" href=\"https:\/\/likemetkovic.hr\/portal\/wp-content\/uploads\/2021\/12\/matijas-covic-1.jpg\" title=\"matijas covic (1)\"  data-caption=\"\"  data-description=\"\">\r\n                                <img decoding=\"async\" src=\"https:\/\/likemetkovic.hr\/portal\/wp-content\/uploads\/2021\/12\/matijas-covic-1-940x420.jpg\" srcset=\"https:\/\/likemetkovic.hr\/portal\/wp-content\/uploads\/2021\/12\/matijas-covic-1-940x420.jpg 940w, https:\/\/likemetkovic.hr\/portal\/wp-content\/uploads\/2021\/12\/matijas-covic-1-800x357.jpg 800w, https:\/\/likemetkovic.hr\/portal\/wp-content\/uploads\/2021\/12\/matijas-covic-1-768x343.jpg 768w, https:\/\/likemetkovic.hr\/portal\/wp-content\/uploads\/2021\/12\/matijas-covic-1-696x311.jpg 696w, https:\/\/likemetkovic.hr\/portal\/wp-content\/uploads\/2021\/12\/matijas-covic-1-1068x477.jpg 1068w, https:\/\/likemetkovic.hr\/portal\/wp-content\/uploads\/2021\/12\/matijas-covic-1.jpg 1200w\" sizes=\"(max-width: 940px) 100vw, 940px\" alt=\"\">\r\n                            <\/a>\r\n                            \r\n                        <\/figure>\r\n                    <\/div>\r\n                    <div class = \"td-slide-item td-item2\">\r\n                        <figure class=\"td-slide-galery-figure td-slide-popup-gallery\">\r\n                            <a class=\"slide-gallery-image-link\" href=\"https:\/\/likemetkovic.hr\/portal\/wp-content\/uploads\/2021\/12\/matijas-covic-2.jpg\" title=\"matijas covic (2)\"  data-caption=\"\"  data-description=\"\">\r\n                                <img decoding=\"async\" src=\"https:\/\/likemetkovic.hr\/portal\/wp-content\/uploads\/2021\/12\/matijas-covic-2-792x420.jpg\" srcset=\"https:\/\/likemetkovic.hr\/portal\/wp-content\/uploads\/2021\/12\/matijas-covic-2-792x420.jpg 792w, https:\/\/likemetkovic.hr\/portal\/wp-content\/uploads\/2021\/12\/matijas-covic-2-800x424.jpg 800w, https:\/\/likemetkovic.hr\/portal\/wp-content\/uploads\/2021\/12\/matijas-covic-2-768x407.jpg 768w, https:\/\/likemetkovic.hr\/portal\/wp-content\/uploads\/2021\/12\/matijas-covic-2-696x369.jpg 696w, https:\/\/likemetkovic.hr\/portal\/wp-content\/uploads\/2021\/12\/matijas-covic-2-1068x566.jpg 1068w, https:\/\/likemetkovic.hr\/portal\/wp-content\/uploads\/2021\/12\/matijas-covic-2.jpg 1200w\" sizes=\"(max-width: 792px) 100vw, 792px\" alt=\"\">\r\n                            <\/a>\r\n                            \r\n                        <\/figure>\r\n                    <\/div>\r\n                    <div class = \"td-slide-item td-item3\">\r\n                        <figure class=\"td-slide-galery-figure td-slide-popup-gallery\">\r\n                            <a class=\"slide-gallery-image-link\" href=\"https:\/\/likemetkovic.hr\/portal\/wp-content\/uploads\/2021\/12\/matijas-covic-3.jpg\" title=\"matijas covic (3)\"  data-caption=\"\"  data-description=\"\">\r\n                                <img decoding=\"async\" src=\"https:\/\/likemetkovic.hr\/portal\/wp-content\/uploads\/2021\/12\/matijas-covic-3-569x420.jpg\" srcset=\"https:\/\/likemetkovic.hr\/portal\/wp-content\/uploads\/2021\/12\/matijas-covic-3-569x420.jpg 569w, https:\/\/likemetkovic.hr\/portal\/wp-content\/uploads\/2021\/12\/matijas-covic-3-800x591.jpg 800w, https:\/\/likemetkovic.hr\/portal\/wp-content\/uploads\/2021\/12\/matijas-covic-3-768x567.jpg 768w, https:\/\/likemetkovic.hr\/portal\/wp-content\/uploads\/2021\/12\/matijas-covic-3-696x514.jpg 696w, https:\/\/likemetkovic.hr\/portal\/wp-content\/uploads\/2021\/12\/matijas-covic-3-1068x789.jpg 1068w, https:\/\/likemetkovic.hr\/portal\/wp-content\/uploads\/2021\/12\/matijas-covic-3-80x60.jpg 80w, https:\/\/likemetkovic.hr\/portal\/wp-content\/uploads\/2021\/12\/matijas-covic-3.jpg 1200w\" sizes=\"(max-width: 569px) 100vw, 569px\" alt=\"\">\r\n                            <\/a>\r\n                            \r\n                        <\/figure>\r\n                    <\/div>\r\n                    <div class = \"td-slide-item td-item4\">\r\n                        <figure class=\"td-slide-galery-figure td-slide-popup-gallery\">\r\n                            <a class=\"slide-gallery-image-link\" href=\"https:\/\/likemetkovic.hr\/portal\/wp-content\/uploads\/2021\/12\/matijas-covic-4.jpg\" title=\"matijas covic (4)\"  data-caption=\"\"  data-description=\"\">\r\n                                <img decoding=\"async\" src=\"https:\/\/likemetkovic.hr\/portal\/wp-content\/uploads\/2021\/12\/matijas-covic-4-577x420.jpg\" srcset=\"https:\/\/likemetkovic.hr\/portal\/wp-content\/uploads\/2021\/12\/matijas-covic-4-577x420.jpg 577w, https:\/\/likemetkovic.hr\/portal\/wp-content\/uploads\/2021\/12\/matijas-covic-4-800x583.jpg 800w, https:\/\/likemetkovic.hr\/portal\/wp-content\/uploads\/2021\/12\/matijas-covic-4-768x559.jpg 768w, https:\/\/likemetkovic.hr\/portal\/wp-content\/uploads\/2021\/12\/matijas-covic-4-696x507.jpg 696w, https:\/\/likemetkovic.hr\/portal\/wp-content\/uploads\/2021\/12\/matijas-covic-4-1068x778.jpg 1068w, https:\/\/likemetkovic.hr\/portal\/wp-content\/uploads\/2021\/12\/matijas-covic-4-324x235.jpg 324w, https:\/\/likemetkovic.hr\/portal\/wp-content\/uploads\/2021\/12\/matijas-covic-4.jpg 1200w\" sizes=\"(max-width: 577px) 100vw, 577px\" alt=\"\">\r\n                            <\/a>\r\n                            \r\n                        <\/figure>\r\n                    <\/div>\r\n                            <\/div>\r\n                        <\/div>\r\n\r\n                        <div class = \"td-doubleSlider-2\">\r\n                            <div class = \"td-slider\">\r\n                                \r\n                    <div class = \"td-button td-item1\">\r\n                        <div class = \"td-border\"><\/div>\r\n                    <\/div>\r\n                    <div class = \"td-button td-item2\">\r\n                        <div class = \"td-border\"><\/div>\r\n                    <\/div>\r\n                    <div class = \"td-button td-item3\">\r\n                        <div class = \"td-border\"><\/div>\r\n                    <\/div>\r\n                    <div class = \"td-button td-item4\">\r\n                        <div class = \"td-border\"><\/div>\r\n                    <\/div>\r\n                            <\/div>\r\n                        <\/div>\r\n\r\n                    <\/div>\r\n\r\n                <\/div>\r\n                \n<p>Nakon uzbune , okupljanja \u2026. satnija se u ve\u010dernjim satima\u00a0 uputila prema Stonu. Na prilazu Stonu \u010duli smo plotune VBR-ova. Neposredno pred odvojkom ceste za Ston\/Pelje\u0161ac na magistrali sudjelovali smo u izvla\u010denju<strong> pok. Vlahe Maslovi\u0107a<\/strong> iz smrskanog auta koji je stradao u sudaru s drugim vozilom jer je neprijatelj imao vizualni nadzor tog dijela ceste i samo se po no\u0107i bez svjetala moglo prometovati. \u00a0Nakon toga ulazimo u Ston izme\u0111u raketnih plotuna srbo-crnogorskih agresora. Smje\u0161tamo se nakratko u selo \u010cesvinicu. Prije svitanja budim gardiste. Idemo do magistrale i kozjom stazom ulazimo u Zaton Gornji. Selo je napu\u0161teno. No to \u0107e biti selo za smje\u0161taj i odmor kao i za smjene na crti koju \u0107emo posjesti i koja \u0107e braniti ulaz na poluotok Pelje\u0161ac.<\/p>\n<p>Linija obrane protezala se na crti brdo Blizna \u2013Crkva sv. Petar (prepoznatljivi objekti). Dio snaga sa minobaca\u010dima 82 mm ostao je u selu Zaton Doli, a dio u selu Zamaslina s druge strane magistrale jer to podru\u010dje nije branjeno s osloncem na brdo Obli\u0107 gdje su ujedno utvr\u0111ivali i drugu crtu obrane. Sve je bilo konfuzno, veza, zapovijedanje, kontakt sa susjedima jer ih nije bilo. Nismo imali niti lijevog niti desnog susjeda. Imali smo vezu unutar satnije s tim da smo baterije punili nekoliko kilometara dalje u Malom Stonu. Imali smo izravnu vezu poljskim telefonom s zapovjedni\u0161tvom u Stonu.<\/p>\n<p>Dana 28. studenoga 1991. g dolazi druga samostalna izvidni\u010dka satnija 4. gbr ZNG-a s tri transportera koje raspore\u0111uju a istovremeno i maskiraju ih u podru\u010dju benzinske pumpe na raskri\u017eju magistrale za Pelje\u0161ac i Ston.<\/p>\n<p>Ljudstvo je smje\u0161teno u Zaton Donji i odmah su po\u010deli s izvi\u0111anjem terena. Kako su to bile posade transportera i manji dio upotrebljivih snaga dana 30.11. oja\u010dani su dodatnim snagama koje su do\u0161le iz Splita. Kako su na\u0161e snage u opisanoj situaciji bile ve\u0107 otpisane tra\u017eio sam od Zapovjedni\u0161tva u Stonu da nas oja\u010daju dodatnim snagama.<\/p>\n<p>Ono \u0161to su oni u\u010dinili je da su mi dodijelili 15 novo prido\u0161lih pripadnika \u201eSpli\u0107ana\u201c kako smo ih mi tada zvali. Danima smo trpjeli topni\u010dke napade, bili izlo\u017eeni vatri iz pje\u0161a\u010dkog naoru\u017eanja a posebice \u0161to nas je poga\u0111alo precizna snajperska vatra. Zapovjedni\u0161tvo u Stonu nije razumjelo stanje na terenu. Tra\u017eili su \u010dak da u\u0111emo dublje i zauzmemo selo Konjuh, \u0161to bi bilo pogubno za nas. \u010cak je i bio jedan poku\u0161aj ali shvatili smo da nema smisla i odustali smo od toga.<\/p>\n<p>Moram navesti i jedan njihov poku\u0161aj da krenemo u napad gdje su oni do\u0161li i pokrenuli napad nakon \u010dega su se vratili u Kapetanovu ku\u0107u a neprijatelj nas je poklopio samo tako. U tom trenutku ja i <strong>pok. Andrija Matija\u0161<\/strong> zapovjednik druge samostalne izvidni\u010dke satnije bili smo u izvi\u0111anju prema Rudinama (koje su pale jo\u0161 23. studenoga). Tada je ranjen Mladen Ke\u017ei\u0107. Ranjen je i Dinko Volarevi\u0107 od snajpera prilikom odlaska na smjenu. U me\u0111uvremenu posjetili su nas i \u201esladoledari\u201c kako smo zvali promatra\u010de EU kao i Mate Viduka zapovjednik \u0161este operativne zone.<\/p>\n<p>Napravili su nam medvje\u0111u uslugu jer su srpsko \u2013crnogorski agresori popravili svoje pozicije a istodobno nas po\u010dastili zavidnom topni\u010dkom kanonadom pri \u010demu je ova cijela svita isparila.<\/p>\n<p>Dana 3. prosinca 1991. bio je dio svakodnevnice, svega pomalo snajperisti, pje\u0161a\u010dka paljba\u2026..<\/p>\n<p>Po\u010deli smo graditi jedno ve\u0107e skloni\u0161te u Zatonu Gornjem kako bi gardisti u slu\u010daju ve\u0107eg topni\u010dkog napada imali sigurno skloni\u0161te. No u popodnevnim satima na\u0161e borbeno osiguranje u prvim ku\u0107ama Zatona Gornjeg koje su malo bile isturene do\u017eivjele su kontakt s neprijateljem gdje je do\u0161lo do sukoba. Tada je ranjen Ante Kuran i Amir Voloder dok je poginuo na\u0161 pripadnik <strong>Renato \u010covi\u0107<\/strong>. Ranjenici su se uspjeli izvu\u0107i i zbrinuti a borbe su tek po\u010dele. Borbe su trajale do 18:30 kada je prestalo djelovanje topni\u0161tva a \u010dula se tek povremena rafalna pucnjava iz pje\u0161a\u010dkog naoru\u017eanja.<\/p>\n<p>Tijekom borbi uz na\u0161e gardiste na\u0161i \u201eSpli\u0107ani\u201c koji su nam bili dodijeljeni iskazali su izuzetnu hrabrost i upornost \u0161to nas je iznenadilo. Nisu odstupali sve dok im nije ponestalo streljiva. Desila se jedna nesretna okolnost da je izme\u0111u njih pala jedna minobaca\u010dka granata 60 mm. Pri tom imali su sedam ranjenih pripadnika: Ivica Baji\u0107, Jure Dadi\u0107, Ivan Radni\u0107, Mate Leskur, Mate Bazina, Eduard Podrug, Domagoj Mandac, dakle njih sedam. Ovo nam\u00a0 je bila nepredvi\u0111ena situacija. Kao prvo morali smo ranjenike evakuirati i uputiti \u0161to prije prema bolni\u010dkim ustanovama. Vidio sam strah u njihovim o\u010dima, \u0161to \u0107e biti s njima. To nam je bio prioritet i to smo u\u010dinili.<\/p>\n<p>Iz zapovjedni\u0161tva u Stonu nismo imali nikakvu potporu, niti u sanitetskim vozilima, niti u topni\u010dkoj potpori koju smo tra\u017eili jer se topni\u0161tvo izvla\u010dilo na sigurnu udaljenost, niti u popuni streljivom koje je bilo pri kraju. Ranjene smo izvukli svojim snagama i prijevoznim sredstvima. No nastaje novi problem. Ranjeni i oni koji ih spa\u0161avaju izba\u010deni su i borbenog stroja, mi smo u poluokru\u017eenju a ne znamo ni koliko se neprijatelj pribli\u017eio na\u0161im obrambenim polo\u017eajima. Ako do\u010dekamo jutro bez streljiva pomalo desetkovani, za o\u010dekivati je da \u0107e oni oja\u010dati svoje snage \u0161to se i dogodilo, procjena je da bi do\u017eivjeli te\u0161ki poraz. Kao prvo odlu\u010dili smo spasiti ranjene.<\/p>\n<p>Postupno smo izvla\u010dili snage najprije one iz sela a potom planski i s polo\u017eaja. Izvla\u010denje je bilo u Zaton Donji s tim da se vodi strogo ra\u010duna o svakom gardistu koji je bio na polo\u017eaju da se evidentira da li smo u kona\u010dnici svi izvu\u010deni. Na kraju se ispostavilo da smo svi na okupu kao i pripadnici 2. samostalne izvidni\u010dke satnije 4. gbr uklju\u010duju\u0107i i na\u0161e ranjene naravno osim na\u0161eg Renata koji je po na\u0161im spoznajama ve\u0107 bio ubijen. Razmi\u0161ljali smo o izvla\u010denju njegovog tijela. U okolnostima koje su bile, svaki poku\u0161aj izvla\u010denja njegovog tijela polu\u010dio bi nove \u017ertve tako da smo odlu\u010dili te\u0161ka srca da izbjegnemo nove \u017ertve da ipak izbjegnemo taj pogibeljni poku\u0161aj pogotovo \u0161to nismo znali da li je njegovo tijelo jo\u0161 uvijek na mjestu pogibije\u2026 Prekinuli smo svaku komunikaciju sa zapovjedni\u0161tvom u Stonu.<\/p>\n<p>A satnija ZNG Metkovi\u0107 je ve\u0107 te no\u0107i odstupila prema zaljevu Bistrina ne znaju\u0107i da li most Bistrina dr\u017ee srbo\u010detni\u010dke snage nastupaju\u0107i vrlo oprezno a pred jutro to je u\u010dinila i druga samostalna izvidni\u010dka satnija 4. gbr sa svojim transporterima.<\/p>\n<p>Ovih osam dana brane\u0107i prodor agresora prema poluotoku Pelje\u0161cu ove dvije postrojbe uva\u017eavaju\u0107i i jo\u0161 dio drugih postrojbi manjeg sastava kao i policijskih snaga Stona omogu\u0107ile su spas poluotoka Pelje\u0161ca, stabilizaciju obrane i dovo\u0111enje svje\u017eih snaga koje su u kona\u010dnici zaustavile prodor neprijatelja na poluotok kada je njihova o\u0161trica ve\u0107 bila o\u0161te\u0107ena. Tako je \u201eratna avantura\u201c ove dvije postrojbe zavr\u0161ena uz jednog poginulog pripadnika i vi\u0161e ranjenih a isto tako ostavila trajne o\u017eiljke kod ve\u0107eg dijela njenih pripadnika. Razumljivo neki nisu uspjeli izdr\u017eati taj psiholo\u0161ki pritisak.<\/p>\n<p>Ovih dana navr\u0161ava se 30 godina od ove bitke koju smo vodili na prilazima Stonu i poluotoku Pelje\u0161cu,\u00a0 Metkovci i pripadnici 4. gardijske brigade ZNG. U kona\u010dnici i ova metkovska satnija je bila dio 4. gbr HV-a i fizi\u010dki je u\u0161la u njen sastav u prvom mjesecu 1993. godine i sudjelovala u operaciji \u201eMaslenica\u201c.<\/p>\n<p>Foto: Hrvoje \u0160akota<\/p>\n","protected":false},"excerpt":{"rendered":"<p>Ve\u0107 izmoreni neprekidnim boravkom na terenu posebice u \u0161irem podru\u010dju sela \u010cepiku\u0107e, gdje smo se 23. studenoga 1991. godine izvukli u zadnjem trenutku i kao posljednje snage obrane tog podru\u010dja, nakon \u0161to smo ostali u polu okru\u017eenju\u00a0 u selu Podimo\u010d i na polo\u017eajima na dominantnom podru\u010dju brda Katina i prijevoja Mihovi kri\u017e kao \u201ezaboravljena postrojba\u201c. [&hellip;]<\/p>\n","protected":false},"author":7,"featured_media":125736,"comment_status":"open","ping_status":"open","sticky":false,"template":"","format":"standard","meta":{"footnotes":""},"categories":[296,11],"tags":[10216,1773,10215],"class_list":{"0":"post-125735","1":"post","2":"type-post","3":"status-publish","4":"format-standard","5":"has-post-thumbnail","7":"category-ab","8":"category-metkovic-dolina","9":"tag-dane-rendulic","10":"tag-domovinski-rat","11":"tag-renato-covic"},"yoast_head":"<!-- This site is optimized with the Yoast SEO plugin v25.2 - https:\/\/yoast.com\/wordpress\/plugins\/seo\/ -->\n<title>Dane Renduli\u0107: Sje\u0107anje na studeni\/prosinac 1991. - 30. obljetnica pogibije Renata \u010covi\u0107a - likemetkovic.hr<\/title>\n<meta name=\"robots\" content=\"index, follow, max-snippet:-1, max-image-preview:large, max-video-preview:-1\" \/>\n<link rel=\"canonical\" href=\"https:\/\/likemetkovic.hr\/dane-rendulic-sjecanje-na-studeni-prosinac-1991-30-obljetnica-pogibije-renata-covica\/\" \/>\n<meta property=\"og:locale\" content=\"hr_HR\" \/>\n<meta property=\"og:type\" content=\"article\" \/>\n<meta property=\"og:title\" content=\"Dane Renduli\u0107: Sje\u0107anje na studeni\/prosinac 1991. - 30. obljetnica pogibije Renata \u010covi\u0107a - likemetkovic.hr\" \/>\n<meta property=\"og:description\" content=\"Ve\u0107 izmoreni neprekidnim boravkom na terenu posebice u \u0161irem podru\u010dju sela \u010cepiku\u0107e, gdje smo se 23. studenoga 1991. godine izvukli u zadnjem trenutku i kao posljednje snage obrane tog podru\u010dja, nakon \u0161to smo ostali u polu okru\u017eenju\u00a0 u selu Podimo\u010d i na polo\u017eajima na dominantnom podru\u010dju brda Katina i prijevoja Mihovi kri\u017e kao \u201ezaboravljena postrojba\u201c. [&hellip;]\" \/>\n<meta property=\"og:url\" content=\"https:\/\/likemetkovic.hr\/dane-rendulic-sjecanje-na-studeni-prosinac-1991-30-obljetnica-pogibije-renata-covica\/\" \/>\n<meta property=\"og:site_name\" content=\"likemetkovic.hr\" \/>\n<meta property=\"article:publisher\" content=\"https:\/\/www.facebook.com\/likemetkovic.hr\/\" \/>\n<meta property=\"article:published_time\" content=\"2021-12-02T19:09:04+00:00\" \/>\n<meta property=\"article:modified_time\" content=\"2021-12-02T19:14:47+00:00\" \/>\n<meta property=\"og:image\" content=\"https:\/\/likemetkovic.hr\/wp-content\/uploads\/2021\/12\/matijas-covic-1.jpg\" \/>\n\t<meta property=\"og:image:width\" content=\"1200\" \/>\n\t<meta property=\"og:image:height\" content=\"536\" \/>\n\t<meta property=\"og:image:type\" content=\"image\/jpeg\" \/>\n<meta name=\"author\" content=\"LIKEmetkovic.hr\" \/>\n<meta name=\"twitter:card\" content=\"summary_large_image\" \/>\n<meta name=\"twitter:label1\" content=\"Napisao\/la\" \/>\n\t<meta name=\"twitter:data1\" content=\"LIKEmetkovic.hr\" \/>\n\t<meta name=\"twitter:label2\" content=\"Procijenjeno vrijeme \u010ditanja\" \/>\n\t<meta name=\"twitter:data2\" content=\"6 minuta\" \/>\n<script type=\"application\/ld+json\" class=\"yoast-schema-graph\">{\"@context\":\"https:\/\/schema.org\",\"@graph\":[{\"@type\":\"WebPage\",\"@id\":\"https:\/\/likemetkovic.hr\/dane-rendulic-sjecanje-na-studeni-prosinac-1991-30-obljetnica-pogibije-renata-covica\/\",\"url\":\"https:\/\/likemetkovic.hr\/dane-rendulic-sjecanje-na-studeni-prosinac-1991-30-obljetnica-pogibije-renata-covica\/\",\"name\":\"Dane Renduli\u0107: Sje\u0107anje na studeni\/prosinac 1991. - 30. obljetnica pogibije Renata \u010covi\u0107a - likemetkovic.hr\",\"isPartOf\":{\"@id\":\"https:\/\/likemetkovic.hr\/#website\"},\"primaryImageOfPage\":{\"@id\":\"https:\/\/likemetkovic.hr\/dane-rendulic-sjecanje-na-studeni-prosinac-1991-30-obljetnica-pogibije-renata-covica\/#primaryimage\"},\"image\":{\"@id\":\"https:\/\/likemetkovic.hr\/dane-rendulic-sjecanje-na-studeni-prosinac-1991-30-obljetnica-pogibije-renata-covica\/#primaryimage\"},\"thumbnailUrl\":\"https:\/\/likemetkovic.hr\/portal\/wp-content\/uploads\/2021\/12\/matijas-covic-1.jpg\",\"datePublished\":\"2021-12-02T19:09:04+00:00\",\"dateModified\":\"2021-12-02T19:14:47+00:00\",\"author\":{\"@id\":\"https:\/\/likemetkovic.hr\/#\/schema\/person\/a42711f3385a0e2be6f7e0443bfb28f0\"},\"breadcrumb\":{\"@id\":\"https:\/\/likemetkovic.hr\/dane-rendulic-sjecanje-na-studeni-prosinac-1991-30-obljetnica-pogibije-renata-covica\/#breadcrumb\"},\"inLanguage\":\"hr\",\"potentialAction\":[{\"@type\":\"ReadAction\",\"target\":[\"https:\/\/likemetkovic.hr\/dane-rendulic-sjecanje-na-studeni-prosinac-1991-30-obljetnica-pogibije-renata-covica\/\"]}]},{\"@type\":\"ImageObject\",\"inLanguage\":\"hr\",\"@id\":\"https:\/\/likemetkovic.hr\/dane-rendulic-sjecanje-na-studeni-prosinac-1991-30-obljetnica-pogibije-renata-covica\/#primaryimage\",\"url\":\"https:\/\/likemetkovic.hr\/portal\/wp-content\/uploads\/2021\/12\/matijas-covic-1.jpg\",\"contentUrl\":\"https:\/\/likemetkovic.hr\/portal\/wp-content\/uploads\/2021\/12\/matijas-covic-1.jpg\",\"width\":1200,\"height\":536},{\"@type\":\"BreadcrumbList\",\"@id\":\"https:\/\/likemetkovic.hr\/dane-rendulic-sjecanje-na-studeni-prosinac-1991-30-obljetnica-pogibije-renata-covica\/#breadcrumb\",\"itemListElement\":[{\"@type\":\"ListItem\",\"position\":1,\"name\":\"Po\u010detna stranica\",\"item\":\"https:\/\/likemetkovic.hr\/portal\/\"},{\"@type\":\"ListItem\",\"position\":2,\"name\":\"Dane Renduli\u0107: Sje\u0107anje na studeni\/prosinac 1991. &#8211; 30. obljetnica pogibije Renata \u010covi\u0107a\"}]},{\"@type\":\"WebSite\",\"@id\":\"https:\/\/likemetkovic.hr\/#website\",\"url\":\"https:\/\/likemetkovic.hr\/\",\"name\":\"likemetkovic.hr\",\"description\":\"Misli pozitivno... \u010ditaj LIKE\",\"potentialAction\":[{\"@type\":\"SearchAction\",\"target\":{\"@type\":\"EntryPoint\",\"urlTemplate\":\"https:\/\/likemetkovic.hr\/?s={search_term_string}\"},\"query-input\":{\"@type\":\"PropertyValueSpecification\",\"valueRequired\":true,\"valueName\":\"search_term_string\"}}],\"inLanguage\":\"hr\"},{\"@type\":\"Person\",\"@id\":\"https:\/\/likemetkovic.hr\/#\/schema\/person\/a42711f3385a0e2be6f7e0443bfb28f0\",\"name\":\"LIKEmetkovic.hr\",\"sameAs\":[\"http:\/\/likemetkovic.hr\"],\"url\":\"https:\/\/likemetkovic.hr\/portal\/author\/likemetkovic-hr\/\"}]}<\/script>\n<!-- \/ Yoast SEO plugin. -->","yoast_head_json":{"title":"Dane Renduli\u0107: Sje\u0107anje na studeni\/prosinac 1991. - 30. obljetnica pogibije Renata \u010covi\u0107a - likemetkovic.hr","robots":{"index":"index","follow":"follow","max-snippet":"max-snippet:-1","max-image-preview":"max-image-preview:large","max-video-preview":"max-video-preview:-1"},"canonical":"https:\/\/likemetkovic.hr\/dane-rendulic-sjecanje-na-studeni-prosinac-1991-30-obljetnica-pogibije-renata-covica\/","og_locale":"hr_HR","og_type":"article","og_title":"Dane Renduli\u0107: Sje\u0107anje na studeni\/prosinac 1991. - 30. obljetnica pogibije Renata \u010covi\u0107a - likemetkovic.hr","og_description":"Ve\u0107 izmoreni neprekidnim boravkom na terenu posebice u \u0161irem podru\u010dju sela \u010cepiku\u0107e, gdje smo se 23. studenoga 1991. godine izvukli u zadnjem trenutku i kao posljednje snage obrane tog podru\u010dja, nakon \u0161to smo ostali u polu okru\u017eenju\u00a0 u selu Podimo\u010d i na polo\u017eajima na dominantnom podru\u010dju brda Katina i prijevoja Mihovi kri\u017e kao \u201ezaboravljena postrojba\u201c. [&hellip;]","og_url":"https:\/\/likemetkovic.hr\/dane-rendulic-sjecanje-na-studeni-prosinac-1991-30-obljetnica-pogibije-renata-covica\/","og_site_name":"likemetkovic.hr","article_publisher":"https:\/\/www.facebook.com\/likemetkovic.hr\/","article_published_time":"2021-12-02T19:09:04+00:00","article_modified_time":"2021-12-02T19:14:47+00:00","og_image":[{"width":1200,"height":536,"url":"https:\/\/likemetkovic.hr\/wp-content\/uploads\/2021\/12\/matijas-covic-1.jpg","type":"image\/jpeg"}],"author":"LIKEmetkovic.hr","twitter_card":"summary_large_image","twitter_misc":{"Napisao\/la":"LIKEmetkovic.hr","Procijenjeno vrijeme \u010ditanja":"6 minuta"},"schema":{"@context":"https:\/\/schema.org","@graph":[{"@type":"WebPage","@id":"https:\/\/likemetkovic.hr\/dane-rendulic-sjecanje-na-studeni-prosinac-1991-30-obljetnica-pogibije-renata-covica\/","url":"https:\/\/likemetkovic.hr\/dane-rendulic-sjecanje-na-studeni-prosinac-1991-30-obljetnica-pogibije-renata-covica\/","name":"Dane Renduli\u0107: Sje\u0107anje na studeni\/prosinac 1991. - 30. obljetnica pogibije Renata \u010covi\u0107a - likemetkovic.hr","isPartOf":{"@id":"https:\/\/likemetkovic.hr\/#website"},"primaryImageOfPage":{"@id":"https:\/\/likemetkovic.hr\/dane-rendulic-sjecanje-na-studeni-prosinac-1991-30-obljetnica-pogibije-renata-covica\/#primaryimage"},"image":{"@id":"https:\/\/likemetkovic.hr\/dane-rendulic-sjecanje-na-studeni-prosinac-1991-30-obljetnica-pogibije-renata-covica\/#primaryimage"},"thumbnailUrl":"https:\/\/likemetkovic.hr\/portal\/wp-content\/uploads\/2021\/12\/matijas-covic-1.jpg","datePublished":"2021-12-02T19:09:04+00:00","dateModified":"2021-12-02T19:14:47+00:00","author":{"@id":"https:\/\/likemetkovic.hr\/#\/schema\/person\/a42711f3385a0e2be6f7e0443bfb28f0"},"breadcrumb":{"@id":"https:\/\/likemetkovic.hr\/dane-rendulic-sjecanje-na-studeni-prosinac-1991-30-obljetnica-pogibije-renata-covica\/#breadcrumb"},"inLanguage":"hr","potentialAction":[{"@type":"ReadAction","target":["https:\/\/likemetkovic.hr\/dane-rendulic-sjecanje-na-studeni-prosinac-1991-30-obljetnica-pogibije-renata-covica\/"]}]},{"@type":"ImageObject","inLanguage":"hr","@id":"https:\/\/likemetkovic.hr\/dane-rendulic-sjecanje-na-studeni-prosinac-1991-30-obljetnica-pogibije-renata-covica\/#primaryimage","url":"https:\/\/likemetkovic.hr\/portal\/wp-content\/uploads\/2021\/12\/matijas-covic-1.jpg","contentUrl":"https:\/\/likemetkovic.hr\/portal\/wp-content\/uploads\/2021\/12\/matijas-covic-1.jpg","width":1200,"height":536},{"@type":"BreadcrumbList","@id":"https:\/\/likemetkovic.hr\/dane-rendulic-sjecanje-na-studeni-prosinac-1991-30-obljetnica-pogibije-renata-covica\/#breadcrumb","itemListElement":[{"@type":"ListItem","position":1,"name":"Po\u010detna stranica","item":"https:\/\/likemetkovic.hr\/portal\/"},{"@type":"ListItem","position":2,"name":"Dane Renduli\u0107: Sje\u0107anje na studeni\/prosinac 1991. &#8211; 30. obljetnica pogibije Renata \u010covi\u0107a"}]},{"@type":"WebSite","@id":"https:\/\/likemetkovic.hr\/#website","url":"https:\/\/likemetkovic.hr\/","name":"likemetkovic.hr","description":"Misli pozitivno... \u010ditaj LIKE","potentialAction":[{"@type":"SearchAction","target":{"@type":"EntryPoint","urlTemplate":"https:\/\/likemetkovic.hr\/?s={search_term_string}"},"query-input":{"@type":"PropertyValueSpecification","valueRequired":true,"valueName":"search_term_string"}}],"inLanguage":"hr"},{"@type":"Person","@id":"https:\/\/likemetkovic.hr\/#\/schema\/person\/a42711f3385a0e2be6f7e0443bfb28f0","name":"LIKEmetkovic.hr","sameAs":["http:\/\/likemetkovic.hr"],"url":"https:\/\/likemetkovic.hr\/portal\/author\/likemetkovic-hr\/"}]}},"_links":{"self":[{"href":"https:\/\/likemetkovic.hr\/portal\/wp-json\/wp\/v2\/posts\/125735","targetHints":{"allow":["GET"]}}],"collection":[{"href":"https:\/\/likemetkovic.hr\/portal\/wp-json\/wp\/v2\/posts"}],"about":[{"href":"https:\/\/likemetkovic.hr\/portal\/wp-json\/wp\/v2\/types\/post"}],"author":[{"embeddable":true,"href":"https:\/\/likemetkovic.hr\/portal\/wp-json\/wp\/v2\/users\/7"}],"replies":[{"embeddable":true,"href":"https:\/\/likemetkovic.hr\/portal\/wp-json\/wp\/v2\/comments?post=125735"}],"version-history":[{"count":0,"href":"https:\/\/likemetkovic.hr\/portal\/wp-json\/wp\/v2\/posts\/125735\/revisions"}],"wp:featuredmedia":[{"embeddable":true,"href":"https:\/\/likemetkovic.hr\/portal\/wp-json\/wp\/v2\/media\/125736"}],"wp:attachment":[{"href":"https:\/\/likemetkovic.hr\/portal\/wp-json\/wp\/v2\/media?parent=125735"}],"wp:term":[{"taxonomy":"category","embeddable":true,"href":"https:\/\/likemetkovic.hr\/portal\/wp-json\/wp\/v2\/categories?post=125735"},{"taxonomy":"post_tag","embeddable":true,"href":"https:\/\/likemetkovic.hr\/portal\/wp-json\/wp\/v2\/tags?post=125735"}],"curies":[{"name":"wp","href":"https:\/\/api.w.org\/{rel}","templated":true}]}}