{"id":125746,"date":"2021-12-03T08:50:51","date_gmt":"2021-12-03T07:50:51","guid":{"rendered":"https:\/\/likemetkovic.hr\/?p=125746"},"modified":"2021-12-03T08:50:51","modified_gmt":"2021-12-03T07:50:51","slug":"ucenici-ogs-metkovic-odrzali-koncert-povodom-blagdana-sv-nikole","status":"publish","type":"post","link":"https:\/\/likemetkovic.hr\/portal\/ucenici-ogs-metkovic-odrzali-koncert-povodom-blagdana-sv-nikole\/","title":{"rendered":"U\u010denici OG\u0160 Metkovi\u0107 odr\u017eali koncert povodom Blagdana sv. Nikole"},"content":{"rendered":"<p>Osnovna glazbena \u0161kola Metkovi\u0107 je odr\u017eala koncert povodom Blagdana sv. Nikole, i to jo\u0161 1. prosinca 2021. u Galeriji Gradskog kulturnog sredi\u0161ta.<\/p>\n<p>Prvi je to javni koncert u\u010denika na\u0161e glazbene \u0161kole od po\u010detka epidemije. S rado\u0161\u0107u su ga do\u010dekali i u\u010denici i nastavnici, ali i njihova vjera publika, roditelji.<\/p>\n<p>Neke od to\u010daka mo\u017eete poslu\u0161ati na linkovima ispod teksta:<\/p>\n<p><a href=\"https:\/\/youtu.be\/eroZd9ZmCPQ\" data-type=\"URL\" data-id=\"https:\/\/youtu.be\/eroZd9ZmCPQ\">MATEA GUTI\u0106, 2.r.violine, M.\u0160lik: Kolo<\/a><\/p>\n<p><a href=\"https:\/\/youtu.be\/YoxcOoy5-Jk\" data-type=\"URL\" data-id=\"https:\/\/youtu.be\/YoxcOoy5-Jk\">VALENTINA SU\u0160AK I LUKA OR\u0160ULI\u0106,duo gitara, F: Carulli: Etida op.114, br.1<\/a><\/p>\n<p><a href=\"https:\/\/youtu.be\/O43_wG5VbZc\" data-type=\"URL\" data-id=\"https:\/\/youtu.be\/O43_wG5VbZc\">EMA BULUM 3.r flaute, J. Jankovi\u0107: San<\/a><\/p>\n<p><a href=\"https:\/\/youtu.be\/WVM2_pBypG4\" data-type=\"URL\" data-id=\"https:\/\/youtu.be\/WVM2_pBypG4\">ANA BUKOVAC 4.r. glasovira, R. Schumann : Djed mraz<\/a><\/p>\n<p><a href=\"https:\/\/youtu.be\/-IGTf7X4_-c\" data-type=\"URL\" data-id=\"https:\/\/youtu.be\/-IGTf7X4_-c\">TEREZA JADRE\u0160KO 3.r.klarineta, J: Devogel: Clarinis<\/a><\/p>\n<p><a href=\"https:\/\/youtu.be\/h_DiBGv7LxA\" data-type=\"URL\" data-id=\"https:\/\/youtu.be\/h_DiBGv7LxA\">BRUNA GUJINOVI\u0106, 2.r.violine, N. Baklanova: Mazurka<\/a><\/p>\n<p><img decoding=\"async\" src=\"https:\/\/www.ogs-metkovic.hr\/wp-content\/gallery\/koncert-povodom-sv-nikole-2021\/SV.NIKOLA-2.jpeg\" \/><\/p>\n","protected":false},"excerpt":{"rendered":"<p>Osnovna glazbena \u0161kola Metkovi\u0107 je odr\u017eala koncert povodom Blagdana sv. Nikole, i to jo\u0161 1. prosinca 2021. u Galeriji Gradskog kulturnog sredi\u0161ta. Prvi je to javni koncert u\u010denika na\u0161e glazbene \u0161kole od po\u010detka epidemije. S rado\u0161\u0107u su ga do\u010dekali i u\u010denici i nastavnici, ali i njihova vjera publika, roditelji. Neke od to\u010daka mo\u017eete poslu\u0161ati na [&hellip;]<\/p>\n","protected":false},"author":7,"featured_media":125747,"comment_status":"open","ping_status":"open","sticky":false,"template":"","format":"video","meta":{"footnotes":""},"categories":[296,166],"tags":[4612],"class_list":{"0":"post-125746","1":"post","2":"type-post","3":"status-publish","4":"format-video","5":"has-post-thumbnail","7":"category-ab","8":"category-skolstvo","9":"tag-ogs-metkovic","10":"post_format-post-format-video"},"yoast_head":"<!-- This site is optimized with the Yoast SEO plugin v25.2 - https:\/\/yoast.com\/wordpress\/plugins\/seo\/ -->\n<title>U\u010denici OG\u0160 Metkovi\u0107 odr\u017eali koncert povodom Blagdana sv. Nikole - likemetkovic.hr<\/title>\n<meta name=\"robots\" content=\"index, follow, max-snippet:-1, max-image-preview:large, max-video-preview:-1\" \/>\n<link rel=\"canonical\" href=\"https:\/\/likemetkovic.hr\/ucenici-ogs-metkovic-odrzali-koncert-povodom-blagdana-sv-nikole\/\" \/>\n<meta property=\"og:locale\" content=\"hr_HR\" \/>\n<meta property=\"og:type\" content=\"article\" \/>\n<meta property=\"og:title\" content=\"U\u010denici OG\u0160 Metkovi\u0107 odr\u017eali koncert povodom Blagdana sv. Nikole - likemetkovic.hr\" \/>\n<meta property=\"og:description\" content=\"Osnovna glazbena \u0161kola Metkovi\u0107 je odr\u017eala koncert povodom Blagdana sv. Nikole, i to jo\u0161 1. prosinca 2021. u Galeriji Gradskog kulturnog sredi\u0161ta. Prvi je to javni koncert u\u010denika na\u0161e glazbene \u0161kole od po\u010detka epidemije. S rado\u0161\u0107u su ga do\u010dekali i u\u010denici i nastavnici, ali i njihova vjera publika, roditelji. Neke od to\u010daka mo\u017eete poslu\u0161ati na [&hellip;]\" \/>\n<meta property=\"og:url\" content=\"https:\/\/likemetkovic.hr\/ucenici-ogs-metkovic-odrzali-koncert-povodom-blagdana-sv-nikole\/\" \/>\n<meta property=\"og:site_name\" content=\"likemetkovic.hr\" \/>\n<meta property=\"article:publisher\" content=\"https:\/\/www.facebook.com\/likemetkovic.hr\/\" \/>\n<meta property=\"article:published_time\" content=\"2021-12-03T07:50:51+00:00\" \/>\n<meta property=\"og:image\" content=\"https:\/\/likemetkovic.hr\/wp-content\/uploads\/2021\/12\/ogs-metkovic.jpg\" \/>\n\t<meta property=\"og:image:width\" content=\"868\" \/>\n\t<meta property=\"og:image:height\" content=\"572\" \/>\n\t<meta property=\"og:image:type\" content=\"image\/jpeg\" \/>\n<meta name=\"author\" content=\"LIKEmetkovic.hr\" \/>\n<meta name=\"twitter:card\" content=\"summary_large_image\" \/>\n<meta name=\"twitter:label1\" content=\"Napisao\/la\" \/>\n\t<meta name=\"twitter:data1\" content=\"LIKEmetkovic.hr\" \/>\n\t<meta name=\"twitter:label2\" content=\"Procijenjeno vrijeme \u010ditanja\" \/>\n\t<meta name=\"twitter:data2\" content=\"1 minuta\" \/>\n<script type=\"application\/ld+json\" class=\"yoast-schema-graph\">{\"@context\":\"https:\/\/schema.org\",\"@graph\":[{\"@type\":\"WebPage\",\"@id\":\"https:\/\/likemetkovic.hr\/ucenici-ogs-metkovic-odrzali-koncert-povodom-blagdana-sv-nikole\/\",\"url\":\"https:\/\/likemetkovic.hr\/ucenici-ogs-metkovic-odrzali-koncert-povodom-blagdana-sv-nikole\/\",\"name\":\"U\u010denici OG\u0160 Metkovi\u0107 odr\u017eali koncert povodom Blagdana sv. Nikole - likemetkovic.hr\",\"isPartOf\":{\"@id\":\"https:\/\/likemetkovic.hr\/#website\"},\"primaryImageOfPage\":{\"@id\":\"https:\/\/likemetkovic.hr\/ucenici-ogs-metkovic-odrzali-koncert-povodom-blagdana-sv-nikole\/#primaryimage\"},\"image\":{\"@id\":\"https:\/\/likemetkovic.hr\/ucenici-ogs-metkovic-odrzali-koncert-povodom-blagdana-sv-nikole\/#primaryimage\"},\"thumbnailUrl\":\"https:\/\/likemetkovic.hr\/portal\/wp-content\/uploads\/2021\/12\/ogs-metkovic.jpg\",\"datePublished\":\"2021-12-03T07:50:51+00:00\",\"author\":{\"@id\":\"https:\/\/likemetkovic.hr\/#\/schema\/person\/a42711f3385a0e2be6f7e0443bfb28f0\"},\"breadcrumb\":{\"@id\":\"https:\/\/likemetkovic.hr\/ucenici-ogs-metkovic-odrzali-koncert-povodom-blagdana-sv-nikole\/#breadcrumb\"},\"inLanguage\":\"hr\",\"potentialAction\":[{\"@type\":\"ReadAction\",\"target\":[\"https:\/\/likemetkovic.hr\/ucenici-ogs-metkovic-odrzali-koncert-povodom-blagdana-sv-nikole\/\"]}]},{\"@type\":\"ImageObject\",\"inLanguage\":\"hr\",\"@id\":\"https:\/\/likemetkovic.hr\/ucenici-ogs-metkovic-odrzali-koncert-povodom-blagdana-sv-nikole\/#primaryimage\",\"url\":\"https:\/\/likemetkovic.hr\/portal\/wp-content\/uploads\/2021\/12\/ogs-metkovic.jpg\",\"contentUrl\":\"https:\/\/likemetkovic.hr\/portal\/wp-content\/uploads\/2021\/12\/ogs-metkovic.jpg\",\"width\":868,\"height\":572},{\"@type\":\"BreadcrumbList\",\"@id\":\"https:\/\/likemetkovic.hr\/ucenici-ogs-metkovic-odrzali-koncert-povodom-blagdana-sv-nikole\/#breadcrumb\",\"itemListElement\":[{\"@type\":\"ListItem\",\"position\":1,\"name\":\"Po\u010detna stranica\",\"item\":\"https:\/\/likemetkovic.hr\/portal\/\"},{\"@type\":\"ListItem\",\"position\":2,\"name\":\"U\u010denici OG\u0160 Metkovi\u0107 odr\u017eali koncert povodom Blagdana sv. Nikole\"}]},{\"@type\":\"WebSite\",\"@id\":\"https:\/\/likemetkovic.hr\/#website\",\"url\":\"https:\/\/likemetkovic.hr\/\",\"name\":\"likemetkovic.hr\",\"description\":\"Misli pozitivno... \u010ditaj LIKE\",\"potentialAction\":[{\"@type\":\"SearchAction\",\"target\":{\"@type\":\"EntryPoint\",\"urlTemplate\":\"https:\/\/likemetkovic.hr\/?s={search_term_string}\"},\"query-input\":{\"@type\":\"PropertyValueSpecification\",\"valueRequired\":true,\"valueName\":\"search_term_string\"}}],\"inLanguage\":\"hr\"},{\"@type\":\"Person\",\"@id\":\"https:\/\/likemetkovic.hr\/#\/schema\/person\/a42711f3385a0e2be6f7e0443bfb28f0\",\"name\":\"LIKEmetkovic.hr\",\"sameAs\":[\"http:\/\/likemetkovic.hr\"],\"url\":\"https:\/\/likemetkovic.hr\/portal\/author\/likemetkovic-hr\/\"}]}<\/script>\n<!-- \/ Yoast SEO plugin. -->","yoast_head_json":{"title":"U\u010denici OG\u0160 Metkovi\u0107 odr\u017eali koncert povodom Blagdana sv. Nikole - likemetkovic.hr","robots":{"index":"index","follow":"follow","max-snippet":"max-snippet:-1","max-image-preview":"max-image-preview:large","max-video-preview":"max-video-preview:-1"},"canonical":"https:\/\/likemetkovic.hr\/ucenici-ogs-metkovic-odrzali-koncert-povodom-blagdana-sv-nikole\/","og_locale":"hr_HR","og_type":"article","og_title":"U\u010denici OG\u0160 Metkovi\u0107 odr\u017eali koncert povodom Blagdana sv. Nikole - likemetkovic.hr","og_description":"Osnovna glazbena \u0161kola Metkovi\u0107 je odr\u017eala koncert povodom Blagdana sv. Nikole, i to jo\u0161 1. prosinca 2021. u Galeriji Gradskog kulturnog sredi\u0161ta. Prvi je to javni koncert u\u010denika na\u0161e glazbene \u0161kole od po\u010detka epidemije. S rado\u0161\u0107u su ga do\u010dekali i u\u010denici i nastavnici, ali i njihova vjera publika, roditelji. Neke od to\u010daka mo\u017eete poslu\u0161ati na [&hellip;]","og_url":"https:\/\/likemetkovic.hr\/ucenici-ogs-metkovic-odrzali-koncert-povodom-blagdana-sv-nikole\/","og_site_name":"likemetkovic.hr","article_publisher":"https:\/\/www.facebook.com\/likemetkovic.hr\/","article_published_time":"2021-12-03T07:50:51+00:00","og_image":[{"width":868,"height":572,"url":"https:\/\/likemetkovic.hr\/wp-content\/uploads\/2021\/12\/ogs-metkovic.jpg","type":"image\/jpeg"}],"author":"LIKEmetkovic.hr","twitter_card":"summary_large_image","twitter_misc":{"Napisao\/la":"LIKEmetkovic.hr","Procijenjeno vrijeme \u010ditanja":"1 minuta"},"schema":{"@context":"https:\/\/schema.org","@graph":[{"@type":"WebPage","@id":"https:\/\/likemetkovic.hr\/ucenici-ogs-metkovic-odrzali-koncert-povodom-blagdana-sv-nikole\/","url":"https:\/\/likemetkovic.hr\/ucenici-ogs-metkovic-odrzali-koncert-povodom-blagdana-sv-nikole\/","name":"U\u010denici OG\u0160 Metkovi\u0107 odr\u017eali koncert povodom Blagdana sv. Nikole - likemetkovic.hr","isPartOf":{"@id":"https:\/\/likemetkovic.hr\/#website"},"primaryImageOfPage":{"@id":"https:\/\/likemetkovic.hr\/ucenici-ogs-metkovic-odrzali-koncert-povodom-blagdana-sv-nikole\/#primaryimage"},"image":{"@id":"https:\/\/likemetkovic.hr\/ucenici-ogs-metkovic-odrzali-koncert-povodom-blagdana-sv-nikole\/#primaryimage"},"thumbnailUrl":"https:\/\/likemetkovic.hr\/portal\/wp-content\/uploads\/2021\/12\/ogs-metkovic.jpg","datePublished":"2021-12-03T07:50:51+00:00","author":{"@id":"https:\/\/likemetkovic.hr\/#\/schema\/person\/a42711f3385a0e2be6f7e0443bfb28f0"},"breadcrumb":{"@id":"https:\/\/likemetkovic.hr\/ucenici-ogs-metkovic-odrzali-koncert-povodom-blagdana-sv-nikole\/#breadcrumb"},"inLanguage":"hr","potentialAction":[{"@type":"ReadAction","target":["https:\/\/likemetkovic.hr\/ucenici-ogs-metkovic-odrzali-koncert-povodom-blagdana-sv-nikole\/"]}]},{"@type":"ImageObject","inLanguage":"hr","@id":"https:\/\/likemetkovic.hr\/ucenici-ogs-metkovic-odrzali-koncert-povodom-blagdana-sv-nikole\/#primaryimage","url":"https:\/\/likemetkovic.hr\/portal\/wp-content\/uploads\/2021\/12\/ogs-metkovic.jpg","contentUrl":"https:\/\/likemetkovic.hr\/portal\/wp-content\/uploads\/2021\/12\/ogs-metkovic.jpg","width":868,"height":572},{"@type":"BreadcrumbList","@id":"https:\/\/likemetkovic.hr\/ucenici-ogs-metkovic-odrzali-koncert-povodom-blagdana-sv-nikole\/#breadcrumb","itemListElement":[{"@type":"ListItem","position":1,"name":"Po\u010detna stranica","item":"https:\/\/likemetkovic.hr\/portal\/"},{"@type":"ListItem","position":2,"name":"U\u010denici OG\u0160 Metkovi\u0107 odr\u017eali koncert povodom Blagdana sv. Nikole"}]},{"@type":"WebSite","@id":"https:\/\/likemetkovic.hr\/#website","url":"https:\/\/likemetkovic.hr\/","name":"likemetkovic.hr","description":"Misli pozitivno... \u010ditaj LIKE","potentialAction":[{"@type":"SearchAction","target":{"@type":"EntryPoint","urlTemplate":"https:\/\/likemetkovic.hr\/?s={search_term_string}"},"query-input":{"@type":"PropertyValueSpecification","valueRequired":true,"valueName":"search_term_string"}}],"inLanguage":"hr"},{"@type":"Person","@id":"https:\/\/likemetkovic.hr\/#\/schema\/person\/a42711f3385a0e2be6f7e0443bfb28f0","name":"LIKEmetkovic.hr","sameAs":["http:\/\/likemetkovic.hr"],"url":"https:\/\/likemetkovic.hr\/portal\/author\/likemetkovic-hr\/"}]}},"_links":{"self":[{"href":"https:\/\/likemetkovic.hr\/portal\/wp-json\/wp\/v2\/posts\/125746","targetHints":{"allow":["GET"]}}],"collection":[{"href":"https:\/\/likemetkovic.hr\/portal\/wp-json\/wp\/v2\/posts"}],"about":[{"href":"https:\/\/likemetkovic.hr\/portal\/wp-json\/wp\/v2\/types\/post"}],"author":[{"embeddable":true,"href":"https:\/\/likemetkovic.hr\/portal\/wp-json\/wp\/v2\/users\/7"}],"replies":[{"embeddable":true,"href":"https:\/\/likemetkovic.hr\/portal\/wp-json\/wp\/v2\/comments?post=125746"}],"version-history":[{"count":0,"href":"https:\/\/likemetkovic.hr\/portal\/wp-json\/wp\/v2\/posts\/125746\/revisions"}],"wp:featuredmedia":[{"embeddable":true,"href":"https:\/\/likemetkovic.hr\/portal\/wp-json\/wp\/v2\/media\/125747"}],"wp:attachment":[{"href":"https:\/\/likemetkovic.hr\/portal\/wp-json\/wp\/v2\/media?parent=125746"}],"wp:term":[{"taxonomy":"category","embeddable":true,"href":"https:\/\/likemetkovic.hr\/portal\/wp-json\/wp\/v2\/categories?post=125746"},{"taxonomy":"post_tag","embeddable":true,"href":"https:\/\/likemetkovic.hr\/portal\/wp-json\/wp\/v2\/tags?post=125746"}],"curies":[{"name":"wp","href":"https:\/\/api.w.org\/{rel}","templated":true}]}}