{"id":125761,"date":"2021-12-03T14:23:35","date_gmt":"2021-12-03T13:23:35","guid":{"rendered":"https:\/\/likemetkovic.hr\/?p=125761"},"modified":"2021-12-03T14:26:20","modified_gmt":"2021-12-03T13:26:20","slug":"vandalizam-netko-unistava-bozicne-ukrase-u-gradskom-parku","status":"publish","type":"post","link":"https:\/\/likemetkovic.hr\/portal\/vandalizam-netko-unistava-bozicne-ukrase-u-gradskom-parku\/","title":{"rendered":"VANDALIZAM | Netko uni\u0161tava bo\u017ei\u0107ne ukrase u Gradskom parku!"},"content":{"rendered":"<p data-uw-styling-context=\"true\">Sigurno se brojni gra\u0111ani pitaju zbog \u010dega posljednjih dana dio bo\u017ei\u0107nih lampica i ukrasa u Gradskome parku ne svijetli? Razlog tome, kao i mnogo puta dosada, nalazi se u neodgovornim pojedincima koji su, samo nekoliko dana od postavljanja ukrasa, po\u010deli i s uni\u0161tavanjem istih, priop\u0107ili su iz Grada, a prenosi <a href=\"https:\/\/www.metkovic.hr\/2021\/12\/03\/zbog-cega-ne-svijetle-bozicni-ukrasi-u-gradskome-parku\/\" target=\"_blank\" rel=\"noopener\">metkovic.hr<\/a>.<\/p>\n<p data-uw-styling-context=\"true\">U Gradskome parku nepoznati po\u010dinitelji tako su potrgali dio kablova, pa trenutno ne radi odre\u0111eni broj bo\u017ei\u0107nih lampica, svjetle\u0107i vlaki\u0107 i svjetle\u0107i tron (stolica). Na\u017ealost, zbog nepovoljnih vremenskih uvjeta, sanacija \u0161tete trenutno nije mogu\u0107a, ali svi ukrasi bit \u0107e popravljeni \u010dim to dopuste vremenske prilike.<\/p>\n<p data-uw-styling-context=\"true\"><img decoding=\"async\" class=\"alignnone size-full wp-image-125762\" src=\"https:\/\/likemetkovic.hr\/wp-content\/uploads\/2021\/12\/bozicni-ukrasi-unistavanje.jpg\" alt=\"\" width=\"800\" height=\"533\" srcset=\"https:\/\/likemetkovic.hr\/portal\/wp-content\/uploads\/2021\/12\/bozicni-ukrasi-unistavanje.jpg 800w, https:\/\/likemetkovic.hr\/portal\/wp-content\/uploads\/2021\/12\/bozicni-ukrasi-unistavanje-768x512.jpg 768w, https:\/\/likemetkovic.hr\/portal\/wp-content\/uploads\/2021\/12\/bozicni-ukrasi-unistavanje-696x464.jpg 696w, https:\/\/likemetkovic.hr\/portal\/wp-content\/uploads\/2021\/12\/bozicni-ukrasi-unistavanje-630x420.jpg 630w\" sizes=\"(max-width: 800px) 100vw, 800px\" \/>Iz Grada Metkovi\u0107a \u017eele naglasiti kako generaliziranje u bilo kojem \u010dinu vandalizma nije mogu\u0107e. Ve\u0107ina gra\u0111ana Grada Metkovi\u0107a brine o gradskoj i javnoj imovini te upozorava na devastaciju iste i pona\u0161anja neodgovornih pojedinaca koja se ne smiju i ne\u0107e tolerirati!<\/p>\n<p data-uw-styling-context=\"true\">Ipak, \u017eelja je Grada Metkovi\u0107a, a vjerujemo i velike ve\u0107ine gra\u0111ana, da se vandalizam uop\u0107e ne doga\u0111a! Kako na gradskoj, tako ni na bilo \u010dijoj imovini. Stoga, iz Grada apeliraju na sve da zajedni\u010dkim snagama skrbimo o svemu onome \u0161to imamo i \u0161to smo du\u017eni ostaviti mla\u0111ima.<\/p>\n<p data-uw-styling-context=\"true\">Iako je Bo\u017ei\u0107 mnogo vi\u0161e od bo\u017ei\u0107nih ukrasa i svje\u0107ica, svjesni smo kako isti predstavljaju simboliku ovoga razdoblja koje za ve\u0107inu nas zna\u010di zajedni\u0161tvo, me\u0111usobno uva\u017eavanje, mir i veselje. Zbog toga se potrudimo da Bo\u017ei\u0107 tako i do\u010dekamo. Na kraju, novce koje tro\u0161imo na popravke bolje je iskoristiti za neke nove lijepe projekte\u201c, poru\u010dili su iz Grada Metkovi\u0107a.<\/p>\n","protected":false},"excerpt":{"rendered":"<p>Sigurno se brojni gra\u0111ani pitaju zbog \u010dega posljednjih dana dio bo\u017ei\u0107nih lampica i ukrasa u Gradskome parku ne svijetli? Razlog tome, kao i mnogo puta dosada, nalazi se u neodgovornim pojedincima koji su, samo nekoliko dana od postavljanja ukrasa, po\u010deli i s uni\u0161tavanjem istih, priop\u0107ili su iz Grada, a prenosi metkovic.hr. U Gradskome parku nepoznati [&hellip;]<\/p>\n","protected":false},"author":7,"featured_media":125762,"comment_status":"open","ping_status":"open","sticky":false,"template":"","format":"standard","meta":{"footnotes":""},"categories":[296,11],"tags":[4232,3653],"class_list":{"0":"post-125761","1":"post","2":"type-post","3":"status-publish","4":"format-standard","5":"has-post-thumbnail","7":"category-ab","8":"category-metkovic-dolina","9":"tag-bozicni-ukrasi","10":"tag-vandalizam"},"yoast_head":"<!-- This site is optimized with the Yoast SEO plugin v25.2 - https:\/\/yoast.com\/wordpress\/plugins\/seo\/ -->\n<title>VANDALIZAM | Netko uni\u0161tava bo\u017ei\u0107ne ukrase u Gradskom parku! - likemetkovic.hr<\/title>\n<meta name=\"robots\" content=\"index, follow, max-snippet:-1, max-image-preview:large, max-video-preview:-1\" \/>\n<link rel=\"canonical\" href=\"https:\/\/likemetkovic.hr\/vandalizam-netko-unistava-bozicne-ukrase-u-gradskom-parku\/\" \/>\n<meta property=\"og:locale\" content=\"hr_HR\" \/>\n<meta property=\"og:type\" content=\"article\" \/>\n<meta property=\"og:title\" content=\"VANDALIZAM | Netko uni\u0161tava bo\u017ei\u0107ne ukrase u Gradskom parku! - likemetkovic.hr\" \/>\n<meta property=\"og:description\" content=\"Sigurno se brojni gra\u0111ani pitaju zbog \u010dega posljednjih dana dio bo\u017ei\u0107nih lampica i ukrasa u Gradskome parku ne svijetli? Razlog tome, kao i mnogo puta dosada, nalazi se u neodgovornim pojedincima koji su, samo nekoliko dana od postavljanja ukrasa, po\u010deli i s uni\u0161tavanjem istih, priop\u0107ili su iz Grada, a prenosi metkovic.hr. U Gradskome parku nepoznati [&hellip;]\" \/>\n<meta property=\"og:url\" content=\"https:\/\/likemetkovic.hr\/vandalizam-netko-unistava-bozicne-ukrase-u-gradskom-parku\/\" \/>\n<meta property=\"og:site_name\" content=\"likemetkovic.hr\" \/>\n<meta property=\"article:publisher\" content=\"https:\/\/www.facebook.com\/likemetkovic.hr\/\" \/>\n<meta property=\"article:published_time\" content=\"2021-12-03T13:23:35+00:00\" \/>\n<meta property=\"article:modified_time\" content=\"2021-12-03T13:26:20+00:00\" \/>\n<meta property=\"og:image\" content=\"https:\/\/likemetkovic.hr\/wp-content\/uploads\/2021\/12\/bozicni-ukrasi-unistavanje.jpg\" \/>\n\t<meta property=\"og:image:width\" content=\"800\" \/>\n\t<meta property=\"og:image:height\" content=\"533\" \/>\n\t<meta property=\"og:image:type\" content=\"image\/jpeg\" \/>\n<meta name=\"author\" content=\"LIKEmetkovic.hr\" \/>\n<meta name=\"twitter:card\" content=\"summary_large_image\" \/>\n<meta name=\"twitter:label1\" content=\"Napisao\/la\" \/>\n\t<meta name=\"twitter:data1\" content=\"LIKEmetkovic.hr\" \/>\n\t<meta name=\"twitter:label2\" content=\"Procijenjeno vrijeme \u010ditanja\" \/>\n\t<meta name=\"twitter:data2\" content=\"2 minute\" \/>\n<script type=\"application\/ld+json\" class=\"yoast-schema-graph\">{\"@context\":\"https:\/\/schema.org\",\"@graph\":[{\"@type\":\"WebPage\",\"@id\":\"https:\/\/likemetkovic.hr\/vandalizam-netko-unistava-bozicne-ukrase-u-gradskom-parku\/\",\"url\":\"https:\/\/likemetkovic.hr\/vandalizam-netko-unistava-bozicne-ukrase-u-gradskom-parku\/\",\"name\":\"VANDALIZAM | Netko uni\u0161tava bo\u017ei\u0107ne ukrase u Gradskom parku! - likemetkovic.hr\",\"isPartOf\":{\"@id\":\"https:\/\/likemetkovic.hr\/#website\"},\"primaryImageOfPage\":{\"@id\":\"https:\/\/likemetkovic.hr\/vandalizam-netko-unistava-bozicne-ukrase-u-gradskom-parku\/#primaryimage\"},\"image\":{\"@id\":\"https:\/\/likemetkovic.hr\/vandalizam-netko-unistava-bozicne-ukrase-u-gradskom-parku\/#primaryimage\"},\"thumbnailUrl\":\"https:\/\/likemetkovic.hr\/portal\/wp-content\/uploads\/2021\/12\/bozicni-ukrasi-unistavanje.jpg\",\"datePublished\":\"2021-12-03T13:23:35+00:00\",\"dateModified\":\"2021-12-03T13:26:20+00:00\",\"author\":{\"@id\":\"https:\/\/likemetkovic.hr\/#\/schema\/person\/a42711f3385a0e2be6f7e0443bfb28f0\"},\"breadcrumb\":{\"@id\":\"https:\/\/likemetkovic.hr\/vandalizam-netko-unistava-bozicne-ukrase-u-gradskom-parku\/#breadcrumb\"},\"inLanguage\":\"hr\",\"potentialAction\":[{\"@type\":\"ReadAction\",\"target\":[\"https:\/\/likemetkovic.hr\/vandalizam-netko-unistava-bozicne-ukrase-u-gradskom-parku\/\"]}]},{\"@type\":\"ImageObject\",\"inLanguage\":\"hr\",\"@id\":\"https:\/\/likemetkovic.hr\/vandalizam-netko-unistava-bozicne-ukrase-u-gradskom-parku\/#primaryimage\",\"url\":\"https:\/\/likemetkovic.hr\/portal\/wp-content\/uploads\/2021\/12\/bozicni-ukrasi-unistavanje.jpg\",\"contentUrl\":\"https:\/\/likemetkovic.hr\/portal\/wp-content\/uploads\/2021\/12\/bozicni-ukrasi-unistavanje.jpg\",\"width\":800,\"height\":533},{\"@type\":\"BreadcrumbList\",\"@id\":\"https:\/\/likemetkovic.hr\/vandalizam-netko-unistava-bozicne-ukrase-u-gradskom-parku\/#breadcrumb\",\"itemListElement\":[{\"@type\":\"ListItem\",\"position\":1,\"name\":\"Po\u010detna stranica\",\"item\":\"https:\/\/likemetkovic.hr\/portal\/\"},{\"@type\":\"ListItem\",\"position\":2,\"name\":\"VANDALIZAM | Netko uni\u0161tava bo\u017ei\u0107ne ukrase u Gradskom parku!\"}]},{\"@type\":\"WebSite\",\"@id\":\"https:\/\/likemetkovic.hr\/#website\",\"url\":\"https:\/\/likemetkovic.hr\/\",\"name\":\"likemetkovic.hr\",\"description\":\"Misli pozitivno... \u010ditaj LIKE\",\"potentialAction\":[{\"@type\":\"SearchAction\",\"target\":{\"@type\":\"EntryPoint\",\"urlTemplate\":\"https:\/\/likemetkovic.hr\/?s={search_term_string}\"},\"query-input\":{\"@type\":\"PropertyValueSpecification\",\"valueRequired\":true,\"valueName\":\"search_term_string\"}}],\"inLanguage\":\"hr\"},{\"@type\":\"Person\",\"@id\":\"https:\/\/likemetkovic.hr\/#\/schema\/person\/a42711f3385a0e2be6f7e0443bfb28f0\",\"name\":\"LIKEmetkovic.hr\",\"sameAs\":[\"http:\/\/likemetkovic.hr\"],\"url\":\"https:\/\/likemetkovic.hr\/portal\/author\/likemetkovic-hr\/\"}]}<\/script>\n<!-- \/ Yoast SEO plugin. -->","yoast_head_json":{"title":"VANDALIZAM | Netko uni\u0161tava bo\u017ei\u0107ne ukrase u Gradskom parku! - likemetkovic.hr","robots":{"index":"index","follow":"follow","max-snippet":"max-snippet:-1","max-image-preview":"max-image-preview:large","max-video-preview":"max-video-preview:-1"},"canonical":"https:\/\/likemetkovic.hr\/vandalizam-netko-unistava-bozicne-ukrase-u-gradskom-parku\/","og_locale":"hr_HR","og_type":"article","og_title":"VANDALIZAM | Netko uni\u0161tava bo\u017ei\u0107ne ukrase u Gradskom parku! - likemetkovic.hr","og_description":"Sigurno se brojni gra\u0111ani pitaju zbog \u010dega posljednjih dana dio bo\u017ei\u0107nih lampica i ukrasa u Gradskome parku ne svijetli? Razlog tome, kao i mnogo puta dosada, nalazi se u neodgovornim pojedincima koji su, samo nekoliko dana od postavljanja ukrasa, po\u010deli i s uni\u0161tavanjem istih, priop\u0107ili su iz Grada, a prenosi metkovic.hr. U Gradskome parku nepoznati [&hellip;]","og_url":"https:\/\/likemetkovic.hr\/vandalizam-netko-unistava-bozicne-ukrase-u-gradskom-parku\/","og_site_name":"likemetkovic.hr","article_publisher":"https:\/\/www.facebook.com\/likemetkovic.hr\/","article_published_time":"2021-12-03T13:23:35+00:00","article_modified_time":"2021-12-03T13:26:20+00:00","og_image":[{"width":800,"height":533,"url":"https:\/\/likemetkovic.hr\/wp-content\/uploads\/2021\/12\/bozicni-ukrasi-unistavanje.jpg","type":"image\/jpeg"}],"author":"LIKEmetkovic.hr","twitter_card":"summary_large_image","twitter_misc":{"Napisao\/la":"LIKEmetkovic.hr","Procijenjeno vrijeme \u010ditanja":"2 minute"},"schema":{"@context":"https:\/\/schema.org","@graph":[{"@type":"WebPage","@id":"https:\/\/likemetkovic.hr\/vandalizam-netko-unistava-bozicne-ukrase-u-gradskom-parku\/","url":"https:\/\/likemetkovic.hr\/vandalizam-netko-unistava-bozicne-ukrase-u-gradskom-parku\/","name":"VANDALIZAM | Netko uni\u0161tava bo\u017ei\u0107ne ukrase u Gradskom parku! - likemetkovic.hr","isPartOf":{"@id":"https:\/\/likemetkovic.hr\/#website"},"primaryImageOfPage":{"@id":"https:\/\/likemetkovic.hr\/vandalizam-netko-unistava-bozicne-ukrase-u-gradskom-parku\/#primaryimage"},"image":{"@id":"https:\/\/likemetkovic.hr\/vandalizam-netko-unistava-bozicne-ukrase-u-gradskom-parku\/#primaryimage"},"thumbnailUrl":"https:\/\/likemetkovic.hr\/portal\/wp-content\/uploads\/2021\/12\/bozicni-ukrasi-unistavanje.jpg","datePublished":"2021-12-03T13:23:35+00:00","dateModified":"2021-12-03T13:26:20+00:00","author":{"@id":"https:\/\/likemetkovic.hr\/#\/schema\/person\/a42711f3385a0e2be6f7e0443bfb28f0"},"breadcrumb":{"@id":"https:\/\/likemetkovic.hr\/vandalizam-netko-unistava-bozicne-ukrase-u-gradskom-parku\/#breadcrumb"},"inLanguage":"hr","potentialAction":[{"@type":"ReadAction","target":["https:\/\/likemetkovic.hr\/vandalizam-netko-unistava-bozicne-ukrase-u-gradskom-parku\/"]}]},{"@type":"ImageObject","inLanguage":"hr","@id":"https:\/\/likemetkovic.hr\/vandalizam-netko-unistava-bozicne-ukrase-u-gradskom-parku\/#primaryimage","url":"https:\/\/likemetkovic.hr\/portal\/wp-content\/uploads\/2021\/12\/bozicni-ukrasi-unistavanje.jpg","contentUrl":"https:\/\/likemetkovic.hr\/portal\/wp-content\/uploads\/2021\/12\/bozicni-ukrasi-unistavanje.jpg","width":800,"height":533},{"@type":"BreadcrumbList","@id":"https:\/\/likemetkovic.hr\/vandalizam-netko-unistava-bozicne-ukrase-u-gradskom-parku\/#breadcrumb","itemListElement":[{"@type":"ListItem","position":1,"name":"Po\u010detna stranica","item":"https:\/\/likemetkovic.hr\/portal\/"},{"@type":"ListItem","position":2,"name":"VANDALIZAM | Netko uni\u0161tava bo\u017ei\u0107ne ukrase u Gradskom parku!"}]},{"@type":"WebSite","@id":"https:\/\/likemetkovic.hr\/#website","url":"https:\/\/likemetkovic.hr\/","name":"likemetkovic.hr","description":"Misli pozitivno... \u010ditaj LIKE","potentialAction":[{"@type":"SearchAction","target":{"@type":"EntryPoint","urlTemplate":"https:\/\/likemetkovic.hr\/?s={search_term_string}"},"query-input":{"@type":"PropertyValueSpecification","valueRequired":true,"valueName":"search_term_string"}}],"inLanguage":"hr"},{"@type":"Person","@id":"https:\/\/likemetkovic.hr\/#\/schema\/person\/a42711f3385a0e2be6f7e0443bfb28f0","name":"LIKEmetkovic.hr","sameAs":["http:\/\/likemetkovic.hr"],"url":"https:\/\/likemetkovic.hr\/portal\/author\/likemetkovic-hr\/"}]}},"_links":{"self":[{"href":"https:\/\/likemetkovic.hr\/portal\/wp-json\/wp\/v2\/posts\/125761","targetHints":{"allow":["GET"]}}],"collection":[{"href":"https:\/\/likemetkovic.hr\/portal\/wp-json\/wp\/v2\/posts"}],"about":[{"href":"https:\/\/likemetkovic.hr\/portal\/wp-json\/wp\/v2\/types\/post"}],"author":[{"embeddable":true,"href":"https:\/\/likemetkovic.hr\/portal\/wp-json\/wp\/v2\/users\/7"}],"replies":[{"embeddable":true,"href":"https:\/\/likemetkovic.hr\/portal\/wp-json\/wp\/v2\/comments?post=125761"}],"version-history":[{"count":0,"href":"https:\/\/likemetkovic.hr\/portal\/wp-json\/wp\/v2\/posts\/125761\/revisions"}],"wp:featuredmedia":[{"embeddable":true,"href":"https:\/\/likemetkovic.hr\/portal\/wp-json\/wp\/v2\/media\/125762"}],"wp:attachment":[{"href":"https:\/\/likemetkovic.hr\/portal\/wp-json\/wp\/v2\/media?parent=125761"}],"wp:term":[{"taxonomy":"category","embeddable":true,"href":"https:\/\/likemetkovic.hr\/portal\/wp-json\/wp\/v2\/categories?post=125761"},{"taxonomy":"post_tag","embeddable":true,"href":"https:\/\/likemetkovic.hr\/portal\/wp-json\/wp\/v2\/tags?post=125761"}],"curies":[{"name":"wp","href":"https:\/\/api.w.org\/{rel}","templated":true}]}}