{"id":125769,"date":"2021-12-03T17:13:15","date_gmt":"2021-12-03T16:13:15","guid":{"rendered":"https:\/\/likemetkovic.hr\/?p=125769"},"modified":"2021-12-03T17:13:15","modified_gmt":"2021-12-03T16:13:15","slug":"program-prosinackih-svecanosti-2021","status":"publish","type":"post","link":"https:\/\/likemetkovic.hr\/portal\/program-prosinackih-svecanosti-2021\/","title":{"rendered":"PROGRAM &#8216;Prosina\u010dkih sve\u010danosti 2021.&#8217;"},"content":{"rendered":"<p>Donosimo program manifestacije <em><strong>Prosina\u010dke sve\u010danosti 2021.<\/strong> <\/em>koja se odr\u017eava u koordinaciji Ustanove za kulturu i sport Metkovi\u0107, a pod pokroviteljstvom Grada Metkovi\u0107a.<\/p>\n<p>PROGRAM:<\/p>\n<ul>\n<li><strong>Koncert Osnovne glazbene \u0161kole Metkovi\u0107 povodom sv. Nikole<\/strong><\/li>\n<\/ul>\n<p>1.12. \/ srijeda \/ 19,00 \/ Galerija GKS-a<\/p>\n<ul>\n<li><strong>&#8216;Bo\u017ei\u0107 u Neretvi&#8217; \/ Otvorenje bo\u017ei\u0107nih ku\u0107ica<\/strong><\/li>\n<\/ul>\n<ol start=\"5\">\n<li>12. \/ nedjelja \/ Gradski park<\/li>\n<\/ol>\n<ul>\n<li><strong>Humanitarna akcija &#8216;Uljep\u0161aj baki Bo\u017ei\u0107&#8217;<\/strong><\/li>\n<\/ul>\n<p>od 6. \u2013 22. 12. \/ Udruga &#8216;Dobra&#8217; i Gradsko dru\u0161tvo Crvenog kri\u017ea Metkovi\u0107<\/p>\n<ul>\n<li><strong>Predstava Teatra &#8216;Exit&#8217; \u2013 &#8216;Fe\u0161ta&#8217;<\/strong><\/li>\n<\/ul>\n<ol start=\"8\">\n<li>12. \/ srijeda \/ 19,30 \/ Kazali\u0161na dvorana GKS-a<\/li>\n<\/ol>\n<ul>\n<li><strong>&#8216;Bo\u017ei\u0107 u Neretvi&#8217; \/ Koncert Klape &#8216;Iskon&#8217;<\/strong><\/li>\n<\/ul>\n<ol start=\"10\">\n<li>12. \/ petak \/ 20,00 \/ Gradski park<\/li>\n<\/ol>\n<ul>\n<li><strong>Dje\u010dja bo\u017ei\u0107na avantura \/ Dado \u010dokolada, Disney junaci, Srednja \u0161kola Metkovi\u0107<\/strong><\/li>\n<\/ul>\n<ol start=\"12\">\n<li>12. \/ nedjelja\/ 14,00 \u2013 16,00 \/ Trg kralja Tomislava<\/li>\n<\/ol>\n<ul>\n<li><strong>&#8216;Bo\u017ei\u0107 u Neretvi&#8217; \/ Koncert Grupe &#8216;Narona&#8217;<\/strong><\/li>\n<\/ul>\n<ol start=\"12\">\n<li>12. \/ nedjelja \/ 20,00 \/ Gradski park<\/li>\n<\/ol>\n<ul>\n<li><strong>Koncert klasi\u010dne glazbe &#8216;ENDeM kvartet&#8217;<\/strong><\/li>\n<\/ul>\n<ol start=\"13\">\n<li>12. \/ ponedjeljak \/ 19,30 \/ Galerija GKS-a<\/li>\n<\/ol>\n<ul>\n<li><strong>Bo\u017ei\u0107ni koncert Osnovne glazbene \u0161kole Metkovi\u0107 <\/strong><\/li>\n<\/ul>\n<ol start=\"15\">\n<li>12. \/ srijeda \/ 19,00 \/ Galerija GKS-a<\/li>\n<\/ol>\n<ul>\n<li><strong>&#8216;Bo\u017ei\u0107 u Neretvi&#8217; \/ Koncert Grupe &#8216;Preko&#8217;<\/strong><\/li>\n<\/ul>\n<ol start=\"17\">\n<li>12. \/ petak \/ 20,00 \/ Gradski park<\/li>\n<\/ol>\n<ul>\n<li><strong>&#8216;Bo\u017ei\u0107 u Neretvi&#8217; \/ Humanitarni bo\u017ei\u0107ni koncert KUD-a Metkovi\u0107<\/strong><\/li>\n<\/ul>\n<ol start=\"18\">\n<li>12. \/ subota \/ 18,00 \/ Gradski park<\/li>\n<\/ol>\n<ul>\n<li><strong>Dje\u010dja bo\u017ei\u0107na avantura \/ Dado \u010dokolada \u2013 Disney junaci \u2013 Srednja \u0161kola Metkovi\u0107<\/strong><\/li>\n<\/ul>\n<ol start=\"19\">\n<li>12. \/ nedjelja \/ 14,00 \u2013 16,00 \/ Gradski trg<\/li>\n<\/ol>\n<ul>\n<li><strong>Dje\u010dja predstava &#8216;Bo\u017ei\u0107na medalja za dobrotu&#8217;<\/strong><\/li>\n<li>12. \/ ponedjeljak \/ 18,00 \/ Kazali\u0161na dvorana GKS-a<\/li>\n<li><strong>&#8216;Bo\u017ei\u0107 u Neretvi&#8217; \/ Koncert Grupe &#8216;Zabranjeno pu\u0161enje&#8217;<\/strong><\/li>\n<\/ul>\n<ol start=\"21\">\n<li>12. \/ utorak \/ 20,00 \/ Gradski park<\/li>\n<\/ol>\n<ul>\n<li><strong>Ususret slatkom Bo\u017ei\u0107u<\/strong><\/li>\n<\/ul>\n<ol start=\"22\">\n<li>12. \/ srijeda \/ 9,00 \/ Trg kralja Tomislava<\/li>\n<\/ol>\n<ul>\n<li><strong>Bo\u017ei\u0107ni koncert Dubrova\u010dkoga simfonijskog orkestra<\/strong><\/li>\n<\/ul>\n<ol start=\"22\">\n<li>12. \/ srijeda \/ 19,30 \/ Kazali\u0161na dvorana GKS-a<\/li>\n<\/ol>\n<ul>\n<li><strong>&#8216;Bo\u017ei\u0107 u Neretvi&#8217; \/ koncert Grupe &#8216;Versi&#8217;<\/strong><\/li>\n<\/ul>\n<ol start=\"23\">\n<li>12. \/ \u010detvrtak \/ 20,00 \/ Gradski park<\/li>\n<\/ol>\n<ul>\n<li><strong>Dje\u010dja bo\u017ei\u0107na avantura \/ Dado \u010dokolada, Disney junaci, Srednja \u0161kola Metkovi\u0107<\/strong><\/li>\n<\/ul>\n<ol start=\"26\">\n<li>12. \/ nedjelja \/ 14,00 \u2013 16,00 \/ Trg kralja Tomislava<\/li>\n<\/ol>\n<ul>\n<li><strong>Dje\u010dja bo\u017ei\u0107na avantura \/ Dado \u010dokolada, Disney junaci, Srednja \u0161kola Metkovi\u0107<\/strong><\/li>\n<\/ul>\n<ol start=\"30\">\n<li>12. \/ \u010detvrtak \/ 14,00 \u2013 16,00 \/ Trg kralja Tomislava<\/li>\n<\/ol>\n","protected":false},"excerpt":{"rendered":"<p>Donosimo program manifestacije Prosina\u010dke sve\u010danosti 2021. koja se odr\u017eava u koordinaciji Ustanove za kulturu i sport Metkovi\u0107, a pod pokroviteljstvom Grada Metkovi\u0107a. PROGRAM: Koncert Osnovne glazbene \u0161kole Metkovi\u0107 povodom sv. Nikole 1.12. \/ srijeda \/ 19,00 \/ Galerija GKS-a &#8216;Bo\u017ei\u0107 u Neretvi&#8217; \/ Otvorenje bo\u017ei\u0107nih ku\u0107ica 12. \/ nedjelja \/ Gradski park Humanitarna akcija &#8216;Uljep\u0161aj [&hellip;]<\/p>\n","protected":false},"author":7,"featured_media":125770,"comment_status":"open","ping_status":"open","sticky":false,"template":"","format":"standard","meta":{"footnotes":""},"categories":[296,11],"tags":[10219],"class_list":{"0":"post-125769","1":"post","2":"type-post","3":"status-publish","4":"format-standard","5":"has-post-thumbnail","7":"category-ab","8":"category-metkovic-dolina","9":"tag-prosinacke-svecanosti-2021"},"yoast_head":"<!-- This site is optimized with the Yoast SEO plugin v25.2 - https:\/\/yoast.com\/wordpress\/plugins\/seo\/ -->\n<title>PROGRAM &#039;Prosina\u010dkih sve\u010danosti 2021.&#039; - likemetkovic.hr<\/title>\n<meta name=\"robots\" content=\"index, follow, max-snippet:-1, max-image-preview:large, max-video-preview:-1\" \/>\n<link rel=\"canonical\" href=\"https:\/\/likemetkovic.hr\/program-prosinackih-svecanosti-2021\/\" \/>\n<meta property=\"og:locale\" content=\"hr_HR\" \/>\n<meta property=\"og:type\" content=\"article\" \/>\n<meta property=\"og:title\" content=\"PROGRAM &#039;Prosina\u010dkih sve\u010danosti 2021.&#039; - likemetkovic.hr\" \/>\n<meta property=\"og:description\" content=\"Donosimo program manifestacije Prosina\u010dke sve\u010danosti 2021. koja se odr\u017eava u koordinaciji Ustanove za kulturu i sport Metkovi\u0107, a pod pokroviteljstvom Grada Metkovi\u0107a. PROGRAM: Koncert Osnovne glazbene \u0161kole Metkovi\u0107 povodom sv. Nikole 1.12. \/ srijeda \/ 19,00 \/ Galerija GKS-a &#8216;Bo\u017ei\u0107 u Neretvi&#8217; \/ Otvorenje bo\u017ei\u0107nih ku\u0107ica 12. \/ nedjelja \/ Gradski park Humanitarna akcija &#8216;Uljep\u0161aj [&hellip;]\" \/>\n<meta property=\"og:url\" content=\"https:\/\/likemetkovic.hr\/program-prosinackih-svecanosti-2021\/\" \/>\n<meta property=\"og:site_name\" content=\"likemetkovic.hr\" \/>\n<meta property=\"article:publisher\" content=\"https:\/\/www.facebook.com\/likemetkovic.hr\/\" \/>\n<meta property=\"article:published_time\" content=\"2021-12-03T16:13:15+00:00\" \/>\n<meta property=\"og:image\" content=\"https:\/\/likemetkovic.hr\/wp-content\/uploads\/2021\/12\/prosinacke-svecanosti.jpg\" \/>\n\t<meta property=\"og:image:width\" content=\"800\" \/>\n\t<meta property=\"og:image:height\" content=\"417\" \/>\n\t<meta property=\"og:image:type\" content=\"image\/jpeg\" \/>\n<meta name=\"author\" content=\"LIKEmetkovic.hr\" \/>\n<meta name=\"twitter:card\" content=\"summary_large_image\" \/>\n<meta name=\"twitter:label1\" content=\"Napisao\/la\" \/>\n\t<meta name=\"twitter:data1\" content=\"LIKEmetkovic.hr\" \/>\n\t<meta name=\"twitter:label2\" content=\"Procijenjeno vrijeme \u010ditanja\" \/>\n\t<meta name=\"twitter:data2\" content=\"2 minute\" \/>\n<script type=\"application\/ld+json\" class=\"yoast-schema-graph\">{\"@context\":\"https:\/\/schema.org\",\"@graph\":[{\"@type\":\"WebPage\",\"@id\":\"https:\/\/likemetkovic.hr\/program-prosinackih-svecanosti-2021\/\",\"url\":\"https:\/\/likemetkovic.hr\/program-prosinackih-svecanosti-2021\/\",\"name\":\"PROGRAM 'Prosina\u010dkih sve\u010danosti 2021.' - likemetkovic.hr\",\"isPartOf\":{\"@id\":\"https:\/\/likemetkovic.hr\/#website\"},\"primaryImageOfPage\":{\"@id\":\"https:\/\/likemetkovic.hr\/program-prosinackih-svecanosti-2021\/#primaryimage\"},\"image\":{\"@id\":\"https:\/\/likemetkovic.hr\/program-prosinackih-svecanosti-2021\/#primaryimage\"},\"thumbnailUrl\":\"https:\/\/likemetkovic.hr\/portal\/wp-content\/uploads\/2021\/12\/prosinacke-svecanosti.jpg\",\"datePublished\":\"2021-12-03T16:13:15+00:00\",\"author\":{\"@id\":\"https:\/\/likemetkovic.hr\/#\/schema\/person\/a42711f3385a0e2be6f7e0443bfb28f0\"},\"breadcrumb\":{\"@id\":\"https:\/\/likemetkovic.hr\/program-prosinackih-svecanosti-2021\/#breadcrumb\"},\"inLanguage\":\"hr\",\"potentialAction\":[{\"@type\":\"ReadAction\",\"target\":[\"https:\/\/likemetkovic.hr\/program-prosinackih-svecanosti-2021\/\"]}]},{\"@type\":\"ImageObject\",\"inLanguage\":\"hr\",\"@id\":\"https:\/\/likemetkovic.hr\/program-prosinackih-svecanosti-2021\/#primaryimage\",\"url\":\"https:\/\/likemetkovic.hr\/portal\/wp-content\/uploads\/2021\/12\/prosinacke-svecanosti.jpg\",\"contentUrl\":\"https:\/\/likemetkovic.hr\/portal\/wp-content\/uploads\/2021\/12\/prosinacke-svecanosti.jpg\",\"width\":800,\"height\":417},{\"@type\":\"BreadcrumbList\",\"@id\":\"https:\/\/likemetkovic.hr\/program-prosinackih-svecanosti-2021\/#breadcrumb\",\"itemListElement\":[{\"@type\":\"ListItem\",\"position\":1,\"name\":\"Po\u010detna stranica\",\"item\":\"https:\/\/likemetkovic.hr\/portal\/\"},{\"@type\":\"ListItem\",\"position\":2,\"name\":\"PROGRAM &#8216;Prosina\u010dkih sve\u010danosti 2021.&#8217;\"}]},{\"@type\":\"WebSite\",\"@id\":\"https:\/\/likemetkovic.hr\/#website\",\"url\":\"https:\/\/likemetkovic.hr\/\",\"name\":\"likemetkovic.hr\",\"description\":\"Misli pozitivno... \u010ditaj LIKE\",\"potentialAction\":[{\"@type\":\"SearchAction\",\"target\":{\"@type\":\"EntryPoint\",\"urlTemplate\":\"https:\/\/likemetkovic.hr\/?s={search_term_string}\"},\"query-input\":{\"@type\":\"PropertyValueSpecification\",\"valueRequired\":true,\"valueName\":\"search_term_string\"}}],\"inLanguage\":\"hr\"},{\"@type\":\"Person\",\"@id\":\"https:\/\/likemetkovic.hr\/#\/schema\/person\/a42711f3385a0e2be6f7e0443bfb28f0\",\"name\":\"LIKEmetkovic.hr\",\"sameAs\":[\"http:\/\/likemetkovic.hr\"],\"url\":\"https:\/\/likemetkovic.hr\/portal\/author\/likemetkovic-hr\/\"}]}<\/script>\n<!-- \/ Yoast SEO plugin. -->","yoast_head_json":{"title":"PROGRAM 'Prosina\u010dkih sve\u010danosti 2021.' - likemetkovic.hr","robots":{"index":"index","follow":"follow","max-snippet":"max-snippet:-1","max-image-preview":"max-image-preview:large","max-video-preview":"max-video-preview:-1"},"canonical":"https:\/\/likemetkovic.hr\/program-prosinackih-svecanosti-2021\/","og_locale":"hr_HR","og_type":"article","og_title":"PROGRAM 'Prosina\u010dkih sve\u010danosti 2021.' - likemetkovic.hr","og_description":"Donosimo program manifestacije Prosina\u010dke sve\u010danosti 2021. koja se odr\u017eava u koordinaciji Ustanove za kulturu i sport Metkovi\u0107, a pod pokroviteljstvom Grada Metkovi\u0107a. PROGRAM: Koncert Osnovne glazbene \u0161kole Metkovi\u0107 povodom sv. Nikole 1.12. \/ srijeda \/ 19,00 \/ Galerija GKS-a &#8216;Bo\u017ei\u0107 u Neretvi&#8217; \/ Otvorenje bo\u017ei\u0107nih ku\u0107ica 12. \/ nedjelja \/ Gradski park Humanitarna akcija &#8216;Uljep\u0161aj [&hellip;]","og_url":"https:\/\/likemetkovic.hr\/program-prosinackih-svecanosti-2021\/","og_site_name":"likemetkovic.hr","article_publisher":"https:\/\/www.facebook.com\/likemetkovic.hr\/","article_published_time":"2021-12-03T16:13:15+00:00","og_image":[{"width":800,"height":417,"url":"https:\/\/likemetkovic.hr\/wp-content\/uploads\/2021\/12\/prosinacke-svecanosti.jpg","type":"image\/jpeg"}],"author":"LIKEmetkovic.hr","twitter_card":"summary_large_image","twitter_misc":{"Napisao\/la":"LIKEmetkovic.hr","Procijenjeno vrijeme \u010ditanja":"2 minute"},"schema":{"@context":"https:\/\/schema.org","@graph":[{"@type":"WebPage","@id":"https:\/\/likemetkovic.hr\/program-prosinackih-svecanosti-2021\/","url":"https:\/\/likemetkovic.hr\/program-prosinackih-svecanosti-2021\/","name":"PROGRAM 'Prosina\u010dkih sve\u010danosti 2021.' - likemetkovic.hr","isPartOf":{"@id":"https:\/\/likemetkovic.hr\/#website"},"primaryImageOfPage":{"@id":"https:\/\/likemetkovic.hr\/program-prosinackih-svecanosti-2021\/#primaryimage"},"image":{"@id":"https:\/\/likemetkovic.hr\/program-prosinackih-svecanosti-2021\/#primaryimage"},"thumbnailUrl":"https:\/\/likemetkovic.hr\/portal\/wp-content\/uploads\/2021\/12\/prosinacke-svecanosti.jpg","datePublished":"2021-12-03T16:13:15+00:00","author":{"@id":"https:\/\/likemetkovic.hr\/#\/schema\/person\/a42711f3385a0e2be6f7e0443bfb28f0"},"breadcrumb":{"@id":"https:\/\/likemetkovic.hr\/program-prosinackih-svecanosti-2021\/#breadcrumb"},"inLanguage":"hr","potentialAction":[{"@type":"ReadAction","target":["https:\/\/likemetkovic.hr\/program-prosinackih-svecanosti-2021\/"]}]},{"@type":"ImageObject","inLanguage":"hr","@id":"https:\/\/likemetkovic.hr\/program-prosinackih-svecanosti-2021\/#primaryimage","url":"https:\/\/likemetkovic.hr\/portal\/wp-content\/uploads\/2021\/12\/prosinacke-svecanosti.jpg","contentUrl":"https:\/\/likemetkovic.hr\/portal\/wp-content\/uploads\/2021\/12\/prosinacke-svecanosti.jpg","width":800,"height":417},{"@type":"BreadcrumbList","@id":"https:\/\/likemetkovic.hr\/program-prosinackih-svecanosti-2021\/#breadcrumb","itemListElement":[{"@type":"ListItem","position":1,"name":"Po\u010detna stranica","item":"https:\/\/likemetkovic.hr\/portal\/"},{"@type":"ListItem","position":2,"name":"PROGRAM &#8216;Prosina\u010dkih sve\u010danosti 2021.&#8217;"}]},{"@type":"WebSite","@id":"https:\/\/likemetkovic.hr\/#website","url":"https:\/\/likemetkovic.hr\/","name":"likemetkovic.hr","description":"Misli pozitivno... \u010ditaj LIKE","potentialAction":[{"@type":"SearchAction","target":{"@type":"EntryPoint","urlTemplate":"https:\/\/likemetkovic.hr\/?s={search_term_string}"},"query-input":{"@type":"PropertyValueSpecification","valueRequired":true,"valueName":"search_term_string"}}],"inLanguage":"hr"},{"@type":"Person","@id":"https:\/\/likemetkovic.hr\/#\/schema\/person\/a42711f3385a0e2be6f7e0443bfb28f0","name":"LIKEmetkovic.hr","sameAs":["http:\/\/likemetkovic.hr"],"url":"https:\/\/likemetkovic.hr\/portal\/author\/likemetkovic-hr\/"}]}},"_links":{"self":[{"href":"https:\/\/likemetkovic.hr\/portal\/wp-json\/wp\/v2\/posts\/125769","targetHints":{"allow":["GET"]}}],"collection":[{"href":"https:\/\/likemetkovic.hr\/portal\/wp-json\/wp\/v2\/posts"}],"about":[{"href":"https:\/\/likemetkovic.hr\/portal\/wp-json\/wp\/v2\/types\/post"}],"author":[{"embeddable":true,"href":"https:\/\/likemetkovic.hr\/portal\/wp-json\/wp\/v2\/users\/7"}],"replies":[{"embeddable":true,"href":"https:\/\/likemetkovic.hr\/portal\/wp-json\/wp\/v2\/comments?post=125769"}],"version-history":[{"count":0,"href":"https:\/\/likemetkovic.hr\/portal\/wp-json\/wp\/v2\/posts\/125769\/revisions"}],"wp:featuredmedia":[{"embeddable":true,"href":"https:\/\/likemetkovic.hr\/portal\/wp-json\/wp\/v2\/media\/125770"}],"wp:attachment":[{"href":"https:\/\/likemetkovic.hr\/portal\/wp-json\/wp\/v2\/media?parent=125769"}],"wp:term":[{"taxonomy":"category","embeddable":true,"href":"https:\/\/likemetkovic.hr\/portal\/wp-json\/wp\/v2\/categories?post=125769"},{"taxonomy":"post_tag","embeddable":true,"href":"https:\/\/likemetkovic.hr\/portal\/wp-json\/wp\/v2\/tags?post=125769"}],"curies":[{"name":"wp","href":"https:\/\/api.w.org\/{rel}","templated":true}]}}