{"id":125815,"date":"2021-12-06T08:02:01","date_gmt":"2021-12-06T07:02:01","guid":{"rendered":"https:\/\/likemetkovic.hr\/?p=125815"},"modified":"2021-12-06T08:02:01","modified_gmt":"2021-12-06T07:02:01","slug":"od-bistrine-do-dubrovnika-pjesice-u-spomen-i-cast-na-poginule-i-ranjene-branitelje","status":"publish","type":"post","link":"https:\/\/likemetkovic.hr\/portal\/od-bistrine-do-dubrovnika-pjesice-u-spomen-i-cast-na-poginule-i-ranjene-branitelje\/","title":{"rendered":"Od Bistrine do Dubrovnika pje\u0161ice u spomen i \u010dast na poginule i ranjene branitelje"},"content":{"rendered":"<p>U \u010dast i slavu za sve poginule i ranjene branitelje na ju\u017enom boji\u0161tu grupa od 13 momaka iz doline Neretve krenula je sino\u0107 na hodnju od Bistrine do Dubrovnika gdje \u0107e ujutro po dolasku, povodom Dana dubrova\u010dkih branitelja odati po\u010dast na Sr\u0111u poginulim braniteljima.<\/p>\n<p>Na Bistrini, nakon kratke molitve zapalili su svije\u0107e kod spomen obilje\u017eja poginulim pripadnicima 4. gardijske brigade pok. Goranu Kli\u0161ki\u0107u i Ivici Vuci nakon \u010dega su se uputili na put dug 60 kilometara do cilja. Ni stalna i najavljena cjelono\u0107na ki\u0161a nije ih sprije\u010dila u njihovom plemenitom cilju.<\/p>\n<p>Putem prema Dubrovniku \u0107e kod spomen obilje\u017eja poginulim braniteljima zapaliti svije\u0107e.<\/p>\n<p><img decoding=\"async\" class=\"alignnone size-full wp-image-125816\" src=\"https:\/\/likemetkovic.hr\/wp-content\/uploads\/2021\/12\/hodnja-bistrina-poginuli.jpg\" alt=\"\" width=\"800\" height=\"600\" srcset=\"https:\/\/likemetkovic.hr\/portal\/wp-content\/uploads\/2021\/12\/hodnja-bistrina-poginuli.jpg 800w, https:\/\/likemetkovic.hr\/portal\/wp-content\/uploads\/2021\/12\/hodnja-bistrina-poginuli-768x576.jpg 768w, https:\/\/likemetkovic.hr\/portal\/wp-content\/uploads\/2021\/12\/hodnja-bistrina-poginuli-696x522.jpg 696w, https:\/\/likemetkovic.hr\/portal\/wp-content\/uploads\/2021\/12\/hodnja-bistrina-poginuli-560x420.jpg 560w, https:\/\/likemetkovic.hr\/portal\/wp-content\/uploads\/2021\/12\/hodnja-bistrina-poginuli-80x60.jpg 80w, https:\/\/likemetkovic.hr\/portal\/wp-content\/uploads\/2021\/12\/hodnja-bistrina-poginuli-265x198.jpg 265w\" sizes=\"(max-width: 800px) 100vw, 800px\" \/><\/p>\n","protected":false},"excerpt":{"rendered":"<p>U \u010dast i slavu za sve poginule i ranjene branitelje na ju\u017enom boji\u0161tu grupa od 13 momaka iz doline Neretve krenula je sino\u0107 na hodnju od Bistrine do Dubrovnika gdje \u0107e ujutro po dolasku, povodom Dana dubrova\u010dkih branitelja odati po\u010dast na Sr\u0111u poginulim braniteljima. Na Bistrini, nakon kratke molitve zapalili su svije\u0107e kod spomen obilje\u017eja [&hellip;]<\/p>\n","protected":false},"author":7,"featured_media":125816,"comment_status":"open","ping_status":"open","sticky":false,"template":"","format":"standard","meta":{"footnotes":""},"categories":[296,11],"tags":[3457,1746],"class_list":{"0":"post-125815","1":"post","2":"type-post","3":"status-publish","4":"format-standard","5":"has-post-thumbnail","7":"category-ab","8":"category-metkovic-dolina","9":"tag-bistrina","10":"tag-hrvatski-branitelji"},"yoast_head":"<!-- This site is optimized with the Yoast SEO plugin v25.2 - https:\/\/yoast.com\/wordpress\/plugins\/seo\/ -->\n<title>Od Bistrine do Dubrovnika pje\u0161ice u spomen i \u010dast na poginule i ranjene branitelje - likemetkovic.hr<\/title>\n<meta name=\"robots\" content=\"index, follow, max-snippet:-1, max-image-preview:large, max-video-preview:-1\" \/>\n<link rel=\"canonical\" href=\"https:\/\/likemetkovic.hr\/od-bistrine-do-dubrovnika-pjesice-u-spomen-i-cast-na-poginule-i-ranjene-branitelje\/\" \/>\n<meta property=\"og:locale\" content=\"hr_HR\" \/>\n<meta property=\"og:type\" content=\"article\" \/>\n<meta property=\"og:title\" content=\"Od Bistrine do Dubrovnika pje\u0161ice u spomen i \u010dast na poginule i ranjene branitelje - likemetkovic.hr\" \/>\n<meta property=\"og:description\" content=\"U \u010dast i slavu za sve poginule i ranjene branitelje na ju\u017enom boji\u0161tu grupa od 13 momaka iz doline Neretve krenula je sino\u0107 na hodnju od Bistrine do Dubrovnika gdje \u0107e ujutro po dolasku, povodom Dana dubrova\u010dkih branitelja odati po\u010dast na Sr\u0111u poginulim braniteljima. Na Bistrini, nakon kratke molitve zapalili su svije\u0107e kod spomen obilje\u017eja [&hellip;]\" \/>\n<meta property=\"og:url\" content=\"https:\/\/likemetkovic.hr\/od-bistrine-do-dubrovnika-pjesice-u-spomen-i-cast-na-poginule-i-ranjene-branitelje\/\" \/>\n<meta property=\"og:site_name\" content=\"likemetkovic.hr\" \/>\n<meta property=\"article:publisher\" content=\"https:\/\/www.facebook.com\/likemetkovic.hr\/\" \/>\n<meta property=\"article:published_time\" content=\"2021-12-06T07:02:01+00:00\" \/>\n<meta property=\"og:image\" content=\"https:\/\/likemetkovic.hr\/wp-content\/uploads\/2021\/12\/hodnja-bistrina-poginuli.jpg\" \/>\n\t<meta property=\"og:image:width\" content=\"800\" \/>\n\t<meta property=\"og:image:height\" content=\"600\" \/>\n\t<meta property=\"og:image:type\" content=\"image\/jpeg\" \/>\n<meta name=\"author\" content=\"LIKEmetkovic.hr\" \/>\n<meta name=\"twitter:card\" content=\"summary_large_image\" \/>\n<meta name=\"twitter:label1\" content=\"Napisao\/la\" \/>\n\t<meta name=\"twitter:data1\" content=\"LIKEmetkovic.hr\" \/>\n\t<meta name=\"twitter:label2\" content=\"Procijenjeno vrijeme \u010ditanja\" \/>\n\t<meta name=\"twitter:data2\" content=\"1 minuta\" \/>\n<script type=\"application\/ld+json\" class=\"yoast-schema-graph\">{\"@context\":\"https:\/\/schema.org\",\"@graph\":[{\"@type\":\"WebPage\",\"@id\":\"https:\/\/likemetkovic.hr\/od-bistrine-do-dubrovnika-pjesice-u-spomen-i-cast-na-poginule-i-ranjene-branitelje\/\",\"url\":\"https:\/\/likemetkovic.hr\/od-bistrine-do-dubrovnika-pjesice-u-spomen-i-cast-na-poginule-i-ranjene-branitelje\/\",\"name\":\"Od Bistrine do Dubrovnika pje\u0161ice u spomen i \u010dast na poginule i ranjene branitelje - likemetkovic.hr\",\"isPartOf\":{\"@id\":\"https:\/\/likemetkovic.hr\/#website\"},\"primaryImageOfPage\":{\"@id\":\"https:\/\/likemetkovic.hr\/od-bistrine-do-dubrovnika-pjesice-u-spomen-i-cast-na-poginule-i-ranjene-branitelje\/#primaryimage\"},\"image\":{\"@id\":\"https:\/\/likemetkovic.hr\/od-bistrine-do-dubrovnika-pjesice-u-spomen-i-cast-na-poginule-i-ranjene-branitelje\/#primaryimage\"},\"thumbnailUrl\":\"https:\/\/likemetkovic.hr\/portal\/wp-content\/uploads\/2021\/12\/hodnja-bistrina-poginuli.jpg\",\"datePublished\":\"2021-12-06T07:02:01+00:00\",\"author\":{\"@id\":\"https:\/\/likemetkovic.hr\/#\/schema\/person\/a42711f3385a0e2be6f7e0443bfb28f0\"},\"breadcrumb\":{\"@id\":\"https:\/\/likemetkovic.hr\/od-bistrine-do-dubrovnika-pjesice-u-spomen-i-cast-na-poginule-i-ranjene-branitelje\/#breadcrumb\"},\"inLanguage\":\"hr\",\"potentialAction\":[{\"@type\":\"ReadAction\",\"target\":[\"https:\/\/likemetkovic.hr\/od-bistrine-do-dubrovnika-pjesice-u-spomen-i-cast-na-poginule-i-ranjene-branitelje\/\"]}]},{\"@type\":\"ImageObject\",\"inLanguage\":\"hr\",\"@id\":\"https:\/\/likemetkovic.hr\/od-bistrine-do-dubrovnika-pjesice-u-spomen-i-cast-na-poginule-i-ranjene-branitelje\/#primaryimage\",\"url\":\"https:\/\/likemetkovic.hr\/portal\/wp-content\/uploads\/2021\/12\/hodnja-bistrina-poginuli.jpg\",\"contentUrl\":\"https:\/\/likemetkovic.hr\/portal\/wp-content\/uploads\/2021\/12\/hodnja-bistrina-poginuli.jpg\",\"width\":800,\"height\":600},{\"@type\":\"BreadcrumbList\",\"@id\":\"https:\/\/likemetkovic.hr\/od-bistrine-do-dubrovnika-pjesice-u-spomen-i-cast-na-poginule-i-ranjene-branitelje\/#breadcrumb\",\"itemListElement\":[{\"@type\":\"ListItem\",\"position\":1,\"name\":\"Po\u010detna stranica\",\"item\":\"https:\/\/likemetkovic.hr\/portal\/\"},{\"@type\":\"ListItem\",\"position\":2,\"name\":\"Od Bistrine do Dubrovnika pje\u0161ice u spomen i \u010dast na poginule i ranjene branitelje\"}]},{\"@type\":\"WebSite\",\"@id\":\"https:\/\/likemetkovic.hr\/#website\",\"url\":\"https:\/\/likemetkovic.hr\/\",\"name\":\"likemetkovic.hr\",\"description\":\"Misli pozitivno... \u010ditaj LIKE\",\"potentialAction\":[{\"@type\":\"SearchAction\",\"target\":{\"@type\":\"EntryPoint\",\"urlTemplate\":\"https:\/\/likemetkovic.hr\/?s={search_term_string}\"},\"query-input\":{\"@type\":\"PropertyValueSpecification\",\"valueRequired\":true,\"valueName\":\"search_term_string\"}}],\"inLanguage\":\"hr\"},{\"@type\":\"Person\",\"@id\":\"https:\/\/likemetkovic.hr\/#\/schema\/person\/a42711f3385a0e2be6f7e0443bfb28f0\",\"name\":\"LIKEmetkovic.hr\",\"sameAs\":[\"http:\/\/likemetkovic.hr\"],\"url\":\"https:\/\/likemetkovic.hr\/portal\/author\/likemetkovic-hr\/\"}]}<\/script>\n<!-- \/ Yoast SEO plugin. -->","yoast_head_json":{"title":"Od Bistrine do Dubrovnika pje\u0161ice u spomen i \u010dast na poginule i ranjene branitelje - likemetkovic.hr","robots":{"index":"index","follow":"follow","max-snippet":"max-snippet:-1","max-image-preview":"max-image-preview:large","max-video-preview":"max-video-preview:-1"},"canonical":"https:\/\/likemetkovic.hr\/od-bistrine-do-dubrovnika-pjesice-u-spomen-i-cast-na-poginule-i-ranjene-branitelje\/","og_locale":"hr_HR","og_type":"article","og_title":"Od Bistrine do Dubrovnika pje\u0161ice u spomen i \u010dast na poginule i ranjene branitelje - likemetkovic.hr","og_description":"U \u010dast i slavu za sve poginule i ranjene branitelje na ju\u017enom boji\u0161tu grupa od 13 momaka iz doline Neretve krenula je sino\u0107 na hodnju od Bistrine do Dubrovnika gdje \u0107e ujutro po dolasku, povodom Dana dubrova\u010dkih branitelja odati po\u010dast na Sr\u0111u poginulim braniteljima. Na Bistrini, nakon kratke molitve zapalili su svije\u0107e kod spomen obilje\u017eja [&hellip;]","og_url":"https:\/\/likemetkovic.hr\/od-bistrine-do-dubrovnika-pjesice-u-spomen-i-cast-na-poginule-i-ranjene-branitelje\/","og_site_name":"likemetkovic.hr","article_publisher":"https:\/\/www.facebook.com\/likemetkovic.hr\/","article_published_time":"2021-12-06T07:02:01+00:00","og_image":[{"width":800,"height":600,"url":"https:\/\/likemetkovic.hr\/wp-content\/uploads\/2021\/12\/hodnja-bistrina-poginuli.jpg","type":"image\/jpeg"}],"author":"LIKEmetkovic.hr","twitter_card":"summary_large_image","twitter_misc":{"Napisao\/la":"LIKEmetkovic.hr","Procijenjeno vrijeme \u010ditanja":"1 minuta"},"schema":{"@context":"https:\/\/schema.org","@graph":[{"@type":"WebPage","@id":"https:\/\/likemetkovic.hr\/od-bistrine-do-dubrovnika-pjesice-u-spomen-i-cast-na-poginule-i-ranjene-branitelje\/","url":"https:\/\/likemetkovic.hr\/od-bistrine-do-dubrovnika-pjesice-u-spomen-i-cast-na-poginule-i-ranjene-branitelje\/","name":"Od Bistrine do Dubrovnika pje\u0161ice u spomen i \u010dast na poginule i ranjene branitelje - likemetkovic.hr","isPartOf":{"@id":"https:\/\/likemetkovic.hr\/#website"},"primaryImageOfPage":{"@id":"https:\/\/likemetkovic.hr\/od-bistrine-do-dubrovnika-pjesice-u-spomen-i-cast-na-poginule-i-ranjene-branitelje\/#primaryimage"},"image":{"@id":"https:\/\/likemetkovic.hr\/od-bistrine-do-dubrovnika-pjesice-u-spomen-i-cast-na-poginule-i-ranjene-branitelje\/#primaryimage"},"thumbnailUrl":"https:\/\/likemetkovic.hr\/portal\/wp-content\/uploads\/2021\/12\/hodnja-bistrina-poginuli.jpg","datePublished":"2021-12-06T07:02:01+00:00","author":{"@id":"https:\/\/likemetkovic.hr\/#\/schema\/person\/a42711f3385a0e2be6f7e0443bfb28f0"},"breadcrumb":{"@id":"https:\/\/likemetkovic.hr\/od-bistrine-do-dubrovnika-pjesice-u-spomen-i-cast-na-poginule-i-ranjene-branitelje\/#breadcrumb"},"inLanguage":"hr","potentialAction":[{"@type":"ReadAction","target":["https:\/\/likemetkovic.hr\/od-bistrine-do-dubrovnika-pjesice-u-spomen-i-cast-na-poginule-i-ranjene-branitelje\/"]}]},{"@type":"ImageObject","inLanguage":"hr","@id":"https:\/\/likemetkovic.hr\/od-bistrine-do-dubrovnika-pjesice-u-spomen-i-cast-na-poginule-i-ranjene-branitelje\/#primaryimage","url":"https:\/\/likemetkovic.hr\/portal\/wp-content\/uploads\/2021\/12\/hodnja-bistrina-poginuli.jpg","contentUrl":"https:\/\/likemetkovic.hr\/portal\/wp-content\/uploads\/2021\/12\/hodnja-bistrina-poginuli.jpg","width":800,"height":600},{"@type":"BreadcrumbList","@id":"https:\/\/likemetkovic.hr\/od-bistrine-do-dubrovnika-pjesice-u-spomen-i-cast-na-poginule-i-ranjene-branitelje\/#breadcrumb","itemListElement":[{"@type":"ListItem","position":1,"name":"Po\u010detna stranica","item":"https:\/\/likemetkovic.hr\/portal\/"},{"@type":"ListItem","position":2,"name":"Od Bistrine do Dubrovnika pje\u0161ice u spomen i \u010dast na poginule i ranjene branitelje"}]},{"@type":"WebSite","@id":"https:\/\/likemetkovic.hr\/#website","url":"https:\/\/likemetkovic.hr\/","name":"likemetkovic.hr","description":"Misli pozitivno... \u010ditaj LIKE","potentialAction":[{"@type":"SearchAction","target":{"@type":"EntryPoint","urlTemplate":"https:\/\/likemetkovic.hr\/?s={search_term_string}"},"query-input":{"@type":"PropertyValueSpecification","valueRequired":true,"valueName":"search_term_string"}}],"inLanguage":"hr"},{"@type":"Person","@id":"https:\/\/likemetkovic.hr\/#\/schema\/person\/a42711f3385a0e2be6f7e0443bfb28f0","name":"LIKEmetkovic.hr","sameAs":["http:\/\/likemetkovic.hr"],"url":"https:\/\/likemetkovic.hr\/portal\/author\/likemetkovic-hr\/"}]}},"_links":{"self":[{"href":"https:\/\/likemetkovic.hr\/portal\/wp-json\/wp\/v2\/posts\/125815","targetHints":{"allow":["GET"]}}],"collection":[{"href":"https:\/\/likemetkovic.hr\/portal\/wp-json\/wp\/v2\/posts"}],"about":[{"href":"https:\/\/likemetkovic.hr\/portal\/wp-json\/wp\/v2\/types\/post"}],"author":[{"embeddable":true,"href":"https:\/\/likemetkovic.hr\/portal\/wp-json\/wp\/v2\/users\/7"}],"replies":[{"embeddable":true,"href":"https:\/\/likemetkovic.hr\/portal\/wp-json\/wp\/v2\/comments?post=125815"}],"version-history":[{"count":0,"href":"https:\/\/likemetkovic.hr\/portal\/wp-json\/wp\/v2\/posts\/125815\/revisions"}],"wp:featuredmedia":[{"embeddable":true,"href":"https:\/\/likemetkovic.hr\/portal\/wp-json\/wp\/v2\/media\/125816"}],"wp:attachment":[{"href":"https:\/\/likemetkovic.hr\/portal\/wp-json\/wp\/v2\/media?parent=125815"}],"wp:term":[{"taxonomy":"category","embeddable":true,"href":"https:\/\/likemetkovic.hr\/portal\/wp-json\/wp\/v2\/categories?post=125815"},{"taxonomy":"post_tag","embeddable":true,"href":"https:\/\/likemetkovic.hr\/portal\/wp-json\/wp\/v2\/tags?post=125815"}],"curies":[{"name":"wp","href":"https:\/\/api.w.org\/{rel}","templated":true}]}}