{"id":125866,"date":"2021-12-07T19:34:50","date_gmt":"2021-12-07T18:34:50","guid":{"rendered":"https:\/\/likemetkovic.hr\/?p=125866"},"modified":"2021-12-07T19:37:41","modified_gmt":"2021-12-07T18:37:41","slug":"hzjz-ima-vaznu-obavijest-za-zarazene-omikronom-ceka-ih-podulja-karantena-neovisno-jesu-li-cijepljeni-ili-ne","status":"publish","type":"post","link":"https:\/\/likemetkovic.hr\/portal\/hzjz-ima-vaznu-obavijest-za-zarazene-omikronom-ceka-ih-podulja-karantena-neovisno-jesu-li-cijepljeni-ili-ne\/","title":{"rendered":"HZJZ ima va\u017enu obavijest za zara\u017eene omikronom: \u010deka ih podulja karantena, neovisno jesu li cijepljeni ili ne"},"content":{"rendered":"<div class=\"introComponent\">Hrvatski zavod za javno zdravstvo (HZJZ) objavio je u utorak da svi kontakti zara\u017eenih omikron varijantom koronavirusa idu u 14-dnevnu karantenu, neovisno o cjepnom statusu i preboljenju.<\/div>\n<div class=\"banner banner--InArticle_1 js_bannerLazyLoad adexElement\">\n<div id=\"inarticle_1_mob\"><\/div>\n<\/div>\n<div class=\"textComponent\">\n<p>&#8220;Ako je izvor zara\u017een omikron varijantom ili postoji epidemiolo\u0161ka sumnja da se radi o omikron varijanti, svi kontakti, neovisno o cjepnom statusu i preboljenju, podlo\u017eni su karanteni u trajanju od 14 dana te se trebaju testirati PCR testom na po\u010detku karantene i zadnji dan karantene&#8221;, stoji u revidiranim preporukama HZJZ-a.<\/p>\n<p>&#8220;Ako se u postavljene sumnje sekvenciranjem isklju\u010di omikron varijanta, 14-dnevna karantena se prekida, a s kontaktima se dalje postupa kao kod izlo\u017eenosti udoma\u0107enim varijantama virusa&#8221;, dodaje se.<\/p>\n<p>Izmijenjene su i preporuke za izuze\u0107e od testiranja u dijelu koji se odnosi na zdravstvene ustanove i domove za starije i nemo\u0107ne osobe &#8211; mjere za zdravstvene djelatnike su dodatno opisane u Odluci sto\u017eera civilne za\u0161tite i zasebnim uputama HZJZ-a.<\/p>\n<p>Hrvatski zavod za javno zdravstvo sino\u0107 je potvrdio i tre\u0107i slu\u010daj omikron varijante koronavirusa u Hrvatskoj.<\/p>\n<\/div>\n","protected":false},"excerpt":{"rendered":"<p>Hrvatski zavod za javno zdravstvo (HZJZ) objavio je u utorak da svi kontakti zara\u017eenih omikron varijantom koronavirusa idu u 14-dnevnu karantenu, neovisno o cjepnom statusu i preboljenju. &#8220;Ako je izvor zara\u017een omikron varijantom ili postoji epidemiolo\u0161ka sumnja da se radi o omikron varijanti, svi kontakti, neovisno o cjepnom statusu i preboljenju, podlo\u017eni su karanteni u [&hellip;]<\/p>\n","protected":false},"author":7,"featured_media":110913,"comment_status":"open","ping_status":"open","sticky":false,"template":"","format":"standard","meta":{"footnotes":""},"categories":[296,1027],"tags":[7222,10229],"class_list":{"0":"post-125866","1":"post","2":"type-post","3":"status-publish","4":"format-standard","5":"has-post-thumbnail","7":"category-ab","8":"category-hrvatska","9":"tag-covid-19","10":"tag-omikron"},"yoast_head":"<!-- This site is optimized with the Yoast SEO plugin v25.2 - https:\/\/yoast.com\/wordpress\/plugins\/seo\/ -->\n<title>HZJZ ima va\u017enu obavijest za zara\u017eene omikronom: \u010deka ih podulja karantena, neovisno jesu li cijepljeni ili ne - likemetkovic.hr<\/title>\n<meta name=\"robots\" content=\"index, follow, max-snippet:-1, max-image-preview:large, max-video-preview:-1\" \/>\n<link rel=\"canonical\" href=\"https:\/\/likemetkovic.hr\/hzjz-ima-vaznu-obavijest-za-zarazene-omikronom-ceka-ih-podulja-karantena-neovisno-jesu-li-cijepljeni-ili-ne\/\" \/>\n<meta property=\"og:locale\" content=\"hr_HR\" \/>\n<meta property=\"og:type\" content=\"article\" \/>\n<meta property=\"og:title\" content=\"HZJZ ima va\u017enu obavijest za zara\u017eene omikronom: \u010deka ih podulja karantena, neovisno jesu li cijepljeni ili ne - likemetkovic.hr\" \/>\n<meta property=\"og:description\" content=\"Hrvatski zavod za javno zdravstvo (HZJZ) objavio je u utorak da svi kontakti zara\u017eenih omikron varijantom koronavirusa idu u 14-dnevnu karantenu, neovisno o cjepnom statusu i preboljenju. &#8220;Ako je izvor zara\u017een omikron varijantom ili postoji epidemiolo\u0161ka sumnja da se radi o omikron varijanti, svi kontakti, neovisno o cjepnom statusu i preboljenju, podlo\u017eni su karanteni u [&hellip;]\" \/>\n<meta property=\"og:url\" content=\"https:\/\/likemetkovic.hr\/hzjz-ima-vaznu-obavijest-za-zarazene-omikronom-ceka-ih-podulja-karantena-neovisno-jesu-li-cijepljeni-ili-ne\/\" \/>\n<meta property=\"og:site_name\" content=\"likemetkovic.hr\" \/>\n<meta property=\"article:publisher\" content=\"https:\/\/www.facebook.com\/likemetkovic.hr\/\" \/>\n<meta property=\"article:published_time\" content=\"2021-12-07T18:34:50+00:00\" \/>\n<meta property=\"article:modified_time\" content=\"2021-12-07T18:37:41+00:00\" \/>\n<meta property=\"og:image\" content=\"https:\/\/likemetkovic.hr\/wp-content\/uploads\/2020\/12\/koronavirus-testiranje.jpg\" \/>\n\t<meta property=\"og:image:width\" content=\"800\" \/>\n\t<meta property=\"og:image:height\" content=\"553\" \/>\n\t<meta property=\"og:image:type\" content=\"image\/jpeg\" \/>\n<meta name=\"author\" content=\"LIKEmetkovic.hr\" \/>\n<meta name=\"twitter:card\" content=\"summary_large_image\" \/>\n<meta name=\"twitter:label1\" content=\"Napisao\/la\" \/>\n\t<meta name=\"twitter:data1\" content=\"LIKEmetkovic.hr\" \/>\n\t<meta name=\"twitter:label2\" content=\"Procijenjeno vrijeme \u010ditanja\" \/>\n\t<meta name=\"twitter:data2\" content=\"1 minuta\" \/>\n<script type=\"application\/ld+json\" class=\"yoast-schema-graph\">{\"@context\":\"https:\/\/schema.org\",\"@graph\":[{\"@type\":\"WebPage\",\"@id\":\"https:\/\/likemetkovic.hr\/hzjz-ima-vaznu-obavijest-za-zarazene-omikronom-ceka-ih-podulja-karantena-neovisno-jesu-li-cijepljeni-ili-ne\/\",\"url\":\"https:\/\/likemetkovic.hr\/hzjz-ima-vaznu-obavijest-za-zarazene-omikronom-ceka-ih-podulja-karantena-neovisno-jesu-li-cijepljeni-ili-ne\/\",\"name\":\"HZJZ ima va\u017enu obavijest za zara\u017eene omikronom: \u010deka ih podulja karantena, neovisno jesu li cijepljeni ili ne - likemetkovic.hr\",\"isPartOf\":{\"@id\":\"https:\/\/likemetkovic.hr\/#website\"},\"primaryImageOfPage\":{\"@id\":\"https:\/\/likemetkovic.hr\/hzjz-ima-vaznu-obavijest-za-zarazene-omikronom-ceka-ih-podulja-karantena-neovisno-jesu-li-cijepljeni-ili-ne\/#primaryimage\"},\"image\":{\"@id\":\"https:\/\/likemetkovic.hr\/hzjz-ima-vaznu-obavijest-za-zarazene-omikronom-ceka-ih-podulja-karantena-neovisno-jesu-li-cijepljeni-ili-ne\/#primaryimage\"},\"thumbnailUrl\":\"https:\/\/likemetkovic.hr\/portal\/wp-content\/uploads\/2020\/12\/koronavirus-testiranje.jpg\",\"datePublished\":\"2021-12-07T18:34:50+00:00\",\"dateModified\":\"2021-12-07T18:37:41+00:00\",\"author\":{\"@id\":\"https:\/\/likemetkovic.hr\/#\/schema\/person\/a42711f3385a0e2be6f7e0443bfb28f0\"},\"breadcrumb\":{\"@id\":\"https:\/\/likemetkovic.hr\/hzjz-ima-vaznu-obavijest-za-zarazene-omikronom-ceka-ih-podulja-karantena-neovisno-jesu-li-cijepljeni-ili-ne\/#breadcrumb\"},\"inLanguage\":\"hr\",\"potentialAction\":[{\"@type\":\"ReadAction\",\"target\":[\"https:\/\/likemetkovic.hr\/hzjz-ima-vaznu-obavijest-za-zarazene-omikronom-ceka-ih-podulja-karantena-neovisno-jesu-li-cijepljeni-ili-ne\/\"]}]},{\"@type\":\"ImageObject\",\"inLanguage\":\"hr\",\"@id\":\"https:\/\/likemetkovic.hr\/hzjz-ima-vaznu-obavijest-za-zarazene-omikronom-ceka-ih-podulja-karantena-neovisno-jesu-li-cijepljeni-ili-ne\/#primaryimage\",\"url\":\"https:\/\/likemetkovic.hr\/portal\/wp-content\/uploads\/2020\/12\/koronavirus-testiranje.jpg\",\"contentUrl\":\"https:\/\/likemetkovic.hr\/portal\/wp-content\/uploads\/2020\/12\/koronavirus-testiranje.jpg\",\"width\":800,\"height\":553},{\"@type\":\"BreadcrumbList\",\"@id\":\"https:\/\/likemetkovic.hr\/hzjz-ima-vaznu-obavijest-za-zarazene-omikronom-ceka-ih-podulja-karantena-neovisno-jesu-li-cijepljeni-ili-ne\/#breadcrumb\",\"itemListElement\":[{\"@type\":\"ListItem\",\"position\":1,\"name\":\"Po\u010detna stranica\",\"item\":\"https:\/\/likemetkovic.hr\/portal\/\"},{\"@type\":\"ListItem\",\"position\":2,\"name\":\"HZJZ ima va\u017enu obavijest za zara\u017eene omikronom: \u010deka ih podulja karantena, neovisno jesu li cijepljeni ili ne\"}]},{\"@type\":\"WebSite\",\"@id\":\"https:\/\/likemetkovic.hr\/#website\",\"url\":\"https:\/\/likemetkovic.hr\/\",\"name\":\"likemetkovic.hr\",\"description\":\"Misli pozitivno... \u010ditaj LIKE\",\"potentialAction\":[{\"@type\":\"SearchAction\",\"target\":{\"@type\":\"EntryPoint\",\"urlTemplate\":\"https:\/\/likemetkovic.hr\/?s={search_term_string}\"},\"query-input\":{\"@type\":\"PropertyValueSpecification\",\"valueRequired\":true,\"valueName\":\"search_term_string\"}}],\"inLanguage\":\"hr\"},{\"@type\":\"Person\",\"@id\":\"https:\/\/likemetkovic.hr\/#\/schema\/person\/a42711f3385a0e2be6f7e0443bfb28f0\",\"name\":\"LIKEmetkovic.hr\",\"sameAs\":[\"http:\/\/likemetkovic.hr\"],\"url\":\"https:\/\/likemetkovic.hr\/portal\/author\/likemetkovic-hr\/\"}]}<\/script>\n<!-- \/ Yoast SEO plugin. -->","yoast_head_json":{"title":"HZJZ ima va\u017enu obavijest za zara\u017eene omikronom: \u010deka ih podulja karantena, neovisno jesu li cijepljeni ili ne - likemetkovic.hr","robots":{"index":"index","follow":"follow","max-snippet":"max-snippet:-1","max-image-preview":"max-image-preview:large","max-video-preview":"max-video-preview:-1"},"canonical":"https:\/\/likemetkovic.hr\/hzjz-ima-vaznu-obavijest-za-zarazene-omikronom-ceka-ih-podulja-karantena-neovisno-jesu-li-cijepljeni-ili-ne\/","og_locale":"hr_HR","og_type":"article","og_title":"HZJZ ima va\u017enu obavijest za zara\u017eene omikronom: \u010deka ih podulja karantena, neovisno jesu li cijepljeni ili ne - likemetkovic.hr","og_description":"Hrvatski zavod za javno zdravstvo (HZJZ) objavio je u utorak da svi kontakti zara\u017eenih omikron varijantom koronavirusa idu u 14-dnevnu karantenu, neovisno o cjepnom statusu i preboljenju. &#8220;Ako je izvor zara\u017een omikron varijantom ili postoji epidemiolo\u0161ka sumnja da se radi o omikron varijanti, svi kontakti, neovisno o cjepnom statusu i preboljenju, podlo\u017eni su karanteni u [&hellip;]","og_url":"https:\/\/likemetkovic.hr\/hzjz-ima-vaznu-obavijest-za-zarazene-omikronom-ceka-ih-podulja-karantena-neovisno-jesu-li-cijepljeni-ili-ne\/","og_site_name":"likemetkovic.hr","article_publisher":"https:\/\/www.facebook.com\/likemetkovic.hr\/","article_published_time":"2021-12-07T18:34:50+00:00","article_modified_time":"2021-12-07T18:37:41+00:00","og_image":[{"width":800,"height":553,"url":"https:\/\/likemetkovic.hr\/wp-content\/uploads\/2020\/12\/koronavirus-testiranje.jpg","type":"image\/jpeg"}],"author":"LIKEmetkovic.hr","twitter_card":"summary_large_image","twitter_misc":{"Napisao\/la":"LIKEmetkovic.hr","Procijenjeno vrijeme \u010ditanja":"1 minuta"},"schema":{"@context":"https:\/\/schema.org","@graph":[{"@type":"WebPage","@id":"https:\/\/likemetkovic.hr\/hzjz-ima-vaznu-obavijest-za-zarazene-omikronom-ceka-ih-podulja-karantena-neovisno-jesu-li-cijepljeni-ili-ne\/","url":"https:\/\/likemetkovic.hr\/hzjz-ima-vaznu-obavijest-za-zarazene-omikronom-ceka-ih-podulja-karantena-neovisno-jesu-li-cijepljeni-ili-ne\/","name":"HZJZ ima va\u017enu obavijest za zara\u017eene omikronom: \u010deka ih podulja karantena, neovisno jesu li cijepljeni ili ne - likemetkovic.hr","isPartOf":{"@id":"https:\/\/likemetkovic.hr\/#website"},"primaryImageOfPage":{"@id":"https:\/\/likemetkovic.hr\/hzjz-ima-vaznu-obavijest-za-zarazene-omikronom-ceka-ih-podulja-karantena-neovisno-jesu-li-cijepljeni-ili-ne\/#primaryimage"},"image":{"@id":"https:\/\/likemetkovic.hr\/hzjz-ima-vaznu-obavijest-za-zarazene-omikronom-ceka-ih-podulja-karantena-neovisno-jesu-li-cijepljeni-ili-ne\/#primaryimage"},"thumbnailUrl":"https:\/\/likemetkovic.hr\/portal\/wp-content\/uploads\/2020\/12\/koronavirus-testiranje.jpg","datePublished":"2021-12-07T18:34:50+00:00","dateModified":"2021-12-07T18:37:41+00:00","author":{"@id":"https:\/\/likemetkovic.hr\/#\/schema\/person\/a42711f3385a0e2be6f7e0443bfb28f0"},"breadcrumb":{"@id":"https:\/\/likemetkovic.hr\/hzjz-ima-vaznu-obavijest-za-zarazene-omikronom-ceka-ih-podulja-karantena-neovisno-jesu-li-cijepljeni-ili-ne\/#breadcrumb"},"inLanguage":"hr","potentialAction":[{"@type":"ReadAction","target":["https:\/\/likemetkovic.hr\/hzjz-ima-vaznu-obavijest-za-zarazene-omikronom-ceka-ih-podulja-karantena-neovisno-jesu-li-cijepljeni-ili-ne\/"]}]},{"@type":"ImageObject","inLanguage":"hr","@id":"https:\/\/likemetkovic.hr\/hzjz-ima-vaznu-obavijest-za-zarazene-omikronom-ceka-ih-podulja-karantena-neovisno-jesu-li-cijepljeni-ili-ne\/#primaryimage","url":"https:\/\/likemetkovic.hr\/portal\/wp-content\/uploads\/2020\/12\/koronavirus-testiranje.jpg","contentUrl":"https:\/\/likemetkovic.hr\/portal\/wp-content\/uploads\/2020\/12\/koronavirus-testiranje.jpg","width":800,"height":553},{"@type":"BreadcrumbList","@id":"https:\/\/likemetkovic.hr\/hzjz-ima-vaznu-obavijest-za-zarazene-omikronom-ceka-ih-podulja-karantena-neovisno-jesu-li-cijepljeni-ili-ne\/#breadcrumb","itemListElement":[{"@type":"ListItem","position":1,"name":"Po\u010detna stranica","item":"https:\/\/likemetkovic.hr\/portal\/"},{"@type":"ListItem","position":2,"name":"HZJZ ima va\u017enu obavijest za zara\u017eene omikronom: \u010deka ih podulja karantena, neovisno jesu li cijepljeni ili ne"}]},{"@type":"WebSite","@id":"https:\/\/likemetkovic.hr\/#website","url":"https:\/\/likemetkovic.hr\/","name":"likemetkovic.hr","description":"Misli pozitivno... \u010ditaj LIKE","potentialAction":[{"@type":"SearchAction","target":{"@type":"EntryPoint","urlTemplate":"https:\/\/likemetkovic.hr\/?s={search_term_string}"},"query-input":{"@type":"PropertyValueSpecification","valueRequired":true,"valueName":"search_term_string"}}],"inLanguage":"hr"},{"@type":"Person","@id":"https:\/\/likemetkovic.hr\/#\/schema\/person\/a42711f3385a0e2be6f7e0443bfb28f0","name":"LIKEmetkovic.hr","sameAs":["http:\/\/likemetkovic.hr"],"url":"https:\/\/likemetkovic.hr\/portal\/author\/likemetkovic-hr\/"}]}},"_links":{"self":[{"href":"https:\/\/likemetkovic.hr\/portal\/wp-json\/wp\/v2\/posts\/125866","targetHints":{"allow":["GET"]}}],"collection":[{"href":"https:\/\/likemetkovic.hr\/portal\/wp-json\/wp\/v2\/posts"}],"about":[{"href":"https:\/\/likemetkovic.hr\/portal\/wp-json\/wp\/v2\/types\/post"}],"author":[{"embeddable":true,"href":"https:\/\/likemetkovic.hr\/portal\/wp-json\/wp\/v2\/users\/7"}],"replies":[{"embeddable":true,"href":"https:\/\/likemetkovic.hr\/portal\/wp-json\/wp\/v2\/comments?post=125866"}],"version-history":[{"count":0,"href":"https:\/\/likemetkovic.hr\/portal\/wp-json\/wp\/v2\/posts\/125866\/revisions"}],"wp:featuredmedia":[{"embeddable":true,"href":"https:\/\/likemetkovic.hr\/portal\/wp-json\/wp\/v2\/media\/110913"}],"wp:attachment":[{"href":"https:\/\/likemetkovic.hr\/portal\/wp-json\/wp\/v2\/media?parent=125866"}],"wp:term":[{"taxonomy":"category","embeddable":true,"href":"https:\/\/likemetkovic.hr\/portal\/wp-json\/wp\/v2\/categories?post=125866"},{"taxonomy":"post_tag","embeddable":true,"href":"https:\/\/likemetkovic.hr\/portal\/wp-json\/wp\/v2\/tags?post=125866"}],"curies":[{"name":"wp","href":"https:\/\/api.w.org\/{rel}","templated":true}]}}