{"id":125878,"date":"2021-12-08T10:19:59","date_gmt":"2021-12-08T09:19:59","guid":{"rendered":"https:\/\/likemetkovic.hr\/?p=125878"},"modified":"2021-12-08T10:19:59","modified_gmt":"2021-12-08T09:19:59","slug":"vec-veceras-olujno-jugo-i-kisa-ponovno-stizu-obilne-oborine","status":"publish","type":"post","link":"https:\/\/likemetkovic.hr\/portal\/vec-veceras-olujno-jugo-i-kisa-ponovno-stizu-obilne-oborine\/","title":{"rendered":"Ve\u0107 ve\u010deras olujno jugo i ki\u0161a, ponovno sti\u017eu obilne oborine"},"content":{"rendered":"<p>Prosinac je donio nastavak nestabilnog vremena cijeloj Dalmaciji, a posljednja dva dana uslijedila je kratkotrajna pauza od oborina. No tlak zraka je u padu, ve\u0107 u rano popodne sti\u017ee nam jugo kao uvod u novu jaku promjenu vremena, pi\u0161e <a href=\"https:\/\/www.dalmacijadanas.hr\/upalio-se-narancasti-meteoalarm-vec-veceras-olujno-jugo-i-kisa-ponovno-stizu-obilne-oborine-u-subotu-olujna-bura2\">Dalmacija danas.\u00a0<\/a><\/p>\n<p>No prije nje imali smo prili\u010dno hladnu no\u0107 s mrazom gotovo diljem Zagore.\u00a0Slabog mraza bilo je \u010dak i unutra\u0161njosti otoka.<\/p>\n<p>Do kraja tjedna uglavnom \u0107e nas pratiti oblaci, a lokalno \u0107e pasti preko 100 litara ki\u0161e po kvadratnom metru. S obzirom na postoje\u0107u situaciju na terenu, to nikako nisu dobre vijesti.<\/p>\n<p><strong>Danas<\/strong>\u00a0nas o\u010dekuje djelomi\u010dno sun\u010dano i ve\u0107i dio dana suho vrijeme. Popodne ja\u010de naobla\u010denje sa zapada, a nave\u010der \u0107e po\u010deti ki\u0161a. Jutro tiho, danju \u0107e zapuhati umjereno do jako jugo koje \u0107e nave\u010der na moru i uz obalu imati olujne udare. Jutro hladno, najvi\u0161e dnevne temperature dose\u0107i \u0107e se tek nave\u010der kada \u0107e uz obalu i na otocima biti iznad 10 stupnjeva.<\/p>\n<p>DHMZ je unutar sustava<strong> Meteoalarm<\/strong>\u00a0za more izdao naran\u010dasti stupanj upozorenja i to zbog udara vjetra do 110 km\/h.<\/p>\n<p><strong>U \u010detvrtak<\/strong>\u00a0obla\u010dno uz \u010destu ki\u0161u, pljuskove i grmljavinu. Oborine \u0107e najobilnije biti jo\u0161 u no\u0107i. Lokalno \u0107e pasti preko 50 litara ki\u0161e po kvadratnom metru. Kasno popodne i nave\u010der u vi\u0161im planinama ki\u0161a \u0107e prije\u0107i u snijeg. Ujutro jako jugo i o\u0161tro, slabit \u0107e danju i prema ve\u010deri okrenuti na slabu do umjerenu buru. U po\u010detku \u0107e biti toplo, na moru ponegdje i iznad 15 stupnjeva. Kasno popodne umjeren pad temperature zraka.<\/p>\n<p><strong>U petak<\/strong>\u00a0\u0107e biti umjereno do znatno obla\u010dno. Iako \u0107e povremeno padati ki\u0161a, ona ne\u0107e biti ni pribli\u017eno obilna kao u \u010detvrtak. U Zagori \u0107e padati snijeg iznad 700 metara, na obalnom gorju iznad 1000 metara nadmorske visine. Vjetar \u0107e mijenjati smjer, nave\u010der umjereno do poja\u010dano jugo. Hladnije u odnosu na \u010detvrtak, najvi\u0161e dnevne temperature ve\u0107inom od 6 do 12\u00b0C.<\/p>\n<h4>Problemi u prometu u subotu<\/h4>\n<p><strong>U subotu<\/strong>\u00a0prete\u017eno obla\u010dno, povremeno uz oborine koje \u0107e biti \u010de\u0161\u0107e u prvom dijelu dana. U planinama \u0107e padati snijeg, a snijeg \u0107e se u Zagori ponegdje spustiti do ni\u017eim predjela. Puhat \u0107e umjerena do jaka bura koja \u0107e podno Velebita biti olujna s orkanskim udarima. O\u010dekuju se problemi u prometu, osobito u drugom dijelu dana. Prohladno s najvi\u0161im dnevnim temperaturama ve\u0107inom od 5 do 11\u00b0C.<\/p>\n<p><strong>U nedjelju<\/strong>\u00a0postupno smirivanje vremena pa \u0107e biti suho, a prema ve\u010deri i djelomi\u010dno razvedravanje. Bura \u0107e slabiti i popodne okretati na tramontanu. Bit \u0107e jo\u0161 malo hladnije.<\/p>\n<h4>Smije\u0161i nam se sun\u010dan tjedan?<\/h4>\n<p>Dobre vijesti vjerojatno nam sti\u017eu sljede\u0107i tjedan jer \u0107e ve\u0107ina dana biti prete\u017eno sun\u010dana, iako prohladna uz slabu do umjerenu buru, prognozira\u00a0<a href=\"https:\/\/www.dalmacijadanas.hr\/upalio-se-narancasti-meteoalarm-vec-veceras-olujno-jugo-i-kisa-ponovno-stizu-obilne-oborine-u-subotu-olujna-bura2\">Dalmacija danas<\/a>.<\/p>\n","protected":false},"excerpt":{"rendered":"<p>Prosinac je donio nastavak nestabilnog vremena cijeloj Dalmaciji, a posljednja dva dana uslijedila je kratkotrajna pauza od oborina. No tlak zraka je u padu, ve\u0107 u rano popodne sti\u017ee nam jugo kao uvod u novu jaku promjenu vremena, pi\u0161e Dalmacija danas.\u00a0 No prije nje imali smo prili\u010dno hladnu no\u0107 s mrazom gotovo diljem Zagore.\u00a0Slabog mraza [&hellip;]<\/p>\n","protected":false},"author":7,"featured_media":108230,"comment_status":"open","ping_status":"open","sticky":false,"template":"","format":"standard","meta":{"footnotes":""},"categories":[296,11],"tags":[365],"class_list":{"0":"post-125878","1":"post","2":"type-post","3":"status-publish","4":"format-standard","5":"has-post-thumbnail","7":"category-ab","8":"category-metkovic-dolina","9":"tag-vremenska-prognoza"},"yoast_head":"<!-- This site is optimized with the Yoast SEO plugin v25.2 - https:\/\/yoast.com\/wordpress\/plugins\/seo\/ -->\n<title>Ve\u0107 ve\u010deras olujno jugo i ki\u0161a, ponovno sti\u017eu obilne oborine - likemetkovic.hr<\/title>\n<meta name=\"robots\" content=\"index, follow, max-snippet:-1, max-image-preview:large, max-video-preview:-1\" \/>\n<link rel=\"canonical\" href=\"https:\/\/likemetkovic.hr\/vec-veceras-olujno-jugo-i-kisa-ponovno-stizu-obilne-oborine\/\" \/>\n<meta property=\"og:locale\" content=\"hr_HR\" \/>\n<meta property=\"og:type\" content=\"article\" \/>\n<meta property=\"og:title\" content=\"Ve\u0107 ve\u010deras olujno jugo i ki\u0161a, ponovno sti\u017eu obilne oborine - likemetkovic.hr\" \/>\n<meta property=\"og:description\" content=\"Prosinac je donio nastavak nestabilnog vremena cijeloj Dalmaciji, a posljednja dva dana uslijedila je kratkotrajna pauza od oborina. No tlak zraka je u padu, ve\u0107 u rano popodne sti\u017ee nam jugo kao uvod u novu jaku promjenu vremena, pi\u0161e Dalmacija danas.\u00a0 No prije nje imali smo prili\u010dno hladnu no\u0107 s mrazom gotovo diljem Zagore.\u00a0Slabog mraza [&hellip;]\" \/>\n<meta property=\"og:url\" content=\"https:\/\/likemetkovic.hr\/vec-veceras-olujno-jugo-i-kisa-ponovno-stizu-obilne-oborine\/\" \/>\n<meta property=\"og:site_name\" content=\"likemetkovic.hr\" \/>\n<meta property=\"article:publisher\" content=\"https:\/\/www.facebook.com\/likemetkovic.hr\/\" \/>\n<meta property=\"article:published_time\" content=\"2021-12-08T09:19:59+00:00\" \/>\n<meta property=\"og:image\" content=\"https:\/\/likemetkovic.hr\/wp-content\/uploads\/2020\/10\/vrijeme-jugo-more.jpg\" \/>\n\t<meta property=\"og:image:width\" content=\"800\" \/>\n\t<meta property=\"og:image:height\" content=\"500\" \/>\n\t<meta property=\"og:image:type\" content=\"image\/jpeg\" \/>\n<meta name=\"author\" content=\"LIKEmetkovic.hr\" \/>\n<meta name=\"twitter:card\" content=\"summary_large_image\" \/>\n<meta name=\"twitter:label1\" content=\"Napisao\/la\" \/>\n\t<meta name=\"twitter:data1\" content=\"LIKEmetkovic.hr\" \/>\n\t<meta name=\"twitter:label2\" content=\"Procijenjeno vrijeme \u010ditanja\" \/>\n\t<meta name=\"twitter:data2\" content=\"2 minute\" \/>\n<script type=\"application\/ld+json\" class=\"yoast-schema-graph\">{\"@context\":\"https:\/\/schema.org\",\"@graph\":[{\"@type\":\"WebPage\",\"@id\":\"https:\/\/likemetkovic.hr\/vec-veceras-olujno-jugo-i-kisa-ponovno-stizu-obilne-oborine\/\",\"url\":\"https:\/\/likemetkovic.hr\/vec-veceras-olujno-jugo-i-kisa-ponovno-stizu-obilne-oborine\/\",\"name\":\"Ve\u0107 ve\u010deras olujno jugo i ki\u0161a, ponovno sti\u017eu obilne oborine - likemetkovic.hr\",\"isPartOf\":{\"@id\":\"https:\/\/likemetkovic.hr\/#website\"},\"primaryImageOfPage\":{\"@id\":\"https:\/\/likemetkovic.hr\/vec-veceras-olujno-jugo-i-kisa-ponovno-stizu-obilne-oborine\/#primaryimage\"},\"image\":{\"@id\":\"https:\/\/likemetkovic.hr\/vec-veceras-olujno-jugo-i-kisa-ponovno-stizu-obilne-oborine\/#primaryimage\"},\"thumbnailUrl\":\"https:\/\/likemetkovic.hr\/portal\/wp-content\/uploads\/2020\/10\/vrijeme-jugo-more.jpg\",\"datePublished\":\"2021-12-08T09:19:59+00:00\",\"author\":{\"@id\":\"https:\/\/likemetkovic.hr\/#\/schema\/person\/a42711f3385a0e2be6f7e0443bfb28f0\"},\"breadcrumb\":{\"@id\":\"https:\/\/likemetkovic.hr\/vec-veceras-olujno-jugo-i-kisa-ponovno-stizu-obilne-oborine\/#breadcrumb\"},\"inLanguage\":\"hr\",\"potentialAction\":[{\"@type\":\"ReadAction\",\"target\":[\"https:\/\/likemetkovic.hr\/vec-veceras-olujno-jugo-i-kisa-ponovno-stizu-obilne-oborine\/\"]}]},{\"@type\":\"ImageObject\",\"inLanguage\":\"hr\",\"@id\":\"https:\/\/likemetkovic.hr\/vec-veceras-olujno-jugo-i-kisa-ponovno-stizu-obilne-oborine\/#primaryimage\",\"url\":\"https:\/\/likemetkovic.hr\/portal\/wp-content\/uploads\/2020\/10\/vrijeme-jugo-more.jpg\",\"contentUrl\":\"https:\/\/likemetkovic.hr\/portal\/wp-content\/uploads\/2020\/10\/vrijeme-jugo-more.jpg\",\"width\":800,\"height\":500},{\"@type\":\"BreadcrumbList\",\"@id\":\"https:\/\/likemetkovic.hr\/vec-veceras-olujno-jugo-i-kisa-ponovno-stizu-obilne-oborine\/#breadcrumb\",\"itemListElement\":[{\"@type\":\"ListItem\",\"position\":1,\"name\":\"Po\u010detna stranica\",\"item\":\"https:\/\/likemetkovic.hr\/portal\/\"},{\"@type\":\"ListItem\",\"position\":2,\"name\":\"Ve\u0107 ve\u010deras olujno jugo i ki\u0161a, ponovno sti\u017eu obilne oborine\"}]},{\"@type\":\"WebSite\",\"@id\":\"https:\/\/likemetkovic.hr\/#website\",\"url\":\"https:\/\/likemetkovic.hr\/\",\"name\":\"likemetkovic.hr\",\"description\":\"Misli pozitivno... \u010ditaj LIKE\",\"potentialAction\":[{\"@type\":\"SearchAction\",\"target\":{\"@type\":\"EntryPoint\",\"urlTemplate\":\"https:\/\/likemetkovic.hr\/?s={search_term_string}\"},\"query-input\":{\"@type\":\"PropertyValueSpecification\",\"valueRequired\":true,\"valueName\":\"search_term_string\"}}],\"inLanguage\":\"hr\"},{\"@type\":\"Person\",\"@id\":\"https:\/\/likemetkovic.hr\/#\/schema\/person\/a42711f3385a0e2be6f7e0443bfb28f0\",\"name\":\"LIKEmetkovic.hr\",\"sameAs\":[\"http:\/\/likemetkovic.hr\"],\"url\":\"https:\/\/likemetkovic.hr\/portal\/author\/likemetkovic-hr\/\"}]}<\/script>\n<!-- \/ Yoast SEO plugin. -->","yoast_head_json":{"title":"Ve\u0107 ve\u010deras olujno jugo i ki\u0161a, ponovno sti\u017eu obilne oborine - likemetkovic.hr","robots":{"index":"index","follow":"follow","max-snippet":"max-snippet:-1","max-image-preview":"max-image-preview:large","max-video-preview":"max-video-preview:-1"},"canonical":"https:\/\/likemetkovic.hr\/vec-veceras-olujno-jugo-i-kisa-ponovno-stizu-obilne-oborine\/","og_locale":"hr_HR","og_type":"article","og_title":"Ve\u0107 ve\u010deras olujno jugo i ki\u0161a, ponovno sti\u017eu obilne oborine - likemetkovic.hr","og_description":"Prosinac je donio nastavak nestabilnog vremena cijeloj Dalmaciji, a posljednja dva dana uslijedila je kratkotrajna pauza od oborina. No tlak zraka je u padu, ve\u0107 u rano popodne sti\u017ee nam jugo kao uvod u novu jaku promjenu vremena, pi\u0161e Dalmacija danas.\u00a0 No prije nje imali smo prili\u010dno hladnu no\u0107 s mrazom gotovo diljem Zagore.\u00a0Slabog mraza [&hellip;]","og_url":"https:\/\/likemetkovic.hr\/vec-veceras-olujno-jugo-i-kisa-ponovno-stizu-obilne-oborine\/","og_site_name":"likemetkovic.hr","article_publisher":"https:\/\/www.facebook.com\/likemetkovic.hr\/","article_published_time":"2021-12-08T09:19:59+00:00","og_image":[{"width":800,"height":500,"url":"https:\/\/likemetkovic.hr\/wp-content\/uploads\/2020\/10\/vrijeme-jugo-more.jpg","type":"image\/jpeg"}],"author":"LIKEmetkovic.hr","twitter_card":"summary_large_image","twitter_misc":{"Napisao\/la":"LIKEmetkovic.hr","Procijenjeno vrijeme \u010ditanja":"2 minute"},"schema":{"@context":"https:\/\/schema.org","@graph":[{"@type":"WebPage","@id":"https:\/\/likemetkovic.hr\/vec-veceras-olujno-jugo-i-kisa-ponovno-stizu-obilne-oborine\/","url":"https:\/\/likemetkovic.hr\/vec-veceras-olujno-jugo-i-kisa-ponovno-stizu-obilne-oborine\/","name":"Ve\u0107 ve\u010deras olujno jugo i ki\u0161a, ponovno sti\u017eu obilne oborine - likemetkovic.hr","isPartOf":{"@id":"https:\/\/likemetkovic.hr\/#website"},"primaryImageOfPage":{"@id":"https:\/\/likemetkovic.hr\/vec-veceras-olujno-jugo-i-kisa-ponovno-stizu-obilne-oborine\/#primaryimage"},"image":{"@id":"https:\/\/likemetkovic.hr\/vec-veceras-olujno-jugo-i-kisa-ponovno-stizu-obilne-oborine\/#primaryimage"},"thumbnailUrl":"https:\/\/likemetkovic.hr\/portal\/wp-content\/uploads\/2020\/10\/vrijeme-jugo-more.jpg","datePublished":"2021-12-08T09:19:59+00:00","author":{"@id":"https:\/\/likemetkovic.hr\/#\/schema\/person\/a42711f3385a0e2be6f7e0443bfb28f0"},"breadcrumb":{"@id":"https:\/\/likemetkovic.hr\/vec-veceras-olujno-jugo-i-kisa-ponovno-stizu-obilne-oborine\/#breadcrumb"},"inLanguage":"hr","potentialAction":[{"@type":"ReadAction","target":["https:\/\/likemetkovic.hr\/vec-veceras-olujno-jugo-i-kisa-ponovno-stizu-obilne-oborine\/"]}]},{"@type":"ImageObject","inLanguage":"hr","@id":"https:\/\/likemetkovic.hr\/vec-veceras-olujno-jugo-i-kisa-ponovno-stizu-obilne-oborine\/#primaryimage","url":"https:\/\/likemetkovic.hr\/portal\/wp-content\/uploads\/2020\/10\/vrijeme-jugo-more.jpg","contentUrl":"https:\/\/likemetkovic.hr\/portal\/wp-content\/uploads\/2020\/10\/vrijeme-jugo-more.jpg","width":800,"height":500},{"@type":"BreadcrumbList","@id":"https:\/\/likemetkovic.hr\/vec-veceras-olujno-jugo-i-kisa-ponovno-stizu-obilne-oborine\/#breadcrumb","itemListElement":[{"@type":"ListItem","position":1,"name":"Po\u010detna stranica","item":"https:\/\/likemetkovic.hr\/portal\/"},{"@type":"ListItem","position":2,"name":"Ve\u0107 ve\u010deras olujno jugo i ki\u0161a, ponovno sti\u017eu obilne oborine"}]},{"@type":"WebSite","@id":"https:\/\/likemetkovic.hr\/#website","url":"https:\/\/likemetkovic.hr\/","name":"likemetkovic.hr","description":"Misli pozitivno... \u010ditaj LIKE","potentialAction":[{"@type":"SearchAction","target":{"@type":"EntryPoint","urlTemplate":"https:\/\/likemetkovic.hr\/?s={search_term_string}"},"query-input":{"@type":"PropertyValueSpecification","valueRequired":true,"valueName":"search_term_string"}}],"inLanguage":"hr"},{"@type":"Person","@id":"https:\/\/likemetkovic.hr\/#\/schema\/person\/a42711f3385a0e2be6f7e0443bfb28f0","name":"LIKEmetkovic.hr","sameAs":["http:\/\/likemetkovic.hr"],"url":"https:\/\/likemetkovic.hr\/portal\/author\/likemetkovic-hr\/"}]}},"_links":{"self":[{"href":"https:\/\/likemetkovic.hr\/portal\/wp-json\/wp\/v2\/posts\/125878","targetHints":{"allow":["GET"]}}],"collection":[{"href":"https:\/\/likemetkovic.hr\/portal\/wp-json\/wp\/v2\/posts"}],"about":[{"href":"https:\/\/likemetkovic.hr\/portal\/wp-json\/wp\/v2\/types\/post"}],"author":[{"embeddable":true,"href":"https:\/\/likemetkovic.hr\/portal\/wp-json\/wp\/v2\/users\/7"}],"replies":[{"embeddable":true,"href":"https:\/\/likemetkovic.hr\/portal\/wp-json\/wp\/v2\/comments?post=125878"}],"version-history":[{"count":0,"href":"https:\/\/likemetkovic.hr\/portal\/wp-json\/wp\/v2\/posts\/125878\/revisions"}],"wp:featuredmedia":[{"embeddable":true,"href":"https:\/\/likemetkovic.hr\/portal\/wp-json\/wp\/v2\/media\/108230"}],"wp:attachment":[{"href":"https:\/\/likemetkovic.hr\/portal\/wp-json\/wp\/v2\/media?parent=125878"}],"wp:term":[{"taxonomy":"category","embeddable":true,"href":"https:\/\/likemetkovic.hr\/portal\/wp-json\/wp\/v2\/categories?post=125878"},{"taxonomy":"post_tag","embeddable":true,"href":"https:\/\/likemetkovic.hr\/portal\/wp-json\/wp\/v2\/tags?post=125878"}],"curies":[{"name":"wp","href":"https:\/\/api.w.org\/{rel}","templated":true}]}}