{"id":125887,"date":"2021-12-08T16:39:04","date_gmt":"2021-12-08T15:39:04","guid":{"rendered":"https:\/\/likemetkovic.hr\/?p=125887"},"modified":"2021-12-08T16:39:46","modified_gmt":"2021-12-08T15:39:46","slug":"najava-u-petak-koncert-klape-iskon-a-u-nedjelju-grupe-narona","status":"publish","type":"post","link":"https:\/\/likemetkovic.hr\/portal\/najava-u-petak-koncert-klape-iskon-a-u-nedjelju-grupe-narona\/","title":{"rendered":"NAJAVA | U petak koncert klape Iskon, a u nedjelju grupe Narona"},"content":{"rendered":"<p>U sklopu manifestacije<em> Bo\u017ei\u0107 u Neretvi<\/em><strong> u petak, 10. prosinca<\/strong>, s po\u010detkom u 19 sati u Gradskom parku \u0107e koncert odr\u017eati<strong> klapa Iskon<\/strong>.<\/p>\n<p><img decoding=\"async\" class=\"size-medium wp-image-125888 aligncenter\" src=\"https:\/\/likemetkovic.hr\/wp-content\/uploads\/2021\/12\/KLAPA-ISKON-800x432.jpg\" alt=\"\" width=\"800\" height=\"432\" srcset=\"https:\/\/likemetkovic.hr\/portal\/wp-content\/uploads\/2021\/12\/KLAPA-ISKON-800x432.jpg 800w, https:\/\/likemetkovic.hr\/portal\/wp-content\/uploads\/2021\/12\/KLAPA-ISKON-768x415.jpg 768w, https:\/\/likemetkovic.hr\/portal\/wp-content\/uploads\/2021\/12\/KLAPA-ISKON-696x376.jpg 696w, https:\/\/likemetkovic.hr\/portal\/wp-content\/uploads\/2021\/12\/KLAPA-ISKON-778x420.jpg 778w, https:\/\/likemetkovic.hr\/portal\/wp-content\/uploads\/2021\/12\/KLAPA-ISKON.jpg 900w\" sizes=\"(max-width: 800px) 100vw, 800px\" \/><\/p>\n<p>U <strong>nedjelju, 12. prosinca<\/strong>, u 19 sati koncert \u0107e odr\u017eati grupa <strong>Narona<\/strong>.<\/p>\n<p><img decoding=\"async\" class=\"size-full wp-image-125890 aligncenter\" src=\"https:\/\/likemetkovic.hr\/wp-content\/uploads\/2021\/12\/GRUPA-NARONA-BOZIC-U-NERETVI.jpg\" alt=\"\" width=\"587\" height=\"405\" srcset=\"https:\/\/likemetkovic.hr\/portal\/wp-content\/uploads\/2021\/12\/GRUPA-NARONA-BOZIC-U-NERETVI.jpg 587w, https:\/\/likemetkovic.hr\/portal\/wp-content\/uploads\/2021\/12\/GRUPA-NARONA-BOZIC-U-NERETVI-218x150.jpg 218w, https:\/\/likemetkovic.hr\/portal\/wp-content\/uploads\/2021\/12\/GRUPA-NARONA-BOZIC-U-NERETVI-100x70.jpg 100w\" sizes=\"(max-width: 587px) 100vw, 587px\" \/><\/p>\n","protected":false},"excerpt":{"rendered":"<p>U sklopu manifestacije Bo\u017ei\u0107 u Neretvi u petak, 10. prosinca, s po\u010detkom u 19 sati u Gradskom parku \u0107e koncert odr\u017eati klapa Iskon. U nedjelju, 12. prosinca, u 19 sati koncert \u0107e odr\u017eati grupa Narona.<\/p>\n","protected":false},"author":7,"featured_media":125888,"comment_status":"open","ping_status":"open","sticky":false,"template":"","format":"standard","meta":{"footnotes":""},"categories":[296,11],"tags":[1868],"class_list":{"0":"post-125887","1":"post","2":"type-post","3":"status-publish","4":"format-standard","5":"has-post-thumbnail","7":"category-ab","8":"category-metkovic-dolina","9":"tag-bozic-u-neretvi"},"yoast_head":"<!-- This site is optimized with the Yoast SEO plugin v25.2 - https:\/\/yoast.com\/wordpress\/plugins\/seo\/ -->\n<title>NAJAVA | U petak koncert klape Iskon, a u nedjelju grupe Narona - likemetkovic.hr<\/title>\n<meta name=\"robots\" content=\"index, follow, max-snippet:-1, max-image-preview:large, max-video-preview:-1\" \/>\n<link rel=\"canonical\" href=\"https:\/\/likemetkovic.hr\/najava-u-petak-koncert-klape-iskon-a-u-nedjelju-grupe-narona\/\" \/>\n<meta property=\"og:locale\" content=\"hr_HR\" \/>\n<meta property=\"og:type\" content=\"article\" \/>\n<meta property=\"og:title\" content=\"NAJAVA | U petak koncert klape Iskon, a u nedjelju grupe Narona - likemetkovic.hr\" \/>\n<meta property=\"og:description\" content=\"U sklopu manifestacije Bo\u017ei\u0107 u Neretvi u petak, 10. prosinca, s po\u010detkom u 19 sati u Gradskom parku \u0107e koncert odr\u017eati klapa Iskon. U nedjelju, 12. prosinca, u 19 sati koncert \u0107e odr\u017eati grupa Narona.\" \/>\n<meta property=\"og:url\" content=\"https:\/\/likemetkovic.hr\/najava-u-petak-koncert-klape-iskon-a-u-nedjelju-grupe-narona\/\" \/>\n<meta property=\"og:site_name\" content=\"likemetkovic.hr\" \/>\n<meta property=\"article:publisher\" content=\"https:\/\/www.facebook.com\/likemetkovic.hr\/\" \/>\n<meta property=\"article:published_time\" content=\"2021-12-08T15:39:04+00:00\" \/>\n<meta property=\"article:modified_time\" content=\"2021-12-08T15:39:46+00:00\" \/>\n<meta property=\"og:image\" content=\"https:\/\/likemetkovic.hr\/wp-content\/uploads\/2021\/12\/KLAPA-ISKON.jpg\" \/>\n\t<meta property=\"og:image:width\" content=\"900\" \/>\n\t<meta property=\"og:image:height\" content=\"486\" \/>\n\t<meta property=\"og:image:type\" content=\"image\/jpeg\" \/>\n<meta name=\"author\" content=\"LIKEmetkovic.hr\" \/>\n<meta name=\"twitter:card\" content=\"summary_large_image\" \/>\n<meta name=\"twitter:label1\" content=\"Napisao\/la\" \/>\n\t<meta name=\"twitter:data1\" content=\"LIKEmetkovic.hr\" \/>\n<script type=\"application\/ld+json\" class=\"yoast-schema-graph\">{\"@context\":\"https:\/\/schema.org\",\"@graph\":[{\"@type\":\"WebPage\",\"@id\":\"https:\/\/likemetkovic.hr\/najava-u-petak-koncert-klape-iskon-a-u-nedjelju-grupe-narona\/\",\"url\":\"https:\/\/likemetkovic.hr\/najava-u-petak-koncert-klape-iskon-a-u-nedjelju-grupe-narona\/\",\"name\":\"NAJAVA | U petak koncert klape Iskon, a u nedjelju grupe Narona - likemetkovic.hr\",\"isPartOf\":{\"@id\":\"https:\/\/likemetkovic.hr\/#website\"},\"primaryImageOfPage\":{\"@id\":\"https:\/\/likemetkovic.hr\/najava-u-petak-koncert-klape-iskon-a-u-nedjelju-grupe-narona\/#primaryimage\"},\"image\":{\"@id\":\"https:\/\/likemetkovic.hr\/najava-u-petak-koncert-klape-iskon-a-u-nedjelju-grupe-narona\/#primaryimage\"},\"thumbnailUrl\":\"https:\/\/likemetkovic.hr\/portal\/wp-content\/uploads\/2021\/12\/KLAPA-ISKON.jpg\",\"datePublished\":\"2021-12-08T15:39:04+00:00\",\"dateModified\":\"2021-12-08T15:39:46+00:00\",\"author\":{\"@id\":\"https:\/\/likemetkovic.hr\/#\/schema\/person\/a42711f3385a0e2be6f7e0443bfb28f0\"},\"breadcrumb\":{\"@id\":\"https:\/\/likemetkovic.hr\/najava-u-petak-koncert-klape-iskon-a-u-nedjelju-grupe-narona\/#breadcrumb\"},\"inLanguage\":\"hr\",\"potentialAction\":[{\"@type\":\"ReadAction\",\"target\":[\"https:\/\/likemetkovic.hr\/najava-u-petak-koncert-klape-iskon-a-u-nedjelju-grupe-narona\/\"]}]},{\"@type\":\"ImageObject\",\"inLanguage\":\"hr\",\"@id\":\"https:\/\/likemetkovic.hr\/najava-u-petak-koncert-klape-iskon-a-u-nedjelju-grupe-narona\/#primaryimage\",\"url\":\"https:\/\/likemetkovic.hr\/portal\/wp-content\/uploads\/2021\/12\/KLAPA-ISKON.jpg\",\"contentUrl\":\"https:\/\/likemetkovic.hr\/portal\/wp-content\/uploads\/2021\/12\/KLAPA-ISKON.jpg\",\"width\":900,\"height\":486},{\"@type\":\"BreadcrumbList\",\"@id\":\"https:\/\/likemetkovic.hr\/najava-u-petak-koncert-klape-iskon-a-u-nedjelju-grupe-narona\/#breadcrumb\",\"itemListElement\":[{\"@type\":\"ListItem\",\"position\":1,\"name\":\"Po\u010detna stranica\",\"item\":\"https:\/\/likemetkovic.hr\/portal\/\"},{\"@type\":\"ListItem\",\"position\":2,\"name\":\"NAJAVA | U petak koncert klape Iskon, a u nedjelju grupe Narona\"}]},{\"@type\":\"WebSite\",\"@id\":\"https:\/\/likemetkovic.hr\/#website\",\"url\":\"https:\/\/likemetkovic.hr\/\",\"name\":\"likemetkovic.hr\",\"description\":\"Misli pozitivno... \u010ditaj LIKE\",\"potentialAction\":[{\"@type\":\"SearchAction\",\"target\":{\"@type\":\"EntryPoint\",\"urlTemplate\":\"https:\/\/likemetkovic.hr\/?s={search_term_string}\"},\"query-input\":{\"@type\":\"PropertyValueSpecification\",\"valueRequired\":true,\"valueName\":\"search_term_string\"}}],\"inLanguage\":\"hr\"},{\"@type\":\"Person\",\"@id\":\"https:\/\/likemetkovic.hr\/#\/schema\/person\/a42711f3385a0e2be6f7e0443bfb28f0\",\"name\":\"LIKEmetkovic.hr\",\"sameAs\":[\"http:\/\/likemetkovic.hr\"],\"url\":\"https:\/\/likemetkovic.hr\/portal\/author\/likemetkovic-hr\/\"}]}<\/script>\n<!-- \/ Yoast SEO plugin. -->","yoast_head_json":{"title":"NAJAVA | U petak koncert klape Iskon, a u nedjelju grupe Narona - likemetkovic.hr","robots":{"index":"index","follow":"follow","max-snippet":"max-snippet:-1","max-image-preview":"max-image-preview:large","max-video-preview":"max-video-preview:-1"},"canonical":"https:\/\/likemetkovic.hr\/najava-u-petak-koncert-klape-iskon-a-u-nedjelju-grupe-narona\/","og_locale":"hr_HR","og_type":"article","og_title":"NAJAVA | U petak koncert klape Iskon, a u nedjelju grupe Narona - likemetkovic.hr","og_description":"U sklopu manifestacije Bo\u017ei\u0107 u Neretvi u petak, 10. prosinca, s po\u010detkom u 19 sati u Gradskom parku \u0107e koncert odr\u017eati klapa Iskon. U nedjelju, 12. prosinca, u 19 sati koncert \u0107e odr\u017eati grupa Narona.","og_url":"https:\/\/likemetkovic.hr\/najava-u-petak-koncert-klape-iskon-a-u-nedjelju-grupe-narona\/","og_site_name":"likemetkovic.hr","article_publisher":"https:\/\/www.facebook.com\/likemetkovic.hr\/","article_published_time":"2021-12-08T15:39:04+00:00","article_modified_time":"2021-12-08T15:39:46+00:00","og_image":[{"width":900,"height":486,"url":"https:\/\/likemetkovic.hr\/wp-content\/uploads\/2021\/12\/KLAPA-ISKON.jpg","type":"image\/jpeg"}],"author":"LIKEmetkovic.hr","twitter_card":"summary_large_image","twitter_misc":{"Napisao\/la":"LIKEmetkovic.hr"},"schema":{"@context":"https:\/\/schema.org","@graph":[{"@type":"WebPage","@id":"https:\/\/likemetkovic.hr\/najava-u-petak-koncert-klape-iskon-a-u-nedjelju-grupe-narona\/","url":"https:\/\/likemetkovic.hr\/najava-u-petak-koncert-klape-iskon-a-u-nedjelju-grupe-narona\/","name":"NAJAVA | U petak koncert klape Iskon, a u nedjelju grupe Narona - likemetkovic.hr","isPartOf":{"@id":"https:\/\/likemetkovic.hr\/#website"},"primaryImageOfPage":{"@id":"https:\/\/likemetkovic.hr\/najava-u-petak-koncert-klape-iskon-a-u-nedjelju-grupe-narona\/#primaryimage"},"image":{"@id":"https:\/\/likemetkovic.hr\/najava-u-petak-koncert-klape-iskon-a-u-nedjelju-grupe-narona\/#primaryimage"},"thumbnailUrl":"https:\/\/likemetkovic.hr\/portal\/wp-content\/uploads\/2021\/12\/KLAPA-ISKON.jpg","datePublished":"2021-12-08T15:39:04+00:00","dateModified":"2021-12-08T15:39:46+00:00","author":{"@id":"https:\/\/likemetkovic.hr\/#\/schema\/person\/a42711f3385a0e2be6f7e0443bfb28f0"},"breadcrumb":{"@id":"https:\/\/likemetkovic.hr\/najava-u-petak-koncert-klape-iskon-a-u-nedjelju-grupe-narona\/#breadcrumb"},"inLanguage":"hr","potentialAction":[{"@type":"ReadAction","target":["https:\/\/likemetkovic.hr\/najava-u-petak-koncert-klape-iskon-a-u-nedjelju-grupe-narona\/"]}]},{"@type":"ImageObject","inLanguage":"hr","@id":"https:\/\/likemetkovic.hr\/najava-u-petak-koncert-klape-iskon-a-u-nedjelju-grupe-narona\/#primaryimage","url":"https:\/\/likemetkovic.hr\/portal\/wp-content\/uploads\/2021\/12\/KLAPA-ISKON.jpg","contentUrl":"https:\/\/likemetkovic.hr\/portal\/wp-content\/uploads\/2021\/12\/KLAPA-ISKON.jpg","width":900,"height":486},{"@type":"BreadcrumbList","@id":"https:\/\/likemetkovic.hr\/najava-u-petak-koncert-klape-iskon-a-u-nedjelju-grupe-narona\/#breadcrumb","itemListElement":[{"@type":"ListItem","position":1,"name":"Po\u010detna stranica","item":"https:\/\/likemetkovic.hr\/portal\/"},{"@type":"ListItem","position":2,"name":"NAJAVA | U petak koncert klape Iskon, a u nedjelju grupe Narona"}]},{"@type":"WebSite","@id":"https:\/\/likemetkovic.hr\/#website","url":"https:\/\/likemetkovic.hr\/","name":"likemetkovic.hr","description":"Misli pozitivno... \u010ditaj LIKE","potentialAction":[{"@type":"SearchAction","target":{"@type":"EntryPoint","urlTemplate":"https:\/\/likemetkovic.hr\/?s={search_term_string}"},"query-input":{"@type":"PropertyValueSpecification","valueRequired":true,"valueName":"search_term_string"}}],"inLanguage":"hr"},{"@type":"Person","@id":"https:\/\/likemetkovic.hr\/#\/schema\/person\/a42711f3385a0e2be6f7e0443bfb28f0","name":"LIKEmetkovic.hr","sameAs":["http:\/\/likemetkovic.hr"],"url":"https:\/\/likemetkovic.hr\/portal\/author\/likemetkovic-hr\/"}]}},"_links":{"self":[{"href":"https:\/\/likemetkovic.hr\/portal\/wp-json\/wp\/v2\/posts\/125887","targetHints":{"allow":["GET"]}}],"collection":[{"href":"https:\/\/likemetkovic.hr\/portal\/wp-json\/wp\/v2\/posts"}],"about":[{"href":"https:\/\/likemetkovic.hr\/portal\/wp-json\/wp\/v2\/types\/post"}],"author":[{"embeddable":true,"href":"https:\/\/likemetkovic.hr\/portal\/wp-json\/wp\/v2\/users\/7"}],"replies":[{"embeddable":true,"href":"https:\/\/likemetkovic.hr\/portal\/wp-json\/wp\/v2\/comments?post=125887"}],"version-history":[{"count":0,"href":"https:\/\/likemetkovic.hr\/portal\/wp-json\/wp\/v2\/posts\/125887\/revisions"}],"wp:featuredmedia":[{"embeddable":true,"href":"https:\/\/likemetkovic.hr\/portal\/wp-json\/wp\/v2\/media\/125888"}],"wp:attachment":[{"href":"https:\/\/likemetkovic.hr\/portal\/wp-json\/wp\/v2\/media?parent=125887"}],"wp:term":[{"taxonomy":"category","embeddable":true,"href":"https:\/\/likemetkovic.hr\/portal\/wp-json\/wp\/v2\/categories?post=125887"},{"taxonomy":"post_tag","embeddable":true,"href":"https:\/\/likemetkovic.hr\/portal\/wp-json\/wp\/v2\/tags?post=125887"}],"curies":[{"name":"wp","href":"https:\/\/api.w.org\/{rel}","templated":true}]}}