{"id":126026,"date":"2021-12-14T16:14:27","date_gmt":"2021-12-14T15:14:27","guid":{"rendered":"https:\/\/likemetkovic.hr\/?p=126026"},"modified":"2021-12-14T16:15:17","modified_gmt":"2021-12-14T15:15:17","slug":"udruga-dobra-jos-sedam-dana-traje-humanitarna-akcija-uljepsaj-baki-bozic","status":"publish","type":"post","link":"https:\/\/likemetkovic.hr\/portal\/udruga-dobra-jos-sedam-dana-traje-humanitarna-akcija-uljepsaj-baki-bozic\/","title":{"rendered":"Udruga DOBRA: Jo\u0161 sedam dana traje humanitarna akcija &#8216;Uljep\u0161aj baki Bo\u017ei\u0107!&#8217;"},"content":{"rendered":"<p>Udruga DOBRA u suradnji s Gradskim dru\u0161tvom Crvenog kri\u017ea Metkovi\u0107 i ove godine tradicionalno provodi akciju Uljep\u0161aj baki Bo\u017ei\u0107, u sklopu sabirne akcije Solidarnost na djelu.<\/p>\n<p>Cilj akcije je prikupljanje higijenskih potrep\u0161tina i\/ili prehrambenih proizvoda za korisnike programa \u201ePomo\u0107 u ku\u0107i\u201c i za socijalno ugro\u017eene starije i nemo\u0107ne osobe s ruralnoga podru\u010dja doline Neretve.<\/p>\n<p>Potrep\u0161tine \u0107e se prikupljati u prostorijama Volonterskog centra Dobra, Ante Star\u010devi\u0107a 5 (stara gradska knji\u017enica), od 9 do 12 sati danima utorak, \u010detvrtak i petak, dok \u0107e se ponedjeljkom i srijedom potrep\u0161tine sakupljati u prostorijama Crvenog kri\u017ea. Akcija prikupljanja traje od 7. &#8211; 21. prosinca 2021. godine.<\/p>\n<p>Prikupljene pakete dijeliti \u0107e samo zaposlenici udruge DOBRA i sve u skladu sa propisanim mjerama.<\/p>\n<p>Pozivamo Vas da zajedno uljep\u0161amo bo\u017ei\u0107ne blagdane onima kojima je to najpotrebnije.<br \/>\nTako\u0111er molimo Vas da se prilikom dolaska u Volonterski centar dr\u017eite mjera koje je propisao Sto\u017eer za civilnu za\u0161titu.<\/p>\n<p>Molimo da dr\u017eite razmak i da nosite maske, te dezinficirate ruke pri ulazu u Volonterski centar.<\/p>\n<p>Ostalo je jo\u0161 7 dana do akcije. Vidimo se!, poru\u010duju iz Udruge DOBRA.<\/p>\n","protected":false},"excerpt":{"rendered":"<p>Udruga DOBRA u suradnji s Gradskim dru\u0161tvom Crvenog kri\u017ea Metkovi\u0107 i ove godine tradicionalno provodi akciju Uljep\u0161aj baki Bo\u017ei\u0107, u sklopu sabirne akcije Solidarnost na djelu. Cilj akcije je prikupljanje higijenskih potrep\u0161tina i\/ili prehrambenih proizvoda za korisnike programa \u201ePomo\u0107 u ku\u0107i\u201c i za socijalno ugro\u017eene starije i nemo\u0107ne osobe s ruralnoga podru\u010dja doline Neretve. Potrep\u0161tine [&hellip;]<\/p>\n","protected":false},"author":7,"featured_media":50673,"comment_status":"open","ping_status":"open","sticky":false,"template":"","format":"standard","meta":{"footnotes":""},"categories":[283,95],"tags":[617,2096],"class_list":{"0":"post-126026","1":"post","2":"type-post","3":"status-publish","4":"format-standard","5":"has-post-thumbnail","7":"category-a","8":"category-udruge","9":"tag-udruga-dobra","10":"tag-uljepsaj-baki-bozic"},"yoast_head":"<!-- This site is optimized with the Yoast SEO plugin v25.2 - https:\/\/yoast.com\/wordpress\/plugins\/seo\/ -->\n<title>Udruga DOBRA: Jo\u0161 sedam dana traje humanitarna akcija &#039;Uljep\u0161aj baki Bo\u017ei\u0107!&#039; - likemetkovic.hr<\/title>\n<meta name=\"robots\" content=\"index, follow, max-snippet:-1, max-image-preview:large, max-video-preview:-1\" \/>\n<link rel=\"canonical\" href=\"https:\/\/likemetkovic.hr\/udruga-dobra-jos-sedam-dana-traje-humanitarna-akcija-uljepsaj-baki-bozic\/\" \/>\n<meta property=\"og:locale\" content=\"hr_HR\" \/>\n<meta property=\"og:type\" content=\"article\" \/>\n<meta property=\"og:title\" content=\"Udruga DOBRA: Jo\u0161 sedam dana traje humanitarna akcija &#039;Uljep\u0161aj baki Bo\u017ei\u0107!&#039; - likemetkovic.hr\" \/>\n<meta property=\"og:description\" content=\"Udruga DOBRA u suradnji s Gradskim dru\u0161tvom Crvenog kri\u017ea Metkovi\u0107 i ove godine tradicionalno provodi akciju Uljep\u0161aj baki Bo\u017ei\u0107, u sklopu sabirne akcije Solidarnost na djelu. Cilj akcije je prikupljanje higijenskih potrep\u0161tina i\/ili prehrambenih proizvoda za korisnike programa \u201ePomo\u0107 u ku\u0107i\u201c i za socijalno ugro\u017eene starije i nemo\u0107ne osobe s ruralnoga podru\u010dja doline Neretve. Potrep\u0161tine [&hellip;]\" \/>\n<meta property=\"og:url\" content=\"https:\/\/likemetkovic.hr\/udruga-dobra-jos-sedam-dana-traje-humanitarna-akcija-uljepsaj-baki-bozic\/\" \/>\n<meta property=\"og:site_name\" content=\"likemetkovic.hr\" \/>\n<meta property=\"article:publisher\" content=\"https:\/\/www.facebook.com\/likemetkovic.hr\/\" \/>\n<meta property=\"article:published_time\" content=\"2021-12-14T15:14:27+00:00\" \/>\n<meta property=\"article:modified_time\" content=\"2021-12-14T15:15:17+00:00\" \/>\n<meta property=\"og:image\" content=\"https:\/\/likemetkovic.hr\/wp-content\/uploads\/2017\/12\/Uljep\u0161aj-baki-Bo\u017ei\u0107.jpg\" \/>\n\t<meta property=\"og:image:width\" content=\"800\" \/>\n\t<meta property=\"og:image:height\" content=\"530\" \/>\n\t<meta property=\"og:image:type\" content=\"image\/jpeg\" \/>\n<meta name=\"author\" content=\"LIKEmetkovic.hr\" \/>\n<meta name=\"twitter:card\" content=\"summary_large_image\" \/>\n<meta name=\"twitter:label1\" content=\"Napisao\/la\" \/>\n\t<meta name=\"twitter:data1\" content=\"LIKEmetkovic.hr\" \/>\n\t<meta name=\"twitter:label2\" content=\"Procijenjeno vrijeme \u010ditanja\" \/>\n\t<meta name=\"twitter:data2\" content=\"1 minuta\" \/>\n<script type=\"application\/ld+json\" class=\"yoast-schema-graph\">{\"@context\":\"https:\/\/schema.org\",\"@graph\":[{\"@type\":\"WebPage\",\"@id\":\"https:\/\/likemetkovic.hr\/udruga-dobra-jos-sedam-dana-traje-humanitarna-akcija-uljepsaj-baki-bozic\/\",\"url\":\"https:\/\/likemetkovic.hr\/udruga-dobra-jos-sedam-dana-traje-humanitarna-akcija-uljepsaj-baki-bozic\/\",\"name\":\"Udruga DOBRA: Jo\u0161 sedam dana traje humanitarna akcija 'Uljep\u0161aj baki Bo\u017ei\u0107!' - likemetkovic.hr\",\"isPartOf\":{\"@id\":\"https:\/\/likemetkovic.hr\/#website\"},\"primaryImageOfPage\":{\"@id\":\"https:\/\/likemetkovic.hr\/udruga-dobra-jos-sedam-dana-traje-humanitarna-akcija-uljepsaj-baki-bozic\/#primaryimage\"},\"image\":{\"@id\":\"https:\/\/likemetkovic.hr\/udruga-dobra-jos-sedam-dana-traje-humanitarna-akcija-uljepsaj-baki-bozic\/#primaryimage\"},\"thumbnailUrl\":\"https:\/\/likemetkovic.hr\/portal\/wp-content\/uploads\/2017\/12\/Uljep\u0161aj-baki-Bo\u017ei\u0107.jpg\",\"datePublished\":\"2021-12-14T15:14:27+00:00\",\"dateModified\":\"2021-12-14T15:15:17+00:00\",\"author\":{\"@id\":\"https:\/\/likemetkovic.hr\/#\/schema\/person\/a42711f3385a0e2be6f7e0443bfb28f0\"},\"breadcrumb\":{\"@id\":\"https:\/\/likemetkovic.hr\/udruga-dobra-jos-sedam-dana-traje-humanitarna-akcija-uljepsaj-baki-bozic\/#breadcrumb\"},\"inLanguage\":\"hr\",\"potentialAction\":[{\"@type\":\"ReadAction\",\"target\":[\"https:\/\/likemetkovic.hr\/udruga-dobra-jos-sedam-dana-traje-humanitarna-akcija-uljepsaj-baki-bozic\/\"]}]},{\"@type\":\"ImageObject\",\"inLanguage\":\"hr\",\"@id\":\"https:\/\/likemetkovic.hr\/udruga-dobra-jos-sedam-dana-traje-humanitarna-akcija-uljepsaj-baki-bozic\/#primaryimage\",\"url\":\"https:\/\/likemetkovic.hr\/portal\/wp-content\/uploads\/2017\/12\/Uljep\u0161aj-baki-Bo\u017ei\u0107.jpg\",\"contentUrl\":\"https:\/\/likemetkovic.hr\/portal\/wp-content\/uploads\/2017\/12\/Uljep\u0161aj-baki-Bo\u017ei\u0107.jpg\",\"width\":800,\"height\":530},{\"@type\":\"BreadcrumbList\",\"@id\":\"https:\/\/likemetkovic.hr\/udruga-dobra-jos-sedam-dana-traje-humanitarna-akcija-uljepsaj-baki-bozic\/#breadcrumb\",\"itemListElement\":[{\"@type\":\"ListItem\",\"position\":1,\"name\":\"Po\u010detna stranica\",\"item\":\"https:\/\/likemetkovic.hr\/portal\/\"},{\"@type\":\"ListItem\",\"position\":2,\"name\":\"Udruga DOBRA: Jo\u0161 sedam dana traje humanitarna akcija &#8216;Uljep\u0161aj baki Bo\u017ei\u0107!&#8217;\"}]},{\"@type\":\"WebSite\",\"@id\":\"https:\/\/likemetkovic.hr\/#website\",\"url\":\"https:\/\/likemetkovic.hr\/\",\"name\":\"likemetkovic.hr\",\"description\":\"Misli pozitivno... \u010ditaj LIKE\",\"potentialAction\":[{\"@type\":\"SearchAction\",\"target\":{\"@type\":\"EntryPoint\",\"urlTemplate\":\"https:\/\/likemetkovic.hr\/?s={search_term_string}\"},\"query-input\":{\"@type\":\"PropertyValueSpecification\",\"valueRequired\":true,\"valueName\":\"search_term_string\"}}],\"inLanguage\":\"hr\"},{\"@type\":\"Person\",\"@id\":\"https:\/\/likemetkovic.hr\/#\/schema\/person\/a42711f3385a0e2be6f7e0443bfb28f0\",\"name\":\"LIKEmetkovic.hr\",\"sameAs\":[\"http:\/\/likemetkovic.hr\"],\"url\":\"https:\/\/likemetkovic.hr\/portal\/author\/likemetkovic-hr\/\"}]}<\/script>\n<!-- \/ Yoast SEO plugin. -->","yoast_head_json":{"title":"Udruga DOBRA: Jo\u0161 sedam dana traje humanitarna akcija 'Uljep\u0161aj baki Bo\u017ei\u0107!' - likemetkovic.hr","robots":{"index":"index","follow":"follow","max-snippet":"max-snippet:-1","max-image-preview":"max-image-preview:large","max-video-preview":"max-video-preview:-1"},"canonical":"https:\/\/likemetkovic.hr\/udruga-dobra-jos-sedam-dana-traje-humanitarna-akcija-uljepsaj-baki-bozic\/","og_locale":"hr_HR","og_type":"article","og_title":"Udruga DOBRA: Jo\u0161 sedam dana traje humanitarna akcija 'Uljep\u0161aj baki Bo\u017ei\u0107!' - likemetkovic.hr","og_description":"Udruga DOBRA u suradnji s Gradskim dru\u0161tvom Crvenog kri\u017ea Metkovi\u0107 i ove godine tradicionalno provodi akciju Uljep\u0161aj baki Bo\u017ei\u0107, u sklopu sabirne akcije Solidarnost na djelu. Cilj akcije je prikupljanje higijenskih potrep\u0161tina i\/ili prehrambenih proizvoda za korisnike programa \u201ePomo\u0107 u ku\u0107i\u201c i za socijalno ugro\u017eene starije i nemo\u0107ne osobe s ruralnoga podru\u010dja doline Neretve. Potrep\u0161tine [&hellip;]","og_url":"https:\/\/likemetkovic.hr\/udruga-dobra-jos-sedam-dana-traje-humanitarna-akcija-uljepsaj-baki-bozic\/","og_site_name":"likemetkovic.hr","article_publisher":"https:\/\/www.facebook.com\/likemetkovic.hr\/","article_published_time":"2021-12-14T15:14:27+00:00","article_modified_time":"2021-12-14T15:15:17+00:00","og_image":[{"width":800,"height":530,"url":"https:\/\/likemetkovic.hr\/wp-content\/uploads\/2017\/12\/Uljep\u0161aj-baki-Bo\u017ei\u0107.jpg","type":"image\/jpeg"}],"author":"LIKEmetkovic.hr","twitter_card":"summary_large_image","twitter_misc":{"Napisao\/la":"LIKEmetkovic.hr","Procijenjeno vrijeme \u010ditanja":"1 minuta"},"schema":{"@context":"https:\/\/schema.org","@graph":[{"@type":"WebPage","@id":"https:\/\/likemetkovic.hr\/udruga-dobra-jos-sedam-dana-traje-humanitarna-akcija-uljepsaj-baki-bozic\/","url":"https:\/\/likemetkovic.hr\/udruga-dobra-jos-sedam-dana-traje-humanitarna-akcija-uljepsaj-baki-bozic\/","name":"Udruga DOBRA: Jo\u0161 sedam dana traje humanitarna akcija 'Uljep\u0161aj baki Bo\u017ei\u0107!' - likemetkovic.hr","isPartOf":{"@id":"https:\/\/likemetkovic.hr\/#website"},"primaryImageOfPage":{"@id":"https:\/\/likemetkovic.hr\/udruga-dobra-jos-sedam-dana-traje-humanitarna-akcija-uljepsaj-baki-bozic\/#primaryimage"},"image":{"@id":"https:\/\/likemetkovic.hr\/udruga-dobra-jos-sedam-dana-traje-humanitarna-akcija-uljepsaj-baki-bozic\/#primaryimage"},"thumbnailUrl":"https:\/\/likemetkovic.hr\/portal\/wp-content\/uploads\/2017\/12\/Uljep\u0161aj-baki-Bo\u017ei\u0107.jpg","datePublished":"2021-12-14T15:14:27+00:00","dateModified":"2021-12-14T15:15:17+00:00","author":{"@id":"https:\/\/likemetkovic.hr\/#\/schema\/person\/a42711f3385a0e2be6f7e0443bfb28f0"},"breadcrumb":{"@id":"https:\/\/likemetkovic.hr\/udruga-dobra-jos-sedam-dana-traje-humanitarna-akcija-uljepsaj-baki-bozic\/#breadcrumb"},"inLanguage":"hr","potentialAction":[{"@type":"ReadAction","target":["https:\/\/likemetkovic.hr\/udruga-dobra-jos-sedam-dana-traje-humanitarna-akcija-uljepsaj-baki-bozic\/"]}]},{"@type":"ImageObject","inLanguage":"hr","@id":"https:\/\/likemetkovic.hr\/udruga-dobra-jos-sedam-dana-traje-humanitarna-akcija-uljepsaj-baki-bozic\/#primaryimage","url":"https:\/\/likemetkovic.hr\/portal\/wp-content\/uploads\/2017\/12\/Uljep\u0161aj-baki-Bo\u017ei\u0107.jpg","contentUrl":"https:\/\/likemetkovic.hr\/portal\/wp-content\/uploads\/2017\/12\/Uljep\u0161aj-baki-Bo\u017ei\u0107.jpg","width":800,"height":530},{"@type":"BreadcrumbList","@id":"https:\/\/likemetkovic.hr\/udruga-dobra-jos-sedam-dana-traje-humanitarna-akcija-uljepsaj-baki-bozic\/#breadcrumb","itemListElement":[{"@type":"ListItem","position":1,"name":"Po\u010detna stranica","item":"https:\/\/likemetkovic.hr\/portal\/"},{"@type":"ListItem","position":2,"name":"Udruga DOBRA: Jo\u0161 sedam dana traje humanitarna akcija &#8216;Uljep\u0161aj baki Bo\u017ei\u0107!&#8217;"}]},{"@type":"WebSite","@id":"https:\/\/likemetkovic.hr\/#website","url":"https:\/\/likemetkovic.hr\/","name":"likemetkovic.hr","description":"Misli pozitivno... \u010ditaj LIKE","potentialAction":[{"@type":"SearchAction","target":{"@type":"EntryPoint","urlTemplate":"https:\/\/likemetkovic.hr\/?s={search_term_string}"},"query-input":{"@type":"PropertyValueSpecification","valueRequired":true,"valueName":"search_term_string"}}],"inLanguage":"hr"},{"@type":"Person","@id":"https:\/\/likemetkovic.hr\/#\/schema\/person\/a42711f3385a0e2be6f7e0443bfb28f0","name":"LIKEmetkovic.hr","sameAs":["http:\/\/likemetkovic.hr"],"url":"https:\/\/likemetkovic.hr\/portal\/author\/likemetkovic-hr\/"}]}},"_links":{"self":[{"href":"https:\/\/likemetkovic.hr\/portal\/wp-json\/wp\/v2\/posts\/126026","targetHints":{"allow":["GET"]}}],"collection":[{"href":"https:\/\/likemetkovic.hr\/portal\/wp-json\/wp\/v2\/posts"}],"about":[{"href":"https:\/\/likemetkovic.hr\/portal\/wp-json\/wp\/v2\/types\/post"}],"author":[{"embeddable":true,"href":"https:\/\/likemetkovic.hr\/portal\/wp-json\/wp\/v2\/users\/7"}],"replies":[{"embeddable":true,"href":"https:\/\/likemetkovic.hr\/portal\/wp-json\/wp\/v2\/comments?post=126026"}],"version-history":[{"count":0,"href":"https:\/\/likemetkovic.hr\/portal\/wp-json\/wp\/v2\/posts\/126026\/revisions"}],"wp:featuredmedia":[{"embeddable":true,"href":"https:\/\/likemetkovic.hr\/portal\/wp-json\/wp\/v2\/media\/50673"}],"wp:attachment":[{"href":"https:\/\/likemetkovic.hr\/portal\/wp-json\/wp\/v2\/media?parent=126026"}],"wp:term":[{"taxonomy":"category","embeddable":true,"href":"https:\/\/likemetkovic.hr\/portal\/wp-json\/wp\/v2\/categories?post=126026"},{"taxonomy":"post_tag","embeddable":true,"href":"https:\/\/likemetkovic.hr\/portal\/wp-json\/wp\/v2\/tags?post=126026"}],"curies":[{"name":"wp","href":"https:\/\/api.w.org\/{rel}","templated":true}]}}