{"id":126048,"date":"2021-12-15T09:11:01","date_gmt":"2021-12-15T08:11:01","guid":{"rendered":"https:\/\/likemetkovic.hr\/?p=126048"},"modified":"2021-12-15T09:11:01","modified_gmt":"2021-12-15T08:11:01","slug":"u-cetvrtak-ce-u-metkovicu-biti-masovno-cijepljenje-protiv-covid-a-posljednje-u-ovoj-godini","status":"publish","type":"post","link":"https:\/\/likemetkovic.hr\/portal\/u-cetvrtak-ce-u-metkovicu-biti-masovno-cijepljenje-protiv-covid-a-posljednje-u-ovoj-godini\/","title":{"rendered":"U \u010detvrtak \u0107e u Metkovi\u0107u biti masovno cijepljenje protiv COVID-a, posljednje u ovoj godini"},"content":{"rendered":"<p>U \u010detvrtak, 16. prosinca 2021., bit \u0107e organiziran punkt masovnog cijepljenja, posljednji u ovoj godini u Metkovi\u0107u, u Gimnazijskoj sportskoj dvorani od 15 do 18 sati.<\/p>\n<p>Na cijepljenje mogu do\u0107i sve osobe sa va\u017ee\u0107im Hrvatskim zdravstvenim osiguranjem.\u00a0Na raspolaganju \u0107e biti sva cjepiva te se mogu cijepiti sve doze.<\/p>\n","protected":false},"excerpt":{"rendered":"<p>U \u010detvrtak, 16. prosinca 2021., bit \u0107e organiziran punkt masovnog cijepljenja, posljednji u ovoj godini u Metkovi\u0107u, u Gimnazijskoj sportskoj dvorani od 15 do 18 sati. Na cijepljenje mogu do\u0107i sve osobe sa va\u017ee\u0107im Hrvatskim zdravstvenim osiguranjem.\u00a0Na raspolaganju \u0107e biti sva cjepiva te se mogu cijepiti sve doze.<\/p>\n","protected":false},"author":7,"featured_media":120133,"comment_status":"open","ping_status":"open","sticky":false,"template":"","format":"standard","meta":{"footnotes":""},"categories":[283,11],"tags":[1764],"class_list":{"0":"post-126048","1":"post","2":"type-post","3":"status-publish","4":"format-standard","5":"has-post-thumbnail","7":"category-a","8":"category-metkovic-dolina","9":"tag-cijepljenje"},"yoast_head":"<!-- This site is optimized with the Yoast SEO plugin v25.2 - https:\/\/yoast.com\/wordpress\/plugins\/seo\/ -->\n<title>U \u010detvrtak \u0107e u Metkovi\u0107u biti masovno cijepljenje protiv COVID-a, posljednje u ovoj godini - likemetkovic.hr<\/title>\n<meta name=\"robots\" content=\"index, follow, max-snippet:-1, max-image-preview:large, max-video-preview:-1\" \/>\n<link rel=\"canonical\" href=\"https:\/\/likemetkovic.hr\/u-cetvrtak-ce-u-metkovicu-biti-masovno-cijepljenje-protiv-covid-a-posljednje-u-ovoj-godini\/\" \/>\n<meta property=\"og:locale\" content=\"hr_HR\" \/>\n<meta property=\"og:type\" content=\"article\" \/>\n<meta property=\"og:title\" content=\"U \u010detvrtak \u0107e u Metkovi\u0107u biti masovno cijepljenje protiv COVID-a, posljednje u ovoj godini - likemetkovic.hr\" \/>\n<meta property=\"og:description\" content=\"U \u010detvrtak, 16. prosinca 2021., bit \u0107e organiziran punkt masovnog cijepljenja, posljednji u ovoj godini u Metkovi\u0107u, u Gimnazijskoj sportskoj dvorani od 15 do 18 sati. Na cijepljenje mogu do\u0107i sve osobe sa va\u017ee\u0107im Hrvatskim zdravstvenim osiguranjem.\u00a0Na raspolaganju \u0107e biti sva cjepiva te se mogu cijepiti sve doze.\" \/>\n<meta property=\"og:url\" content=\"https:\/\/likemetkovic.hr\/u-cetvrtak-ce-u-metkovicu-biti-masovno-cijepljenje-protiv-covid-a-posljednje-u-ovoj-godini\/\" \/>\n<meta property=\"og:site_name\" content=\"likemetkovic.hr\" \/>\n<meta property=\"article:publisher\" content=\"https:\/\/www.facebook.com\/likemetkovic.hr\/\" \/>\n<meta property=\"article:published_time\" content=\"2021-12-15T08:11:01+00:00\" \/>\n<meta property=\"og:image\" content=\"https:\/\/likemetkovic.hr\/wp-content\/uploads\/2021\/07\/cijepljenje-covid-19_4.jpg\" \/>\n\t<meta property=\"og:image:width\" content=\"800\" \/>\n\t<meta property=\"og:image:height\" content=\"533\" \/>\n\t<meta property=\"og:image:type\" content=\"image\/jpeg\" \/>\n<meta name=\"author\" content=\"LIKEmetkovic.hr\" \/>\n<meta name=\"twitter:card\" content=\"summary_large_image\" \/>\n<meta name=\"twitter:label1\" content=\"Napisao\/la\" \/>\n\t<meta name=\"twitter:data1\" content=\"LIKEmetkovic.hr\" \/>\n<script type=\"application\/ld+json\" class=\"yoast-schema-graph\">{\"@context\":\"https:\/\/schema.org\",\"@graph\":[{\"@type\":\"WebPage\",\"@id\":\"https:\/\/likemetkovic.hr\/u-cetvrtak-ce-u-metkovicu-biti-masovno-cijepljenje-protiv-covid-a-posljednje-u-ovoj-godini\/\",\"url\":\"https:\/\/likemetkovic.hr\/u-cetvrtak-ce-u-metkovicu-biti-masovno-cijepljenje-protiv-covid-a-posljednje-u-ovoj-godini\/\",\"name\":\"U \u010detvrtak \u0107e u Metkovi\u0107u biti masovno cijepljenje protiv COVID-a, posljednje u ovoj godini - likemetkovic.hr\",\"isPartOf\":{\"@id\":\"https:\/\/likemetkovic.hr\/#website\"},\"primaryImageOfPage\":{\"@id\":\"https:\/\/likemetkovic.hr\/u-cetvrtak-ce-u-metkovicu-biti-masovno-cijepljenje-protiv-covid-a-posljednje-u-ovoj-godini\/#primaryimage\"},\"image\":{\"@id\":\"https:\/\/likemetkovic.hr\/u-cetvrtak-ce-u-metkovicu-biti-masovno-cijepljenje-protiv-covid-a-posljednje-u-ovoj-godini\/#primaryimage\"},\"thumbnailUrl\":\"https:\/\/likemetkovic.hr\/portal\/wp-content\/uploads\/2021\/07\/cijepljenje-covid-19_4.jpg\",\"datePublished\":\"2021-12-15T08:11:01+00:00\",\"author\":{\"@id\":\"https:\/\/likemetkovic.hr\/#\/schema\/person\/a42711f3385a0e2be6f7e0443bfb28f0\"},\"breadcrumb\":{\"@id\":\"https:\/\/likemetkovic.hr\/u-cetvrtak-ce-u-metkovicu-biti-masovno-cijepljenje-protiv-covid-a-posljednje-u-ovoj-godini\/#breadcrumb\"},\"inLanguage\":\"hr\",\"potentialAction\":[{\"@type\":\"ReadAction\",\"target\":[\"https:\/\/likemetkovic.hr\/u-cetvrtak-ce-u-metkovicu-biti-masovno-cijepljenje-protiv-covid-a-posljednje-u-ovoj-godini\/\"]}]},{\"@type\":\"ImageObject\",\"inLanguage\":\"hr\",\"@id\":\"https:\/\/likemetkovic.hr\/u-cetvrtak-ce-u-metkovicu-biti-masovno-cijepljenje-protiv-covid-a-posljednje-u-ovoj-godini\/#primaryimage\",\"url\":\"https:\/\/likemetkovic.hr\/portal\/wp-content\/uploads\/2021\/07\/cijepljenje-covid-19_4.jpg\",\"contentUrl\":\"https:\/\/likemetkovic.hr\/portal\/wp-content\/uploads\/2021\/07\/cijepljenje-covid-19_4.jpg\",\"width\":800,\"height\":533},{\"@type\":\"BreadcrumbList\",\"@id\":\"https:\/\/likemetkovic.hr\/u-cetvrtak-ce-u-metkovicu-biti-masovno-cijepljenje-protiv-covid-a-posljednje-u-ovoj-godini\/#breadcrumb\",\"itemListElement\":[{\"@type\":\"ListItem\",\"position\":1,\"name\":\"Po\u010detna stranica\",\"item\":\"https:\/\/likemetkovic.hr\/portal\/\"},{\"@type\":\"ListItem\",\"position\":2,\"name\":\"U \u010detvrtak \u0107e u Metkovi\u0107u biti masovno cijepljenje protiv COVID-a, posljednje u ovoj godini\"}]},{\"@type\":\"WebSite\",\"@id\":\"https:\/\/likemetkovic.hr\/#website\",\"url\":\"https:\/\/likemetkovic.hr\/\",\"name\":\"likemetkovic.hr\",\"description\":\"Misli pozitivno... \u010ditaj LIKE\",\"potentialAction\":[{\"@type\":\"SearchAction\",\"target\":{\"@type\":\"EntryPoint\",\"urlTemplate\":\"https:\/\/likemetkovic.hr\/?s={search_term_string}\"},\"query-input\":{\"@type\":\"PropertyValueSpecification\",\"valueRequired\":true,\"valueName\":\"search_term_string\"}}],\"inLanguage\":\"hr\"},{\"@type\":\"Person\",\"@id\":\"https:\/\/likemetkovic.hr\/#\/schema\/person\/a42711f3385a0e2be6f7e0443bfb28f0\",\"name\":\"LIKEmetkovic.hr\",\"sameAs\":[\"http:\/\/likemetkovic.hr\"],\"url\":\"https:\/\/likemetkovic.hr\/portal\/author\/likemetkovic-hr\/\"}]}<\/script>\n<!-- \/ Yoast SEO plugin. -->","yoast_head_json":{"title":"U \u010detvrtak \u0107e u Metkovi\u0107u biti masovno cijepljenje protiv COVID-a, posljednje u ovoj godini - likemetkovic.hr","robots":{"index":"index","follow":"follow","max-snippet":"max-snippet:-1","max-image-preview":"max-image-preview:large","max-video-preview":"max-video-preview:-1"},"canonical":"https:\/\/likemetkovic.hr\/u-cetvrtak-ce-u-metkovicu-biti-masovno-cijepljenje-protiv-covid-a-posljednje-u-ovoj-godini\/","og_locale":"hr_HR","og_type":"article","og_title":"U \u010detvrtak \u0107e u Metkovi\u0107u biti masovno cijepljenje protiv COVID-a, posljednje u ovoj godini - likemetkovic.hr","og_description":"U \u010detvrtak, 16. prosinca 2021., bit \u0107e organiziran punkt masovnog cijepljenja, posljednji u ovoj godini u Metkovi\u0107u, u Gimnazijskoj sportskoj dvorani od 15 do 18 sati. Na cijepljenje mogu do\u0107i sve osobe sa va\u017ee\u0107im Hrvatskim zdravstvenim osiguranjem.\u00a0Na raspolaganju \u0107e biti sva cjepiva te se mogu cijepiti sve doze.","og_url":"https:\/\/likemetkovic.hr\/u-cetvrtak-ce-u-metkovicu-biti-masovno-cijepljenje-protiv-covid-a-posljednje-u-ovoj-godini\/","og_site_name":"likemetkovic.hr","article_publisher":"https:\/\/www.facebook.com\/likemetkovic.hr\/","article_published_time":"2021-12-15T08:11:01+00:00","og_image":[{"width":800,"height":533,"url":"https:\/\/likemetkovic.hr\/wp-content\/uploads\/2021\/07\/cijepljenje-covid-19_4.jpg","type":"image\/jpeg"}],"author":"LIKEmetkovic.hr","twitter_card":"summary_large_image","twitter_misc":{"Napisao\/la":"LIKEmetkovic.hr"},"schema":{"@context":"https:\/\/schema.org","@graph":[{"@type":"WebPage","@id":"https:\/\/likemetkovic.hr\/u-cetvrtak-ce-u-metkovicu-biti-masovno-cijepljenje-protiv-covid-a-posljednje-u-ovoj-godini\/","url":"https:\/\/likemetkovic.hr\/u-cetvrtak-ce-u-metkovicu-biti-masovno-cijepljenje-protiv-covid-a-posljednje-u-ovoj-godini\/","name":"U \u010detvrtak \u0107e u Metkovi\u0107u biti masovno cijepljenje protiv COVID-a, posljednje u ovoj godini - likemetkovic.hr","isPartOf":{"@id":"https:\/\/likemetkovic.hr\/#website"},"primaryImageOfPage":{"@id":"https:\/\/likemetkovic.hr\/u-cetvrtak-ce-u-metkovicu-biti-masovno-cijepljenje-protiv-covid-a-posljednje-u-ovoj-godini\/#primaryimage"},"image":{"@id":"https:\/\/likemetkovic.hr\/u-cetvrtak-ce-u-metkovicu-biti-masovno-cijepljenje-protiv-covid-a-posljednje-u-ovoj-godini\/#primaryimage"},"thumbnailUrl":"https:\/\/likemetkovic.hr\/portal\/wp-content\/uploads\/2021\/07\/cijepljenje-covid-19_4.jpg","datePublished":"2021-12-15T08:11:01+00:00","author":{"@id":"https:\/\/likemetkovic.hr\/#\/schema\/person\/a42711f3385a0e2be6f7e0443bfb28f0"},"breadcrumb":{"@id":"https:\/\/likemetkovic.hr\/u-cetvrtak-ce-u-metkovicu-biti-masovno-cijepljenje-protiv-covid-a-posljednje-u-ovoj-godini\/#breadcrumb"},"inLanguage":"hr","potentialAction":[{"@type":"ReadAction","target":["https:\/\/likemetkovic.hr\/u-cetvrtak-ce-u-metkovicu-biti-masovno-cijepljenje-protiv-covid-a-posljednje-u-ovoj-godini\/"]}]},{"@type":"ImageObject","inLanguage":"hr","@id":"https:\/\/likemetkovic.hr\/u-cetvrtak-ce-u-metkovicu-biti-masovno-cijepljenje-protiv-covid-a-posljednje-u-ovoj-godini\/#primaryimage","url":"https:\/\/likemetkovic.hr\/portal\/wp-content\/uploads\/2021\/07\/cijepljenje-covid-19_4.jpg","contentUrl":"https:\/\/likemetkovic.hr\/portal\/wp-content\/uploads\/2021\/07\/cijepljenje-covid-19_4.jpg","width":800,"height":533},{"@type":"BreadcrumbList","@id":"https:\/\/likemetkovic.hr\/u-cetvrtak-ce-u-metkovicu-biti-masovno-cijepljenje-protiv-covid-a-posljednje-u-ovoj-godini\/#breadcrumb","itemListElement":[{"@type":"ListItem","position":1,"name":"Po\u010detna stranica","item":"https:\/\/likemetkovic.hr\/portal\/"},{"@type":"ListItem","position":2,"name":"U \u010detvrtak \u0107e u Metkovi\u0107u biti masovno cijepljenje protiv COVID-a, posljednje u ovoj godini"}]},{"@type":"WebSite","@id":"https:\/\/likemetkovic.hr\/#website","url":"https:\/\/likemetkovic.hr\/","name":"likemetkovic.hr","description":"Misli pozitivno... \u010ditaj LIKE","potentialAction":[{"@type":"SearchAction","target":{"@type":"EntryPoint","urlTemplate":"https:\/\/likemetkovic.hr\/?s={search_term_string}"},"query-input":{"@type":"PropertyValueSpecification","valueRequired":true,"valueName":"search_term_string"}}],"inLanguage":"hr"},{"@type":"Person","@id":"https:\/\/likemetkovic.hr\/#\/schema\/person\/a42711f3385a0e2be6f7e0443bfb28f0","name":"LIKEmetkovic.hr","sameAs":["http:\/\/likemetkovic.hr"],"url":"https:\/\/likemetkovic.hr\/portal\/author\/likemetkovic-hr\/"}]}},"_links":{"self":[{"href":"https:\/\/likemetkovic.hr\/portal\/wp-json\/wp\/v2\/posts\/126048","targetHints":{"allow":["GET"]}}],"collection":[{"href":"https:\/\/likemetkovic.hr\/portal\/wp-json\/wp\/v2\/posts"}],"about":[{"href":"https:\/\/likemetkovic.hr\/portal\/wp-json\/wp\/v2\/types\/post"}],"author":[{"embeddable":true,"href":"https:\/\/likemetkovic.hr\/portal\/wp-json\/wp\/v2\/users\/7"}],"replies":[{"embeddable":true,"href":"https:\/\/likemetkovic.hr\/portal\/wp-json\/wp\/v2\/comments?post=126048"}],"version-history":[{"count":0,"href":"https:\/\/likemetkovic.hr\/portal\/wp-json\/wp\/v2\/posts\/126048\/revisions"}],"wp:featuredmedia":[{"embeddable":true,"href":"https:\/\/likemetkovic.hr\/portal\/wp-json\/wp\/v2\/media\/120133"}],"wp:attachment":[{"href":"https:\/\/likemetkovic.hr\/portal\/wp-json\/wp\/v2\/media?parent=126048"}],"wp:term":[{"taxonomy":"category","embeddable":true,"href":"https:\/\/likemetkovic.hr\/portal\/wp-json\/wp\/v2\/categories?post=126048"},{"taxonomy":"post_tag","embeddable":true,"href":"https:\/\/likemetkovic.hr\/portal\/wp-json\/wp\/v2\/tags?post=126048"}],"curies":[{"name":"wp","href":"https:\/\/api.w.org\/{rel}","templated":true}]}}