{"id":126096,"date":"2021-12-16T09:42:14","date_gmt":"2021-12-16T08:42:14","guid":{"rendered":"https:\/\/likemetkovic.hr\/?p=126096"},"modified":"2021-12-16T09:43:26","modified_gmt":"2021-12-16T08:43:26","slug":"djecja-bozicna-avantura-u-subotu-i-nedjelju-uzivajte-uz-pjesmu-ples-i-fritule","status":"publish","type":"post","link":"https:\/\/likemetkovic.hr\/portal\/djecja-bozicna-avantura-u-subotu-i-nedjelju-uzivajte-uz-pjesmu-ples-i-fritule\/","title":{"rendered":"&#8216;Dje\u010dja bo\u017ei\u0107na avantura&#8217; \u2013 u subotu i nedjelju u\u017eivajte uz pjesmu, ples i fritule!"},"content":{"rendered":"<p data-uw-styling-context=\"true\">Trg kralja Tomislava ovoga je vikenda rezerviran za najmla\u0111e &#8211; o\u010dekuje ih<em><strong> Dje\u010dja bo\u017ei\u0107na avantura: <\/strong><\/em>zabavno-plesni program za djecu, tijekom kojega \u0107e djecu animirati Disney likovi te Plesna \u0161kola <em>Calypso<\/em>, a spremne \u0107e biti i omiljene bo\u017ei\u0107ne slastice \u2013 fritule!<\/p>\n<p data-uw-styling-context=\"true\"><em>Dje\u010dja bo\u017ei\u0107na avantura<\/em> odr\u017eat \u0107e se u <strong data-uw-styling-context=\"true\">subotu, 18. prosinca,<\/strong> te <strong data-uw-styling-context=\"true\">u nedjelju, 19. prosinca, s p<\/strong><strong data-uw-styling-context=\"true\">o\u010detkom u 14 sati<\/strong>.<\/p>\n<p data-uw-styling-context=\"true\">Osim u ovu subotu i nedjelju, <em>Dje\u010dja bo\u017ei\u0107na avantura<\/em> \u0107e se odr\u017eati i u sljede\u0107im terminima:<\/p>\n<ul data-uw-styling-context=\"true\">\n<li data-uw-styling-context=\"true\">nedjelja, 26. prosinca, u 14 sati<\/li>\n<li data-uw-styling-context=\"true\">\u010detvrtak, 30. prosinca, u 14 sati<\/li>\n<\/ul>\n<p data-uw-styling-context=\"true\">Organizator doga\u0111aja je Ustanova za kulturu i sport Metkovi\u0107, a odr\u017eava se u sklopu programa manifestacije <em>Prosina\u010dke sve\u010danosti 2021<\/em>.<\/p>\n","protected":false},"excerpt":{"rendered":"<p>Trg kralja Tomislava ovoga je vikenda rezerviran za najmla\u0111e &#8211; o\u010dekuje ih Dje\u010dja bo\u017ei\u0107na avantura: zabavno-plesni program za djecu, tijekom kojega \u0107e djecu animirati Disney likovi te Plesna \u0161kola Calypso, a spremne \u0107e biti i omiljene bo\u017ei\u0107ne slastice \u2013 fritule! Dje\u010dja bo\u017ei\u0107na avantura odr\u017eat \u0107e se u subotu, 18. prosinca, te u nedjelju, 19. prosinca, [&hellip;]<\/p>\n","protected":false},"author":7,"featured_media":125941,"comment_status":"open","ping_status":"open","sticky":false,"template":"","format":"standard","meta":{"footnotes":""},"categories":[296,11],"tags":[10247],"class_list":{"0":"post-126096","1":"post","2":"type-post","3":"status-publish","4":"format-standard","5":"has-post-thumbnail","7":"category-ab","8":"category-metkovic-dolina","9":"tag-djecja-bozicna-avantura"},"yoast_head":"<!-- This site is optimized with the Yoast SEO plugin v25.2 - https:\/\/yoast.com\/wordpress\/plugins\/seo\/ -->\n<title>&#039;Dje\u010dja bo\u017ei\u0107na avantura&#039; \u2013 u subotu i nedjelju u\u017eivajte uz pjesmu, ples i fritule! - likemetkovic.hr<\/title>\n<meta name=\"robots\" content=\"index, follow, max-snippet:-1, max-image-preview:large, max-video-preview:-1\" \/>\n<link rel=\"canonical\" href=\"https:\/\/likemetkovic.hr\/djecja-bozicna-avantura-u-subotu-i-nedjelju-uzivajte-uz-pjesmu-ples-i-fritule\/\" \/>\n<meta property=\"og:locale\" content=\"hr_HR\" \/>\n<meta property=\"og:type\" content=\"article\" \/>\n<meta property=\"og:title\" content=\"&#039;Dje\u010dja bo\u017ei\u0107na avantura&#039; \u2013 u subotu i nedjelju u\u017eivajte uz pjesmu, ples i fritule! - likemetkovic.hr\" \/>\n<meta property=\"og:description\" content=\"Trg kralja Tomislava ovoga je vikenda rezerviran za najmla\u0111e &#8211; o\u010dekuje ih Dje\u010dja bo\u017ei\u0107na avantura: zabavno-plesni program za djecu, tijekom kojega \u0107e djecu animirati Disney likovi te Plesna \u0161kola Calypso, a spremne \u0107e biti i omiljene bo\u017ei\u0107ne slastice \u2013 fritule! Dje\u010dja bo\u017ei\u0107na avantura odr\u017eat \u0107e se u subotu, 18. prosinca, te u nedjelju, 19. prosinca, [&hellip;]\" \/>\n<meta property=\"og:url\" content=\"https:\/\/likemetkovic.hr\/djecja-bozicna-avantura-u-subotu-i-nedjelju-uzivajte-uz-pjesmu-ples-i-fritule\/\" \/>\n<meta property=\"og:site_name\" content=\"likemetkovic.hr\" \/>\n<meta property=\"article:publisher\" content=\"https:\/\/www.facebook.com\/likemetkovic.hr\/\" \/>\n<meta property=\"article:published_time\" content=\"2021-12-16T08:42:14+00:00\" \/>\n<meta property=\"article:modified_time\" content=\"2021-12-16T08:43:26+00:00\" \/>\n<meta property=\"og:image\" content=\"https:\/\/likemetkovic.hr\/wp-content\/uploads\/2021\/12\/Djecja-bozicna-avantura_plakat-.jpg\" \/>\n\t<meta property=\"og:image:width\" content=\"800\" \/>\n\t<meta property=\"og:image:height\" content=\"500\" \/>\n\t<meta property=\"og:image:type\" content=\"image\/jpeg\" \/>\n<meta name=\"author\" content=\"LIKEmetkovic.hr\" \/>\n<meta name=\"twitter:card\" content=\"summary_large_image\" \/>\n<meta name=\"twitter:label1\" content=\"Napisao\/la\" \/>\n\t<meta name=\"twitter:data1\" content=\"LIKEmetkovic.hr\" \/>\n\t<meta name=\"twitter:label2\" content=\"Procijenjeno vrijeme \u010ditanja\" \/>\n\t<meta name=\"twitter:data2\" content=\"1 minuta\" \/>\n<script type=\"application\/ld+json\" class=\"yoast-schema-graph\">{\"@context\":\"https:\/\/schema.org\",\"@graph\":[{\"@type\":\"WebPage\",\"@id\":\"https:\/\/likemetkovic.hr\/djecja-bozicna-avantura-u-subotu-i-nedjelju-uzivajte-uz-pjesmu-ples-i-fritule\/\",\"url\":\"https:\/\/likemetkovic.hr\/djecja-bozicna-avantura-u-subotu-i-nedjelju-uzivajte-uz-pjesmu-ples-i-fritule\/\",\"name\":\"'Dje\u010dja bo\u017ei\u0107na avantura' \u2013 u subotu i nedjelju u\u017eivajte uz pjesmu, ples i fritule! - likemetkovic.hr\",\"isPartOf\":{\"@id\":\"https:\/\/likemetkovic.hr\/#website\"},\"primaryImageOfPage\":{\"@id\":\"https:\/\/likemetkovic.hr\/djecja-bozicna-avantura-u-subotu-i-nedjelju-uzivajte-uz-pjesmu-ples-i-fritule\/#primaryimage\"},\"image\":{\"@id\":\"https:\/\/likemetkovic.hr\/djecja-bozicna-avantura-u-subotu-i-nedjelju-uzivajte-uz-pjesmu-ples-i-fritule\/#primaryimage\"},\"thumbnailUrl\":\"https:\/\/likemetkovic.hr\/portal\/wp-content\/uploads\/2021\/12\/Djecja-bozicna-avantura_plakat-.jpg\",\"datePublished\":\"2021-12-16T08:42:14+00:00\",\"dateModified\":\"2021-12-16T08:43:26+00:00\",\"author\":{\"@id\":\"https:\/\/likemetkovic.hr\/#\/schema\/person\/a42711f3385a0e2be6f7e0443bfb28f0\"},\"breadcrumb\":{\"@id\":\"https:\/\/likemetkovic.hr\/djecja-bozicna-avantura-u-subotu-i-nedjelju-uzivajte-uz-pjesmu-ples-i-fritule\/#breadcrumb\"},\"inLanguage\":\"hr\",\"potentialAction\":[{\"@type\":\"ReadAction\",\"target\":[\"https:\/\/likemetkovic.hr\/djecja-bozicna-avantura-u-subotu-i-nedjelju-uzivajte-uz-pjesmu-ples-i-fritule\/\"]}]},{\"@type\":\"ImageObject\",\"inLanguage\":\"hr\",\"@id\":\"https:\/\/likemetkovic.hr\/djecja-bozicna-avantura-u-subotu-i-nedjelju-uzivajte-uz-pjesmu-ples-i-fritule\/#primaryimage\",\"url\":\"https:\/\/likemetkovic.hr\/portal\/wp-content\/uploads\/2021\/12\/Djecja-bozicna-avantura_plakat-.jpg\",\"contentUrl\":\"https:\/\/likemetkovic.hr\/portal\/wp-content\/uploads\/2021\/12\/Djecja-bozicna-avantura_plakat-.jpg\",\"width\":800,\"height\":500},{\"@type\":\"BreadcrumbList\",\"@id\":\"https:\/\/likemetkovic.hr\/djecja-bozicna-avantura-u-subotu-i-nedjelju-uzivajte-uz-pjesmu-ples-i-fritule\/#breadcrumb\",\"itemListElement\":[{\"@type\":\"ListItem\",\"position\":1,\"name\":\"Po\u010detna stranica\",\"item\":\"https:\/\/likemetkovic.hr\/portal\/\"},{\"@type\":\"ListItem\",\"position\":2,\"name\":\"&#8216;Dje\u010dja bo\u017ei\u0107na avantura&#8217; \u2013 u subotu i nedjelju u\u017eivajte uz pjesmu, ples i fritule!\"}]},{\"@type\":\"WebSite\",\"@id\":\"https:\/\/likemetkovic.hr\/#website\",\"url\":\"https:\/\/likemetkovic.hr\/\",\"name\":\"likemetkovic.hr\",\"description\":\"Misli pozitivno... \u010ditaj LIKE\",\"potentialAction\":[{\"@type\":\"SearchAction\",\"target\":{\"@type\":\"EntryPoint\",\"urlTemplate\":\"https:\/\/likemetkovic.hr\/?s={search_term_string}\"},\"query-input\":{\"@type\":\"PropertyValueSpecification\",\"valueRequired\":true,\"valueName\":\"search_term_string\"}}],\"inLanguage\":\"hr\"},{\"@type\":\"Person\",\"@id\":\"https:\/\/likemetkovic.hr\/#\/schema\/person\/a42711f3385a0e2be6f7e0443bfb28f0\",\"name\":\"LIKEmetkovic.hr\",\"sameAs\":[\"http:\/\/likemetkovic.hr\"],\"url\":\"https:\/\/likemetkovic.hr\/portal\/author\/likemetkovic-hr\/\"}]}<\/script>\n<!-- \/ Yoast SEO plugin. -->","yoast_head_json":{"title":"'Dje\u010dja bo\u017ei\u0107na avantura' \u2013 u subotu i nedjelju u\u017eivajte uz pjesmu, ples i fritule! - likemetkovic.hr","robots":{"index":"index","follow":"follow","max-snippet":"max-snippet:-1","max-image-preview":"max-image-preview:large","max-video-preview":"max-video-preview:-1"},"canonical":"https:\/\/likemetkovic.hr\/djecja-bozicna-avantura-u-subotu-i-nedjelju-uzivajte-uz-pjesmu-ples-i-fritule\/","og_locale":"hr_HR","og_type":"article","og_title":"'Dje\u010dja bo\u017ei\u0107na avantura' \u2013 u subotu i nedjelju u\u017eivajte uz pjesmu, ples i fritule! - likemetkovic.hr","og_description":"Trg kralja Tomislava ovoga je vikenda rezerviran za najmla\u0111e &#8211; o\u010dekuje ih Dje\u010dja bo\u017ei\u0107na avantura: zabavno-plesni program za djecu, tijekom kojega \u0107e djecu animirati Disney likovi te Plesna \u0161kola Calypso, a spremne \u0107e biti i omiljene bo\u017ei\u0107ne slastice \u2013 fritule! Dje\u010dja bo\u017ei\u0107na avantura odr\u017eat \u0107e se u subotu, 18. prosinca, te u nedjelju, 19. prosinca, [&hellip;]","og_url":"https:\/\/likemetkovic.hr\/djecja-bozicna-avantura-u-subotu-i-nedjelju-uzivajte-uz-pjesmu-ples-i-fritule\/","og_site_name":"likemetkovic.hr","article_publisher":"https:\/\/www.facebook.com\/likemetkovic.hr\/","article_published_time":"2021-12-16T08:42:14+00:00","article_modified_time":"2021-12-16T08:43:26+00:00","og_image":[{"width":800,"height":500,"url":"https:\/\/likemetkovic.hr\/wp-content\/uploads\/2021\/12\/Djecja-bozicna-avantura_plakat-.jpg","type":"image\/jpeg"}],"author":"LIKEmetkovic.hr","twitter_card":"summary_large_image","twitter_misc":{"Napisao\/la":"LIKEmetkovic.hr","Procijenjeno vrijeme \u010ditanja":"1 minuta"},"schema":{"@context":"https:\/\/schema.org","@graph":[{"@type":"WebPage","@id":"https:\/\/likemetkovic.hr\/djecja-bozicna-avantura-u-subotu-i-nedjelju-uzivajte-uz-pjesmu-ples-i-fritule\/","url":"https:\/\/likemetkovic.hr\/djecja-bozicna-avantura-u-subotu-i-nedjelju-uzivajte-uz-pjesmu-ples-i-fritule\/","name":"'Dje\u010dja bo\u017ei\u0107na avantura' \u2013 u subotu i nedjelju u\u017eivajte uz pjesmu, ples i fritule! - likemetkovic.hr","isPartOf":{"@id":"https:\/\/likemetkovic.hr\/#website"},"primaryImageOfPage":{"@id":"https:\/\/likemetkovic.hr\/djecja-bozicna-avantura-u-subotu-i-nedjelju-uzivajte-uz-pjesmu-ples-i-fritule\/#primaryimage"},"image":{"@id":"https:\/\/likemetkovic.hr\/djecja-bozicna-avantura-u-subotu-i-nedjelju-uzivajte-uz-pjesmu-ples-i-fritule\/#primaryimage"},"thumbnailUrl":"https:\/\/likemetkovic.hr\/portal\/wp-content\/uploads\/2021\/12\/Djecja-bozicna-avantura_plakat-.jpg","datePublished":"2021-12-16T08:42:14+00:00","dateModified":"2021-12-16T08:43:26+00:00","author":{"@id":"https:\/\/likemetkovic.hr\/#\/schema\/person\/a42711f3385a0e2be6f7e0443bfb28f0"},"breadcrumb":{"@id":"https:\/\/likemetkovic.hr\/djecja-bozicna-avantura-u-subotu-i-nedjelju-uzivajte-uz-pjesmu-ples-i-fritule\/#breadcrumb"},"inLanguage":"hr","potentialAction":[{"@type":"ReadAction","target":["https:\/\/likemetkovic.hr\/djecja-bozicna-avantura-u-subotu-i-nedjelju-uzivajte-uz-pjesmu-ples-i-fritule\/"]}]},{"@type":"ImageObject","inLanguage":"hr","@id":"https:\/\/likemetkovic.hr\/djecja-bozicna-avantura-u-subotu-i-nedjelju-uzivajte-uz-pjesmu-ples-i-fritule\/#primaryimage","url":"https:\/\/likemetkovic.hr\/portal\/wp-content\/uploads\/2021\/12\/Djecja-bozicna-avantura_plakat-.jpg","contentUrl":"https:\/\/likemetkovic.hr\/portal\/wp-content\/uploads\/2021\/12\/Djecja-bozicna-avantura_plakat-.jpg","width":800,"height":500},{"@type":"BreadcrumbList","@id":"https:\/\/likemetkovic.hr\/djecja-bozicna-avantura-u-subotu-i-nedjelju-uzivajte-uz-pjesmu-ples-i-fritule\/#breadcrumb","itemListElement":[{"@type":"ListItem","position":1,"name":"Po\u010detna stranica","item":"https:\/\/likemetkovic.hr\/portal\/"},{"@type":"ListItem","position":2,"name":"&#8216;Dje\u010dja bo\u017ei\u0107na avantura&#8217; \u2013 u subotu i nedjelju u\u017eivajte uz pjesmu, ples i fritule!"}]},{"@type":"WebSite","@id":"https:\/\/likemetkovic.hr\/#website","url":"https:\/\/likemetkovic.hr\/","name":"likemetkovic.hr","description":"Misli pozitivno... \u010ditaj LIKE","potentialAction":[{"@type":"SearchAction","target":{"@type":"EntryPoint","urlTemplate":"https:\/\/likemetkovic.hr\/?s={search_term_string}"},"query-input":{"@type":"PropertyValueSpecification","valueRequired":true,"valueName":"search_term_string"}}],"inLanguage":"hr"},{"@type":"Person","@id":"https:\/\/likemetkovic.hr\/#\/schema\/person\/a42711f3385a0e2be6f7e0443bfb28f0","name":"LIKEmetkovic.hr","sameAs":["http:\/\/likemetkovic.hr"],"url":"https:\/\/likemetkovic.hr\/portal\/author\/likemetkovic-hr\/"}]}},"_links":{"self":[{"href":"https:\/\/likemetkovic.hr\/portal\/wp-json\/wp\/v2\/posts\/126096","targetHints":{"allow":["GET"]}}],"collection":[{"href":"https:\/\/likemetkovic.hr\/portal\/wp-json\/wp\/v2\/posts"}],"about":[{"href":"https:\/\/likemetkovic.hr\/portal\/wp-json\/wp\/v2\/types\/post"}],"author":[{"embeddable":true,"href":"https:\/\/likemetkovic.hr\/portal\/wp-json\/wp\/v2\/users\/7"}],"replies":[{"embeddable":true,"href":"https:\/\/likemetkovic.hr\/portal\/wp-json\/wp\/v2\/comments?post=126096"}],"version-history":[{"count":0,"href":"https:\/\/likemetkovic.hr\/portal\/wp-json\/wp\/v2\/posts\/126096\/revisions"}],"wp:featuredmedia":[{"embeddable":true,"href":"https:\/\/likemetkovic.hr\/portal\/wp-json\/wp\/v2\/media\/125941"}],"wp:attachment":[{"href":"https:\/\/likemetkovic.hr\/portal\/wp-json\/wp\/v2\/media?parent=126096"}],"wp:term":[{"taxonomy":"category","embeddable":true,"href":"https:\/\/likemetkovic.hr\/portal\/wp-json\/wp\/v2\/categories?post=126096"},{"taxonomy":"post_tag","embeddable":true,"href":"https:\/\/likemetkovic.hr\/portal\/wp-json\/wp\/v2\/tags?post=126096"}],"curies":[{"name":"wp","href":"https:\/\/api.w.org\/{rel}","templated":true}]}}