{"id":126106,"date":"2021-12-16T12:58:57","date_gmt":"2021-12-16T11:58:57","guid":{"rendered":"https:\/\/likemetkovic.hr\/?p=126106"},"modified":"2021-12-16T13:05:37","modified_gmt":"2021-12-16T12:05:37","slug":"vjekoslav-cuvalo-imenovan-ravnateljem-doma-zdravlja-metkovic","status":"publish","type":"post","link":"https:\/\/likemetkovic.hr\/portal\/vjekoslav-cuvalo-imenovan-ravnateljem-doma-zdravlja-metkovic\/","title":{"rendered":"Vjekoslav \u010cuvalo imenovan ravnateljem Doma zdravlja Metkovi\u0107"},"content":{"rendered":"<p>Vjekoslav \u010cuvalo, dipl. oec., je novi ravnatelj Doma zdravlja Metkovi\u0107, objavljeno je na <a href=\"http:\/\/www.dom-zdravlja-metkovic.hr\/o-nama\/\" target=\"_blank\" rel=\"noopener\">slu\u017ebenoj stranici<\/a> ove zdravstvene ustanove.<\/p>\n<p>Na mandat od \u010detiri godine imenovalo ga je Upravno vije\u0107e DZ Metkovi\u0107 6. prosinca 2021. nakon ponovljenog natje\u010daja dok u prvom poku\u0161aju nije, kao jedini kandidat, <em>pro\u0161ao<\/em> dotada\u0161nji ravnatelj Mihovil \u0160timac. Protukandidat ravnatelju \u010cuvalu je bio dr. Nikica Hajvaz.<\/p>\n","protected":false},"excerpt":{"rendered":"<p>Vjekoslav \u010cuvalo, dipl. oec., je novi ravnatelj Doma zdravlja Metkovi\u0107, objavljeno je na slu\u017ebenoj stranici ove zdravstvene ustanove. Na mandat od \u010detiri godine imenovalo ga je Upravno vije\u0107e DZ Metkovi\u0107 6. prosinca 2021. nakon ponovljenog natje\u010daja dok u prvom poku\u0161aju nije, kao jedini kandidat, pro\u0161ao dotada\u0161nji ravnatelj Mihovil \u0160timac. Protukandidat ravnatelju \u010cuvalu je bio dr. [&hellip;]<\/p>\n","protected":false},"author":9,"featured_media":54478,"comment_status":"open","ping_status":"open","sticky":false,"template":"","format":"standard","meta":{"footnotes":""},"categories":[296,11],"tags":[609,10248],"class_list":{"0":"post-126106","1":"post","2":"type-post","3":"status-publish","4":"format-standard","5":"has-post-thumbnail","7":"category-ab","8":"category-metkovic-dolina","9":"tag-dom-zdravlja-metkovic","10":"tag-vjekoslav-cuvalo"},"yoast_head":"<!-- This site is optimized with the Yoast SEO plugin v25.2 - https:\/\/yoast.com\/wordpress\/plugins\/seo\/ -->\n<title>Vjekoslav \u010cuvalo imenovan ravnateljem Doma zdravlja Metkovi\u0107 - likemetkovic.hr<\/title>\n<meta name=\"robots\" content=\"index, follow, max-snippet:-1, max-image-preview:large, max-video-preview:-1\" \/>\n<link rel=\"canonical\" href=\"https:\/\/likemetkovic.hr\/vjekoslav-cuvalo-imenovan-ravnateljem-doma-zdravlja-metkovic\/\" \/>\n<meta property=\"og:locale\" content=\"hr_HR\" \/>\n<meta property=\"og:type\" content=\"article\" \/>\n<meta property=\"og:title\" content=\"Vjekoslav \u010cuvalo imenovan ravnateljem Doma zdravlja Metkovi\u0107 - likemetkovic.hr\" \/>\n<meta property=\"og:description\" content=\"Vjekoslav \u010cuvalo, dipl. oec., je novi ravnatelj Doma zdravlja Metkovi\u0107, objavljeno je na slu\u017ebenoj stranici ove zdravstvene ustanove. Na mandat od \u010detiri godine imenovalo ga je Upravno vije\u0107e DZ Metkovi\u0107 6. prosinca 2021. nakon ponovljenog natje\u010daja dok u prvom poku\u0161aju nije, kao jedini kandidat, pro\u0161ao dotada\u0161nji ravnatelj Mihovil \u0160timac. Protukandidat ravnatelju \u010cuvalu je bio dr. [&hellip;]\" \/>\n<meta property=\"og:url\" content=\"https:\/\/likemetkovic.hr\/vjekoslav-cuvalo-imenovan-ravnateljem-doma-zdravlja-metkovic\/\" \/>\n<meta property=\"og:site_name\" content=\"likemetkovic.hr\" \/>\n<meta property=\"article:publisher\" content=\"https:\/\/www.facebook.com\/likemetkovic.hr\/\" \/>\n<meta property=\"article:published_time\" content=\"2021-12-16T11:58:57+00:00\" \/>\n<meta property=\"article:modified_time\" content=\"2021-12-16T12:05:37+00:00\" \/>\n<meta property=\"og:image\" content=\"https:\/\/likemetkovic.hr\/wp-content\/uploads\/2018\/02\/DSC_0044.jpg\" \/>\n\t<meta property=\"og:image:width\" content=\"800\" \/>\n\t<meta property=\"og:image:height\" content=\"533\" \/>\n\t<meta property=\"og:image:type\" content=\"image\/jpeg\" \/>\n<meta name=\"author\" content=\"K. J.\" \/>\n<meta name=\"twitter:card\" content=\"summary_large_image\" \/>\n<meta name=\"twitter:label1\" content=\"Napisao\/la\" \/>\n\t<meta name=\"twitter:data1\" content=\"K. J.\" \/>\n\t<meta name=\"twitter:label2\" content=\"Procijenjeno vrijeme \u010ditanja\" \/>\n\t<meta name=\"twitter:data2\" content=\"1 minuta\" \/>\n<script type=\"application\/ld+json\" class=\"yoast-schema-graph\">{\"@context\":\"https:\/\/schema.org\",\"@graph\":[{\"@type\":\"WebPage\",\"@id\":\"https:\/\/likemetkovic.hr\/vjekoslav-cuvalo-imenovan-ravnateljem-doma-zdravlja-metkovic\/\",\"url\":\"https:\/\/likemetkovic.hr\/vjekoslav-cuvalo-imenovan-ravnateljem-doma-zdravlja-metkovic\/\",\"name\":\"Vjekoslav \u010cuvalo imenovan ravnateljem Doma zdravlja Metkovi\u0107 - likemetkovic.hr\",\"isPartOf\":{\"@id\":\"https:\/\/likemetkovic.hr\/#website\"},\"primaryImageOfPage\":{\"@id\":\"https:\/\/likemetkovic.hr\/vjekoslav-cuvalo-imenovan-ravnateljem-doma-zdravlja-metkovic\/#primaryimage\"},\"image\":{\"@id\":\"https:\/\/likemetkovic.hr\/vjekoslav-cuvalo-imenovan-ravnateljem-doma-zdravlja-metkovic\/#primaryimage\"},\"thumbnailUrl\":\"https:\/\/likemetkovic.hr\/portal\/wp-content\/uploads\/2018\/02\/DSC_0044.jpg\",\"datePublished\":\"2021-12-16T11:58:57+00:00\",\"dateModified\":\"2021-12-16T12:05:37+00:00\",\"author\":{\"@id\":\"https:\/\/likemetkovic.hr\/#\/schema\/person\/0a8b4ebfdfe1ff01192dccda40c5da0c\"},\"breadcrumb\":{\"@id\":\"https:\/\/likemetkovic.hr\/vjekoslav-cuvalo-imenovan-ravnateljem-doma-zdravlja-metkovic\/#breadcrumb\"},\"inLanguage\":\"hr\",\"potentialAction\":[{\"@type\":\"ReadAction\",\"target\":[\"https:\/\/likemetkovic.hr\/vjekoslav-cuvalo-imenovan-ravnateljem-doma-zdravlja-metkovic\/\"]}]},{\"@type\":\"ImageObject\",\"inLanguage\":\"hr\",\"@id\":\"https:\/\/likemetkovic.hr\/vjekoslav-cuvalo-imenovan-ravnateljem-doma-zdravlja-metkovic\/#primaryimage\",\"url\":\"https:\/\/likemetkovic.hr\/portal\/wp-content\/uploads\/2018\/02\/DSC_0044.jpg\",\"contentUrl\":\"https:\/\/likemetkovic.hr\/portal\/wp-content\/uploads\/2018\/02\/DSC_0044.jpg\",\"width\":800,\"height\":533},{\"@type\":\"BreadcrumbList\",\"@id\":\"https:\/\/likemetkovic.hr\/vjekoslav-cuvalo-imenovan-ravnateljem-doma-zdravlja-metkovic\/#breadcrumb\",\"itemListElement\":[{\"@type\":\"ListItem\",\"position\":1,\"name\":\"Po\u010detna stranica\",\"item\":\"https:\/\/likemetkovic.hr\/portal\/\"},{\"@type\":\"ListItem\",\"position\":2,\"name\":\"Vjekoslav \u010cuvalo imenovan ravnateljem Doma zdravlja Metkovi\u0107\"}]},{\"@type\":\"WebSite\",\"@id\":\"https:\/\/likemetkovic.hr\/#website\",\"url\":\"https:\/\/likemetkovic.hr\/\",\"name\":\"likemetkovic.hr\",\"description\":\"Misli pozitivno... \u010ditaj LIKE\",\"potentialAction\":[{\"@type\":\"SearchAction\",\"target\":{\"@type\":\"EntryPoint\",\"urlTemplate\":\"https:\/\/likemetkovic.hr\/?s={search_term_string}\"},\"query-input\":{\"@type\":\"PropertyValueSpecification\",\"valueRequired\":true,\"valueName\":\"search_term_string\"}}],\"inLanguage\":\"hr\"},{\"@type\":\"Person\",\"@id\":\"https:\/\/likemetkovic.hr\/#\/schema\/person\/0a8b4ebfdfe1ff01192dccda40c5da0c\",\"name\":\"K. J.\",\"url\":\"https:\/\/likemetkovic.hr\/portal\/author\/likemetkovic\/\"}]}<\/script>\n<!-- \/ Yoast SEO plugin. -->","yoast_head_json":{"title":"Vjekoslav \u010cuvalo imenovan ravnateljem Doma zdravlja Metkovi\u0107 - likemetkovic.hr","robots":{"index":"index","follow":"follow","max-snippet":"max-snippet:-1","max-image-preview":"max-image-preview:large","max-video-preview":"max-video-preview:-1"},"canonical":"https:\/\/likemetkovic.hr\/vjekoslav-cuvalo-imenovan-ravnateljem-doma-zdravlja-metkovic\/","og_locale":"hr_HR","og_type":"article","og_title":"Vjekoslav \u010cuvalo imenovan ravnateljem Doma zdravlja Metkovi\u0107 - likemetkovic.hr","og_description":"Vjekoslav \u010cuvalo, dipl. oec., je novi ravnatelj Doma zdravlja Metkovi\u0107, objavljeno je na slu\u017ebenoj stranici ove zdravstvene ustanove. Na mandat od \u010detiri godine imenovalo ga je Upravno vije\u0107e DZ Metkovi\u0107 6. prosinca 2021. nakon ponovljenog natje\u010daja dok u prvom poku\u0161aju nije, kao jedini kandidat, pro\u0161ao dotada\u0161nji ravnatelj Mihovil \u0160timac. Protukandidat ravnatelju \u010cuvalu je bio dr. [&hellip;]","og_url":"https:\/\/likemetkovic.hr\/vjekoslav-cuvalo-imenovan-ravnateljem-doma-zdravlja-metkovic\/","og_site_name":"likemetkovic.hr","article_publisher":"https:\/\/www.facebook.com\/likemetkovic.hr\/","article_published_time":"2021-12-16T11:58:57+00:00","article_modified_time":"2021-12-16T12:05:37+00:00","og_image":[{"width":800,"height":533,"url":"https:\/\/likemetkovic.hr\/wp-content\/uploads\/2018\/02\/DSC_0044.jpg","type":"image\/jpeg"}],"author":"K. J.","twitter_card":"summary_large_image","twitter_misc":{"Napisao\/la":"K. J.","Procijenjeno vrijeme \u010ditanja":"1 minuta"},"schema":{"@context":"https:\/\/schema.org","@graph":[{"@type":"WebPage","@id":"https:\/\/likemetkovic.hr\/vjekoslav-cuvalo-imenovan-ravnateljem-doma-zdravlja-metkovic\/","url":"https:\/\/likemetkovic.hr\/vjekoslav-cuvalo-imenovan-ravnateljem-doma-zdravlja-metkovic\/","name":"Vjekoslav \u010cuvalo imenovan ravnateljem Doma zdravlja Metkovi\u0107 - likemetkovic.hr","isPartOf":{"@id":"https:\/\/likemetkovic.hr\/#website"},"primaryImageOfPage":{"@id":"https:\/\/likemetkovic.hr\/vjekoslav-cuvalo-imenovan-ravnateljem-doma-zdravlja-metkovic\/#primaryimage"},"image":{"@id":"https:\/\/likemetkovic.hr\/vjekoslav-cuvalo-imenovan-ravnateljem-doma-zdravlja-metkovic\/#primaryimage"},"thumbnailUrl":"https:\/\/likemetkovic.hr\/portal\/wp-content\/uploads\/2018\/02\/DSC_0044.jpg","datePublished":"2021-12-16T11:58:57+00:00","dateModified":"2021-12-16T12:05:37+00:00","author":{"@id":"https:\/\/likemetkovic.hr\/#\/schema\/person\/0a8b4ebfdfe1ff01192dccda40c5da0c"},"breadcrumb":{"@id":"https:\/\/likemetkovic.hr\/vjekoslav-cuvalo-imenovan-ravnateljem-doma-zdravlja-metkovic\/#breadcrumb"},"inLanguage":"hr","potentialAction":[{"@type":"ReadAction","target":["https:\/\/likemetkovic.hr\/vjekoslav-cuvalo-imenovan-ravnateljem-doma-zdravlja-metkovic\/"]}]},{"@type":"ImageObject","inLanguage":"hr","@id":"https:\/\/likemetkovic.hr\/vjekoslav-cuvalo-imenovan-ravnateljem-doma-zdravlja-metkovic\/#primaryimage","url":"https:\/\/likemetkovic.hr\/portal\/wp-content\/uploads\/2018\/02\/DSC_0044.jpg","contentUrl":"https:\/\/likemetkovic.hr\/portal\/wp-content\/uploads\/2018\/02\/DSC_0044.jpg","width":800,"height":533},{"@type":"BreadcrumbList","@id":"https:\/\/likemetkovic.hr\/vjekoslav-cuvalo-imenovan-ravnateljem-doma-zdravlja-metkovic\/#breadcrumb","itemListElement":[{"@type":"ListItem","position":1,"name":"Po\u010detna stranica","item":"https:\/\/likemetkovic.hr\/portal\/"},{"@type":"ListItem","position":2,"name":"Vjekoslav \u010cuvalo imenovan ravnateljem Doma zdravlja Metkovi\u0107"}]},{"@type":"WebSite","@id":"https:\/\/likemetkovic.hr\/#website","url":"https:\/\/likemetkovic.hr\/","name":"likemetkovic.hr","description":"Misli pozitivno... \u010ditaj LIKE","potentialAction":[{"@type":"SearchAction","target":{"@type":"EntryPoint","urlTemplate":"https:\/\/likemetkovic.hr\/?s={search_term_string}"},"query-input":{"@type":"PropertyValueSpecification","valueRequired":true,"valueName":"search_term_string"}}],"inLanguage":"hr"},{"@type":"Person","@id":"https:\/\/likemetkovic.hr\/#\/schema\/person\/0a8b4ebfdfe1ff01192dccda40c5da0c","name":"K. J.","url":"https:\/\/likemetkovic.hr\/portal\/author\/likemetkovic\/"}]}},"_links":{"self":[{"href":"https:\/\/likemetkovic.hr\/portal\/wp-json\/wp\/v2\/posts\/126106","targetHints":{"allow":["GET"]}}],"collection":[{"href":"https:\/\/likemetkovic.hr\/portal\/wp-json\/wp\/v2\/posts"}],"about":[{"href":"https:\/\/likemetkovic.hr\/portal\/wp-json\/wp\/v2\/types\/post"}],"author":[{"embeddable":true,"href":"https:\/\/likemetkovic.hr\/portal\/wp-json\/wp\/v2\/users\/9"}],"replies":[{"embeddable":true,"href":"https:\/\/likemetkovic.hr\/portal\/wp-json\/wp\/v2\/comments?post=126106"}],"version-history":[{"count":0,"href":"https:\/\/likemetkovic.hr\/portal\/wp-json\/wp\/v2\/posts\/126106\/revisions"}],"wp:featuredmedia":[{"embeddable":true,"href":"https:\/\/likemetkovic.hr\/portal\/wp-json\/wp\/v2\/media\/54478"}],"wp:attachment":[{"href":"https:\/\/likemetkovic.hr\/portal\/wp-json\/wp\/v2\/media?parent=126106"}],"wp:term":[{"taxonomy":"category","embeddable":true,"href":"https:\/\/likemetkovic.hr\/portal\/wp-json\/wp\/v2\/categories?post=126106"},{"taxonomy":"post_tag","embeddable":true,"href":"https:\/\/likemetkovic.hr\/portal\/wp-json\/wp\/v2\/tags?post=126106"}],"curies":[{"name":"wp","href":"https:\/\/api.w.org\/{rel}","templated":true}]}}