{"id":126125,"date":"2021-12-19T05:51:13","date_gmt":"2021-12-19T04:51:13","guid":{"rendered":"https:\/\/likemetkovic.hr\/?p=126125"},"modified":"2021-12-19T06:20:02","modified_gmt":"2021-12-19T05:20:02","slug":"najava-evo-sto-ce-sve-biti-na-trgu-i-u-parku-ovoga-vikenda","status":"publish","type":"post","link":"https:\/\/likemetkovic.hr\/portal\/najava-evo-sto-ce-sve-biti-na-trgu-i-u-parku-ovoga-vikenda\/","title":{"rendered":"NAJAVA | Evo \u0161to \u0107e sve biti na Trgu i u Parku ovoga vikenda"},"content":{"rendered":"<p>Ve\u010deras, u petak, s po\u010detkom u 19 sati u Gradskom parku \u0107e biti <strong>koncert<\/strong> grupe Preko.<\/p>\n<p>U subotu od 14 sati na Trgu kralja Tomislava \u0107e biti Dje\u010dja bo\u017ei\u0107na avantura &#8211;<strong> zabava za djecu<\/strong> uz ples, pjesmu i fritule. Ova zabava za najmla\u0111e \u0107e biti <strong>i u nedjelju<\/strong> na istom mjestu i u isto vrijeme.<\/p>\n<p>U subotu od 18 sati \u0107e u Gradskom parku biti<strong> humanitarni koncert<\/strong> KUD-a Metkovi\u0107 za Leonu Medak.<\/p>\n<p>U ponedjeljak, 20. prosinca, s po\u010detkom u 19 sati u Gradskom parku \u0107e biti<strong> tradicionalni bo\u017ei\u0107ni koncert<\/strong> Gradske glazbe Metkovi\u0107.<\/p>\n<p data-uw-styling-context=\"true\">Napominjao da \u0107e u ponedjeljak u 18 sati biti lutkarski<strong> mjuzikl za djecu<\/strong> <em>Bo\u017ei\u0107na medalja za dobrotu<\/em> u Gradskome kulturnom sredi\u0161tu.<\/p>\n<p data-uw-styling-context=\"true\">Foto: metkovic.hr<\/p>\n","protected":false},"excerpt":{"rendered":"<p>Ve\u010deras, u petak, s po\u010detkom u 19 sati u Gradskom parku \u0107e biti koncert grupe Preko. U subotu od 14 sati na Trgu kralja Tomislava \u0107e biti Dje\u010dja bo\u017ei\u0107na avantura &#8211; zabava za djecu uz ples, pjesmu i fritule. Ova zabava za najmla\u0111e \u0107e biti i u nedjelju na istom mjestu i u isto vrijeme. [&hellip;]<\/p>\n","protected":false},"author":7,"featured_media":125770,"comment_status":"open","ping_status":"open","sticky":false,"template":"","format":"standard","meta":{"footnotes":""},"categories":[296,11],"tags":[2246],"class_list":{"0":"post-126125","1":"post","2":"type-post","3":"status-publish","4":"format-standard","5":"has-post-thumbnail","7":"category-ab","8":"category-metkovic-dolina","9":"tag-najava"},"yoast_head":"<!-- This site is optimized with the Yoast SEO plugin v25.2 - https:\/\/yoast.com\/wordpress\/plugins\/seo\/ -->\n<title>NAJAVA | Evo \u0161to \u0107e sve biti na Trgu i u Parku ovoga vikenda - likemetkovic.hr<\/title>\n<meta name=\"robots\" content=\"index, follow, max-snippet:-1, max-image-preview:large, max-video-preview:-1\" \/>\n<link rel=\"canonical\" href=\"https:\/\/likemetkovic.hr\/najava-evo-sto-ce-sve-biti-na-trgu-i-u-parku-ovoga-vikenda\/\" \/>\n<meta property=\"og:locale\" content=\"hr_HR\" \/>\n<meta property=\"og:type\" content=\"article\" \/>\n<meta property=\"og:title\" content=\"NAJAVA | Evo \u0161to \u0107e sve biti na Trgu i u Parku ovoga vikenda - likemetkovic.hr\" \/>\n<meta property=\"og:description\" content=\"Ve\u010deras, u petak, s po\u010detkom u 19 sati u Gradskom parku \u0107e biti koncert grupe Preko. U subotu od 14 sati na Trgu kralja Tomislava \u0107e biti Dje\u010dja bo\u017ei\u0107na avantura &#8211; zabava za djecu uz ples, pjesmu i fritule. Ova zabava za najmla\u0111e \u0107e biti i u nedjelju na istom mjestu i u isto vrijeme. [&hellip;]\" \/>\n<meta property=\"og:url\" content=\"https:\/\/likemetkovic.hr\/najava-evo-sto-ce-sve-biti-na-trgu-i-u-parku-ovoga-vikenda\/\" \/>\n<meta property=\"og:site_name\" content=\"likemetkovic.hr\" \/>\n<meta property=\"article:publisher\" content=\"https:\/\/www.facebook.com\/likemetkovic.hr\/\" \/>\n<meta property=\"article:published_time\" content=\"2021-12-19T04:51:13+00:00\" \/>\n<meta property=\"article:modified_time\" content=\"2021-12-19T05:20:02+00:00\" \/>\n<meta property=\"og:image\" content=\"https:\/\/likemetkovic.hr\/wp-content\/uploads\/2021\/12\/prosinacke-svecanosti.jpg\" \/>\n\t<meta property=\"og:image:width\" content=\"800\" \/>\n\t<meta property=\"og:image:height\" content=\"417\" \/>\n\t<meta property=\"og:image:type\" content=\"image\/jpeg\" \/>\n<meta name=\"author\" content=\"LIKEmetkovic.hr\" \/>\n<meta name=\"twitter:card\" content=\"summary_large_image\" \/>\n<meta name=\"twitter:label1\" content=\"Napisao\/la\" \/>\n\t<meta name=\"twitter:data1\" content=\"LIKEmetkovic.hr\" \/>\n\t<meta name=\"twitter:label2\" content=\"Procijenjeno vrijeme \u010ditanja\" \/>\n\t<meta name=\"twitter:data2\" content=\"1 minuta\" \/>\n<script type=\"application\/ld+json\" class=\"yoast-schema-graph\">{\"@context\":\"https:\/\/schema.org\",\"@graph\":[{\"@type\":\"WebPage\",\"@id\":\"https:\/\/likemetkovic.hr\/najava-evo-sto-ce-sve-biti-na-trgu-i-u-parku-ovoga-vikenda\/\",\"url\":\"https:\/\/likemetkovic.hr\/najava-evo-sto-ce-sve-biti-na-trgu-i-u-parku-ovoga-vikenda\/\",\"name\":\"NAJAVA | Evo \u0161to \u0107e sve biti na Trgu i u Parku ovoga vikenda - likemetkovic.hr\",\"isPartOf\":{\"@id\":\"https:\/\/likemetkovic.hr\/#website\"},\"primaryImageOfPage\":{\"@id\":\"https:\/\/likemetkovic.hr\/najava-evo-sto-ce-sve-biti-na-trgu-i-u-parku-ovoga-vikenda\/#primaryimage\"},\"image\":{\"@id\":\"https:\/\/likemetkovic.hr\/najava-evo-sto-ce-sve-biti-na-trgu-i-u-parku-ovoga-vikenda\/#primaryimage\"},\"thumbnailUrl\":\"https:\/\/likemetkovic.hr\/portal\/wp-content\/uploads\/2021\/12\/prosinacke-svecanosti.jpg\",\"datePublished\":\"2021-12-19T04:51:13+00:00\",\"dateModified\":\"2021-12-19T05:20:02+00:00\",\"author\":{\"@id\":\"https:\/\/likemetkovic.hr\/#\/schema\/person\/a42711f3385a0e2be6f7e0443bfb28f0\"},\"breadcrumb\":{\"@id\":\"https:\/\/likemetkovic.hr\/najava-evo-sto-ce-sve-biti-na-trgu-i-u-parku-ovoga-vikenda\/#breadcrumb\"},\"inLanguage\":\"hr\",\"potentialAction\":[{\"@type\":\"ReadAction\",\"target\":[\"https:\/\/likemetkovic.hr\/najava-evo-sto-ce-sve-biti-na-trgu-i-u-parku-ovoga-vikenda\/\"]}]},{\"@type\":\"ImageObject\",\"inLanguage\":\"hr\",\"@id\":\"https:\/\/likemetkovic.hr\/najava-evo-sto-ce-sve-biti-na-trgu-i-u-parku-ovoga-vikenda\/#primaryimage\",\"url\":\"https:\/\/likemetkovic.hr\/portal\/wp-content\/uploads\/2021\/12\/prosinacke-svecanosti.jpg\",\"contentUrl\":\"https:\/\/likemetkovic.hr\/portal\/wp-content\/uploads\/2021\/12\/prosinacke-svecanosti.jpg\",\"width\":800,\"height\":417},{\"@type\":\"BreadcrumbList\",\"@id\":\"https:\/\/likemetkovic.hr\/najava-evo-sto-ce-sve-biti-na-trgu-i-u-parku-ovoga-vikenda\/#breadcrumb\",\"itemListElement\":[{\"@type\":\"ListItem\",\"position\":1,\"name\":\"Po\u010detna stranica\",\"item\":\"https:\/\/likemetkovic.hr\/portal\/\"},{\"@type\":\"ListItem\",\"position\":2,\"name\":\"NAJAVA | Evo \u0161to \u0107e sve biti na Trgu i u Parku ovoga vikenda\"}]},{\"@type\":\"WebSite\",\"@id\":\"https:\/\/likemetkovic.hr\/#website\",\"url\":\"https:\/\/likemetkovic.hr\/\",\"name\":\"likemetkovic.hr\",\"description\":\"Misli pozitivno... \u010ditaj LIKE\",\"potentialAction\":[{\"@type\":\"SearchAction\",\"target\":{\"@type\":\"EntryPoint\",\"urlTemplate\":\"https:\/\/likemetkovic.hr\/?s={search_term_string}\"},\"query-input\":{\"@type\":\"PropertyValueSpecification\",\"valueRequired\":true,\"valueName\":\"search_term_string\"}}],\"inLanguage\":\"hr\"},{\"@type\":\"Person\",\"@id\":\"https:\/\/likemetkovic.hr\/#\/schema\/person\/a42711f3385a0e2be6f7e0443bfb28f0\",\"name\":\"LIKEmetkovic.hr\",\"sameAs\":[\"http:\/\/likemetkovic.hr\"],\"url\":\"https:\/\/likemetkovic.hr\/portal\/author\/likemetkovic-hr\/\"}]}<\/script>\n<!-- \/ Yoast SEO plugin. -->","yoast_head_json":{"title":"NAJAVA | Evo \u0161to \u0107e sve biti na Trgu i u Parku ovoga vikenda - likemetkovic.hr","robots":{"index":"index","follow":"follow","max-snippet":"max-snippet:-1","max-image-preview":"max-image-preview:large","max-video-preview":"max-video-preview:-1"},"canonical":"https:\/\/likemetkovic.hr\/najava-evo-sto-ce-sve-biti-na-trgu-i-u-parku-ovoga-vikenda\/","og_locale":"hr_HR","og_type":"article","og_title":"NAJAVA | Evo \u0161to \u0107e sve biti na Trgu i u Parku ovoga vikenda - likemetkovic.hr","og_description":"Ve\u010deras, u petak, s po\u010detkom u 19 sati u Gradskom parku \u0107e biti koncert grupe Preko. U subotu od 14 sati na Trgu kralja Tomislava \u0107e biti Dje\u010dja bo\u017ei\u0107na avantura &#8211; zabava za djecu uz ples, pjesmu i fritule. Ova zabava za najmla\u0111e \u0107e biti i u nedjelju na istom mjestu i u isto vrijeme. [&hellip;]","og_url":"https:\/\/likemetkovic.hr\/najava-evo-sto-ce-sve-biti-na-trgu-i-u-parku-ovoga-vikenda\/","og_site_name":"likemetkovic.hr","article_publisher":"https:\/\/www.facebook.com\/likemetkovic.hr\/","article_published_time":"2021-12-19T04:51:13+00:00","article_modified_time":"2021-12-19T05:20:02+00:00","og_image":[{"width":800,"height":417,"url":"https:\/\/likemetkovic.hr\/wp-content\/uploads\/2021\/12\/prosinacke-svecanosti.jpg","type":"image\/jpeg"}],"author":"LIKEmetkovic.hr","twitter_card":"summary_large_image","twitter_misc":{"Napisao\/la":"LIKEmetkovic.hr","Procijenjeno vrijeme \u010ditanja":"1 minuta"},"schema":{"@context":"https:\/\/schema.org","@graph":[{"@type":"WebPage","@id":"https:\/\/likemetkovic.hr\/najava-evo-sto-ce-sve-biti-na-trgu-i-u-parku-ovoga-vikenda\/","url":"https:\/\/likemetkovic.hr\/najava-evo-sto-ce-sve-biti-na-trgu-i-u-parku-ovoga-vikenda\/","name":"NAJAVA | Evo \u0161to \u0107e sve biti na Trgu i u Parku ovoga vikenda - likemetkovic.hr","isPartOf":{"@id":"https:\/\/likemetkovic.hr\/#website"},"primaryImageOfPage":{"@id":"https:\/\/likemetkovic.hr\/najava-evo-sto-ce-sve-biti-na-trgu-i-u-parku-ovoga-vikenda\/#primaryimage"},"image":{"@id":"https:\/\/likemetkovic.hr\/najava-evo-sto-ce-sve-biti-na-trgu-i-u-parku-ovoga-vikenda\/#primaryimage"},"thumbnailUrl":"https:\/\/likemetkovic.hr\/portal\/wp-content\/uploads\/2021\/12\/prosinacke-svecanosti.jpg","datePublished":"2021-12-19T04:51:13+00:00","dateModified":"2021-12-19T05:20:02+00:00","author":{"@id":"https:\/\/likemetkovic.hr\/#\/schema\/person\/a42711f3385a0e2be6f7e0443bfb28f0"},"breadcrumb":{"@id":"https:\/\/likemetkovic.hr\/najava-evo-sto-ce-sve-biti-na-trgu-i-u-parku-ovoga-vikenda\/#breadcrumb"},"inLanguage":"hr","potentialAction":[{"@type":"ReadAction","target":["https:\/\/likemetkovic.hr\/najava-evo-sto-ce-sve-biti-na-trgu-i-u-parku-ovoga-vikenda\/"]}]},{"@type":"ImageObject","inLanguage":"hr","@id":"https:\/\/likemetkovic.hr\/najava-evo-sto-ce-sve-biti-na-trgu-i-u-parku-ovoga-vikenda\/#primaryimage","url":"https:\/\/likemetkovic.hr\/portal\/wp-content\/uploads\/2021\/12\/prosinacke-svecanosti.jpg","contentUrl":"https:\/\/likemetkovic.hr\/portal\/wp-content\/uploads\/2021\/12\/prosinacke-svecanosti.jpg","width":800,"height":417},{"@type":"BreadcrumbList","@id":"https:\/\/likemetkovic.hr\/najava-evo-sto-ce-sve-biti-na-trgu-i-u-parku-ovoga-vikenda\/#breadcrumb","itemListElement":[{"@type":"ListItem","position":1,"name":"Po\u010detna stranica","item":"https:\/\/likemetkovic.hr\/portal\/"},{"@type":"ListItem","position":2,"name":"NAJAVA | Evo \u0161to \u0107e sve biti na Trgu i u Parku ovoga vikenda"}]},{"@type":"WebSite","@id":"https:\/\/likemetkovic.hr\/#website","url":"https:\/\/likemetkovic.hr\/","name":"likemetkovic.hr","description":"Misli pozitivno... \u010ditaj LIKE","potentialAction":[{"@type":"SearchAction","target":{"@type":"EntryPoint","urlTemplate":"https:\/\/likemetkovic.hr\/?s={search_term_string}"},"query-input":{"@type":"PropertyValueSpecification","valueRequired":true,"valueName":"search_term_string"}}],"inLanguage":"hr"},{"@type":"Person","@id":"https:\/\/likemetkovic.hr\/#\/schema\/person\/a42711f3385a0e2be6f7e0443bfb28f0","name":"LIKEmetkovic.hr","sameAs":["http:\/\/likemetkovic.hr"],"url":"https:\/\/likemetkovic.hr\/portal\/author\/likemetkovic-hr\/"}]}},"_links":{"self":[{"href":"https:\/\/likemetkovic.hr\/portal\/wp-json\/wp\/v2\/posts\/126125","targetHints":{"allow":["GET"]}}],"collection":[{"href":"https:\/\/likemetkovic.hr\/portal\/wp-json\/wp\/v2\/posts"}],"about":[{"href":"https:\/\/likemetkovic.hr\/portal\/wp-json\/wp\/v2\/types\/post"}],"author":[{"embeddable":true,"href":"https:\/\/likemetkovic.hr\/portal\/wp-json\/wp\/v2\/users\/7"}],"replies":[{"embeddable":true,"href":"https:\/\/likemetkovic.hr\/portal\/wp-json\/wp\/v2\/comments?post=126125"}],"version-history":[{"count":0,"href":"https:\/\/likemetkovic.hr\/portal\/wp-json\/wp\/v2\/posts\/126125\/revisions"}],"wp:featuredmedia":[{"embeddable":true,"href":"https:\/\/likemetkovic.hr\/portal\/wp-json\/wp\/v2\/media\/125770"}],"wp:attachment":[{"href":"https:\/\/likemetkovic.hr\/portal\/wp-json\/wp\/v2\/media?parent=126125"}],"wp:term":[{"taxonomy":"category","embeddable":true,"href":"https:\/\/likemetkovic.hr\/portal\/wp-json\/wp\/v2\/categories?post=126125"},{"taxonomy":"post_tag","embeddable":true,"href":"https:\/\/likemetkovic.hr\/portal\/wp-json\/wp\/v2\/tags?post=126125"}],"curies":[{"name":"wp","href":"https:\/\/api.w.org\/{rel}","templated":true}]}}