{"id":126164,"date":"2021-12-18T16:13:29","date_gmt":"2021-12-18T15:13:29","guid":{"rendered":"https:\/\/likemetkovic.hr\/?p=126164"},"modified":"2021-12-18T16:13:29","modified_gmt":"2021-12-18T15:13:29","slug":"foto-djecja-bozicna-avantura-usprkos-buri-i-hladnoci-okupila-su-se-danas-djeca-na-trgu","status":"publish","type":"post","link":"https:\/\/likemetkovic.hr\/portal\/foto-djecja-bozicna-avantura-usprkos-buri-i-hladnoci-okupila-su-se-danas-djeca-na-trgu\/","title":{"rendered":"FOTO | Dje\u010dja bo\u017ei\u0107na avantura &#8211; usprkos buri i hladno\u0107i okupila su se danas djeca na Trgu"},"content":{"rendered":"<p data-uw-styling-context=\"true\">Usprkos buri i hladno\u0107i okupila su se danas popodne djeca na Trgu kralja Tomislava na prvu <em><strong>Dje\u010dju bo\u017ei\u0107nu avanturu<\/strong><\/em>.<\/p>\n<p data-uw-styling-context=\"true\">U<strong style=\"font-style: italic;\">\u00a0<\/strong>zabavno-plesnom program za djecu kojega je animirao Dalibor Dominikovi\u0107 (Plesna \u0161kola Calypso) sudjelovali su Disneyjevi likovi.<\/p>\n\r\n                <style type=\"text\/css\">\r\n                    \r\n                    #tdi_1  .td-doubleSlider-2 .td-item1 {\r\n                        background: url(https:\/\/likemetkovic.hr\/portal\/wp-content\/uploads\/2021\/12\/djecja-bozicna-avantura-1-80x60.jpg) 0 0 no-repeat;\r\n                    }\r\n                    #tdi_1  .td-doubleSlider-2 .td-item2 {\r\n                        background: url(https:\/\/likemetkovic.hr\/portal\/wp-content\/uploads\/2021\/12\/djecja-bozicna-avantura-2-80x60.jpg) 0 0 no-repeat;\r\n                    }\r\n                    #tdi_1  .td-doubleSlider-2 .td-item3 {\r\n                        background: url(https:\/\/likemetkovic.hr\/portal\/wp-content\/uploads\/2021\/12\/djecja-bozicna-avantura-4-80x60.jpg) 0 0 no-repeat;\r\n                    }\r\n                    #tdi_1  .td-doubleSlider-2 .td-item4 {\r\n                        background: url(https:\/\/likemetkovic.hr\/portal\/wp-content\/uploads\/2021\/12\/djecja-bozicna-avantura-6-80x60.jpg) 0 0 no-repeat;\r\n                    }\r\n                    #tdi_1  .td-doubleSlider-2 .td-item5 {\r\n                        background: url(https:\/\/likemetkovic.hr\/portal\/wp-content\/uploads\/2021\/12\/djecja-bozicna-avantura-7-80x60.jpg) 0 0 no-repeat;\r\n                    }\r\n                    #tdi_1  .td-doubleSlider-2 .td-item6 {\r\n                        background: url(https:\/\/likemetkovic.hr\/portal\/wp-content\/uploads\/2021\/12\/djecja-bozicna-avantura-8-80x60.jpg) 0 0 no-repeat;\r\n                    }\r\n                    #tdi_1  .td-doubleSlider-2 .td-item7 {\r\n                        background: url(https:\/\/likemetkovic.hr\/portal\/wp-content\/uploads\/2021\/12\/djecja-bozicna-avantura-9-80x60.jpg) 0 0 no-repeat;\r\n                    }\r\n                    #tdi_1  .td-doubleSlider-2 .td-item8 {\r\n                        background: url(https:\/\/likemetkovic.hr\/portal\/wp-content\/uploads\/2021\/12\/djecja-bozicna-avantura-12-80x60.jpg) 0 0 no-repeat;\r\n                    }\r\n                    #tdi_1  .td-doubleSlider-2 .td-item9 {\r\n                        background: url(https:\/\/likemetkovic.hr\/portal\/wp-content\/uploads\/2021\/12\/djecja-bozicna-avantura-13-80x60.jpg) 0 0 no-repeat;\r\n                    }\r\n                    #tdi_1  .td-doubleSlider-2 .td-item10 {\r\n                        background: url(https:\/\/likemetkovic.hr\/portal\/wp-content\/uploads\/2021\/12\/djecja-bozicna-avantura-14-80x60.jpg) 0 0 no-repeat;\r\n                    }\r\n                    #tdi_1  .td-doubleSlider-2 .td-item11 {\r\n                        background: url(https:\/\/likemetkovic.hr\/portal\/wp-content\/uploads\/2021\/12\/djecja-bozicna-avantura-15-80x60.jpg) 0 0 no-repeat;\r\n                    }\r\n                    #tdi_1  .td-doubleSlider-2 .td-item12 {\r\n                        background: url(https:\/\/likemetkovic.hr\/portal\/wp-content\/uploads\/2021\/12\/djecja-bozicna-avantura-16-80x60.jpg) 0 0 no-repeat;\r\n                    }\r\n                <\/style>\r\n\r\n                <div id=\"tdi_1\" class=\"td-gallery td-slide-on-2-columns\">\r\n                    <div class=\"post_td_gallery\">\r\n                        <div class=\"td-gallery-slide-top\">\r\n                           <div class=\"td-gallery-title\"><\/div>\r\n\r\n                            <div class=\"td-gallery-controls-wrapper\">\r\n                                <div class=\"td-gallery-slide-count\"><span class=\"td-gallery-slide-item-focus\">1<\/span> of 12<\/div>\r\n                                <div class=\"td-gallery-slide-prev-next-but\">\r\n                                    <i class = \"td-icon-left doubleSliderPrevButton\"><\/i>\r\n                                    <i class = \"td-icon-right doubleSliderNextButton\"><\/i>\r\n                                <\/div>\r\n                            <\/div>\r\n                        <\/div>\r\n\r\n                        <div class = \"td-doubleSlider-1 \">\r\n                            <div class = \"td-slider\">\r\n                                \r\n                    <div class = \"td-slide-item td-item1\">\r\n                        <figure class=\"td-slide-galery-figure td-slide-popup-gallery\">\r\n                            <a class=\"slide-gallery-image-link\" href=\"https:\/\/likemetkovic.hr\/portal\/wp-content\/uploads\/2021\/12\/djecja-bozicna-avantura-1.jpg\" title=\"djecja bozicna avantura (1)\"  data-caption=\"\"  data-description=\"\">\r\n                                <img decoding=\"async\" src=\"https:\/\/likemetkovic.hr\/portal\/wp-content\/uploads\/2021\/12\/djecja-bozicna-avantura-1-630x420.jpg\" srcset=\"https:\/\/likemetkovic.hr\/portal\/wp-content\/uploads\/2021\/12\/djecja-bozicna-avantura-1-630x420.jpg 630w, https:\/\/likemetkovic.hr\/portal\/wp-content\/uploads\/2021\/12\/djecja-bozicna-avantura-1-768x512.jpg 768w, https:\/\/likemetkovic.hr\/portal\/wp-content\/uploads\/2021\/12\/djecja-bozicna-avantura-1-696x464.jpg 696w, https:\/\/likemetkovic.hr\/portal\/wp-content\/uploads\/2021\/12\/djecja-bozicna-avantura-1.jpg 800w\" sizes=\"(max-width: 630px) 100vw, 630px\" alt=\"\">\r\n                            <\/a>\r\n                            \r\n                        <\/figure>\r\n                    <\/div>\r\n                    <div class = \"td-slide-item td-item2\">\r\n                        <figure class=\"td-slide-galery-figure td-slide-popup-gallery\">\r\n                            <a class=\"slide-gallery-image-link\" href=\"https:\/\/likemetkovic.hr\/portal\/wp-content\/uploads\/2021\/12\/djecja-bozicna-avantura-2.jpg\" title=\"djecja bozicna avantura (2)\"  data-caption=\"\"  data-description=\"\">\r\n                                <img decoding=\"async\" src=\"https:\/\/likemetkovic.hr\/portal\/wp-content\/uploads\/2021\/12\/djecja-bozicna-avantura-2-630x420.jpg\" srcset=\"https:\/\/likemetkovic.hr\/portal\/wp-content\/uploads\/2021\/12\/djecja-bozicna-avantura-2-630x420.jpg 630w, https:\/\/likemetkovic.hr\/portal\/wp-content\/uploads\/2021\/12\/djecja-bozicna-avantura-2-768x512.jpg 768w, https:\/\/likemetkovic.hr\/portal\/wp-content\/uploads\/2021\/12\/djecja-bozicna-avantura-2-696x464.jpg 696w, https:\/\/likemetkovic.hr\/portal\/wp-content\/uploads\/2021\/12\/djecja-bozicna-avantura-2.jpg 800w\" sizes=\"(max-width: 630px) 100vw, 630px\" alt=\"\">\r\n                            <\/a>\r\n                            \r\n                        <\/figure>\r\n                    <\/div>\r\n                    <div class = \"td-slide-item td-item3\">\r\n                        <figure class=\"td-slide-galery-figure td-slide-popup-gallery\">\r\n                            <a class=\"slide-gallery-image-link\" href=\"https:\/\/likemetkovic.hr\/portal\/wp-content\/uploads\/2021\/12\/djecja-bozicna-avantura-4.jpg\" title=\"djecja bozicna avantura (4)\"  data-caption=\"\"  data-description=\"\">\r\n                                <img decoding=\"async\" src=\"https:\/\/likemetkovic.hr\/portal\/wp-content\/uploads\/2021\/12\/djecja-bozicna-avantura-4-280x420.jpg\" srcset=\"https:\/\/likemetkovic.hr\/portal\/wp-content\/uploads\/2021\/12\/djecja-bozicna-avantura-4-280x420.jpg 280w, https:\/\/likemetkovic.hr\/portal\/wp-content\/uploads\/2021\/12\/djecja-bozicna-avantura-4.jpg 533w\" sizes=\"(max-width: 280px) 100vw, 280px\" alt=\"\">\r\n                            <\/a>\r\n                            \r\n                        <\/figure>\r\n                    <\/div>\r\n                    <div class = \"td-slide-item td-item4\">\r\n                        <figure class=\"td-slide-galery-figure td-slide-popup-gallery\">\r\n                            <a class=\"slide-gallery-image-link\" href=\"https:\/\/likemetkovic.hr\/portal\/wp-content\/uploads\/2021\/12\/djecja-bozicna-avantura-6.jpg\" title=\"djecja bozicna avantura (6)\"  data-caption=\"\"  data-description=\"\">\r\n                                <img decoding=\"async\" src=\"https:\/\/likemetkovic.hr\/portal\/wp-content\/uploads\/2021\/12\/djecja-bozicna-avantura-6-630x420.jpg\" srcset=\"https:\/\/likemetkovic.hr\/portal\/wp-content\/uploads\/2021\/12\/djecja-bozicna-avantura-6-630x420.jpg 630w, https:\/\/likemetkovic.hr\/portal\/wp-content\/uploads\/2021\/12\/djecja-bozicna-avantura-6-768x512.jpg 768w, https:\/\/likemetkovic.hr\/portal\/wp-content\/uploads\/2021\/12\/djecja-bozicna-avantura-6-696x464.jpg 696w, https:\/\/likemetkovic.hr\/portal\/wp-content\/uploads\/2021\/12\/djecja-bozicna-avantura-6.jpg 800w\" sizes=\"(max-width: 630px) 100vw, 630px\" alt=\"\">\r\n                            <\/a>\r\n                            \r\n                        <\/figure>\r\n                    <\/div>\r\n                    <div class = \"td-slide-item td-item5\">\r\n                        <figure class=\"td-slide-galery-figure td-slide-popup-gallery\">\r\n                            <a class=\"slide-gallery-image-link\" href=\"https:\/\/likemetkovic.hr\/portal\/wp-content\/uploads\/2021\/12\/djecja-bozicna-avantura-7.jpg\" title=\"djecja bozicna avantura (7)\"  data-caption=\"\"  data-description=\"\">\r\n                                <img decoding=\"async\" src=\"https:\/\/likemetkovic.hr\/portal\/wp-content\/uploads\/2021\/12\/djecja-bozicna-avantura-7-630x420.jpg\" srcset=\"https:\/\/likemetkovic.hr\/portal\/wp-content\/uploads\/2021\/12\/djecja-bozicna-avantura-7-630x420.jpg 630w, https:\/\/likemetkovic.hr\/portal\/wp-content\/uploads\/2021\/12\/djecja-bozicna-avantura-7-768x512.jpg 768w, https:\/\/likemetkovic.hr\/portal\/wp-content\/uploads\/2021\/12\/djecja-bozicna-avantura-7-696x464.jpg 696w, https:\/\/likemetkovic.hr\/portal\/wp-content\/uploads\/2021\/12\/djecja-bozicna-avantura-7.jpg 800w\" sizes=\"(max-width: 630px) 100vw, 630px\" alt=\"\">\r\n                            <\/a>\r\n                            \r\n                        <\/figure>\r\n                    <\/div>\r\n                    <div class = \"td-slide-item td-item6\">\r\n                        <figure class=\"td-slide-galery-figure td-slide-popup-gallery\">\r\n                            <a class=\"slide-gallery-image-link\" href=\"https:\/\/likemetkovic.hr\/portal\/wp-content\/uploads\/2021\/12\/djecja-bozicna-avantura-8.jpg\" title=\"djecja bozicna avantura (8)\"  data-caption=\"\"  data-description=\"\">\r\n                                <img decoding=\"async\" src=\"https:\/\/likemetkovic.hr\/portal\/wp-content\/uploads\/2021\/12\/djecja-bozicna-avantura-8-630x420.jpg\" srcset=\"https:\/\/likemetkovic.hr\/portal\/wp-content\/uploads\/2021\/12\/djecja-bozicna-avantura-8-630x420.jpg 630w, https:\/\/likemetkovic.hr\/portal\/wp-content\/uploads\/2021\/12\/djecja-bozicna-avantura-8-768x512.jpg 768w, https:\/\/likemetkovic.hr\/portal\/wp-content\/uploads\/2021\/12\/djecja-bozicna-avantura-8-696x464.jpg 696w, https:\/\/likemetkovic.hr\/portal\/wp-content\/uploads\/2021\/12\/djecja-bozicna-avantura-8.jpg 800w\" sizes=\"(max-width: 630px) 100vw, 630px\" alt=\"\">\r\n                            <\/a>\r\n                            \r\n                        <\/figure>\r\n                    <\/div>\r\n                    <div class = \"td-slide-item td-item7\">\r\n                        <figure class=\"td-slide-galery-figure td-slide-popup-gallery\">\r\n                            <a class=\"slide-gallery-image-link\" href=\"https:\/\/likemetkovic.hr\/portal\/wp-content\/uploads\/2021\/12\/djecja-bozicna-avantura-9.jpg\" title=\"djecja bozicna avantura (9)\"  data-caption=\"\"  data-description=\"\">\r\n                                <img decoding=\"async\" src=\"https:\/\/likemetkovic.hr\/portal\/wp-content\/uploads\/2021\/12\/djecja-bozicna-avantura-9-280x420.jpg\" srcset=\"https:\/\/likemetkovic.hr\/portal\/wp-content\/uploads\/2021\/12\/djecja-bozicna-avantura-9-280x420.jpg 280w, https:\/\/likemetkovic.hr\/portal\/wp-content\/uploads\/2021\/12\/djecja-bozicna-avantura-9.jpg 533w\" sizes=\"(max-width: 280px) 100vw, 280px\" alt=\"\">\r\n                            <\/a>\r\n                            \r\n                        <\/figure>\r\n                    <\/div>\r\n                    <div class = \"td-slide-item td-item8\">\r\n                        <figure class=\"td-slide-galery-figure td-slide-popup-gallery\">\r\n                            <a class=\"slide-gallery-image-link\" href=\"https:\/\/likemetkovic.hr\/portal\/wp-content\/uploads\/2021\/12\/djecja-bozicna-avantura-12.jpg\" title=\"djecja bozicna avantura (12)\"  data-caption=\"\"  data-description=\"\">\r\n                                <img decoding=\"async\" src=\"https:\/\/likemetkovic.hr\/portal\/wp-content\/uploads\/2021\/12\/djecja-bozicna-avantura-12-630x420.jpg\" srcset=\"https:\/\/likemetkovic.hr\/portal\/wp-content\/uploads\/2021\/12\/djecja-bozicna-avantura-12-630x420.jpg 630w, https:\/\/likemetkovic.hr\/portal\/wp-content\/uploads\/2021\/12\/djecja-bozicna-avantura-12-768x512.jpg 768w, https:\/\/likemetkovic.hr\/portal\/wp-content\/uploads\/2021\/12\/djecja-bozicna-avantura-12-696x464.jpg 696w, https:\/\/likemetkovic.hr\/portal\/wp-content\/uploads\/2021\/12\/djecja-bozicna-avantura-12.jpg 800w\" sizes=\"(max-width: 630px) 100vw, 630px\" alt=\"\">\r\n                            <\/a>\r\n                            \r\n                        <\/figure>\r\n                    <\/div>\r\n                    <div class = \"td-slide-item td-item9\">\r\n                        <figure class=\"td-slide-galery-figure td-slide-popup-gallery\">\r\n                            <a class=\"slide-gallery-image-link\" href=\"https:\/\/likemetkovic.hr\/portal\/wp-content\/uploads\/2021\/12\/djecja-bozicna-avantura-13.jpg\" title=\"djecja bozicna avantura (13)\"  data-caption=\"\"  data-description=\"\">\r\n                                <img decoding=\"async\" src=\"https:\/\/likemetkovic.hr\/portal\/wp-content\/uploads\/2021\/12\/djecja-bozicna-avantura-13-630x420.jpg\" srcset=\"https:\/\/likemetkovic.hr\/portal\/wp-content\/uploads\/2021\/12\/djecja-bozicna-avantura-13-630x420.jpg 630w, https:\/\/likemetkovic.hr\/portal\/wp-content\/uploads\/2021\/12\/djecja-bozicna-avantura-13-768x512.jpg 768w, https:\/\/likemetkovic.hr\/portal\/wp-content\/uploads\/2021\/12\/djecja-bozicna-avantura-13-696x464.jpg 696w, https:\/\/likemetkovic.hr\/portal\/wp-content\/uploads\/2021\/12\/djecja-bozicna-avantura-13.jpg 800w\" sizes=\"(max-width: 630px) 100vw, 630px\" alt=\"\">\r\n                            <\/a>\r\n                            \r\n                        <\/figure>\r\n                    <\/div>\r\n                    <div class = \"td-slide-item td-item10\">\r\n                        <figure class=\"td-slide-galery-figure td-slide-popup-gallery\">\r\n                            <a class=\"slide-gallery-image-link\" href=\"https:\/\/likemetkovic.hr\/portal\/wp-content\/uploads\/2021\/12\/djecja-bozicna-avantura-14.jpg\" title=\"djecja bozicna avantura (14)\"  data-caption=\"\"  data-description=\"\">\r\n                                <img decoding=\"async\" src=\"https:\/\/likemetkovic.hr\/portal\/wp-content\/uploads\/2021\/12\/djecja-bozicna-avantura-14-560x420.jpg\" srcset=\"https:\/\/likemetkovic.hr\/portal\/wp-content\/uploads\/2021\/12\/djecja-bozicna-avantura-14-560x420.jpg 560w, https:\/\/likemetkovic.hr\/portal\/wp-content\/uploads\/2021\/12\/djecja-bozicna-avantura-14-768x576.jpg 768w, https:\/\/likemetkovic.hr\/portal\/wp-content\/uploads\/2021\/12\/djecja-bozicna-avantura-14-696x522.jpg 696w, https:\/\/likemetkovic.hr\/portal\/wp-content\/uploads\/2021\/12\/djecja-bozicna-avantura-14-80x60.jpg 80w, https:\/\/likemetkovic.hr\/portal\/wp-content\/uploads\/2021\/12\/djecja-bozicna-avantura-14-265x198.jpg 265w, https:\/\/likemetkovic.hr\/portal\/wp-content\/uploads\/2021\/12\/djecja-bozicna-avantura-14.jpg 800w\" sizes=\"(max-width: 560px) 100vw, 560px\" alt=\"\">\r\n                            <\/a>\r\n                            \r\n                        <\/figure>\r\n                    <\/div>\r\n                    <div class = \"td-slide-item td-item11\">\r\n                        <figure class=\"td-slide-galery-figure td-slide-popup-gallery\">\r\n                            <a class=\"slide-gallery-image-link\" href=\"https:\/\/likemetkovic.hr\/portal\/wp-content\/uploads\/2021\/12\/djecja-bozicna-avantura-15.jpg\" title=\"djecja bozicna avantura (15)\"  data-caption=\"\"  data-description=\"\">\r\n                                <img decoding=\"async\" src=\"https:\/\/likemetkovic.hr\/portal\/wp-content\/uploads\/2021\/12\/djecja-bozicna-avantura-15-560x420.jpg\" srcset=\"https:\/\/likemetkovic.hr\/portal\/wp-content\/uploads\/2021\/12\/djecja-bozicna-avantura-15-560x420.jpg 560w, https:\/\/likemetkovic.hr\/portal\/wp-content\/uploads\/2021\/12\/djecja-bozicna-avantura-15-768x576.jpg 768w, https:\/\/likemetkovic.hr\/portal\/wp-content\/uploads\/2021\/12\/djecja-bozicna-avantura-15-696x522.jpg 696w, https:\/\/likemetkovic.hr\/portal\/wp-content\/uploads\/2021\/12\/djecja-bozicna-avantura-15-80x60.jpg 80w, https:\/\/likemetkovic.hr\/portal\/wp-content\/uploads\/2021\/12\/djecja-bozicna-avantura-15-265x198.jpg 265w, https:\/\/likemetkovic.hr\/portal\/wp-content\/uploads\/2021\/12\/djecja-bozicna-avantura-15.jpg 800w\" sizes=\"(max-width: 560px) 100vw, 560px\" alt=\"\">\r\n                            <\/a>\r\n                            \r\n                        <\/figure>\r\n                    <\/div>\r\n                    <div class = \"td-slide-item td-item12\">\r\n                        <figure class=\"td-slide-galery-figure td-slide-popup-gallery\">\r\n                            <a class=\"slide-gallery-image-link\" href=\"https:\/\/likemetkovic.hr\/portal\/wp-content\/uploads\/2021\/12\/djecja-bozicna-avantura-16.jpg\" title=\"djecja bozicna avantura (16)\"  data-caption=\"\"  data-description=\"\">\r\n                                <img decoding=\"async\" src=\"https:\/\/likemetkovic.hr\/portal\/wp-content\/uploads\/2021\/12\/djecja-bozicna-avantura-16-560x420.jpg\" srcset=\"https:\/\/likemetkovic.hr\/portal\/wp-content\/uploads\/2021\/12\/djecja-bozicna-avantura-16-560x420.jpg 560w, https:\/\/likemetkovic.hr\/portal\/wp-content\/uploads\/2021\/12\/djecja-bozicna-avantura-16-768x576.jpg 768w, https:\/\/likemetkovic.hr\/portal\/wp-content\/uploads\/2021\/12\/djecja-bozicna-avantura-16-696x522.jpg 696w, https:\/\/likemetkovic.hr\/portal\/wp-content\/uploads\/2021\/12\/djecja-bozicna-avantura-16-80x60.jpg 80w, https:\/\/likemetkovic.hr\/portal\/wp-content\/uploads\/2021\/12\/djecja-bozicna-avantura-16-265x198.jpg 265w, https:\/\/likemetkovic.hr\/portal\/wp-content\/uploads\/2021\/12\/djecja-bozicna-avantura-16.jpg 800w\" sizes=\"(max-width: 560px) 100vw, 560px\" alt=\"\">\r\n                            <\/a>\r\n                            \r\n                        <\/figure>\r\n                    <\/div>\r\n                            <\/div>\r\n                        <\/div>\r\n\r\n                        <div class = \"td-doubleSlider-2\">\r\n                            <div class = \"td-slider\">\r\n                                \r\n                    <div class = \"td-button td-item1\">\r\n                        <div class = \"td-border\"><\/div>\r\n                    <\/div>\r\n                    <div class = \"td-button td-item2\">\r\n                        <div class = \"td-border\"><\/div>\r\n                    <\/div>\r\n                    <div class = \"td-button td-item3\">\r\n                        <div class = \"td-border\"><\/div>\r\n                    <\/div>\r\n                    <div class = \"td-button td-item4\">\r\n                        <div class = \"td-border\"><\/div>\r\n                    <\/div>\r\n                    <div class = \"td-button td-item5\">\r\n                        <div class = \"td-border\"><\/div>\r\n                    <\/div>\r\n                    <div class = \"td-button td-item6\">\r\n                        <div class = \"td-border\"><\/div>\r\n                    <\/div>\r\n                    <div class = \"td-button td-item7\">\r\n                        <div class = \"td-border\"><\/div>\r\n                    <\/div>\r\n                    <div class = \"td-button td-item8\">\r\n                        <div class = \"td-border\"><\/div>\r\n                    <\/div>\r\n                    <div class = \"td-button td-item9\">\r\n                        <div class = \"td-border\"><\/div>\r\n                    <\/div>\r\n                    <div class = \"td-button td-item10\">\r\n                        <div class = \"td-border\"><\/div>\r\n                    <\/div>\r\n                    <div class = \"td-button td-item11\">\r\n                        <div class = \"td-border\"><\/div>\r\n                    <\/div>\r\n                    <div class = \"td-button td-item12\">\r\n                        <div class = \"td-border\"><\/div>\r\n                    <\/div>\r\n                            <\/div>\r\n                        <\/div>\r\n\r\n                    <\/div>\r\n\r\n                <\/div>\r\n                \n<p data-uw-styling-context=\"true\">Sljede\u0107a <em>Dje\u010dja bo\u017ei\u0107na avantura<\/em> odr\u017eat \u0107e se sutra,\u00a0<strong data-uw-styling-context=\"true\">u nedjelju<\/strong> (19. prosinca<strong>), s p<\/strong><strong data-uw-styling-context=\"true\">o\u010detkom u 14 sati<\/strong>.<\/p>\n<p>Organizator doga\u0111aja je Ustanova za kulturu i sport Metkovi\u0107, a odr\u017eava se u sklopu programa manifestacije <em>Prosina\u010dke sve\u010danosti 2021<\/em>.<\/p>\n","protected":false},"excerpt":{"rendered":"<p>Usprkos buri i hladno\u0107i okupila su se danas popodne djeca na Trgu kralja Tomislava na prvu Dje\u010dju bo\u017ei\u0107nu avanturu. U\u00a0zabavno-plesnom program za djecu kojega je animirao Dalibor Dominikovi\u0107 (Plesna \u0161kola Calypso) sudjelovali su Disneyjevi likovi. Sljede\u0107a Dje\u010dja bo\u017ei\u0107na avantura odr\u017eat \u0107e se sutra,\u00a0u nedjelju (19. prosinca), s po\u010detkom u 14 sati. Organizator doga\u0111aja je Ustanova [&hellip;]<\/p>\n","protected":false},"author":9,"featured_media":126175,"comment_status":"open","ping_status":"open","sticky":false,"template":"","format":"standard","meta":{"footnotes":""},"categories":[283,11],"tags":[10247],"class_list":{"0":"post-126164","1":"post","2":"type-post","3":"status-publish","4":"format-standard","5":"has-post-thumbnail","7":"category-a","8":"category-metkovic-dolina","9":"tag-djecja-bozicna-avantura"},"yoast_head":"<!-- This site is optimized with the Yoast SEO plugin v25.2 - https:\/\/yoast.com\/wordpress\/plugins\/seo\/ -->\n<title>FOTO | Dje\u010dja bo\u017ei\u0107na avantura - usprkos buri i hladno\u0107i okupila su se danas djeca na Trgu - likemetkovic.hr<\/title>\n<meta name=\"robots\" content=\"index, follow, max-snippet:-1, max-image-preview:large, max-video-preview:-1\" \/>\n<link rel=\"canonical\" href=\"https:\/\/likemetkovic.hr\/foto-djecja-bozicna-avantura-usprkos-buri-i-hladnoci-okupila-su-se-danas-djeca-na-trgu\/\" \/>\n<meta property=\"og:locale\" content=\"hr_HR\" \/>\n<meta property=\"og:type\" content=\"article\" \/>\n<meta property=\"og:title\" content=\"FOTO | Dje\u010dja bo\u017ei\u0107na avantura - usprkos buri i hladno\u0107i okupila su se danas djeca na Trgu - likemetkovic.hr\" \/>\n<meta property=\"og:description\" content=\"Usprkos buri i hladno\u0107i okupila su se danas popodne djeca na Trgu kralja Tomislava na prvu Dje\u010dju bo\u017ei\u0107nu avanturu. U\u00a0zabavno-plesnom program za djecu kojega je animirao Dalibor Dominikovi\u0107 (Plesna \u0161kola Calypso) sudjelovali su Disneyjevi likovi. Sljede\u0107a Dje\u010dja bo\u017ei\u0107na avantura odr\u017eat \u0107e se sutra,\u00a0u nedjelju (19. prosinca), s po\u010detkom u 14 sati. Organizator doga\u0111aja je Ustanova [&hellip;]\" \/>\n<meta property=\"og:url\" content=\"https:\/\/likemetkovic.hr\/foto-djecja-bozicna-avantura-usprkos-buri-i-hladnoci-okupila-su-se-danas-djeca-na-trgu\/\" \/>\n<meta property=\"og:site_name\" content=\"likemetkovic.hr\" \/>\n<meta property=\"article:publisher\" content=\"https:\/\/www.facebook.com\/likemetkovic.hr\/\" \/>\n<meta property=\"article:published_time\" content=\"2021-12-18T15:13:29+00:00\" \/>\n<meta property=\"og:image\" content=\"https:\/\/likemetkovic.hr\/wp-content\/uploads\/2021\/12\/djecja-bozicna-avantura-15.jpg\" \/>\n\t<meta property=\"og:image:width\" content=\"800\" \/>\n\t<meta property=\"og:image:height\" content=\"600\" \/>\n\t<meta property=\"og:image:type\" content=\"image\/jpeg\" \/>\n<meta name=\"author\" content=\"K. J.\" \/>\n<meta name=\"twitter:card\" content=\"summary_large_image\" \/>\n<meta name=\"twitter:label1\" content=\"Napisao\/la\" \/>\n\t<meta name=\"twitter:data1\" content=\"K. J.\" \/>\n\t<meta name=\"twitter:label2\" content=\"Procijenjeno vrijeme \u010ditanja\" \/>\n\t<meta name=\"twitter:data2\" content=\"1 minuta\" \/>\n<script type=\"application\/ld+json\" class=\"yoast-schema-graph\">{\"@context\":\"https:\/\/schema.org\",\"@graph\":[{\"@type\":\"WebPage\",\"@id\":\"https:\/\/likemetkovic.hr\/foto-djecja-bozicna-avantura-usprkos-buri-i-hladnoci-okupila-su-se-danas-djeca-na-trgu\/\",\"url\":\"https:\/\/likemetkovic.hr\/foto-djecja-bozicna-avantura-usprkos-buri-i-hladnoci-okupila-su-se-danas-djeca-na-trgu\/\",\"name\":\"FOTO | Dje\u010dja bo\u017ei\u0107na avantura - usprkos buri i hladno\u0107i okupila su se danas djeca na Trgu - likemetkovic.hr\",\"isPartOf\":{\"@id\":\"https:\/\/likemetkovic.hr\/#website\"},\"primaryImageOfPage\":{\"@id\":\"https:\/\/likemetkovic.hr\/foto-djecja-bozicna-avantura-usprkos-buri-i-hladnoci-okupila-su-se-danas-djeca-na-trgu\/#primaryimage\"},\"image\":{\"@id\":\"https:\/\/likemetkovic.hr\/foto-djecja-bozicna-avantura-usprkos-buri-i-hladnoci-okupila-su-se-danas-djeca-na-trgu\/#primaryimage\"},\"thumbnailUrl\":\"https:\/\/likemetkovic.hr\/portal\/wp-content\/uploads\/2021\/12\/djecja-bozicna-avantura-15.jpg\",\"datePublished\":\"2021-12-18T15:13:29+00:00\",\"author\":{\"@id\":\"https:\/\/likemetkovic.hr\/#\/schema\/person\/0a8b4ebfdfe1ff01192dccda40c5da0c\"},\"breadcrumb\":{\"@id\":\"https:\/\/likemetkovic.hr\/foto-djecja-bozicna-avantura-usprkos-buri-i-hladnoci-okupila-su-se-danas-djeca-na-trgu\/#breadcrumb\"},\"inLanguage\":\"hr\",\"potentialAction\":[{\"@type\":\"ReadAction\",\"target\":[\"https:\/\/likemetkovic.hr\/foto-djecja-bozicna-avantura-usprkos-buri-i-hladnoci-okupila-su-se-danas-djeca-na-trgu\/\"]}]},{\"@type\":\"ImageObject\",\"inLanguage\":\"hr\",\"@id\":\"https:\/\/likemetkovic.hr\/foto-djecja-bozicna-avantura-usprkos-buri-i-hladnoci-okupila-su-se-danas-djeca-na-trgu\/#primaryimage\",\"url\":\"https:\/\/likemetkovic.hr\/portal\/wp-content\/uploads\/2021\/12\/djecja-bozicna-avantura-15.jpg\",\"contentUrl\":\"https:\/\/likemetkovic.hr\/portal\/wp-content\/uploads\/2021\/12\/djecja-bozicna-avantura-15.jpg\",\"width\":800,\"height\":600},{\"@type\":\"BreadcrumbList\",\"@id\":\"https:\/\/likemetkovic.hr\/foto-djecja-bozicna-avantura-usprkos-buri-i-hladnoci-okupila-su-se-danas-djeca-na-trgu\/#breadcrumb\",\"itemListElement\":[{\"@type\":\"ListItem\",\"position\":1,\"name\":\"Po\u010detna stranica\",\"item\":\"https:\/\/likemetkovic.hr\/portal\/\"},{\"@type\":\"ListItem\",\"position\":2,\"name\":\"FOTO | Dje\u010dja bo\u017ei\u0107na avantura &#8211; usprkos buri i hladno\u0107i okupila su se danas djeca na Trgu\"}]},{\"@type\":\"WebSite\",\"@id\":\"https:\/\/likemetkovic.hr\/#website\",\"url\":\"https:\/\/likemetkovic.hr\/\",\"name\":\"likemetkovic.hr\",\"description\":\"Misli pozitivno... \u010ditaj LIKE\",\"potentialAction\":[{\"@type\":\"SearchAction\",\"target\":{\"@type\":\"EntryPoint\",\"urlTemplate\":\"https:\/\/likemetkovic.hr\/?s={search_term_string}\"},\"query-input\":{\"@type\":\"PropertyValueSpecification\",\"valueRequired\":true,\"valueName\":\"search_term_string\"}}],\"inLanguage\":\"hr\"},{\"@type\":\"Person\",\"@id\":\"https:\/\/likemetkovic.hr\/#\/schema\/person\/0a8b4ebfdfe1ff01192dccda40c5da0c\",\"name\":\"K. J.\",\"url\":\"https:\/\/likemetkovic.hr\/portal\/author\/likemetkovic\/\"}]}<\/script>\n<!-- \/ Yoast SEO plugin. -->","yoast_head_json":{"title":"FOTO | Dje\u010dja bo\u017ei\u0107na avantura - usprkos buri i hladno\u0107i okupila su se danas djeca na Trgu - likemetkovic.hr","robots":{"index":"index","follow":"follow","max-snippet":"max-snippet:-1","max-image-preview":"max-image-preview:large","max-video-preview":"max-video-preview:-1"},"canonical":"https:\/\/likemetkovic.hr\/foto-djecja-bozicna-avantura-usprkos-buri-i-hladnoci-okupila-su-se-danas-djeca-na-trgu\/","og_locale":"hr_HR","og_type":"article","og_title":"FOTO | Dje\u010dja bo\u017ei\u0107na avantura - usprkos buri i hladno\u0107i okupila su se danas djeca na Trgu - likemetkovic.hr","og_description":"Usprkos buri i hladno\u0107i okupila su se danas popodne djeca na Trgu kralja Tomislava na prvu Dje\u010dju bo\u017ei\u0107nu avanturu. U\u00a0zabavno-plesnom program za djecu kojega je animirao Dalibor Dominikovi\u0107 (Plesna \u0161kola Calypso) sudjelovali su Disneyjevi likovi. Sljede\u0107a Dje\u010dja bo\u017ei\u0107na avantura odr\u017eat \u0107e se sutra,\u00a0u nedjelju (19. prosinca), s po\u010detkom u 14 sati. Organizator doga\u0111aja je Ustanova [&hellip;]","og_url":"https:\/\/likemetkovic.hr\/foto-djecja-bozicna-avantura-usprkos-buri-i-hladnoci-okupila-su-se-danas-djeca-na-trgu\/","og_site_name":"likemetkovic.hr","article_publisher":"https:\/\/www.facebook.com\/likemetkovic.hr\/","article_published_time":"2021-12-18T15:13:29+00:00","og_image":[{"width":800,"height":600,"url":"https:\/\/likemetkovic.hr\/wp-content\/uploads\/2021\/12\/djecja-bozicna-avantura-15.jpg","type":"image\/jpeg"}],"author":"K. J.","twitter_card":"summary_large_image","twitter_misc":{"Napisao\/la":"K. J.","Procijenjeno vrijeme \u010ditanja":"1 minuta"},"schema":{"@context":"https:\/\/schema.org","@graph":[{"@type":"WebPage","@id":"https:\/\/likemetkovic.hr\/foto-djecja-bozicna-avantura-usprkos-buri-i-hladnoci-okupila-su-se-danas-djeca-na-trgu\/","url":"https:\/\/likemetkovic.hr\/foto-djecja-bozicna-avantura-usprkos-buri-i-hladnoci-okupila-su-se-danas-djeca-na-trgu\/","name":"FOTO | Dje\u010dja bo\u017ei\u0107na avantura - usprkos buri i hladno\u0107i okupila su se danas djeca na Trgu - likemetkovic.hr","isPartOf":{"@id":"https:\/\/likemetkovic.hr\/#website"},"primaryImageOfPage":{"@id":"https:\/\/likemetkovic.hr\/foto-djecja-bozicna-avantura-usprkos-buri-i-hladnoci-okupila-su-se-danas-djeca-na-trgu\/#primaryimage"},"image":{"@id":"https:\/\/likemetkovic.hr\/foto-djecja-bozicna-avantura-usprkos-buri-i-hladnoci-okupila-su-se-danas-djeca-na-trgu\/#primaryimage"},"thumbnailUrl":"https:\/\/likemetkovic.hr\/portal\/wp-content\/uploads\/2021\/12\/djecja-bozicna-avantura-15.jpg","datePublished":"2021-12-18T15:13:29+00:00","author":{"@id":"https:\/\/likemetkovic.hr\/#\/schema\/person\/0a8b4ebfdfe1ff01192dccda40c5da0c"},"breadcrumb":{"@id":"https:\/\/likemetkovic.hr\/foto-djecja-bozicna-avantura-usprkos-buri-i-hladnoci-okupila-su-se-danas-djeca-na-trgu\/#breadcrumb"},"inLanguage":"hr","potentialAction":[{"@type":"ReadAction","target":["https:\/\/likemetkovic.hr\/foto-djecja-bozicna-avantura-usprkos-buri-i-hladnoci-okupila-su-se-danas-djeca-na-trgu\/"]}]},{"@type":"ImageObject","inLanguage":"hr","@id":"https:\/\/likemetkovic.hr\/foto-djecja-bozicna-avantura-usprkos-buri-i-hladnoci-okupila-su-se-danas-djeca-na-trgu\/#primaryimage","url":"https:\/\/likemetkovic.hr\/portal\/wp-content\/uploads\/2021\/12\/djecja-bozicna-avantura-15.jpg","contentUrl":"https:\/\/likemetkovic.hr\/portal\/wp-content\/uploads\/2021\/12\/djecja-bozicna-avantura-15.jpg","width":800,"height":600},{"@type":"BreadcrumbList","@id":"https:\/\/likemetkovic.hr\/foto-djecja-bozicna-avantura-usprkos-buri-i-hladnoci-okupila-su-se-danas-djeca-na-trgu\/#breadcrumb","itemListElement":[{"@type":"ListItem","position":1,"name":"Po\u010detna stranica","item":"https:\/\/likemetkovic.hr\/portal\/"},{"@type":"ListItem","position":2,"name":"FOTO | Dje\u010dja bo\u017ei\u0107na avantura &#8211; usprkos buri i hladno\u0107i okupila su se danas djeca na Trgu"}]},{"@type":"WebSite","@id":"https:\/\/likemetkovic.hr\/#website","url":"https:\/\/likemetkovic.hr\/","name":"likemetkovic.hr","description":"Misli pozitivno... \u010ditaj LIKE","potentialAction":[{"@type":"SearchAction","target":{"@type":"EntryPoint","urlTemplate":"https:\/\/likemetkovic.hr\/?s={search_term_string}"},"query-input":{"@type":"PropertyValueSpecification","valueRequired":true,"valueName":"search_term_string"}}],"inLanguage":"hr"},{"@type":"Person","@id":"https:\/\/likemetkovic.hr\/#\/schema\/person\/0a8b4ebfdfe1ff01192dccda40c5da0c","name":"K. J.","url":"https:\/\/likemetkovic.hr\/portal\/author\/likemetkovic\/"}]}},"_links":{"self":[{"href":"https:\/\/likemetkovic.hr\/portal\/wp-json\/wp\/v2\/posts\/126164","targetHints":{"allow":["GET"]}}],"collection":[{"href":"https:\/\/likemetkovic.hr\/portal\/wp-json\/wp\/v2\/posts"}],"about":[{"href":"https:\/\/likemetkovic.hr\/portal\/wp-json\/wp\/v2\/types\/post"}],"author":[{"embeddable":true,"href":"https:\/\/likemetkovic.hr\/portal\/wp-json\/wp\/v2\/users\/9"}],"replies":[{"embeddable":true,"href":"https:\/\/likemetkovic.hr\/portal\/wp-json\/wp\/v2\/comments?post=126164"}],"version-history":[{"count":0,"href":"https:\/\/likemetkovic.hr\/portal\/wp-json\/wp\/v2\/posts\/126164\/revisions"}],"wp:featuredmedia":[{"embeddable":true,"href":"https:\/\/likemetkovic.hr\/portal\/wp-json\/wp\/v2\/media\/126175"}],"wp:attachment":[{"href":"https:\/\/likemetkovic.hr\/portal\/wp-json\/wp\/v2\/media?parent=126164"}],"wp:term":[{"taxonomy":"category","embeddable":true,"href":"https:\/\/likemetkovic.hr\/portal\/wp-json\/wp\/v2\/categories?post=126164"},{"taxonomy":"post_tag","embeddable":true,"href":"https:\/\/likemetkovic.hr\/portal\/wp-json\/wp\/v2\/tags?post=126164"}],"curies":[{"name":"wp","href":"https:\/\/api.w.org\/{rel}","templated":true}]}}