{"id":126236,"date":"2021-12-20T09:51:55","date_gmt":"2021-12-20T08:51:55","guid":{"rendered":"https:\/\/likemetkovic.hr\/?p=126236"},"modified":"2021-12-20T09:51:55","modified_gmt":"2021-12-20T08:51:55","slug":"epidemiologinja-hzjz-a-skratit-cemo-trajanje-covid-potvrda","status":"publish","type":"post","link":"https:\/\/likemetkovic.hr\/portal\/epidemiologinja-hzjz-a-skratit-cemo-trajanje-covid-potvrda\/","title":{"rendered":"Epidemiologinja HZJZ-a: Skratit \u0107emo trajanje COVID-potvrda!"},"content":{"rendered":"<p>Epidemiologinja HZJZ-a Iva Pem Novosel rekla je da \u0107e Hrvatska, u skladu s preporukama iz Europe, revidirati trajanje COVID-potvrda.<\/p>\n<p>&#8211;<em> Do sada smo smatrali da nakon preboljenja i potpunog cijepljenja s dvije doze ta za\u0161tita traje 12 mjeseci, odnosno i COVID-potvrde su vrijedile 12 mjeseci. Me\u0111utim, sada, u sklopu novih okolnosti \u0161irenja omikrona Europom, a vjerojatno i kod nas, i mi \u0107emo morati revidirati njihovo trajanje u skladu s preporukama europskih stru\u010dnjaka. Bit \u0107e kra\u0107e, na nivou EU se najavljuje skra\u0107enje na 9 mjeseci<\/em>, rekla je Pem Novosel <a href=\"https:\/\/hr.n1info.com\/vijesti\/pem-novosel-revidirat-cemo-trajanje-covid-potvrda-u-skladu-s-preporukama-eu-a\/\" target=\"_blank\" rel=\"noopener\">HRT-u<\/a>.<\/p>\n","protected":false},"excerpt":{"rendered":"<p>Epidemiologinja HZJZ-a Iva Pem Novosel rekla je da \u0107e Hrvatska, u skladu s preporukama iz Europe, revidirati trajanje COVID-potvrda. &#8211; Do sada smo smatrali da nakon preboljenja i potpunog cijepljenja s dvije doze ta za\u0161tita traje 12 mjeseci, odnosno i COVID-potvrde su vrijedile 12 mjeseci. Me\u0111utim, sada, u sklopu novih okolnosti \u0161irenja omikrona Europom, a [&hellip;]<\/p>\n","protected":false},"author":7,"featured_media":125171,"comment_status":"open","ping_status":"open","sticky":false,"template":"","format":"standard","meta":{"footnotes":""},"categories":[296,1027],"tags":[9422],"class_list":{"0":"post-126236","1":"post","2":"type-post","3":"status-publish","4":"format-standard","5":"has-post-thumbnail","7":"category-ab","8":"category-hrvatska","9":"tag-covid-potvrde"},"yoast_head":"<!-- This site is optimized with the Yoast SEO plugin v25.2 - https:\/\/yoast.com\/wordpress\/plugins\/seo\/ -->\n<title>Epidemiologinja HZJZ-a: Skratit \u0107emo trajanje COVID-potvrda! - likemetkovic.hr<\/title>\n<meta name=\"robots\" content=\"index, follow, max-snippet:-1, max-image-preview:large, max-video-preview:-1\" \/>\n<link rel=\"canonical\" href=\"https:\/\/likemetkovic.hr\/epidemiologinja-hzjz-a-skratit-cemo-trajanje-covid-potvrda\/\" \/>\n<meta property=\"og:locale\" content=\"hr_HR\" \/>\n<meta property=\"og:type\" content=\"article\" \/>\n<meta property=\"og:title\" content=\"Epidemiologinja HZJZ-a: Skratit \u0107emo trajanje COVID-potvrda! - likemetkovic.hr\" \/>\n<meta property=\"og:description\" content=\"Epidemiologinja HZJZ-a Iva Pem Novosel rekla je da \u0107e Hrvatska, u skladu s preporukama iz Europe, revidirati trajanje COVID-potvrda. &#8211; Do sada smo smatrali da nakon preboljenja i potpunog cijepljenja s dvije doze ta za\u0161tita traje 12 mjeseci, odnosno i COVID-potvrde su vrijedile 12 mjeseci. Me\u0111utim, sada, u sklopu novih okolnosti \u0161irenja omikrona Europom, a [&hellip;]\" \/>\n<meta property=\"og:url\" content=\"https:\/\/likemetkovic.hr\/epidemiologinja-hzjz-a-skratit-cemo-trajanje-covid-potvrda\/\" \/>\n<meta property=\"og:site_name\" content=\"likemetkovic.hr\" \/>\n<meta property=\"article:publisher\" content=\"https:\/\/www.facebook.com\/likemetkovic.hr\/\" \/>\n<meta property=\"article:published_time\" content=\"2021-12-20T08:51:55+00:00\" \/>\n<meta property=\"og:image\" content=\"https:\/\/likemetkovic.hr\/wp-content\/uploads\/2021\/11\/covid-potvrda.jpg\" \/>\n\t<meta property=\"og:image:width\" content=\"800\" \/>\n\t<meta property=\"og:image:height\" content=\"450\" \/>\n\t<meta property=\"og:image:type\" content=\"image\/jpeg\" \/>\n<meta name=\"author\" content=\"LIKEmetkovic.hr\" \/>\n<meta name=\"twitter:card\" content=\"summary_large_image\" \/>\n<meta name=\"twitter:label1\" content=\"Napisao\/la\" \/>\n\t<meta name=\"twitter:data1\" content=\"LIKEmetkovic.hr\" \/>\n<script type=\"application\/ld+json\" class=\"yoast-schema-graph\">{\"@context\":\"https:\/\/schema.org\",\"@graph\":[{\"@type\":\"WebPage\",\"@id\":\"https:\/\/likemetkovic.hr\/epidemiologinja-hzjz-a-skratit-cemo-trajanje-covid-potvrda\/\",\"url\":\"https:\/\/likemetkovic.hr\/epidemiologinja-hzjz-a-skratit-cemo-trajanje-covid-potvrda\/\",\"name\":\"Epidemiologinja HZJZ-a: Skratit \u0107emo trajanje COVID-potvrda! - likemetkovic.hr\",\"isPartOf\":{\"@id\":\"https:\/\/likemetkovic.hr\/#website\"},\"primaryImageOfPage\":{\"@id\":\"https:\/\/likemetkovic.hr\/epidemiologinja-hzjz-a-skratit-cemo-trajanje-covid-potvrda\/#primaryimage\"},\"image\":{\"@id\":\"https:\/\/likemetkovic.hr\/epidemiologinja-hzjz-a-skratit-cemo-trajanje-covid-potvrda\/#primaryimage\"},\"thumbnailUrl\":\"https:\/\/likemetkovic.hr\/portal\/wp-content\/uploads\/2021\/11\/covid-potvrda.jpg\",\"datePublished\":\"2021-12-20T08:51:55+00:00\",\"author\":{\"@id\":\"https:\/\/likemetkovic.hr\/#\/schema\/person\/a42711f3385a0e2be6f7e0443bfb28f0\"},\"breadcrumb\":{\"@id\":\"https:\/\/likemetkovic.hr\/epidemiologinja-hzjz-a-skratit-cemo-trajanje-covid-potvrda\/#breadcrumb\"},\"inLanguage\":\"hr\",\"potentialAction\":[{\"@type\":\"ReadAction\",\"target\":[\"https:\/\/likemetkovic.hr\/epidemiologinja-hzjz-a-skratit-cemo-trajanje-covid-potvrda\/\"]}]},{\"@type\":\"ImageObject\",\"inLanguage\":\"hr\",\"@id\":\"https:\/\/likemetkovic.hr\/epidemiologinja-hzjz-a-skratit-cemo-trajanje-covid-potvrda\/#primaryimage\",\"url\":\"https:\/\/likemetkovic.hr\/portal\/wp-content\/uploads\/2021\/11\/covid-potvrda.jpg\",\"contentUrl\":\"https:\/\/likemetkovic.hr\/portal\/wp-content\/uploads\/2021\/11\/covid-potvrda.jpg\",\"width\":800,\"height\":450},{\"@type\":\"BreadcrumbList\",\"@id\":\"https:\/\/likemetkovic.hr\/epidemiologinja-hzjz-a-skratit-cemo-trajanje-covid-potvrda\/#breadcrumb\",\"itemListElement\":[{\"@type\":\"ListItem\",\"position\":1,\"name\":\"Po\u010detna stranica\",\"item\":\"https:\/\/likemetkovic.hr\/portal\/\"},{\"@type\":\"ListItem\",\"position\":2,\"name\":\"Epidemiologinja HZJZ-a: Skratit \u0107emo trajanje COVID-potvrda!\"}]},{\"@type\":\"WebSite\",\"@id\":\"https:\/\/likemetkovic.hr\/#website\",\"url\":\"https:\/\/likemetkovic.hr\/\",\"name\":\"likemetkovic.hr\",\"description\":\"Misli pozitivno... \u010ditaj LIKE\",\"potentialAction\":[{\"@type\":\"SearchAction\",\"target\":{\"@type\":\"EntryPoint\",\"urlTemplate\":\"https:\/\/likemetkovic.hr\/?s={search_term_string}\"},\"query-input\":{\"@type\":\"PropertyValueSpecification\",\"valueRequired\":true,\"valueName\":\"search_term_string\"}}],\"inLanguage\":\"hr\"},{\"@type\":\"Person\",\"@id\":\"https:\/\/likemetkovic.hr\/#\/schema\/person\/a42711f3385a0e2be6f7e0443bfb28f0\",\"name\":\"LIKEmetkovic.hr\",\"sameAs\":[\"http:\/\/likemetkovic.hr\"],\"url\":\"https:\/\/likemetkovic.hr\/portal\/author\/likemetkovic-hr\/\"}]}<\/script>\n<!-- \/ Yoast SEO plugin. -->","yoast_head_json":{"title":"Epidemiologinja HZJZ-a: Skratit \u0107emo trajanje COVID-potvrda! - likemetkovic.hr","robots":{"index":"index","follow":"follow","max-snippet":"max-snippet:-1","max-image-preview":"max-image-preview:large","max-video-preview":"max-video-preview:-1"},"canonical":"https:\/\/likemetkovic.hr\/epidemiologinja-hzjz-a-skratit-cemo-trajanje-covid-potvrda\/","og_locale":"hr_HR","og_type":"article","og_title":"Epidemiologinja HZJZ-a: Skratit \u0107emo trajanje COVID-potvrda! - likemetkovic.hr","og_description":"Epidemiologinja HZJZ-a Iva Pem Novosel rekla je da \u0107e Hrvatska, u skladu s preporukama iz Europe, revidirati trajanje COVID-potvrda. &#8211; Do sada smo smatrali da nakon preboljenja i potpunog cijepljenja s dvije doze ta za\u0161tita traje 12 mjeseci, odnosno i COVID-potvrde su vrijedile 12 mjeseci. Me\u0111utim, sada, u sklopu novih okolnosti \u0161irenja omikrona Europom, a [&hellip;]","og_url":"https:\/\/likemetkovic.hr\/epidemiologinja-hzjz-a-skratit-cemo-trajanje-covid-potvrda\/","og_site_name":"likemetkovic.hr","article_publisher":"https:\/\/www.facebook.com\/likemetkovic.hr\/","article_published_time":"2021-12-20T08:51:55+00:00","og_image":[{"width":800,"height":450,"url":"https:\/\/likemetkovic.hr\/wp-content\/uploads\/2021\/11\/covid-potvrda.jpg","type":"image\/jpeg"}],"author":"LIKEmetkovic.hr","twitter_card":"summary_large_image","twitter_misc":{"Napisao\/la":"LIKEmetkovic.hr"},"schema":{"@context":"https:\/\/schema.org","@graph":[{"@type":"WebPage","@id":"https:\/\/likemetkovic.hr\/epidemiologinja-hzjz-a-skratit-cemo-trajanje-covid-potvrda\/","url":"https:\/\/likemetkovic.hr\/epidemiologinja-hzjz-a-skratit-cemo-trajanje-covid-potvrda\/","name":"Epidemiologinja HZJZ-a: Skratit \u0107emo trajanje COVID-potvrda! - likemetkovic.hr","isPartOf":{"@id":"https:\/\/likemetkovic.hr\/#website"},"primaryImageOfPage":{"@id":"https:\/\/likemetkovic.hr\/epidemiologinja-hzjz-a-skratit-cemo-trajanje-covid-potvrda\/#primaryimage"},"image":{"@id":"https:\/\/likemetkovic.hr\/epidemiologinja-hzjz-a-skratit-cemo-trajanje-covid-potvrda\/#primaryimage"},"thumbnailUrl":"https:\/\/likemetkovic.hr\/portal\/wp-content\/uploads\/2021\/11\/covid-potvrda.jpg","datePublished":"2021-12-20T08:51:55+00:00","author":{"@id":"https:\/\/likemetkovic.hr\/#\/schema\/person\/a42711f3385a0e2be6f7e0443bfb28f0"},"breadcrumb":{"@id":"https:\/\/likemetkovic.hr\/epidemiologinja-hzjz-a-skratit-cemo-trajanje-covid-potvrda\/#breadcrumb"},"inLanguage":"hr","potentialAction":[{"@type":"ReadAction","target":["https:\/\/likemetkovic.hr\/epidemiologinja-hzjz-a-skratit-cemo-trajanje-covid-potvrda\/"]}]},{"@type":"ImageObject","inLanguage":"hr","@id":"https:\/\/likemetkovic.hr\/epidemiologinja-hzjz-a-skratit-cemo-trajanje-covid-potvrda\/#primaryimage","url":"https:\/\/likemetkovic.hr\/portal\/wp-content\/uploads\/2021\/11\/covid-potvrda.jpg","contentUrl":"https:\/\/likemetkovic.hr\/portal\/wp-content\/uploads\/2021\/11\/covid-potvrda.jpg","width":800,"height":450},{"@type":"BreadcrumbList","@id":"https:\/\/likemetkovic.hr\/epidemiologinja-hzjz-a-skratit-cemo-trajanje-covid-potvrda\/#breadcrumb","itemListElement":[{"@type":"ListItem","position":1,"name":"Po\u010detna stranica","item":"https:\/\/likemetkovic.hr\/portal\/"},{"@type":"ListItem","position":2,"name":"Epidemiologinja HZJZ-a: Skratit \u0107emo trajanje COVID-potvrda!"}]},{"@type":"WebSite","@id":"https:\/\/likemetkovic.hr\/#website","url":"https:\/\/likemetkovic.hr\/","name":"likemetkovic.hr","description":"Misli pozitivno... \u010ditaj LIKE","potentialAction":[{"@type":"SearchAction","target":{"@type":"EntryPoint","urlTemplate":"https:\/\/likemetkovic.hr\/?s={search_term_string}"},"query-input":{"@type":"PropertyValueSpecification","valueRequired":true,"valueName":"search_term_string"}}],"inLanguage":"hr"},{"@type":"Person","@id":"https:\/\/likemetkovic.hr\/#\/schema\/person\/a42711f3385a0e2be6f7e0443bfb28f0","name":"LIKEmetkovic.hr","sameAs":["http:\/\/likemetkovic.hr"],"url":"https:\/\/likemetkovic.hr\/portal\/author\/likemetkovic-hr\/"}]}},"_links":{"self":[{"href":"https:\/\/likemetkovic.hr\/portal\/wp-json\/wp\/v2\/posts\/126236","targetHints":{"allow":["GET"]}}],"collection":[{"href":"https:\/\/likemetkovic.hr\/portal\/wp-json\/wp\/v2\/posts"}],"about":[{"href":"https:\/\/likemetkovic.hr\/portal\/wp-json\/wp\/v2\/types\/post"}],"author":[{"embeddable":true,"href":"https:\/\/likemetkovic.hr\/portal\/wp-json\/wp\/v2\/users\/7"}],"replies":[{"embeddable":true,"href":"https:\/\/likemetkovic.hr\/portal\/wp-json\/wp\/v2\/comments?post=126236"}],"version-history":[{"count":0,"href":"https:\/\/likemetkovic.hr\/portal\/wp-json\/wp\/v2\/posts\/126236\/revisions"}],"wp:featuredmedia":[{"embeddable":true,"href":"https:\/\/likemetkovic.hr\/portal\/wp-json\/wp\/v2\/media\/125171"}],"wp:attachment":[{"href":"https:\/\/likemetkovic.hr\/portal\/wp-json\/wp\/v2\/media?parent=126236"}],"wp:term":[{"taxonomy":"category","embeddable":true,"href":"https:\/\/likemetkovic.hr\/portal\/wp-json\/wp\/v2\/categories?post=126236"},{"taxonomy":"post_tag","embeddable":true,"href":"https:\/\/likemetkovic.hr\/portal\/wp-json\/wp\/v2\/tags?post=126236"}],"curies":[{"name":"wp","href":"https:\/\/api.w.org\/{rel}","templated":true}]}}