{"id":126251,"date":"2021-12-20T14:40:54","date_gmt":"2021-12-20T13:40:54","guid":{"rendered":"https:\/\/likemetkovic.hr\/?p=126251"},"modified":"2021-12-21T09:30:56","modified_gmt":"2021-12-21T08:30:56","slug":"najavljujemo-manifestaciju-ususret-slatkom-bozicu-sav-prihod-ide-u-humanitarne-svrhe","status":"publish","type":"post","link":"https:\/\/likemetkovic.hr\/portal\/najavljujemo-manifestaciju-ususret-slatkom-bozicu-sav-prihod-ide-u-humanitarne-svrhe\/","title":{"rendered":"Najavljujemo manifestaciju &#8216;Ususret slatkom Bo\u017ei\u0107u&#8217;: sav prihod ide u humanitarne svrhe"},"content":{"rendered":"<p>Srednja \u0161kola Metkovi\u0107, Turisti\u010dka zajednica grada Metkovi\u0107a i Ustanova za kulturu i sport Metkovi\u0107 organiziraju <em><strong>Ususret slatkom Bo\u017ei\u0107u<\/strong><\/em>, manifestaciju koja \u0107e <strong>u srijedu, 22. prosinca, s po\u010detkom u 9 sati<\/strong> na Trgu kralja Tomislava.<\/p>\n<p>Cilj ovog doga\u0111anja je <strong>upoznati sugra\u0111ane te goste s kola\u010dima i slasticama koje su nekada na\u0161e bake pripremale za Bo\u017ei\u0107<\/strong>. Osim prodaje po simboli\u010dnim cijenama, mo\u0107i \u0107e se uzeti i recepti, kako priprema ovih slastica ne bi oti\u0161la u zaborav, ve\u0107 da svatko ima priliku za Bo\u017ei\u0107 napraviti neki od tradicijskih kola\u010da.<\/p>\n<p>Manifestacija je humanitarnog karaktera jer \u0107e sav prihod od prodanih kola\u010da, slastica, ukrasa za bor i ostalog \u0161to naprave i pripreme u\u010denici te njihovi profesori iz Srednje \u0161kole Metkovi\u0107 i\u0107i za Udrugu mladih o. Ante Gabri\u0107a. Na licu mjesta \u0107e se kuhati \u010daj i vino, te pripremati fritule, pa se mo\u017eete ugrijati i osladiti u\u017eivaju\u0107i u prigodnom programu.<\/p>\n<p>Svoje radove \u0107e tako\u0111er izlagati <strong>Udruga o. Ante Gabri\u0107<\/strong> i <strong>UOSI Prijatelj<\/strong>, te na\u0161i kreativci, dok \u0107e u kulturno-zabavnom dijelu programa nastupiti <strong>Dje\u010dji vrti\u0107 Metkovi\u0107<\/strong>, <strong>Dje\u010dji vrti\u0107 Leut<\/strong>, te <strong>Srednja \u0161kola Metkovi\u0107<\/strong>.<\/p>\n<p><strong>Napomena!<\/strong> Sukladno odluci o nu\u017enim epidemiolo\u0161kim mjerama kojima se ograni\u010davaju okupljanja i uvode druge nu\u017ene epidemiolo\u0161ke mjere i preporuke radi sprje\u010davanja prijenosa bolesti COVID-19 putem okupljanja , te u skladu s Odlukom o nu\u017enoj mjeri obveznog kori\u0161tenja maski za lice ili medicinskih maski za vrijeme trajanja sajma svi prisutni su obvezni nositi za\u0161titne maske i odr\u017eavati fizi\u010dku distance.<\/p>\n","protected":false},"excerpt":{"rendered":"<p>Srednja \u0161kola Metkovi\u0107, Turisti\u010dka zajednica grada Metkovi\u0107a i Ustanova za kulturu i sport Metkovi\u0107 organiziraju Ususret slatkom Bo\u017ei\u0107u, manifestaciju koja \u0107e u srijedu, 22. prosinca, s po\u010detkom u 9 sati na Trgu kralja Tomislava. Cilj ovog doga\u0111anja je upoznati sugra\u0111ane te goste s kola\u010dima i slasticama koje su nekada na\u0161e bake pripremale za Bo\u017ei\u0107. Osim [&hellip;]<\/p>\n","protected":false},"author":7,"featured_media":94952,"comment_status":"open","ping_status":"open","sticky":false,"template":"","format":"standard","meta":{"footnotes":""},"categories":[296,11],"tags":[10255],"class_list":{"0":"post-126251","1":"post","2":"type-post","3":"status-publish","4":"format-standard","5":"has-post-thumbnail","7":"category-ab","8":"category-metkovic-dolina","9":"tag-ususret-slatkom-bozicu"},"yoast_head":"<!-- This site is optimized with the Yoast SEO plugin v25.2 - https:\/\/yoast.com\/wordpress\/plugins\/seo\/ -->\n<title>Najavljujemo manifestaciju &#039;Ususret slatkom Bo\u017ei\u0107u&#039;: sav prihod ide u humanitarne svrhe - likemetkovic.hr<\/title>\n<meta name=\"robots\" content=\"index, follow, max-snippet:-1, max-image-preview:large, max-video-preview:-1\" \/>\n<link rel=\"canonical\" href=\"https:\/\/likemetkovic.hr\/najavljujemo-manifestaciju-ususret-slatkom-bozicu-sav-prihod-ide-u-humanitarne-svrhe\/\" \/>\n<meta property=\"og:locale\" content=\"hr_HR\" \/>\n<meta property=\"og:type\" content=\"article\" \/>\n<meta property=\"og:title\" content=\"Najavljujemo manifestaciju &#039;Ususret slatkom Bo\u017ei\u0107u&#039;: sav prihod ide u humanitarne svrhe - likemetkovic.hr\" \/>\n<meta property=\"og:description\" content=\"Srednja \u0161kola Metkovi\u0107, Turisti\u010dka zajednica grada Metkovi\u0107a i Ustanova za kulturu i sport Metkovi\u0107 organiziraju Ususret slatkom Bo\u017ei\u0107u, manifestaciju koja \u0107e u srijedu, 22. prosinca, s po\u010detkom u 9 sati na Trgu kralja Tomislava. Cilj ovog doga\u0111anja je upoznati sugra\u0111ane te goste s kola\u010dima i slasticama koje su nekada na\u0161e bake pripremale za Bo\u017ei\u0107. Osim [&hellip;]\" \/>\n<meta property=\"og:url\" content=\"https:\/\/likemetkovic.hr\/najavljujemo-manifestaciju-ususret-slatkom-bozicu-sav-prihod-ide-u-humanitarne-svrhe\/\" \/>\n<meta property=\"og:site_name\" content=\"likemetkovic.hr\" \/>\n<meta property=\"article:publisher\" content=\"https:\/\/www.facebook.com\/likemetkovic.hr\/\" \/>\n<meta property=\"article:published_time\" content=\"2021-12-20T13:40:54+00:00\" \/>\n<meta property=\"article:modified_time\" content=\"2021-12-21T08:30:56+00:00\" \/>\n<meta property=\"og:image\" content=\"https:\/\/likemetkovic.hr\/wp-content\/uploads\/2019\/12\/20191214slatki-bozic_12.jpg\" \/>\n\t<meta property=\"og:image:width\" content=\"800\" \/>\n\t<meta property=\"og:image:height\" content=\"533\" \/>\n\t<meta property=\"og:image:type\" content=\"image\/jpeg\" \/>\n<meta name=\"author\" content=\"LIKEmetkovic.hr\" \/>\n<meta name=\"twitter:card\" content=\"summary_large_image\" \/>\n<meta name=\"twitter:label1\" content=\"Napisao\/la\" \/>\n\t<meta name=\"twitter:data1\" content=\"LIKEmetkovic.hr\" \/>\n\t<meta name=\"twitter:label2\" content=\"Procijenjeno vrijeme \u010ditanja\" \/>\n\t<meta name=\"twitter:data2\" content=\"2 minute\" \/>\n<script type=\"application\/ld+json\" class=\"yoast-schema-graph\">{\"@context\":\"https:\/\/schema.org\",\"@graph\":[{\"@type\":\"WebPage\",\"@id\":\"https:\/\/likemetkovic.hr\/najavljujemo-manifestaciju-ususret-slatkom-bozicu-sav-prihod-ide-u-humanitarne-svrhe\/\",\"url\":\"https:\/\/likemetkovic.hr\/najavljujemo-manifestaciju-ususret-slatkom-bozicu-sav-prihod-ide-u-humanitarne-svrhe\/\",\"name\":\"Najavljujemo manifestaciju 'Ususret slatkom Bo\u017ei\u0107u': sav prihod ide u humanitarne svrhe - likemetkovic.hr\",\"isPartOf\":{\"@id\":\"https:\/\/likemetkovic.hr\/#website\"},\"primaryImageOfPage\":{\"@id\":\"https:\/\/likemetkovic.hr\/najavljujemo-manifestaciju-ususret-slatkom-bozicu-sav-prihod-ide-u-humanitarne-svrhe\/#primaryimage\"},\"image\":{\"@id\":\"https:\/\/likemetkovic.hr\/najavljujemo-manifestaciju-ususret-slatkom-bozicu-sav-prihod-ide-u-humanitarne-svrhe\/#primaryimage\"},\"thumbnailUrl\":\"https:\/\/likemetkovic.hr\/portal\/wp-content\/uploads\/2019\/12\/20191214slatki-bozic_12.jpg\",\"datePublished\":\"2021-12-20T13:40:54+00:00\",\"dateModified\":\"2021-12-21T08:30:56+00:00\",\"author\":{\"@id\":\"https:\/\/likemetkovic.hr\/#\/schema\/person\/a42711f3385a0e2be6f7e0443bfb28f0\"},\"breadcrumb\":{\"@id\":\"https:\/\/likemetkovic.hr\/najavljujemo-manifestaciju-ususret-slatkom-bozicu-sav-prihod-ide-u-humanitarne-svrhe\/#breadcrumb\"},\"inLanguage\":\"hr\",\"potentialAction\":[{\"@type\":\"ReadAction\",\"target\":[\"https:\/\/likemetkovic.hr\/najavljujemo-manifestaciju-ususret-slatkom-bozicu-sav-prihod-ide-u-humanitarne-svrhe\/\"]}]},{\"@type\":\"ImageObject\",\"inLanguage\":\"hr\",\"@id\":\"https:\/\/likemetkovic.hr\/najavljujemo-manifestaciju-ususret-slatkom-bozicu-sav-prihod-ide-u-humanitarne-svrhe\/#primaryimage\",\"url\":\"https:\/\/likemetkovic.hr\/portal\/wp-content\/uploads\/2019\/12\/20191214slatki-bozic_12.jpg\",\"contentUrl\":\"https:\/\/likemetkovic.hr\/portal\/wp-content\/uploads\/2019\/12\/20191214slatki-bozic_12.jpg\",\"width\":800,\"height\":533},{\"@type\":\"BreadcrumbList\",\"@id\":\"https:\/\/likemetkovic.hr\/najavljujemo-manifestaciju-ususret-slatkom-bozicu-sav-prihod-ide-u-humanitarne-svrhe\/#breadcrumb\",\"itemListElement\":[{\"@type\":\"ListItem\",\"position\":1,\"name\":\"Po\u010detna stranica\",\"item\":\"https:\/\/likemetkovic.hr\/portal\/\"},{\"@type\":\"ListItem\",\"position\":2,\"name\":\"Najavljujemo manifestaciju &#8216;Ususret slatkom Bo\u017ei\u0107u&#8217;: sav prihod ide u humanitarne svrhe\"}]},{\"@type\":\"WebSite\",\"@id\":\"https:\/\/likemetkovic.hr\/#website\",\"url\":\"https:\/\/likemetkovic.hr\/\",\"name\":\"likemetkovic.hr\",\"description\":\"Misli pozitivno... \u010ditaj LIKE\",\"potentialAction\":[{\"@type\":\"SearchAction\",\"target\":{\"@type\":\"EntryPoint\",\"urlTemplate\":\"https:\/\/likemetkovic.hr\/?s={search_term_string}\"},\"query-input\":{\"@type\":\"PropertyValueSpecification\",\"valueRequired\":true,\"valueName\":\"search_term_string\"}}],\"inLanguage\":\"hr\"},{\"@type\":\"Person\",\"@id\":\"https:\/\/likemetkovic.hr\/#\/schema\/person\/a42711f3385a0e2be6f7e0443bfb28f0\",\"name\":\"LIKEmetkovic.hr\",\"sameAs\":[\"http:\/\/likemetkovic.hr\"],\"url\":\"https:\/\/likemetkovic.hr\/portal\/author\/likemetkovic-hr\/\"}]}<\/script>\n<!-- \/ Yoast SEO plugin. -->","yoast_head_json":{"title":"Najavljujemo manifestaciju 'Ususret slatkom Bo\u017ei\u0107u': sav prihod ide u humanitarne svrhe - likemetkovic.hr","robots":{"index":"index","follow":"follow","max-snippet":"max-snippet:-1","max-image-preview":"max-image-preview:large","max-video-preview":"max-video-preview:-1"},"canonical":"https:\/\/likemetkovic.hr\/najavljujemo-manifestaciju-ususret-slatkom-bozicu-sav-prihod-ide-u-humanitarne-svrhe\/","og_locale":"hr_HR","og_type":"article","og_title":"Najavljujemo manifestaciju 'Ususret slatkom Bo\u017ei\u0107u': sav prihod ide u humanitarne svrhe - likemetkovic.hr","og_description":"Srednja \u0161kola Metkovi\u0107, Turisti\u010dka zajednica grada Metkovi\u0107a i Ustanova za kulturu i sport Metkovi\u0107 organiziraju Ususret slatkom Bo\u017ei\u0107u, manifestaciju koja \u0107e u srijedu, 22. prosinca, s po\u010detkom u 9 sati na Trgu kralja Tomislava. Cilj ovog doga\u0111anja je upoznati sugra\u0111ane te goste s kola\u010dima i slasticama koje su nekada na\u0161e bake pripremale za Bo\u017ei\u0107. Osim [&hellip;]","og_url":"https:\/\/likemetkovic.hr\/najavljujemo-manifestaciju-ususret-slatkom-bozicu-sav-prihod-ide-u-humanitarne-svrhe\/","og_site_name":"likemetkovic.hr","article_publisher":"https:\/\/www.facebook.com\/likemetkovic.hr\/","article_published_time":"2021-12-20T13:40:54+00:00","article_modified_time":"2021-12-21T08:30:56+00:00","og_image":[{"width":800,"height":533,"url":"https:\/\/likemetkovic.hr\/wp-content\/uploads\/2019\/12\/20191214slatki-bozic_12.jpg","type":"image\/jpeg"}],"author":"LIKEmetkovic.hr","twitter_card":"summary_large_image","twitter_misc":{"Napisao\/la":"LIKEmetkovic.hr","Procijenjeno vrijeme \u010ditanja":"2 minute"},"schema":{"@context":"https:\/\/schema.org","@graph":[{"@type":"WebPage","@id":"https:\/\/likemetkovic.hr\/najavljujemo-manifestaciju-ususret-slatkom-bozicu-sav-prihod-ide-u-humanitarne-svrhe\/","url":"https:\/\/likemetkovic.hr\/najavljujemo-manifestaciju-ususret-slatkom-bozicu-sav-prihod-ide-u-humanitarne-svrhe\/","name":"Najavljujemo manifestaciju 'Ususret slatkom Bo\u017ei\u0107u': sav prihod ide u humanitarne svrhe - likemetkovic.hr","isPartOf":{"@id":"https:\/\/likemetkovic.hr\/#website"},"primaryImageOfPage":{"@id":"https:\/\/likemetkovic.hr\/najavljujemo-manifestaciju-ususret-slatkom-bozicu-sav-prihod-ide-u-humanitarne-svrhe\/#primaryimage"},"image":{"@id":"https:\/\/likemetkovic.hr\/najavljujemo-manifestaciju-ususret-slatkom-bozicu-sav-prihod-ide-u-humanitarne-svrhe\/#primaryimage"},"thumbnailUrl":"https:\/\/likemetkovic.hr\/portal\/wp-content\/uploads\/2019\/12\/20191214slatki-bozic_12.jpg","datePublished":"2021-12-20T13:40:54+00:00","dateModified":"2021-12-21T08:30:56+00:00","author":{"@id":"https:\/\/likemetkovic.hr\/#\/schema\/person\/a42711f3385a0e2be6f7e0443bfb28f0"},"breadcrumb":{"@id":"https:\/\/likemetkovic.hr\/najavljujemo-manifestaciju-ususret-slatkom-bozicu-sav-prihod-ide-u-humanitarne-svrhe\/#breadcrumb"},"inLanguage":"hr","potentialAction":[{"@type":"ReadAction","target":["https:\/\/likemetkovic.hr\/najavljujemo-manifestaciju-ususret-slatkom-bozicu-sav-prihod-ide-u-humanitarne-svrhe\/"]}]},{"@type":"ImageObject","inLanguage":"hr","@id":"https:\/\/likemetkovic.hr\/najavljujemo-manifestaciju-ususret-slatkom-bozicu-sav-prihod-ide-u-humanitarne-svrhe\/#primaryimage","url":"https:\/\/likemetkovic.hr\/portal\/wp-content\/uploads\/2019\/12\/20191214slatki-bozic_12.jpg","contentUrl":"https:\/\/likemetkovic.hr\/portal\/wp-content\/uploads\/2019\/12\/20191214slatki-bozic_12.jpg","width":800,"height":533},{"@type":"BreadcrumbList","@id":"https:\/\/likemetkovic.hr\/najavljujemo-manifestaciju-ususret-slatkom-bozicu-sav-prihod-ide-u-humanitarne-svrhe\/#breadcrumb","itemListElement":[{"@type":"ListItem","position":1,"name":"Po\u010detna stranica","item":"https:\/\/likemetkovic.hr\/portal\/"},{"@type":"ListItem","position":2,"name":"Najavljujemo manifestaciju &#8216;Ususret slatkom Bo\u017ei\u0107u&#8217;: sav prihod ide u humanitarne svrhe"}]},{"@type":"WebSite","@id":"https:\/\/likemetkovic.hr\/#website","url":"https:\/\/likemetkovic.hr\/","name":"likemetkovic.hr","description":"Misli pozitivno... \u010ditaj LIKE","potentialAction":[{"@type":"SearchAction","target":{"@type":"EntryPoint","urlTemplate":"https:\/\/likemetkovic.hr\/?s={search_term_string}"},"query-input":{"@type":"PropertyValueSpecification","valueRequired":true,"valueName":"search_term_string"}}],"inLanguage":"hr"},{"@type":"Person","@id":"https:\/\/likemetkovic.hr\/#\/schema\/person\/a42711f3385a0e2be6f7e0443bfb28f0","name":"LIKEmetkovic.hr","sameAs":["http:\/\/likemetkovic.hr"],"url":"https:\/\/likemetkovic.hr\/portal\/author\/likemetkovic-hr\/"}]}},"_links":{"self":[{"href":"https:\/\/likemetkovic.hr\/portal\/wp-json\/wp\/v2\/posts\/126251","targetHints":{"allow":["GET"]}}],"collection":[{"href":"https:\/\/likemetkovic.hr\/portal\/wp-json\/wp\/v2\/posts"}],"about":[{"href":"https:\/\/likemetkovic.hr\/portal\/wp-json\/wp\/v2\/types\/post"}],"author":[{"embeddable":true,"href":"https:\/\/likemetkovic.hr\/portal\/wp-json\/wp\/v2\/users\/7"}],"replies":[{"embeddable":true,"href":"https:\/\/likemetkovic.hr\/portal\/wp-json\/wp\/v2\/comments?post=126251"}],"version-history":[{"count":0,"href":"https:\/\/likemetkovic.hr\/portal\/wp-json\/wp\/v2\/posts\/126251\/revisions"}],"wp:featuredmedia":[{"embeddable":true,"href":"https:\/\/likemetkovic.hr\/portal\/wp-json\/wp\/v2\/media\/94952"}],"wp:attachment":[{"href":"https:\/\/likemetkovic.hr\/portal\/wp-json\/wp\/v2\/media?parent=126251"}],"wp:term":[{"taxonomy":"category","embeddable":true,"href":"https:\/\/likemetkovic.hr\/portal\/wp-json\/wp\/v2\/categories?post=126251"},{"taxonomy":"post_tag","embeddable":true,"href":"https:\/\/likemetkovic.hr\/portal\/wp-json\/wp\/v2\/tags?post=126251"}],"curies":[{"name":"wp","href":"https:\/\/api.w.org\/{rel}","templated":true}]}}