{"id":126254,"date":"2021-12-20T18:29:15","date_gmt":"2021-12-20T17:29:15","guid":{"rendered":"https:\/\/likemetkovic.hr\/?p=126254"},"modified":"2021-12-20T19:45:55","modified_gmt":"2021-12-20T18:45:55","slug":"preminuo-je-fra-mate-gveric-metkovski-zupnik-koji-je-gradio-crkvu-sv-franje-na-kladi","status":"publish","type":"post","link":"https:\/\/likemetkovic.hr\/portal\/preminuo-je-fra-mate-gveric-metkovski-zupnik-koji-je-gradio-crkvu-sv-franje-na-kladi\/","title":{"rendered":"Preminuo je fra Mate Gveri\u0107, metkovski \u017eupnik koji je gradio crkvu sv. Franje na Kladi"},"content":{"rendered":"<p>U 79. godini \u017eivota, 61. redovni\u0161tva i 51. sve\u0107eni\u0161tva blago u Gospodinu preminuo u \u0160ibeniku u nedjelju, 19. prosinca 2021. godine, <strong>fra Mate Gveri\u0107. <\/strong>Misa zadu\u0161nica slavit \u0107e se na Visovcu u utorak, 21. prosinca 2021., u 14 sati, a nakon mise \u0107e biti sprovodni obredi.<\/p>\n<p>Metkovci ga pamte kao svog \u017eupnika koji je tu slu\u017ebu obavljao u \u017dupi sv. Ilije proroka od 1974. do 1982. kada je sagra\u0111ena crkva sv. Franje Asi\u0161koga na Kladi. U \u017dupu je do\u0161ao jo\u0161 1973. kao \u017eupni vikar. Bio je i doma\u0107in o. Ante Gabri\u0107u i sv. Majci Terezi koji su zajedno pohodili Metkovi\u0107 1978. godine.<\/p>\n<p><img decoding=\"async\" class=\"alignnone size-full wp-image-126256\" src=\"https:\/\/likemetkovic.hr\/wp-content\/uploads\/2021\/12\/o.ante_.gabric.majka_.tereza-metkovic.jpg\" alt=\"\" width=\"727\" height=\"546\" srcset=\"https:\/\/likemetkovic.hr\/portal\/wp-content\/uploads\/2021\/12\/o.ante_.gabric.majka_.tereza-metkovic.jpg 727w, https:\/\/likemetkovic.hr\/portal\/wp-content\/uploads\/2021\/12\/o.ante_.gabric.majka_.tereza-metkovic-696x523.jpg 696w, https:\/\/likemetkovic.hr\/portal\/wp-content\/uploads\/2021\/12\/o.ante_.gabric.majka_.tereza-metkovic-559x420.jpg 559w, https:\/\/likemetkovic.hr\/portal\/wp-content\/uploads\/2021\/12\/o.ante_.gabric.majka_.tereza-metkovic-80x60.jpg 80w, https:\/\/likemetkovic.hr\/portal\/wp-content\/uploads\/2021\/12\/o.ante_.gabric.majka_.tereza-metkovic-265x198.jpg 265w\" sizes=\"(max-width: 727px) 100vw, 727px\" \/><\/p>\n<p><strong>\u017divotopis<\/strong><\/p>\n<p>Fra Mate Gveri\u0107 ro\u0111en je 3. studenog 1943. god. u Bri\u0161tanima (Miljevci) od oca Jakova i majke Jake r. Ba\u0161i\u0107. Osnovnu \u0161kolu poha\u0111ao je u Bri\u0161tanima (1951. \u2013 1955.) i Drinovcima (1955. \u2013 1959.) zatim je poha\u0111ao Franjeva\u010dku klasi\u010dnu gimnaziju u Sinju (1959. \u2013 1961. i 1964. \u2013 1966.). Teologiju je studirao na Franjeva\u010dkoj visokoj bogosloviji u Makarskoj (1967. \u2013 1972.), a diplomirao na KBF-u u Zagrebu 1972. godine.<\/p>\n<p>U novicijat je u\u0161ao 11. srpnja 1961. godine na Visovcu, gdje je polo\u017eio i prve redovni\u010dke zavjete 12. srpnja 1962. godine. Sve\u010dane zavjete polo\u017eio je 8. prosinca 1967. Makarskoj. Za \u0111akona je zare\u0111en 6. prosinca 1970. u Makarskoj, a za sve\u0107enika 29. lipnja 1971. na Visovcu. Mladu je misu slavio na Miljevcima 18. srpnja 1971. godine.<\/p>\n<p><strong><em>Slu\u017ebe:<\/em><\/strong><br \/>\nMakarska \u2013 pomo\u0107nik magistra (1970. \u2013 1972.)<br \/>\nRunovi\u0107 \u2013 \u017eupni pomo\u0107nik (1972. \u2013 1973.)<br \/>\n<strong>Metkovi\u0107<\/strong> \u2013 \u017eupni pomo\u0107nik (1973. \u2013 1974.)<br \/>\n<strong>Metkovi\u0107<\/strong> \u2013 \u017eupnik (1974. \u2013 1982.)<br \/>\nZagreb \u2013 gvardijan i upravitelj \u017eupe (1982. \u2013 1985.)<br \/>\nUne\u0161i\u0107 \u2013 \u017eupnik i dekan (1985. \u2013 1988.)<br \/>\nKijevo \u2013 \u017eupnik (1988. \u2013 1991.)<br \/>\n\u0160ibenik (\u0160ubi\u0107evac) \u2013 \u017eupnik (1991. \u2013 2003.)<br \/>\nDrni\u0161 \u2013 \u017eupnik i dekan (2003. \u2013 2009.)<br \/>\nVisovac \u2013 gvardijan (2009. \u2013 2016.)<br \/>\nDubravice i Rupe \u2013 \u017eupnik (2016. \u2013 2021.)<\/p>\n","protected":false},"excerpt":{"rendered":"<p>U 79. godini \u017eivota, 61. redovni\u0161tva i 51. sve\u0107eni\u0161tva blago u Gospodinu preminuo u \u0160ibeniku u nedjelju, 19. prosinca 2021. godine, fra Mate Gveri\u0107. Misa zadu\u0161nica slavit \u0107e se na Visovcu u utorak, 21. prosinca 2021., u 14 sati, a nakon mise \u0107e biti sprovodni obredi. Metkovci ga pamte kao svog \u017eupnika koji je tu [&hellip;]<\/p>\n","protected":false},"author":7,"featured_media":126255,"comment_status":"open","ping_status":"open","sticky":false,"template":"","format":"standard","meta":{"footnotes":""},"categories":[296,11,27],"tags":[10256],"class_list":{"0":"post-126254","1":"post","2":"type-post","3":"status-publish","4":"format-standard","5":"has-post-thumbnail","7":"category-ab","8":"category-metkovic-dolina","9":"category-vjera-i-zivot","10":"tag-fra-mate-gveric"},"yoast_head":"<!-- This site is optimized with the Yoast SEO plugin v25.2 - https:\/\/yoast.com\/wordpress\/plugins\/seo\/ -->\n<title>Preminuo je fra Mate Gveri\u0107, metkovski \u017eupnik koji je gradio crkvu sv. Franje na Kladi - likemetkovic.hr<\/title>\n<meta name=\"robots\" content=\"index, follow, max-snippet:-1, max-image-preview:large, max-video-preview:-1\" \/>\n<link rel=\"canonical\" href=\"https:\/\/likemetkovic.hr\/preminuo-je-fra-mate-gveric-metkovski-zupnik-koji-je-gradio-crkvu-sv-franje-na-kladi\/\" \/>\n<meta property=\"og:locale\" content=\"hr_HR\" \/>\n<meta property=\"og:type\" content=\"article\" \/>\n<meta property=\"og:title\" content=\"Preminuo je fra Mate Gveri\u0107, metkovski \u017eupnik koji je gradio crkvu sv. Franje na Kladi - likemetkovic.hr\" \/>\n<meta property=\"og:description\" content=\"U 79. godini \u017eivota, 61. redovni\u0161tva i 51. sve\u0107eni\u0161tva blago u Gospodinu preminuo u \u0160ibeniku u nedjelju, 19. prosinca 2021. godine, fra Mate Gveri\u0107. Misa zadu\u0161nica slavit \u0107e se na Visovcu u utorak, 21. prosinca 2021., u 14 sati, a nakon mise \u0107e biti sprovodni obredi. Metkovci ga pamte kao svog \u017eupnika koji je tu [&hellip;]\" \/>\n<meta property=\"og:url\" content=\"https:\/\/likemetkovic.hr\/preminuo-je-fra-mate-gveric-metkovski-zupnik-koji-je-gradio-crkvu-sv-franje-na-kladi\/\" \/>\n<meta property=\"og:site_name\" content=\"likemetkovic.hr\" \/>\n<meta property=\"article:publisher\" content=\"https:\/\/www.facebook.com\/likemetkovic.hr\/\" \/>\n<meta property=\"article:published_time\" content=\"2021-12-20T17:29:15+00:00\" \/>\n<meta property=\"article:modified_time\" content=\"2021-12-20T18:45:55+00:00\" \/>\n<meta property=\"og:image\" content=\"https:\/\/likemetkovic.hr\/wp-content\/uploads\/2021\/12\/fra-Mate-Gveric_.jpg\" \/>\n\t<meta property=\"og:image:width\" content=\"800\" \/>\n\t<meta property=\"og:image:height\" content=\"525\" \/>\n\t<meta property=\"og:image:type\" content=\"image\/jpeg\" \/>\n<meta name=\"author\" content=\"LIKEmetkovic.hr\" \/>\n<meta name=\"twitter:card\" content=\"summary_large_image\" \/>\n<meta name=\"twitter:label1\" content=\"Napisao\/la\" \/>\n\t<meta name=\"twitter:data1\" content=\"LIKEmetkovic.hr\" \/>\n\t<meta name=\"twitter:label2\" content=\"Procijenjeno vrijeme \u010ditanja\" \/>\n\t<meta name=\"twitter:data2\" content=\"2 minute\" \/>\n<script type=\"application\/ld+json\" class=\"yoast-schema-graph\">{\"@context\":\"https:\/\/schema.org\",\"@graph\":[{\"@type\":\"WebPage\",\"@id\":\"https:\/\/likemetkovic.hr\/preminuo-je-fra-mate-gveric-metkovski-zupnik-koji-je-gradio-crkvu-sv-franje-na-kladi\/\",\"url\":\"https:\/\/likemetkovic.hr\/preminuo-je-fra-mate-gveric-metkovski-zupnik-koji-je-gradio-crkvu-sv-franje-na-kladi\/\",\"name\":\"Preminuo je fra Mate Gveri\u0107, metkovski \u017eupnik koji je gradio crkvu sv. Franje na Kladi - likemetkovic.hr\",\"isPartOf\":{\"@id\":\"https:\/\/likemetkovic.hr\/#website\"},\"primaryImageOfPage\":{\"@id\":\"https:\/\/likemetkovic.hr\/preminuo-je-fra-mate-gveric-metkovski-zupnik-koji-je-gradio-crkvu-sv-franje-na-kladi\/#primaryimage\"},\"image\":{\"@id\":\"https:\/\/likemetkovic.hr\/preminuo-je-fra-mate-gveric-metkovski-zupnik-koji-je-gradio-crkvu-sv-franje-na-kladi\/#primaryimage\"},\"thumbnailUrl\":\"https:\/\/likemetkovic.hr\/portal\/wp-content\/uploads\/2021\/12\/fra-Mate-Gveric_.jpg\",\"datePublished\":\"2021-12-20T17:29:15+00:00\",\"dateModified\":\"2021-12-20T18:45:55+00:00\",\"author\":{\"@id\":\"https:\/\/likemetkovic.hr\/#\/schema\/person\/a42711f3385a0e2be6f7e0443bfb28f0\"},\"breadcrumb\":{\"@id\":\"https:\/\/likemetkovic.hr\/preminuo-je-fra-mate-gveric-metkovski-zupnik-koji-je-gradio-crkvu-sv-franje-na-kladi\/#breadcrumb\"},\"inLanguage\":\"hr\",\"potentialAction\":[{\"@type\":\"ReadAction\",\"target\":[\"https:\/\/likemetkovic.hr\/preminuo-je-fra-mate-gveric-metkovski-zupnik-koji-je-gradio-crkvu-sv-franje-na-kladi\/\"]}]},{\"@type\":\"ImageObject\",\"inLanguage\":\"hr\",\"@id\":\"https:\/\/likemetkovic.hr\/preminuo-je-fra-mate-gveric-metkovski-zupnik-koji-je-gradio-crkvu-sv-franje-na-kladi\/#primaryimage\",\"url\":\"https:\/\/likemetkovic.hr\/portal\/wp-content\/uploads\/2021\/12\/fra-Mate-Gveric_.jpg\",\"contentUrl\":\"https:\/\/likemetkovic.hr\/portal\/wp-content\/uploads\/2021\/12\/fra-Mate-Gveric_.jpg\",\"width\":800,\"height\":525},{\"@type\":\"BreadcrumbList\",\"@id\":\"https:\/\/likemetkovic.hr\/preminuo-je-fra-mate-gveric-metkovski-zupnik-koji-je-gradio-crkvu-sv-franje-na-kladi\/#breadcrumb\",\"itemListElement\":[{\"@type\":\"ListItem\",\"position\":1,\"name\":\"Po\u010detna stranica\",\"item\":\"https:\/\/likemetkovic.hr\/portal\/\"},{\"@type\":\"ListItem\",\"position\":2,\"name\":\"Preminuo je fra Mate Gveri\u0107, metkovski \u017eupnik koji je gradio crkvu sv. Franje na Kladi\"}]},{\"@type\":\"WebSite\",\"@id\":\"https:\/\/likemetkovic.hr\/#website\",\"url\":\"https:\/\/likemetkovic.hr\/\",\"name\":\"likemetkovic.hr\",\"description\":\"Misli pozitivno... \u010ditaj LIKE\",\"potentialAction\":[{\"@type\":\"SearchAction\",\"target\":{\"@type\":\"EntryPoint\",\"urlTemplate\":\"https:\/\/likemetkovic.hr\/?s={search_term_string}\"},\"query-input\":{\"@type\":\"PropertyValueSpecification\",\"valueRequired\":true,\"valueName\":\"search_term_string\"}}],\"inLanguage\":\"hr\"},{\"@type\":\"Person\",\"@id\":\"https:\/\/likemetkovic.hr\/#\/schema\/person\/a42711f3385a0e2be6f7e0443bfb28f0\",\"name\":\"LIKEmetkovic.hr\",\"sameAs\":[\"http:\/\/likemetkovic.hr\"],\"url\":\"https:\/\/likemetkovic.hr\/portal\/author\/likemetkovic-hr\/\"}]}<\/script>\n<!-- \/ Yoast SEO plugin. -->","yoast_head_json":{"title":"Preminuo je fra Mate Gveri\u0107, metkovski \u017eupnik koji je gradio crkvu sv. Franje na Kladi - likemetkovic.hr","robots":{"index":"index","follow":"follow","max-snippet":"max-snippet:-1","max-image-preview":"max-image-preview:large","max-video-preview":"max-video-preview:-1"},"canonical":"https:\/\/likemetkovic.hr\/preminuo-je-fra-mate-gveric-metkovski-zupnik-koji-je-gradio-crkvu-sv-franje-na-kladi\/","og_locale":"hr_HR","og_type":"article","og_title":"Preminuo je fra Mate Gveri\u0107, metkovski \u017eupnik koji je gradio crkvu sv. Franje na Kladi - likemetkovic.hr","og_description":"U 79. godini \u017eivota, 61. redovni\u0161tva i 51. sve\u0107eni\u0161tva blago u Gospodinu preminuo u \u0160ibeniku u nedjelju, 19. prosinca 2021. godine, fra Mate Gveri\u0107. Misa zadu\u0161nica slavit \u0107e se na Visovcu u utorak, 21. prosinca 2021., u 14 sati, a nakon mise \u0107e biti sprovodni obredi. Metkovci ga pamte kao svog \u017eupnika koji je tu [&hellip;]","og_url":"https:\/\/likemetkovic.hr\/preminuo-je-fra-mate-gveric-metkovski-zupnik-koji-je-gradio-crkvu-sv-franje-na-kladi\/","og_site_name":"likemetkovic.hr","article_publisher":"https:\/\/www.facebook.com\/likemetkovic.hr\/","article_published_time":"2021-12-20T17:29:15+00:00","article_modified_time":"2021-12-20T18:45:55+00:00","og_image":[{"width":800,"height":525,"url":"https:\/\/likemetkovic.hr\/wp-content\/uploads\/2021\/12\/fra-Mate-Gveric_.jpg","type":"image\/jpeg"}],"author":"LIKEmetkovic.hr","twitter_card":"summary_large_image","twitter_misc":{"Napisao\/la":"LIKEmetkovic.hr","Procijenjeno vrijeme \u010ditanja":"2 minute"},"schema":{"@context":"https:\/\/schema.org","@graph":[{"@type":"WebPage","@id":"https:\/\/likemetkovic.hr\/preminuo-je-fra-mate-gveric-metkovski-zupnik-koji-je-gradio-crkvu-sv-franje-na-kladi\/","url":"https:\/\/likemetkovic.hr\/preminuo-je-fra-mate-gveric-metkovski-zupnik-koji-je-gradio-crkvu-sv-franje-na-kladi\/","name":"Preminuo je fra Mate Gveri\u0107, metkovski \u017eupnik koji je gradio crkvu sv. Franje na Kladi - likemetkovic.hr","isPartOf":{"@id":"https:\/\/likemetkovic.hr\/#website"},"primaryImageOfPage":{"@id":"https:\/\/likemetkovic.hr\/preminuo-je-fra-mate-gveric-metkovski-zupnik-koji-je-gradio-crkvu-sv-franje-na-kladi\/#primaryimage"},"image":{"@id":"https:\/\/likemetkovic.hr\/preminuo-je-fra-mate-gveric-metkovski-zupnik-koji-je-gradio-crkvu-sv-franje-na-kladi\/#primaryimage"},"thumbnailUrl":"https:\/\/likemetkovic.hr\/portal\/wp-content\/uploads\/2021\/12\/fra-Mate-Gveric_.jpg","datePublished":"2021-12-20T17:29:15+00:00","dateModified":"2021-12-20T18:45:55+00:00","author":{"@id":"https:\/\/likemetkovic.hr\/#\/schema\/person\/a42711f3385a0e2be6f7e0443bfb28f0"},"breadcrumb":{"@id":"https:\/\/likemetkovic.hr\/preminuo-je-fra-mate-gveric-metkovski-zupnik-koji-je-gradio-crkvu-sv-franje-na-kladi\/#breadcrumb"},"inLanguage":"hr","potentialAction":[{"@type":"ReadAction","target":["https:\/\/likemetkovic.hr\/preminuo-je-fra-mate-gveric-metkovski-zupnik-koji-je-gradio-crkvu-sv-franje-na-kladi\/"]}]},{"@type":"ImageObject","inLanguage":"hr","@id":"https:\/\/likemetkovic.hr\/preminuo-je-fra-mate-gveric-metkovski-zupnik-koji-je-gradio-crkvu-sv-franje-na-kladi\/#primaryimage","url":"https:\/\/likemetkovic.hr\/portal\/wp-content\/uploads\/2021\/12\/fra-Mate-Gveric_.jpg","contentUrl":"https:\/\/likemetkovic.hr\/portal\/wp-content\/uploads\/2021\/12\/fra-Mate-Gveric_.jpg","width":800,"height":525},{"@type":"BreadcrumbList","@id":"https:\/\/likemetkovic.hr\/preminuo-je-fra-mate-gveric-metkovski-zupnik-koji-je-gradio-crkvu-sv-franje-na-kladi\/#breadcrumb","itemListElement":[{"@type":"ListItem","position":1,"name":"Po\u010detna stranica","item":"https:\/\/likemetkovic.hr\/portal\/"},{"@type":"ListItem","position":2,"name":"Preminuo je fra Mate Gveri\u0107, metkovski \u017eupnik koji je gradio crkvu sv. Franje na Kladi"}]},{"@type":"WebSite","@id":"https:\/\/likemetkovic.hr\/#website","url":"https:\/\/likemetkovic.hr\/","name":"likemetkovic.hr","description":"Misli pozitivno... \u010ditaj LIKE","potentialAction":[{"@type":"SearchAction","target":{"@type":"EntryPoint","urlTemplate":"https:\/\/likemetkovic.hr\/?s={search_term_string}"},"query-input":{"@type":"PropertyValueSpecification","valueRequired":true,"valueName":"search_term_string"}}],"inLanguage":"hr"},{"@type":"Person","@id":"https:\/\/likemetkovic.hr\/#\/schema\/person\/a42711f3385a0e2be6f7e0443bfb28f0","name":"LIKEmetkovic.hr","sameAs":["http:\/\/likemetkovic.hr"],"url":"https:\/\/likemetkovic.hr\/portal\/author\/likemetkovic-hr\/"}]}},"_links":{"self":[{"href":"https:\/\/likemetkovic.hr\/portal\/wp-json\/wp\/v2\/posts\/126254","targetHints":{"allow":["GET"]}}],"collection":[{"href":"https:\/\/likemetkovic.hr\/portal\/wp-json\/wp\/v2\/posts"}],"about":[{"href":"https:\/\/likemetkovic.hr\/portal\/wp-json\/wp\/v2\/types\/post"}],"author":[{"embeddable":true,"href":"https:\/\/likemetkovic.hr\/portal\/wp-json\/wp\/v2\/users\/7"}],"replies":[{"embeddable":true,"href":"https:\/\/likemetkovic.hr\/portal\/wp-json\/wp\/v2\/comments?post=126254"}],"version-history":[{"count":0,"href":"https:\/\/likemetkovic.hr\/portal\/wp-json\/wp\/v2\/posts\/126254\/revisions"}],"wp:featuredmedia":[{"embeddable":true,"href":"https:\/\/likemetkovic.hr\/portal\/wp-json\/wp\/v2\/media\/126255"}],"wp:attachment":[{"href":"https:\/\/likemetkovic.hr\/portal\/wp-json\/wp\/v2\/media?parent=126254"}],"wp:term":[{"taxonomy":"category","embeddable":true,"href":"https:\/\/likemetkovic.hr\/portal\/wp-json\/wp\/v2\/categories?post=126254"},{"taxonomy":"post_tag","embeddable":true,"href":"https:\/\/likemetkovic.hr\/portal\/wp-json\/wp\/v2\/tags?post=126254"}],"curies":[{"name":"wp","href":"https:\/\/api.w.org\/{rel}","templated":true}]}}