{"id":126302,"date":"2021-12-21T14:43:11","date_gmt":"2021-12-21T13:43:11","guid":{"rendered":"https:\/\/likemetkovic.hr\/?p=126302"},"modified":"2021-12-21T14:44:37","modified_gmt":"2021-12-21T13:44:37","slug":"ustavni-sud-odlucio-covid-potvrde-su-u-redu-evo-i-objasnjenja","status":"publish","type":"post","link":"https:\/\/likemetkovic.hr\/portal\/ustavni-sud-odlucio-covid-potvrde-su-u-redu-evo-i-objasnjenja\/","title":{"rendered":"Ustavni sud odlu\u010dio: COVID-potvrde su u redu. Evo i obja\u0161njenja&#8230;"},"content":{"rendered":"<p>Ustavni\u00a0sud objavio je svoju odluku o ustavnosti uvo\u0111enja COVID-potvrda u sustav zdravstva i socijalne skrbi.<\/p>\n<p>Kako je neslu\u017ebeno doznao Index, Ustavni sud je donio odluku da su COVID-potvrde u redu i u skladu s Ustavom.<\/p>\n<p>Odluka je donesena s tri izdvojena mi\u0161ljenja.<\/p>\n<p>Tako\u0111er je odbijen prijedlog da Ustavni sud zastane s postupkom i konzultira Europski sud o tome pod kojim uvjetima se COVID-potvrde mogu koristiti mimo svrhe za koju su namijenjene Uredbom o EU COVID-propusnicama.<\/p>\n<p>Ne\u0161to prije 14 sati <strong><a href=\"https:\/\/www.usud.hr\/sites\/default\/files\/dokumenti\/Priopcenje_za_javnost_sa_sjednice_Ustavnog_suda_RH_od_21.12.2021.pdf\" target=\"_blank\" rel=\"noopener\">na slu\u017ebenim stranicama su objavili dokument<\/a><\/strong>.<\/p>\n<p>&#8220;Ustavni sud utvrdio je da to \u0161to je to\u010dkom II. stavkom 2. osporene Odluke predvi\u0111eno da se EU digitalne COVID potvrde na nacionalnoj razini mogu koristiti i u druge svrhe sukladno odlukama Sto\u017eera donesenim na temelju ZZP-a ne zna\u010di da je Vlada prekora\u010dila svoje ovlasti i obveze u provedbi Uredbe (EU) 2021\/953. U vezi s navedenim konstatirao je da je kori\u0161tenje EU digitalnih COVID potvrda Sto\u017eer predvidio u vi\u0161e svojih odluka, od kojih su neke predmet ustavnosudskih postupaka (podrobnije vidi u to\u010dki 11. rje\u0161enja Ustavnog suda)&#8221;, pi\u0161e Ustavni sud.<\/p>\n","protected":false},"excerpt":{"rendered":"<p>Ustavni\u00a0sud objavio je svoju odluku o ustavnosti uvo\u0111enja COVID-potvrda u sustav zdravstva i socijalne skrbi. Kako je neslu\u017ebeno doznao Index, Ustavni sud je donio odluku da su COVID-potvrde u redu i u skladu s Ustavom. Odluka je donesena s tri izdvojena mi\u0161ljenja. Tako\u0111er je odbijen prijedlog da Ustavni sud zastane s postupkom i konzultira Europski [&hellip;]<\/p>\n","protected":false},"author":7,"featured_media":121880,"comment_status":"open","ping_status":"open","sticky":false,"template":"","format":"standard","meta":{"footnotes":""},"categories":[296,1027],"tags":[9421,8157],"class_list":{"0":"post-126302","1":"post","2":"type-post","3":"status-publish","4":"format-standard","5":"has-post-thumbnail","7":"category-ab","8":"category-hrvatska","9":"tag-covid-potvrda","10":"tag-ustavni-sud"},"yoast_head":"<!-- This site is optimized with the Yoast SEO plugin v25.2 - https:\/\/yoast.com\/wordpress\/plugins\/seo\/ -->\n<title>Ustavni sud odlu\u010dio: COVID-potvrde su u redu. Evo i obja\u0161njenja... - likemetkovic.hr<\/title>\n<meta name=\"robots\" content=\"index, follow, max-snippet:-1, max-image-preview:large, max-video-preview:-1\" \/>\n<link rel=\"canonical\" href=\"https:\/\/likemetkovic.hr\/ustavni-sud-odlucio-covid-potvrde-su-u-redu-evo-i-objasnjenja\/\" \/>\n<meta property=\"og:locale\" content=\"hr_HR\" \/>\n<meta property=\"og:type\" content=\"article\" \/>\n<meta property=\"og:title\" content=\"Ustavni sud odlu\u010dio: COVID-potvrde su u redu. Evo i obja\u0161njenja... - likemetkovic.hr\" \/>\n<meta property=\"og:description\" content=\"Ustavni\u00a0sud objavio je svoju odluku o ustavnosti uvo\u0111enja COVID-potvrda u sustav zdravstva i socijalne skrbi. Kako je neslu\u017ebeno doznao Index, Ustavni sud je donio odluku da su COVID-potvrde u redu i u skladu s Ustavom. Odluka je donesena s tri izdvojena mi\u0161ljenja. Tako\u0111er je odbijen prijedlog da Ustavni sud zastane s postupkom i konzultira Europski [&hellip;]\" \/>\n<meta property=\"og:url\" content=\"https:\/\/likemetkovic.hr\/ustavni-sud-odlucio-covid-potvrde-su-u-redu-evo-i-objasnjenja\/\" \/>\n<meta property=\"og:site_name\" content=\"likemetkovic.hr\" \/>\n<meta property=\"article:publisher\" content=\"https:\/\/www.facebook.com\/likemetkovic.hr\/\" \/>\n<meta property=\"article:published_time\" content=\"2021-12-21T13:43:11+00:00\" \/>\n<meta property=\"article:modified_time\" content=\"2021-12-21T13:44:37+00:00\" \/>\n<meta property=\"og:image\" content=\"https:\/\/likemetkovic.hr\/wp-content\/uploads\/2021\/08\/covid-potvrda.jpg\" \/>\n\t<meta property=\"og:image:width\" content=\"800\" \/>\n\t<meta property=\"og:image:height\" content=\"533\" \/>\n\t<meta property=\"og:image:type\" content=\"image\/jpeg\" \/>\n<meta name=\"author\" content=\"LIKEmetkovic.hr\" \/>\n<meta name=\"twitter:card\" content=\"summary_large_image\" \/>\n<meta name=\"twitter:label1\" content=\"Napisao\/la\" \/>\n\t<meta name=\"twitter:data1\" content=\"LIKEmetkovic.hr\" \/>\n\t<meta name=\"twitter:label2\" content=\"Procijenjeno vrijeme \u010ditanja\" \/>\n\t<meta name=\"twitter:data2\" content=\"1 minuta\" \/>\n<script type=\"application\/ld+json\" class=\"yoast-schema-graph\">{\"@context\":\"https:\/\/schema.org\",\"@graph\":[{\"@type\":\"WebPage\",\"@id\":\"https:\/\/likemetkovic.hr\/ustavni-sud-odlucio-covid-potvrde-su-u-redu-evo-i-objasnjenja\/\",\"url\":\"https:\/\/likemetkovic.hr\/ustavni-sud-odlucio-covid-potvrde-su-u-redu-evo-i-objasnjenja\/\",\"name\":\"Ustavni sud odlu\u010dio: COVID-potvrde su u redu. Evo i obja\u0161njenja... - likemetkovic.hr\",\"isPartOf\":{\"@id\":\"https:\/\/likemetkovic.hr\/#website\"},\"primaryImageOfPage\":{\"@id\":\"https:\/\/likemetkovic.hr\/ustavni-sud-odlucio-covid-potvrde-su-u-redu-evo-i-objasnjenja\/#primaryimage\"},\"image\":{\"@id\":\"https:\/\/likemetkovic.hr\/ustavni-sud-odlucio-covid-potvrde-su-u-redu-evo-i-objasnjenja\/#primaryimage\"},\"thumbnailUrl\":\"https:\/\/likemetkovic.hr\/portal\/wp-content\/uploads\/2021\/08\/covid-potvrda.jpg\",\"datePublished\":\"2021-12-21T13:43:11+00:00\",\"dateModified\":\"2021-12-21T13:44:37+00:00\",\"author\":{\"@id\":\"https:\/\/likemetkovic.hr\/#\/schema\/person\/a42711f3385a0e2be6f7e0443bfb28f0\"},\"breadcrumb\":{\"@id\":\"https:\/\/likemetkovic.hr\/ustavni-sud-odlucio-covid-potvrde-su-u-redu-evo-i-objasnjenja\/#breadcrumb\"},\"inLanguage\":\"hr\",\"potentialAction\":[{\"@type\":\"ReadAction\",\"target\":[\"https:\/\/likemetkovic.hr\/ustavni-sud-odlucio-covid-potvrde-su-u-redu-evo-i-objasnjenja\/\"]}]},{\"@type\":\"ImageObject\",\"inLanguage\":\"hr\",\"@id\":\"https:\/\/likemetkovic.hr\/ustavni-sud-odlucio-covid-potvrde-su-u-redu-evo-i-objasnjenja\/#primaryimage\",\"url\":\"https:\/\/likemetkovic.hr\/portal\/wp-content\/uploads\/2021\/08\/covid-potvrda.jpg\",\"contentUrl\":\"https:\/\/likemetkovic.hr\/portal\/wp-content\/uploads\/2021\/08\/covid-potvrda.jpg\",\"width\":800,\"height\":533},{\"@type\":\"BreadcrumbList\",\"@id\":\"https:\/\/likemetkovic.hr\/ustavni-sud-odlucio-covid-potvrde-su-u-redu-evo-i-objasnjenja\/#breadcrumb\",\"itemListElement\":[{\"@type\":\"ListItem\",\"position\":1,\"name\":\"Po\u010detna stranica\",\"item\":\"https:\/\/likemetkovic.hr\/portal\/\"},{\"@type\":\"ListItem\",\"position\":2,\"name\":\"Ustavni sud odlu\u010dio: COVID-potvrde su u redu. Evo i obja\u0161njenja&#8230;\"}]},{\"@type\":\"WebSite\",\"@id\":\"https:\/\/likemetkovic.hr\/#website\",\"url\":\"https:\/\/likemetkovic.hr\/\",\"name\":\"likemetkovic.hr\",\"description\":\"Misli pozitivno... \u010ditaj LIKE\",\"potentialAction\":[{\"@type\":\"SearchAction\",\"target\":{\"@type\":\"EntryPoint\",\"urlTemplate\":\"https:\/\/likemetkovic.hr\/?s={search_term_string}\"},\"query-input\":{\"@type\":\"PropertyValueSpecification\",\"valueRequired\":true,\"valueName\":\"search_term_string\"}}],\"inLanguage\":\"hr\"},{\"@type\":\"Person\",\"@id\":\"https:\/\/likemetkovic.hr\/#\/schema\/person\/a42711f3385a0e2be6f7e0443bfb28f0\",\"name\":\"LIKEmetkovic.hr\",\"sameAs\":[\"http:\/\/likemetkovic.hr\"],\"url\":\"https:\/\/likemetkovic.hr\/portal\/author\/likemetkovic-hr\/\"}]}<\/script>\n<!-- \/ Yoast SEO plugin. -->","yoast_head_json":{"title":"Ustavni sud odlu\u010dio: COVID-potvrde su u redu. Evo i obja\u0161njenja... - likemetkovic.hr","robots":{"index":"index","follow":"follow","max-snippet":"max-snippet:-1","max-image-preview":"max-image-preview:large","max-video-preview":"max-video-preview:-1"},"canonical":"https:\/\/likemetkovic.hr\/ustavni-sud-odlucio-covid-potvrde-su-u-redu-evo-i-objasnjenja\/","og_locale":"hr_HR","og_type":"article","og_title":"Ustavni sud odlu\u010dio: COVID-potvrde su u redu. Evo i obja\u0161njenja... - likemetkovic.hr","og_description":"Ustavni\u00a0sud objavio je svoju odluku o ustavnosti uvo\u0111enja COVID-potvrda u sustav zdravstva i socijalne skrbi. Kako je neslu\u017ebeno doznao Index, Ustavni sud je donio odluku da su COVID-potvrde u redu i u skladu s Ustavom. Odluka je donesena s tri izdvojena mi\u0161ljenja. Tako\u0111er je odbijen prijedlog da Ustavni sud zastane s postupkom i konzultira Europski [&hellip;]","og_url":"https:\/\/likemetkovic.hr\/ustavni-sud-odlucio-covid-potvrde-su-u-redu-evo-i-objasnjenja\/","og_site_name":"likemetkovic.hr","article_publisher":"https:\/\/www.facebook.com\/likemetkovic.hr\/","article_published_time":"2021-12-21T13:43:11+00:00","article_modified_time":"2021-12-21T13:44:37+00:00","og_image":[{"width":800,"height":533,"url":"https:\/\/likemetkovic.hr\/wp-content\/uploads\/2021\/08\/covid-potvrda.jpg","type":"image\/jpeg"}],"author":"LIKEmetkovic.hr","twitter_card":"summary_large_image","twitter_misc":{"Napisao\/la":"LIKEmetkovic.hr","Procijenjeno vrijeme \u010ditanja":"1 minuta"},"schema":{"@context":"https:\/\/schema.org","@graph":[{"@type":"WebPage","@id":"https:\/\/likemetkovic.hr\/ustavni-sud-odlucio-covid-potvrde-su-u-redu-evo-i-objasnjenja\/","url":"https:\/\/likemetkovic.hr\/ustavni-sud-odlucio-covid-potvrde-su-u-redu-evo-i-objasnjenja\/","name":"Ustavni sud odlu\u010dio: COVID-potvrde su u redu. Evo i obja\u0161njenja... - likemetkovic.hr","isPartOf":{"@id":"https:\/\/likemetkovic.hr\/#website"},"primaryImageOfPage":{"@id":"https:\/\/likemetkovic.hr\/ustavni-sud-odlucio-covid-potvrde-su-u-redu-evo-i-objasnjenja\/#primaryimage"},"image":{"@id":"https:\/\/likemetkovic.hr\/ustavni-sud-odlucio-covid-potvrde-su-u-redu-evo-i-objasnjenja\/#primaryimage"},"thumbnailUrl":"https:\/\/likemetkovic.hr\/portal\/wp-content\/uploads\/2021\/08\/covid-potvrda.jpg","datePublished":"2021-12-21T13:43:11+00:00","dateModified":"2021-12-21T13:44:37+00:00","author":{"@id":"https:\/\/likemetkovic.hr\/#\/schema\/person\/a42711f3385a0e2be6f7e0443bfb28f0"},"breadcrumb":{"@id":"https:\/\/likemetkovic.hr\/ustavni-sud-odlucio-covid-potvrde-su-u-redu-evo-i-objasnjenja\/#breadcrumb"},"inLanguage":"hr","potentialAction":[{"@type":"ReadAction","target":["https:\/\/likemetkovic.hr\/ustavni-sud-odlucio-covid-potvrde-su-u-redu-evo-i-objasnjenja\/"]}]},{"@type":"ImageObject","inLanguage":"hr","@id":"https:\/\/likemetkovic.hr\/ustavni-sud-odlucio-covid-potvrde-su-u-redu-evo-i-objasnjenja\/#primaryimage","url":"https:\/\/likemetkovic.hr\/portal\/wp-content\/uploads\/2021\/08\/covid-potvrda.jpg","contentUrl":"https:\/\/likemetkovic.hr\/portal\/wp-content\/uploads\/2021\/08\/covid-potvrda.jpg","width":800,"height":533},{"@type":"BreadcrumbList","@id":"https:\/\/likemetkovic.hr\/ustavni-sud-odlucio-covid-potvrde-su-u-redu-evo-i-objasnjenja\/#breadcrumb","itemListElement":[{"@type":"ListItem","position":1,"name":"Po\u010detna stranica","item":"https:\/\/likemetkovic.hr\/portal\/"},{"@type":"ListItem","position":2,"name":"Ustavni sud odlu\u010dio: COVID-potvrde su u redu. Evo i obja\u0161njenja&#8230;"}]},{"@type":"WebSite","@id":"https:\/\/likemetkovic.hr\/#website","url":"https:\/\/likemetkovic.hr\/","name":"likemetkovic.hr","description":"Misli pozitivno... \u010ditaj LIKE","potentialAction":[{"@type":"SearchAction","target":{"@type":"EntryPoint","urlTemplate":"https:\/\/likemetkovic.hr\/?s={search_term_string}"},"query-input":{"@type":"PropertyValueSpecification","valueRequired":true,"valueName":"search_term_string"}}],"inLanguage":"hr"},{"@type":"Person","@id":"https:\/\/likemetkovic.hr\/#\/schema\/person\/a42711f3385a0e2be6f7e0443bfb28f0","name":"LIKEmetkovic.hr","sameAs":["http:\/\/likemetkovic.hr"],"url":"https:\/\/likemetkovic.hr\/portal\/author\/likemetkovic-hr\/"}]}},"_links":{"self":[{"href":"https:\/\/likemetkovic.hr\/portal\/wp-json\/wp\/v2\/posts\/126302","targetHints":{"allow":["GET"]}}],"collection":[{"href":"https:\/\/likemetkovic.hr\/portal\/wp-json\/wp\/v2\/posts"}],"about":[{"href":"https:\/\/likemetkovic.hr\/portal\/wp-json\/wp\/v2\/types\/post"}],"author":[{"embeddable":true,"href":"https:\/\/likemetkovic.hr\/portal\/wp-json\/wp\/v2\/users\/7"}],"replies":[{"embeddable":true,"href":"https:\/\/likemetkovic.hr\/portal\/wp-json\/wp\/v2\/comments?post=126302"}],"version-history":[{"count":0,"href":"https:\/\/likemetkovic.hr\/portal\/wp-json\/wp\/v2\/posts\/126302\/revisions"}],"wp:featuredmedia":[{"embeddable":true,"href":"https:\/\/likemetkovic.hr\/portal\/wp-json\/wp\/v2\/media\/121880"}],"wp:attachment":[{"href":"https:\/\/likemetkovic.hr\/portal\/wp-json\/wp\/v2\/media?parent=126302"}],"wp:term":[{"taxonomy":"category","embeddable":true,"href":"https:\/\/likemetkovic.hr\/portal\/wp-json\/wp\/v2\/categories?post=126302"},{"taxonomy":"post_tag","embeddable":true,"href":"https:\/\/likemetkovic.hr\/portal\/wp-json\/wp\/v2\/tags?post=126302"}],"curies":[{"name":"wp","href":"https:\/\/api.w.org\/{rel}","templated":true}]}}