{"id":126403,"date":"2021-12-23T21:35:22","date_gmt":"2021-12-23T20:35:22","guid":{"rendered":"https:\/\/likemetkovic.hr\/?p=126403"},"modified":"2021-12-23T21:35:22","modified_gmt":"2021-12-23T20:35:22","slug":"sto-je-zapelo-u-gradnji-pristupnih-cesta-peljeskome-mostu","status":"publish","type":"post","link":"https:\/\/likemetkovic.hr\/portal\/sto-je-zapelo-u-gradnji-pristupnih-cesta-peljeskome-mostu\/","title":{"rendered":"\u0160to je zapelo u gradnji pristupnih cesta Pelje\u0161kome mostu?"},"content":{"rendered":"<div class=\"introComponent\">Doga\u0111aj koji je obilje\u017eio 2021. bilo je dugo o\u010dekivano spajanje Pelje\u0161koga mosta. Izgradnja mosta privodi se kraju, ali njegovo pu\u0161tanje u promet ovisi o dinamici izgradnje pristupnih cesta. Spoj na most sa strane Komarne i nova cesta preko Pelje\u0161ca, uklju\u010duju\u0107i stonsku obilaznicu, dugi su oko 30 kilometara.<\/div>\n<div class=\"banner banner--InArticle_1 js_bannerLazyLoad adexElement\">\n<div id=\"inarticle_1_mob\"><\/div>\n<\/div>\n<div class=\"textComponent\">\n<p>Kako se sada \u010dini, most i najve\u0107i dio pristupnih cesta bit \u0107e zavr\u0161eni prema planu, do po\u010detka ljeta idu\u0107e godine. No ne i stonska obilaznica, javlja\u00a0<a href=\"https:\/\/vijesti.hrt.hr\/hrvatska\/skoric-peljeski-most-u-promet-ce-biti-pusten-krajem-lipnja-4229806\" target=\"_blank\" rel=\"noopener\">HRT.<\/a><\/p>\n<p>&#8216;Unato\u010d pandemiji i svim pandemijskim efektima radovi se u\u017eurbano privode kraju i u sljede\u0107i mjesec i pol dana sazvat \u0107emo tehni\u010dki pregled&#8217;, rekao je predsjednik Uprave Hrvatskih cesta\u00a0<strong>Josip \u0160kori\u0107<\/strong>\u00a0u emisiji Studio 4. Dodao je da \u0107e ve\u0107i dio pristupnih cesta biti gotov u skladu s dinami\u010dkim planom, prije po\u010detka turisti\u010dke sezone.<\/p>\n<p>&#8216;Kasnimo s jednim dijelom stonske obilaznice jer imamo problema s dopremom \u010deli\u010dne konstrukcije, jer su se poremetili distribucijski lanci. Ali o\u010dekujem da \u0107e s malim zaka\u0161njenjem od 3 do 5 mjeseci i ta posljednja dionica biti zavr\u0161ena&#8217;, rekao je.<\/p>\n<p>Most je klju\u010dni dio cijelog projekta, ali on predstavlja manji dio zahvata od 2,5 kilometara. Ukupna dionica projekta je 32,5 kilometara. Osim Pelje\u0161kog mosta imamo jo\u0161 jedan veliki most od 500 metara preko stonskog kanala, imamo \u010detiri velika tunela i dva vijadukta. Vrlo je slo\u017eena dionica. Na prve tri faze radovi teku jako dobro i u samom smo fini\u0161u na mostu i, sukladno o\u010dekivanju i javnosti i nas, ve\u0107ih poreme\u0107aja u planiranim rokovima ne\u0107e biti, naglasio je \u0160kori\u0107, istaknuv\u0161i da \u0107e most u promet biti pu\u0161ten potkraj lipnja.<\/p>\n<\/div>\n","protected":false},"excerpt":{"rendered":"<p>Doga\u0111aj koji je obilje\u017eio 2021. bilo je dugo o\u010dekivano spajanje Pelje\u0161koga mosta. Izgradnja mosta privodi se kraju, ali njegovo pu\u0161tanje u promet ovisi o dinamici izgradnje pristupnih cesta. Spoj na most sa strane Komarne i nova cesta preko Pelje\u0161ca, uklju\u010duju\u0107i stonsku obilaznicu, dugi su oko 30 kilometara. Kako se sada \u010dini, most i najve\u0107i dio [&hellip;]<\/p>\n","protected":false},"author":7,"featured_media":108986,"comment_status":"open","ping_status":"open","sticky":false,"template":"","format":"standard","meta":{"footnotes":""},"categories":[296,1027],"tags":[872,4732],"class_list":{"0":"post-126403","1":"post","2":"type-post","3":"status-publish","4":"format-standard","5":"has-post-thumbnail","7":"category-ab","8":"category-hrvatska","9":"tag-peljeski-most","10":"tag-pristupne-ceste"},"yoast_head":"<!-- This site is optimized with the Yoast SEO plugin v25.2 - https:\/\/yoast.com\/wordpress\/plugins\/seo\/ -->\n<title>\u0160to je zapelo u gradnji pristupnih cesta Pelje\u0161kome mostu? - likemetkovic.hr<\/title>\n<meta name=\"robots\" content=\"index, follow, max-snippet:-1, max-image-preview:large, max-video-preview:-1\" \/>\n<link rel=\"canonical\" href=\"https:\/\/likemetkovic.hr\/sto-je-zapelo-u-gradnji-pristupnih-cesta-peljeskome-mostu\/\" \/>\n<meta property=\"og:locale\" content=\"hr_HR\" \/>\n<meta property=\"og:type\" content=\"article\" \/>\n<meta property=\"og:title\" content=\"\u0160to je zapelo u gradnji pristupnih cesta Pelje\u0161kome mostu? - likemetkovic.hr\" \/>\n<meta property=\"og:description\" content=\"Doga\u0111aj koji je obilje\u017eio 2021. bilo je dugo o\u010dekivano spajanje Pelje\u0161koga mosta. Izgradnja mosta privodi se kraju, ali njegovo pu\u0161tanje u promet ovisi o dinamici izgradnje pristupnih cesta. Spoj na most sa strane Komarne i nova cesta preko Pelje\u0161ca, uklju\u010duju\u0107i stonsku obilaznicu, dugi su oko 30 kilometara. Kako se sada \u010dini, most i najve\u0107i dio [&hellip;]\" \/>\n<meta property=\"og:url\" content=\"https:\/\/likemetkovic.hr\/sto-je-zapelo-u-gradnji-pristupnih-cesta-peljeskome-mostu\/\" \/>\n<meta property=\"og:site_name\" content=\"likemetkovic.hr\" \/>\n<meta property=\"article:publisher\" content=\"https:\/\/www.facebook.com\/likemetkovic.hr\/\" \/>\n<meta property=\"article:published_time\" content=\"2021-12-23T20:35:22+00:00\" \/>\n<meta property=\"og:image\" content=\"https:\/\/likemetkovic.hr\/wp-content\/uploads\/2020\/10\/peljeski-most-gradiliste_37.jpg\" \/>\n\t<meta property=\"og:image:width\" content=\"800\" \/>\n\t<meta property=\"og:image:height\" content=\"533\" \/>\n\t<meta property=\"og:image:type\" content=\"image\/jpeg\" \/>\n<meta name=\"author\" content=\"LIKEmetkovic.hr\" \/>\n<meta name=\"twitter:card\" content=\"summary_large_image\" \/>\n<meta name=\"twitter:label1\" content=\"Napisao\/la\" \/>\n\t<meta name=\"twitter:data1\" content=\"LIKEmetkovic.hr\" \/>\n\t<meta name=\"twitter:label2\" content=\"Procijenjeno vrijeme \u010ditanja\" \/>\n\t<meta name=\"twitter:data2\" content=\"2 minute\" \/>\n<script type=\"application\/ld+json\" class=\"yoast-schema-graph\">{\"@context\":\"https:\/\/schema.org\",\"@graph\":[{\"@type\":\"WebPage\",\"@id\":\"https:\/\/likemetkovic.hr\/sto-je-zapelo-u-gradnji-pristupnih-cesta-peljeskome-mostu\/\",\"url\":\"https:\/\/likemetkovic.hr\/sto-je-zapelo-u-gradnji-pristupnih-cesta-peljeskome-mostu\/\",\"name\":\"\u0160to je zapelo u gradnji pristupnih cesta Pelje\u0161kome mostu? - likemetkovic.hr\",\"isPartOf\":{\"@id\":\"https:\/\/likemetkovic.hr\/#website\"},\"primaryImageOfPage\":{\"@id\":\"https:\/\/likemetkovic.hr\/sto-je-zapelo-u-gradnji-pristupnih-cesta-peljeskome-mostu\/#primaryimage\"},\"image\":{\"@id\":\"https:\/\/likemetkovic.hr\/sto-je-zapelo-u-gradnji-pristupnih-cesta-peljeskome-mostu\/#primaryimage\"},\"thumbnailUrl\":\"https:\/\/likemetkovic.hr\/portal\/wp-content\/uploads\/2020\/10\/peljeski-most-gradiliste_37.jpg\",\"datePublished\":\"2021-12-23T20:35:22+00:00\",\"author\":{\"@id\":\"https:\/\/likemetkovic.hr\/#\/schema\/person\/a42711f3385a0e2be6f7e0443bfb28f0\"},\"breadcrumb\":{\"@id\":\"https:\/\/likemetkovic.hr\/sto-je-zapelo-u-gradnji-pristupnih-cesta-peljeskome-mostu\/#breadcrumb\"},\"inLanguage\":\"hr\",\"potentialAction\":[{\"@type\":\"ReadAction\",\"target\":[\"https:\/\/likemetkovic.hr\/sto-je-zapelo-u-gradnji-pristupnih-cesta-peljeskome-mostu\/\"]}]},{\"@type\":\"ImageObject\",\"inLanguage\":\"hr\",\"@id\":\"https:\/\/likemetkovic.hr\/sto-je-zapelo-u-gradnji-pristupnih-cesta-peljeskome-mostu\/#primaryimage\",\"url\":\"https:\/\/likemetkovic.hr\/portal\/wp-content\/uploads\/2020\/10\/peljeski-most-gradiliste_37.jpg\",\"contentUrl\":\"https:\/\/likemetkovic.hr\/portal\/wp-content\/uploads\/2020\/10\/peljeski-most-gradiliste_37.jpg\",\"width\":800,\"height\":533},{\"@type\":\"BreadcrumbList\",\"@id\":\"https:\/\/likemetkovic.hr\/sto-je-zapelo-u-gradnji-pristupnih-cesta-peljeskome-mostu\/#breadcrumb\",\"itemListElement\":[{\"@type\":\"ListItem\",\"position\":1,\"name\":\"Po\u010detna stranica\",\"item\":\"https:\/\/likemetkovic.hr\/portal\/\"},{\"@type\":\"ListItem\",\"position\":2,\"name\":\"\u0160to je zapelo u gradnji pristupnih cesta Pelje\u0161kome mostu?\"}]},{\"@type\":\"WebSite\",\"@id\":\"https:\/\/likemetkovic.hr\/#website\",\"url\":\"https:\/\/likemetkovic.hr\/\",\"name\":\"likemetkovic.hr\",\"description\":\"Misli pozitivno... \u010ditaj LIKE\",\"potentialAction\":[{\"@type\":\"SearchAction\",\"target\":{\"@type\":\"EntryPoint\",\"urlTemplate\":\"https:\/\/likemetkovic.hr\/?s={search_term_string}\"},\"query-input\":{\"@type\":\"PropertyValueSpecification\",\"valueRequired\":true,\"valueName\":\"search_term_string\"}}],\"inLanguage\":\"hr\"},{\"@type\":\"Person\",\"@id\":\"https:\/\/likemetkovic.hr\/#\/schema\/person\/a42711f3385a0e2be6f7e0443bfb28f0\",\"name\":\"LIKEmetkovic.hr\",\"sameAs\":[\"http:\/\/likemetkovic.hr\"],\"url\":\"https:\/\/likemetkovic.hr\/portal\/author\/likemetkovic-hr\/\"}]}<\/script>\n<!-- \/ Yoast SEO plugin. -->","yoast_head_json":{"title":"\u0160to je zapelo u gradnji pristupnih cesta Pelje\u0161kome mostu? - likemetkovic.hr","robots":{"index":"index","follow":"follow","max-snippet":"max-snippet:-1","max-image-preview":"max-image-preview:large","max-video-preview":"max-video-preview:-1"},"canonical":"https:\/\/likemetkovic.hr\/sto-je-zapelo-u-gradnji-pristupnih-cesta-peljeskome-mostu\/","og_locale":"hr_HR","og_type":"article","og_title":"\u0160to je zapelo u gradnji pristupnih cesta Pelje\u0161kome mostu? - likemetkovic.hr","og_description":"Doga\u0111aj koji je obilje\u017eio 2021. bilo je dugo o\u010dekivano spajanje Pelje\u0161koga mosta. Izgradnja mosta privodi se kraju, ali njegovo pu\u0161tanje u promet ovisi o dinamici izgradnje pristupnih cesta. Spoj na most sa strane Komarne i nova cesta preko Pelje\u0161ca, uklju\u010duju\u0107i stonsku obilaznicu, dugi su oko 30 kilometara. Kako se sada \u010dini, most i najve\u0107i dio [&hellip;]","og_url":"https:\/\/likemetkovic.hr\/sto-je-zapelo-u-gradnji-pristupnih-cesta-peljeskome-mostu\/","og_site_name":"likemetkovic.hr","article_publisher":"https:\/\/www.facebook.com\/likemetkovic.hr\/","article_published_time":"2021-12-23T20:35:22+00:00","og_image":[{"width":800,"height":533,"url":"https:\/\/likemetkovic.hr\/wp-content\/uploads\/2020\/10\/peljeski-most-gradiliste_37.jpg","type":"image\/jpeg"}],"author":"LIKEmetkovic.hr","twitter_card":"summary_large_image","twitter_misc":{"Napisao\/la":"LIKEmetkovic.hr","Procijenjeno vrijeme \u010ditanja":"2 minute"},"schema":{"@context":"https:\/\/schema.org","@graph":[{"@type":"WebPage","@id":"https:\/\/likemetkovic.hr\/sto-je-zapelo-u-gradnji-pristupnih-cesta-peljeskome-mostu\/","url":"https:\/\/likemetkovic.hr\/sto-je-zapelo-u-gradnji-pristupnih-cesta-peljeskome-mostu\/","name":"\u0160to je zapelo u gradnji pristupnih cesta Pelje\u0161kome mostu? - likemetkovic.hr","isPartOf":{"@id":"https:\/\/likemetkovic.hr\/#website"},"primaryImageOfPage":{"@id":"https:\/\/likemetkovic.hr\/sto-je-zapelo-u-gradnji-pristupnih-cesta-peljeskome-mostu\/#primaryimage"},"image":{"@id":"https:\/\/likemetkovic.hr\/sto-je-zapelo-u-gradnji-pristupnih-cesta-peljeskome-mostu\/#primaryimage"},"thumbnailUrl":"https:\/\/likemetkovic.hr\/portal\/wp-content\/uploads\/2020\/10\/peljeski-most-gradiliste_37.jpg","datePublished":"2021-12-23T20:35:22+00:00","author":{"@id":"https:\/\/likemetkovic.hr\/#\/schema\/person\/a42711f3385a0e2be6f7e0443bfb28f0"},"breadcrumb":{"@id":"https:\/\/likemetkovic.hr\/sto-je-zapelo-u-gradnji-pristupnih-cesta-peljeskome-mostu\/#breadcrumb"},"inLanguage":"hr","potentialAction":[{"@type":"ReadAction","target":["https:\/\/likemetkovic.hr\/sto-je-zapelo-u-gradnji-pristupnih-cesta-peljeskome-mostu\/"]}]},{"@type":"ImageObject","inLanguage":"hr","@id":"https:\/\/likemetkovic.hr\/sto-je-zapelo-u-gradnji-pristupnih-cesta-peljeskome-mostu\/#primaryimage","url":"https:\/\/likemetkovic.hr\/portal\/wp-content\/uploads\/2020\/10\/peljeski-most-gradiliste_37.jpg","contentUrl":"https:\/\/likemetkovic.hr\/portal\/wp-content\/uploads\/2020\/10\/peljeski-most-gradiliste_37.jpg","width":800,"height":533},{"@type":"BreadcrumbList","@id":"https:\/\/likemetkovic.hr\/sto-je-zapelo-u-gradnji-pristupnih-cesta-peljeskome-mostu\/#breadcrumb","itemListElement":[{"@type":"ListItem","position":1,"name":"Po\u010detna stranica","item":"https:\/\/likemetkovic.hr\/portal\/"},{"@type":"ListItem","position":2,"name":"\u0160to je zapelo u gradnji pristupnih cesta Pelje\u0161kome mostu?"}]},{"@type":"WebSite","@id":"https:\/\/likemetkovic.hr\/#website","url":"https:\/\/likemetkovic.hr\/","name":"likemetkovic.hr","description":"Misli pozitivno... \u010ditaj LIKE","potentialAction":[{"@type":"SearchAction","target":{"@type":"EntryPoint","urlTemplate":"https:\/\/likemetkovic.hr\/?s={search_term_string}"},"query-input":{"@type":"PropertyValueSpecification","valueRequired":true,"valueName":"search_term_string"}}],"inLanguage":"hr"},{"@type":"Person","@id":"https:\/\/likemetkovic.hr\/#\/schema\/person\/a42711f3385a0e2be6f7e0443bfb28f0","name":"LIKEmetkovic.hr","sameAs":["http:\/\/likemetkovic.hr"],"url":"https:\/\/likemetkovic.hr\/portal\/author\/likemetkovic-hr\/"}]}},"_links":{"self":[{"href":"https:\/\/likemetkovic.hr\/portal\/wp-json\/wp\/v2\/posts\/126403","targetHints":{"allow":["GET"]}}],"collection":[{"href":"https:\/\/likemetkovic.hr\/portal\/wp-json\/wp\/v2\/posts"}],"about":[{"href":"https:\/\/likemetkovic.hr\/portal\/wp-json\/wp\/v2\/types\/post"}],"author":[{"embeddable":true,"href":"https:\/\/likemetkovic.hr\/portal\/wp-json\/wp\/v2\/users\/7"}],"replies":[{"embeddable":true,"href":"https:\/\/likemetkovic.hr\/portal\/wp-json\/wp\/v2\/comments?post=126403"}],"version-history":[{"count":0,"href":"https:\/\/likemetkovic.hr\/portal\/wp-json\/wp\/v2\/posts\/126403\/revisions"}],"wp:featuredmedia":[{"embeddable":true,"href":"https:\/\/likemetkovic.hr\/portal\/wp-json\/wp\/v2\/media\/108986"}],"wp:attachment":[{"href":"https:\/\/likemetkovic.hr\/portal\/wp-json\/wp\/v2\/media?parent=126403"}],"wp:term":[{"taxonomy":"category","embeddable":true,"href":"https:\/\/likemetkovic.hr\/portal\/wp-json\/wp\/v2\/categories?post=126403"},{"taxonomy":"post_tag","embeddable":true,"href":"https:\/\/likemetkovic.hr\/portal\/wp-json\/wp\/v2\/tags?post=126403"}],"curies":[{"name":"wp","href":"https:\/\/api.w.org\/{rel}","templated":true}]}}