{"id":126447,"date":"2021-12-25T12:47:16","date_gmt":"2021-12-25T11:47:16","guid":{"rendered":"https:\/\/likemetkovic.hr\/?p=126447"},"modified":"2021-12-25T12:47:42","modified_gmt":"2021-12-25T11:47:42","slug":"gradonacelnik-dalibor-milan-uputio-bozicnu-i-novogodisnju-cestitku","status":"publish","type":"post","link":"https:\/\/likemetkovic.hr\/portal\/gradonacelnik-dalibor-milan-uputio-bozicnu-i-novogodisnju-cestitku\/","title":{"rendered":"Gradona\u010delnik Dalibor Milan uputio bo\u017ei\u0107nu i novogodi\u0161nju \u010destitku"},"content":{"rendered":"<p data-uw-styling-context=\"true\">Gradona\u010delnik Metkovi\u0107a Dalibor Milan uputio je bo\u017ei\u0107nu i novogodi\u0161nju \u010destitku:<\/p>\n<p data-uw-styling-context=\"true\"><em>Po\u0161tovane sugra\u0111anke i sugra\u0111ani,<\/em><\/p>\n<p data-uw-styling-context=\"true\"><em>u svoje osobno te uime Grada Metkovi\u0107a \u017eelim vam sretan i blagoslovljen Bo\u017ei\u0107. \u017delim vam da ro\u0111enje Isusa Krista proslavite otvorena srca, ispunjeni rado\u0161\u0107u te u blizini va\u0161e obitelji i prijatelja.<\/em><\/p>\n<p data-uw-styling-context=\"true\"><em>Bli\u017eimo se i zavr\u0161etku jo\u0161 jedne godine. Ponesimo u novu 2022. godinu sve ono najbolje i najva\u017enije \u0161to imamo \u2013 snagu zajedni\u0161tva, me\u0111usobno razumijevanje, vjeru, nadu i mir. U idu\u0107oj godini \u017eelim vam jo\u0161 vi\u0161e zdravlja, sre\u0107e, ljubavi, optimizma i osobnog zadovoljstva.<\/em><\/p>\n<p data-uw-styling-context=\"true\"><em>Dragi sugra\u0111ani, ba\u0161 kao i do sada, \u017eelim da i u idu\u0107oj godini sura\u0111ujemo i motiviramo jedni druge te da uz prijateljski i partnerski odnos nastavimo graditi na\u0161 grad jo\u0161 ljep\u0161im i boljim mjesto za \u017eivot.<\/em><\/p>\n<p data-uw-styling-context=\"true\"><em>\u010cestit vam Bo\u017ei\u0107 i sretna Nova godina.<\/em><\/p>\n","protected":false},"excerpt":{"rendered":"<p>Gradona\u010delnik Metkovi\u0107a Dalibor Milan uputio je bo\u017ei\u0107nu i novogodi\u0161nju \u010destitku: Po\u0161tovane sugra\u0111anke i sugra\u0111ani, u svoje osobno te uime Grada Metkovi\u0107a \u017eelim vam sretan i blagoslovljen Bo\u017ei\u0107. \u017delim vam da ro\u0111enje Isusa Krista proslavite otvorena srca, ispunjeni rado\u0161\u0107u te u blizini va\u0161e obitelji i prijatelja. Bli\u017eimo se i zavr\u0161etku jo\u0161 jedne godine. Ponesimo u novu [&hellip;]<\/p>\n","protected":false},"author":7,"featured_media":95525,"comment_status":"open","ping_status":"open","sticky":false,"template":"","format":"standard","meta":{"footnotes":""},"categories":[296,11],"tags":[4287,414],"class_list":{"0":"post-126447","1":"post","2":"type-post","3":"status-publish","4":"format-standard","5":"has-post-thumbnail","7":"category-ab","8":"category-metkovic-dolina","9":"tag-bozicna-cestitka","10":"tag-dalibor-milan"},"yoast_head":"<!-- This site is optimized with the Yoast SEO plugin v25.2 - https:\/\/yoast.com\/wordpress\/plugins\/seo\/ -->\n<title>Gradona\u010delnik Dalibor Milan uputio bo\u017ei\u0107nu i novogodi\u0161nju \u010destitku - likemetkovic.hr<\/title>\n<meta name=\"robots\" content=\"index, follow, max-snippet:-1, max-image-preview:large, max-video-preview:-1\" \/>\n<link rel=\"canonical\" href=\"https:\/\/likemetkovic.hr\/gradonacelnik-dalibor-milan-uputio-bozicnu-i-novogodisnju-cestitku\/\" \/>\n<meta property=\"og:locale\" content=\"hr_HR\" \/>\n<meta property=\"og:type\" content=\"article\" \/>\n<meta property=\"og:title\" content=\"Gradona\u010delnik Dalibor Milan uputio bo\u017ei\u0107nu i novogodi\u0161nju \u010destitku - likemetkovic.hr\" \/>\n<meta property=\"og:description\" content=\"Gradona\u010delnik Metkovi\u0107a Dalibor Milan uputio je bo\u017ei\u0107nu i novogodi\u0161nju \u010destitku: Po\u0161tovane sugra\u0111anke i sugra\u0111ani, u svoje osobno te uime Grada Metkovi\u0107a \u017eelim vam sretan i blagoslovljen Bo\u017ei\u0107. \u017delim vam da ro\u0111enje Isusa Krista proslavite otvorena srca, ispunjeni rado\u0161\u0107u te u blizini va\u0161e obitelji i prijatelja. Bli\u017eimo se i zavr\u0161etku jo\u0161 jedne godine. Ponesimo u novu [&hellip;]\" \/>\n<meta property=\"og:url\" content=\"https:\/\/likemetkovic.hr\/gradonacelnik-dalibor-milan-uputio-bozicnu-i-novogodisnju-cestitku\/\" \/>\n<meta property=\"og:site_name\" content=\"likemetkovic.hr\" \/>\n<meta property=\"article:publisher\" content=\"https:\/\/www.facebook.com\/likemetkovic.hr\/\" \/>\n<meta property=\"article:published_time\" content=\"2021-12-25T11:47:16+00:00\" \/>\n<meta property=\"article:modified_time\" content=\"2021-12-25T11:47:42+00:00\" \/>\n<meta property=\"og:image\" content=\"https:\/\/likemetkovic.hr\/wp-content\/uploads\/2019\/12\/dalibor-milan.jpg\" \/>\n\t<meta property=\"og:image:width\" content=\"800\" \/>\n\t<meta property=\"og:image:height\" content=\"536\" \/>\n\t<meta property=\"og:image:type\" content=\"image\/jpeg\" \/>\n<meta name=\"author\" content=\"LIKEmetkovic.hr\" \/>\n<meta name=\"twitter:card\" content=\"summary_large_image\" \/>\n<meta name=\"twitter:label1\" content=\"Napisao\/la\" \/>\n\t<meta name=\"twitter:data1\" content=\"LIKEmetkovic.hr\" \/>\n\t<meta name=\"twitter:label2\" content=\"Procijenjeno vrijeme \u010ditanja\" \/>\n\t<meta name=\"twitter:data2\" content=\"1 minuta\" \/>\n<script type=\"application\/ld+json\" class=\"yoast-schema-graph\">{\"@context\":\"https:\/\/schema.org\",\"@graph\":[{\"@type\":\"WebPage\",\"@id\":\"https:\/\/likemetkovic.hr\/gradonacelnik-dalibor-milan-uputio-bozicnu-i-novogodisnju-cestitku\/\",\"url\":\"https:\/\/likemetkovic.hr\/gradonacelnik-dalibor-milan-uputio-bozicnu-i-novogodisnju-cestitku\/\",\"name\":\"Gradona\u010delnik Dalibor Milan uputio bo\u017ei\u0107nu i novogodi\u0161nju \u010destitku - likemetkovic.hr\",\"isPartOf\":{\"@id\":\"https:\/\/likemetkovic.hr\/#website\"},\"primaryImageOfPage\":{\"@id\":\"https:\/\/likemetkovic.hr\/gradonacelnik-dalibor-milan-uputio-bozicnu-i-novogodisnju-cestitku\/#primaryimage\"},\"image\":{\"@id\":\"https:\/\/likemetkovic.hr\/gradonacelnik-dalibor-milan-uputio-bozicnu-i-novogodisnju-cestitku\/#primaryimage\"},\"thumbnailUrl\":\"https:\/\/likemetkovic.hr\/portal\/wp-content\/uploads\/2019\/12\/dalibor-milan.jpg\",\"datePublished\":\"2021-12-25T11:47:16+00:00\",\"dateModified\":\"2021-12-25T11:47:42+00:00\",\"author\":{\"@id\":\"https:\/\/likemetkovic.hr\/#\/schema\/person\/a42711f3385a0e2be6f7e0443bfb28f0\"},\"breadcrumb\":{\"@id\":\"https:\/\/likemetkovic.hr\/gradonacelnik-dalibor-milan-uputio-bozicnu-i-novogodisnju-cestitku\/#breadcrumb\"},\"inLanguage\":\"hr\",\"potentialAction\":[{\"@type\":\"ReadAction\",\"target\":[\"https:\/\/likemetkovic.hr\/gradonacelnik-dalibor-milan-uputio-bozicnu-i-novogodisnju-cestitku\/\"]}]},{\"@type\":\"ImageObject\",\"inLanguage\":\"hr\",\"@id\":\"https:\/\/likemetkovic.hr\/gradonacelnik-dalibor-milan-uputio-bozicnu-i-novogodisnju-cestitku\/#primaryimage\",\"url\":\"https:\/\/likemetkovic.hr\/portal\/wp-content\/uploads\/2019\/12\/dalibor-milan.jpg\",\"contentUrl\":\"https:\/\/likemetkovic.hr\/portal\/wp-content\/uploads\/2019\/12\/dalibor-milan.jpg\",\"width\":800,\"height\":536},{\"@type\":\"BreadcrumbList\",\"@id\":\"https:\/\/likemetkovic.hr\/gradonacelnik-dalibor-milan-uputio-bozicnu-i-novogodisnju-cestitku\/#breadcrumb\",\"itemListElement\":[{\"@type\":\"ListItem\",\"position\":1,\"name\":\"Po\u010detna stranica\",\"item\":\"https:\/\/likemetkovic.hr\/portal\/\"},{\"@type\":\"ListItem\",\"position\":2,\"name\":\"Gradona\u010delnik Dalibor Milan uputio bo\u017ei\u0107nu i novogodi\u0161nju \u010destitku\"}]},{\"@type\":\"WebSite\",\"@id\":\"https:\/\/likemetkovic.hr\/#website\",\"url\":\"https:\/\/likemetkovic.hr\/\",\"name\":\"likemetkovic.hr\",\"description\":\"Misli pozitivno... \u010ditaj LIKE\",\"potentialAction\":[{\"@type\":\"SearchAction\",\"target\":{\"@type\":\"EntryPoint\",\"urlTemplate\":\"https:\/\/likemetkovic.hr\/?s={search_term_string}\"},\"query-input\":{\"@type\":\"PropertyValueSpecification\",\"valueRequired\":true,\"valueName\":\"search_term_string\"}}],\"inLanguage\":\"hr\"},{\"@type\":\"Person\",\"@id\":\"https:\/\/likemetkovic.hr\/#\/schema\/person\/a42711f3385a0e2be6f7e0443bfb28f0\",\"name\":\"LIKEmetkovic.hr\",\"sameAs\":[\"http:\/\/likemetkovic.hr\"],\"url\":\"https:\/\/likemetkovic.hr\/portal\/author\/likemetkovic-hr\/\"}]}<\/script>\n<!-- \/ Yoast SEO plugin. -->","yoast_head_json":{"title":"Gradona\u010delnik Dalibor Milan uputio bo\u017ei\u0107nu i novogodi\u0161nju \u010destitku - likemetkovic.hr","robots":{"index":"index","follow":"follow","max-snippet":"max-snippet:-1","max-image-preview":"max-image-preview:large","max-video-preview":"max-video-preview:-1"},"canonical":"https:\/\/likemetkovic.hr\/gradonacelnik-dalibor-milan-uputio-bozicnu-i-novogodisnju-cestitku\/","og_locale":"hr_HR","og_type":"article","og_title":"Gradona\u010delnik Dalibor Milan uputio bo\u017ei\u0107nu i novogodi\u0161nju \u010destitku - likemetkovic.hr","og_description":"Gradona\u010delnik Metkovi\u0107a Dalibor Milan uputio je bo\u017ei\u0107nu i novogodi\u0161nju \u010destitku: Po\u0161tovane sugra\u0111anke i sugra\u0111ani, u svoje osobno te uime Grada Metkovi\u0107a \u017eelim vam sretan i blagoslovljen Bo\u017ei\u0107. \u017delim vam da ro\u0111enje Isusa Krista proslavite otvorena srca, ispunjeni rado\u0161\u0107u te u blizini va\u0161e obitelji i prijatelja. Bli\u017eimo se i zavr\u0161etku jo\u0161 jedne godine. Ponesimo u novu [&hellip;]","og_url":"https:\/\/likemetkovic.hr\/gradonacelnik-dalibor-milan-uputio-bozicnu-i-novogodisnju-cestitku\/","og_site_name":"likemetkovic.hr","article_publisher":"https:\/\/www.facebook.com\/likemetkovic.hr\/","article_published_time":"2021-12-25T11:47:16+00:00","article_modified_time":"2021-12-25T11:47:42+00:00","og_image":[{"width":800,"height":536,"url":"https:\/\/likemetkovic.hr\/wp-content\/uploads\/2019\/12\/dalibor-milan.jpg","type":"image\/jpeg"}],"author":"LIKEmetkovic.hr","twitter_card":"summary_large_image","twitter_misc":{"Napisao\/la":"LIKEmetkovic.hr","Procijenjeno vrijeme \u010ditanja":"1 minuta"},"schema":{"@context":"https:\/\/schema.org","@graph":[{"@type":"WebPage","@id":"https:\/\/likemetkovic.hr\/gradonacelnik-dalibor-milan-uputio-bozicnu-i-novogodisnju-cestitku\/","url":"https:\/\/likemetkovic.hr\/gradonacelnik-dalibor-milan-uputio-bozicnu-i-novogodisnju-cestitku\/","name":"Gradona\u010delnik Dalibor Milan uputio bo\u017ei\u0107nu i novogodi\u0161nju \u010destitku - likemetkovic.hr","isPartOf":{"@id":"https:\/\/likemetkovic.hr\/#website"},"primaryImageOfPage":{"@id":"https:\/\/likemetkovic.hr\/gradonacelnik-dalibor-milan-uputio-bozicnu-i-novogodisnju-cestitku\/#primaryimage"},"image":{"@id":"https:\/\/likemetkovic.hr\/gradonacelnik-dalibor-milan-uputio-bozicnu-i-novogodisnju-cestitku\/#primaryimage"},"thumbnailUrl":"https:\/\/likemetkovic.hr\/portal\/wp-content\/uploads\/2019\/12\/dalibor-milan.jpg","datePublished":"2021-12-25T11:47:16+00:00","dateModified":"2021-12-25T11:47:42+00:00","author":{"@id":"https:\/\/likemetkovic.hr\/#\/schema\/person\/a42711f3385a0e2be6f7e0443bfb28f0"},"breadcrumb":{"@id":"https:\/\/likemetkovic.hr\/gradonacelnik-dalibor-milan-uputio-bozicnu-i-novogodisnju-cestitku\/#breadcrumb"},"inLanguage":"hr","potentialAction":[{"@type":"ReadAction","target":["https:\/\/likemetkovic.hr\/gradonacelnik-dalibor-milan-uputio-bozicnu-i-novogodisnju-cestitku\/"]}]},{"@type":"ImageObject","inLanguage":"hr","@id":"https:\/\/likemetkovic.hr\/gradonacelnik-dalibor-milan-uputio-bozicnu-i-novogodisnju-cestitku\/#primaryimage","url":"https:\/\/likemetkovic.hr\/portal\/wp-content\/uploads\/2019\/12\/dalibor-milan.jpg","contentUrl":"https:\/\/likemetkovic.hr\/portal\/wp-content\/uploads\/2019\/12\/dalibor-milan.jpg","width":800,"height":536},{"@type":"BreadcrumbList","@id":"https:\/\/likemetkovic.hr\/gradonacelnik-dalibor-milan-uputio-bozicnu-i-novogodisnju-cestitku\/#breadcrumb","itemListElement":[{"@type":"ListItem","position":1,"name":"Po\u010detna stranica","item":"https:\/\/likemetkovic.hr\/portal\/"},{"@type":"ListItem","position":2,"name":"Gradona\u010delnik Dalibor Milan uputio bo\u017ei\u0107nu i novogodi\u0161nju \u010destitku"}]},{"@type":"WebSite","@id":"https:\/\/likemetkovic.hr\/#website","url":"https:\/\/likemetkovic.hr\/","name":"likemetkovic.hr","description":"Misli pozitivno... \u010ditaj LIKE","potentialAction":[{"@type":"SearchAction","target":{"@type":"EntryPoint","urlTemplate":"https:\/\/likemetkovic.hr\/?s={search_term_string}"},"query-input":{"@type":"PropertyValueSpecification","valueRequired":true,"valueName":"search_term_string"}}],"inLanguage":"hr"},{"@type":"Person","@id":"https:\/\/likemetkovic.hr\/#\/schema\/person\/a42711f3385a0e2be6f7e0443bfb28f0","name":"LIKEmetkovic.hr","sameAs":["http:\/\/likemetkovic.hr"],"url":"https:\/\/likemetkovic.hr\/portal\/author\/likemetkovic-hr\/"}]}},"_links":{"self":[{"href":"https:\/\/likemetkovic.hr\/portal\/wp-json\/wp\/v2\/posts\/126447","targetHints":{"allow":["GET"]}}],"collection":[{"href":"https:\/\/likemetkovic.hr\/portal\/wp-json\/wp\/v2\/posts"}],"about":[{"href":"https:\/\/likemetkovic.hr\/portal\/wp-json\/wp\/v2\/types\/post"}],"author":[{"embeddable":true,"href":"https:\/\/likemetkovic.hr\/portal\/wp-json\/wp\/v2\/users\/7"}],"replies":[{"embeddable":true,"href":"https:\/\/likemetkovic.hr\/portal\/wp-json\/wp\/v2\/comments?post=126447"}],"version-history":[{"count":0,"href":"https:\/\/likemetkovic.hr\/portal\/wp-json\/wp\/v2\/posts\/126447\/revisions"}],"wp:featuredmedia":[{"embeddable":true,"href":"https:\/\/likemetkovic.hr\/portal\/wp-json\/wp\/v2\/media\/95525"}],"wp:attachment":[{"href":"https:\/\/likemetkovic.hr\/portal\/wp-json\/wp\/v2\/media?parent=126447"}],"wp:term":[{"taxonomy":"category","embeddable":true,"href":"https:\/\/likemetkovic.hr\/portal\/wp-json\/wp\/v2\/categories?post=126447"},{"taxonomy":"post_tag","embeddable":true,"href":"https:\/\/likemetkovic.hr\/portal\/wp-json\/wp\/v2\/tags?post=126447"}],"curies":[{"name":"wp","href":"https:\/\/api.w.org\/{rel}","templated":true}]}}