{"id":126542,"date":"2021-12-28T11:15:50","date_gmt":"2021-12-28T10:15:50","guid":{"rendered":"https:\/\/likemetkovic.hr\/?p=126542"},"modified":"2021-12-28T11:15:50","modified_gmt":"2021-12-28T10:15:50","slug":"najava-djecja-bozicna-avantura-na-trgu-kralja-tomislava","status":"publish","type":"post","link":"https:\/\/likemetkovic.hr\/portal\/najava-djecja-bozicna-avantura-na-trgu-kralja-tomislava\/","title":{"rendered":"NAJAVA | &#8216;Dje\u010dja bo\u017ei\u0107na avantura&#8217; na Trgu kralja Tomislava"},"content":{"rendered":"<p data-uw-styling-context=\"true\">U \u010detvrtak (30. prosinca) i petak (31. prosinca) na Trgu kralj Tomislava od 14 do 16 sati odr\u017eat \u0107e se zabavno-plesni program za djecu <strong><em>Dje\u010dja bo\u017ei\u0107na avantura<\/em><\/strong>\u00a0tijekom kojeg \u0107e ih animirati Disney likovi te Plesna \u0161kola <em>Calypso<\/em>.<\/p>\n<p data-uw-styling-context=\"true\">Organizator doga\u0111aja je Ustanova za kulturu i sport Metkovi\u0107, a odr\u017eava se u sklopu programa manifestacije <em>Prosina\u010dke sve\u010danosti 2021.<\/em><\/p>\n","protected":false},"excerpt":{"rendered":"<p>U \u010detvrtak (30. prosinca) i petak (31. prosinca) na Trgu kralj Tomislava od 14 do 16 sati odr\u017eat \u0107e se zabavno-plesni program za djecu Dje\u010dja bo\u017ei\u0107na avantura\u00a0tijekom kojeg \u0107e ih animirati Disney likovi te Plesna \u0161kola Calypso. Organizator doga\u0111aja je Ustanova za kulturu i sport Metkovi\u0107, a odr\u017eava se u sklopu programa manifestacije Prosina\u010dke sve\u010danosti [&hellip;]<\/p>\n","protected":false},"author":7,"featured_media":126175,"comment_status":"open","ping_status":"open","sticky":false,"template":"","format":"standard","meta":{"footnotes":""},"categories":[296,11],"tags":[10247],"class_list":{"0":"post-126542","1":"post","2":"type-post","3":"status-publish","4":"format-standard","5":"has-post-thumbnail","7":"category-ab","8":"category-metkovic-dolina","9":"tag-djecja-bozicna-avantura"},"yoast_head":"<!-- This site is optimized with the Yoast SEO plugin v25.2 - https:\/\/yoast.com\/wordpress\/plugins\/seo\/ -->\n<title>NAJAVA | &#039;Dje\u010dja bo\u017ei\u0107na avantura&#039; na Trgu kralja Tomislava - likemetkovic.hr<\/title>\n<meta name=\"robots\" content=\"index, follow, max-snippet:-1, max-image-preview:large, max-video-preview:-1\" \/>\n<link rel=\"canonical\" href=\"https:\/\/likemetkovic.hr\/najava-djecja-bozicna-avantura-na-trgu-kralja-tomislava\/\" \/>\n<meta property=\"og:locale\" content=\"hr_HR\" \/>\n<meta property=\"og:type\" content=\"article\" \/>\n<meta property=\"og:title\" content=\"NAJAVA | &#039;Dje\u010dja bo\u017ei\u0107na avantura&#039; na Trgu kralja Tomislava - likemetkovic.hr\" \/>\n<meta property=\"og:description\" content=\"U \u010detvrtak (30. prosinca) i petak (31. prosinca) na Trgu kralj Tomislava od 14 do 16 sati odr\u017eat \u0107e se zabavno-plesni program za djecu Dje\u010dja bo\u017ei\u0107na avantura\u00a0tijekom kojeg \u0107e ih animirati Disney likovi te Plesna \u0161kola Calypso. Organizator doga\u0111aja je Ustanova za kulturu i sport Metkovi\u0107, a odr\u017eava se u sklopu programa manifestacije Prosina\u010dke sve\u010danosti [&hellip;]\" \/>\n<meta property=\"og:url\" content=\"https:\/\/likemetkovic.hr\/najava-djecja-bozicna-avantura-na-trgu-kralja-tomislava\/\" \/>\n<meta property=\"og:site_name\" content=\"likemetkovic.hr\" \/>\n<meta property=\"article:publisher\" content=\"https:\/\/www.facebook.com\/likemetkovic.hr\/\" \/>\n<meta property=\"article:published_time\" content=\"2021-12-28T10:15:50+00:00\" \/>\n<meta property=\"og:image\" content=\"https:\/\/likemetkovic.hr\/wp-content\/uploads\/2021\/12\/djecja-bozicna-avantura-15.jpg\" \/>\n\t<meta property=\"og:image:width\" content=\"800\" \/>\n\t<meta property=\"og:image:height\" content=\"600\" \/>\n\t<meta property=\"og:image:type\" content=\"image\/jpeg\" \/>\n<meta name=\"author\" content=\"LIKEmetkovic.hr\" \/>\n<meta name=\"twitter:card\" content=\"summary_large_image\" \/>\n<meta name=\"twitter:label1\" content=\"Napisao\/la\" \/>\n\t<meta name=\"twitter:data1\" content=\"LIKEmetkovic.hr\" \/>\n<script type=\"application\/ld+json\" class=\"yoast-schema-graph\">{\"@context\":\"https:\/\/schema.org\",\"@graph\":[{\"@type\":\"WebPage\",\"@id\":\"https:\/\/likemetkovic.hr\/najava-djecja-bozicna-avantura-na-trgu-kralja-tomislava\/\",\"url\":\"https:\/\/likemetkovic.hr\/najava-djecja-bozicna-avantura-na-trgu-kralja-tomislava\/\",\"name\":\"NAJAVA | 'Dje\u010dja bo\u017ei\u0107na avantura' na Trgu kralja Tomislava - likemetkovic.hr\",\"isPartOf\":{\"@id\":\"https:\/\/likemetkovic.hr\/#website\"},\"primaryImageOfPage\":{\"@id\":\"https:\/\/likemetkovic.hr\/najava-djecja-bozicna-avantura-na-trgu-kralja-tomislava\/#primaryimage\"},\"image\":{\"@id\":\"https:\/\/likemetkovic.hr\/najava-djecja-bozicna-avantura-na-trgu-kralja-tomislava\/#primaryimage\"},\"thumbnailUrl\":\"https:\/\/likemetkovic.hr\/portal\/wp-content\/uploads\/2021\/12\/djecja-bozicna-avantura-15.jpg\",\"datePublished\":\"2021-12-28T10:15:50+00:00\",\"author\":{\"@id\":\"https:\/\/likemetkovic.hr\/#\/schema\/person\/a42711f3385a0e2be6f7e0443bfb28f0\"},\"breadcrumb\":{\"@id\":\"https:\/\/likemetkovic.hr\/najava-djecja-bozicna-avantura-na-trgu-kralja-tomislava\/#breadcrumb\"},\"inLanguage\":\"hr\",\"potentialAction\":[{\"@type\":\"ReadAction\",\"target\":[\"https:\/\/likemetkovic.hr\/najava-djecja-bozicna-avantura-na-trgu-kralja-tomislava\/\"]}]},{\"@type\":\"ImageObject\",\"inLanguage\":\"hr\",\"@id\":\"https:\/\/likemetkovic.hr\/najava-djecja-bozicna-avantura-na-trgu-kralja-tomislava\/#primaryimage\",\"url\":\"https:\/\/likemetkovic.hr\/portal\/wp-content\/uploads\/2021\/12\/djecja-bozicna-avantura-15.jpg\",\"contentUrl\":\"https:\/\/likemetkovic.hr\/portal\/wp-content\/uploads\/2021\/12\/djecja-bozicna-avantura-15.jpg\",\"width\":800,\"height\":600},{\"@type\":\"BreadcrumbList\",\"@id\":\"https:\/\/likemetkovic.hr\/najava-djecja-bozicna-avantura-na-trgu-kralja-tomislava\/#breadcrumb\",\"itemListElement\":[{\"@type\":\"ListItem\",\"position\":1,\"name\":\"Po\u010detna stranica\",\"item\":\"https:\/\/likemetkovic.hr\/portal\/\"},{\"@type\":\"ListItem\",\"position\":2,\"name\":\"NAJAVA | &#8216;Dje\u010dja bo\u017ei\u0107na avantura&#8217; na Trgu kralja Tomislava\"}]},{\"@type\":\"WebSite\",\"@id\":\"https:\/\/likemetkovic.hr\/#website\",\"url\":\"https:\/\/likemetkovic.hr\/\",\"name\":\"likemetkovic.hr\",\"description\":\"Misli pozitivno... \u010ditaj LIKE\",\"potentialAction\":[{\"@type\":\"SearchAction\",\"target\":{\"@type\":\"EntryPoint\",\"urlTemplate\":\"https:\/\/likemetkovic.hr\/?s={search_term_string}\"},\"query-input\":{\"@type\":\"PropertyValueSpecification\",\"valueRequired\":true,\"valueName\":\"search_term_string\"}}],\"inLanguage\":\"hr\"},{\"@type\":\"Person\",\"@id\":\"https:\/\/likemetkovic.hr\/#\/schema\/person\/a42711f3385a0e2be6f7e0443bfb28f0\",\"name\":\"LIKEmetkovic.hr\",\"sameAs\":[\"http:\/\/likemetkovic.hr\"],\"url\":\"https:\/\/likemetkovic.hr\/portal\/author\/likemetkovic-hr\/\"}]}<\/script>\n<!-- \/ Yoast SEO plugin. -->","yoast_head_json":{"title":"NAJAVA | 'Dje\u010dja bo\u017ei\u0107na avantura' na Trgu kralja Tomislava - likemetkovic.hr","robots":{"index":"index","follow":"follow","max-snippet":"max-snippet:-1","max-image-preview":"max-image-preview:large","max-video-preview":"max-video-preview:-1"},"canonical":"https:\/\/likemetkovic.hr\/najava-djecja-bozicna-avantura-na-trgu-kralja-tomislava\/","og_locale":"hr_HR","og_type":"article","og_title":"NAJAVA | 'Dje\u010dja bo\u017ei\u0107na avantura' na Trgu kralja Tomislava - likemetkovic.hr","og_description":"U \u010detvrtak (30. prosinca) i petak (31. prosinca) na Trgu kralj Tomislava od 14 do 16 sati odr\u017eat \u0107e se zabavno-plesni program za djecu Dje\u010dja bo\u017ei\u0107na avantura\u00a0tijekom kojeg \u0107e ih animirati Disney likovi te Plesna \u0161kola Calypso. Organizator doga\u0111aja je Ustanova za kulturu i sport Metkovi\u0107, a odr\u017eava se u sklopu programa manifestacije Prosina\u010dke sve\u010danosti [&hellip;]","og_url":"https:\/\/likemetkovic.hr\/najava-djecja-bozicna-avantura-na-trgu-kralja-tomislava\/","og_site_name":"likemetkovic.hr","article_publisher":"https:\/\/www.facebook.com\/likemetkovic.hr\/","article_published_time":"2021-12-28T10:15:50+00:00","og_image":[{"width":800,"height":600,"url":"https:\/\/likemetkovic.hr\/wp-content\/uploads\/2021\/12\/djecja-bozicna-avantura-15.jpg","type":"image\/jpeg"}],"author":"LIKEmetkovic.hr","twitter_card":"summary_large_image","twitter_misc":{"Napisao\/la":"LIKEmetkovic.hr"},"schema":{"@context":"https:\/\/schema.org","@graph":[{"@type":"WebPage","@id":"https:\/\/likemetkovic.hr\/najava-djecja-bozicna-avantura-na-trgu-kralja-tomislava\/","url":"https:\/\/likemetkovic.hr\/najava-djecja-bozicna-avantura-na-trgu-kralja-tomislava\/","name":"NAJAVA | 'Dje\u010dja bo\u017ei\u0107na avantura' na Trgu kralja Tomislava - likemetkovic.hr","isPartOf":{"@id":"https:\/\/likemetkovic.hr\/#website"},"primaryImageOfPage":{"@id":"https:\/\/likemetkovic.hr\/najava-djecja-bozicna-avantura-na-trgu-kralja-tomislava\/#primaryimage"},"image":{"@id":"https:\/\/likemetkovic.hr\/najava-djecja-bozicna-avantura-na-trgu-kralja-tomislava\/#primaryimage"},"thumbnailUrl":"https:\/\/likemetkovic.hr\/portal\/wp-content\/uploads\/2021\/12\/djecja-bozicna-avantura-15.jpg","datePublished":"2021-12-28T10:15:50+00:00","author":{"@id":"https:\/\/likemetkovic.hr\/#\/schema\/person\/a42711f3385a0e2be6f7e0443bfb28f0"},"breadcrumb":{"@id":"https:\/\/likemetkovic.hr\/najava-djecja-bozicna-avantura-na-trgu-kralja-tomislava\/#breadcrumb"},"inLanguage":"hr","potentialAction":[{"@type":"ReadAction","target":["https:\/\/likemetkovic.hr\/najava-djecja-bozicna-avantura-na-trgu-kralja-tomislava\/"]}]},{"@type":"ImageObject","inLanguage":"hr","@id":"https:\/\/likemetkovic.hr\/najava-djecja-bozicna-avantura-na-trgu-kralja-tomislava\/#primaryimage","url":"https:\/\/likemetkovic.hr\/portal\/wp-content\/uploads\/2021\/12\/djecja-bozicna-avantura-15.jpg","contentUrl":"https:\/\/likemetkovic.hr\/portal\/wp-content\/uploads\/2021\/12\/djecja-bozicna-avantura-15.jpg","width":800,"height":600},{"@type":"BreadcrumbList","@id":"https:\/\/likemetkovic.hr\/najava-djecja-bozicna-avantura-na-trgu-kralja-tomislava\/#breadcrumb","itemListElement":[{"@type":"ListItem","position":1,"name":"Po\u010detna stranica","item":"https:\/\/likemetkovic.hr\/portal\/"},{"@type":"ListItem","position":2,"name":"NAJAVA | &#8216;Dje\u010dja bo\u017ei\u0107na avantura&#8217; na Trgu kralja Tomislava"}]},{"@type":"WebSite","@id":"https:\/\/likemetkovic.hr\/#website","url":"https:\/\/likemetkovic.hr\/","name":"likemetkovic.hr","description":"Misli pozitivno... \u010ditaj LIKE","potentialAction":[{"@type":"SearchAction","target":{"@type":"EntryPoint","urlTemplate":"https:\/\/likemetkovic.hr\/?s={search_term_string}"},"query-input":{"@type":"PropertyValueSpecification","valueRequired":true,"valueName":"search_term_string"}}],"inLanguage":"hr"},{"@type":"Person","@id":"https:\/\/likemetkovic.hr\/#\/schema\/person\/a42711f3385a0e2be6f7e0443bfb28f0","name":"LIKEmetkovic.hr","sameAs":["http:\/\/likemetkovic.hr"],"url":"https:\/\/likemetkovic.hr\/portal\/author\/likemetkovic-hr\/"}]}},"_links":{"self":[{"href":"https:\/\/likemetkovic.hr\/portal\/wp-json\/wp\/v2\/posts\/126542","targetHints":{"allow":["GET"]}}],"collection":[{"href":"https:\/\/likemetkovic.hr\/portal\/wp-json\/wp\/v2\/posts"}],"about":[{"href":"https:\/\/likemetkovic.hr\/portal\/wp-json\/wp\/v2\/types\/post"}],"author":[{"embeddable":true,"href":"https:\/\/likemetkovic.hr\/portal\/wp-json\/wp\/v2\/users\/7"}],"replies":[{"embeddable":true,"href":"https:\/\/likemetkovic.hr\/portal\/wp-json\/wp\/v2\/comments?post=126542"}],"version-history":[{"count":0,"href":"https:\/\/likemetkovic.hr\/portal\/wp-json\/wp\/v2\/posts\/126542\/revisions"}],"wp:featuredmedia":[{"embeddable":true,"href":"https:\/\/likemetkovic.hr\/portal\/wp-json\/wp\/v2\/media\/126175"}],"wp:attachment":[{"href":"https:\/\/likemetkovic.hr\/portal\/wp-json\/wp\/v2\/media?parent=126542"}],"wp:term":[{"taxonomy":"category","embeddable":true,"href":"https:\/\/likemetkovic.hr\/portal\/wp-json\/wp\/v2\/categories?post=126542"},{"taxonomy":"post_tag","embeddable":true,"href":"https:\/\/likemetkovic.hr\/portal\/wp-json\/wp\/v2\/tags?post=126542"}],"curies":[{"name":"wp","href":"https:\/\/api.w.org\/{rel}","templated":true}]}}