{"id":126588,"date":"2021-12-29T19:17:13","date_gmt":"2021-12-29T18:17:13","guid":{"rendered":"https:\/\/likemetkovic.hr\/?p=126588"},"modified":"2021-12-30T11:42:03","modified_gmt":"2021-12-30T10:42:03","slug":"veteranima-neretve-pridruzio-se-i-dario-srna-pripremaju-se-za-prvenstvo-hrvatske","status":"publish","type":"post","link":"https:\/\/likemetkovic.hr\/portal\/veteranima-neretve-pridruzio-se-i-dario-srna-pripremaju-se-za-prvenstvo-hrvatske\/","title":{"rendered":"Veteranima Neretve pridru\u017eio se i Dario Srna: pripremaju se za Prvenstvo Hrvatske"},"content":{"rendered":"<p><strong>Veterani NK Neretva<\/strong> po\u010deli su s pripremama uo\u010di Dvoranskog prvenstva Hrvatske za veterane koje \u0107e se od 18. do 20. velja\u010de 2022. odr\u017eati u Belom Manastiru.<\/p>\n<p>Popodne su imali okupljanje u Gradskoj sportskoj dvorani a ove godine im se pridru\u017eio biv\u0161i kapetan Vatrenih, <strong>Dario Srna<\/strong>.<\/p>\n\r\n                <style type=\"text\/css\">\r\n                    \r\n                    #tdi_1  .td-doubleSlider-2 .td-item1 {\r\n                        background: url(https:\/\/likemetkovic.hr\/portal\/wp-content\/uploads\/2021\/12\/veterani-neretva-srna-29-12-2021-80x60.jpg) 0 0 no-repeat;\r\n                    }\r\n                    #tdi_1  .td-doubleSlider-2 .td-item2 {\r\n                        background: url(https:\/\/likemetkovic.hr\/portal\/wp-content\/uploads\/2021\/12\/veterani-neretva-srna-29-12-2021_1-80x60.jpg) 0 0 no-repeat;\r\n                    }\r\n                    #tdi_1  .td-doubleSlider-2 .td-item3 {\r\n                        background: url(https:\/\/likemetkovic.hr\/portal\/wp-content\/uploads\/2021\/12\/veterani-neretva-srna-29-12-2021_2-80x60.jpg) 0 0 no-repeat;\r\n                    }\r\n                    #tdi_1  .td-doubleSlider-2 .td-item4 {\r\n                        background: url(https:\/\/likemetkovic.hr\/portal\/wp-content\/uploads\/2021\/12\/veterani-neretva-srna-29-12-2021_3-80x60.jpg) 0 0 no-repeat;\r\n                    }\r\n                    #tdi_1  .td-doubleSlider-2 .td-item5 {\r\n                        background: url(https:\/\/likemetkovic.hr\/portal\/wp-content\/uploads\/2021\/12\/veterani-neretva-srna-29-12-2021_4-80x60.jpg) 0 0 no-repeat;\r\n                    }\r\n                    #tdi_1  .td-doubleSlider-2 .td-item6 {\r\n                        background: url(https:\/\/likemetkovic.hr\/portal\/wp-content\/uploads\/2021\/12\/veterani-neretva-srna-29-12-2021_5-80x60.jpg) 0 0 no-repeat;\r\n                    }\r\n                    #tdi_1  .td-doubleSlider-2 .td-item7 {\r\n                        background: url(https:\/\/likemetkovic.hr\/portal\/wp-content\/uploads\/2021\/12\/veterani-neretva-srna-29-12-2021_6-80x60.jpg) 0 0 no-repeat;\r\n                    }\r\n                <\/style>\r\n\r\n                <div id=\"tdi_1\" class=\"td-gallery td-slide-on-2-columns\">\r\n                    <div class=\"post_td_gallery\">\r\n                        <div class=\"td-gallery-slide-top\">\r\n                           <div class=\"td-gallery-title\"><\/div>\r\n\r\n                            <div class=\"td-gallery-controls-wrapper\">\r\n                                <div class=\"td-gallery-slide-count\"><span class=\"td-gallery-slide-item-focus\">1<\/span> of 7<\/div>\r\n                                <div class=\"td-gallery-slide-prev-next-but\">\r\n                                    <i class = \"td-icon-left doubleSliderPrevButton\"><\/i>\r\n                                    <i class = \"td-icon-right doubleSliderNextButton\"><\/i>\r\n                                <\/div>\r\n                            <\/div>\r\n                        <\/div>\r\n\r\n                        <div class = \"td-doubleSlider-1 \">\r\n                            <div class = \"td-slider\">\r\n                                \r\n                    <div class = \"td-slide-item td-item1\">\r\n                        <figure class=\"td-slide-galery-figure td-slide-popup-gallery\">\r\n                            <a class=\"slide-gallery-image-link\" href=\"https:\/\/likemetkovic.hr\/portal\/wp-content\/uploads\/2021\/12\/veterani-neretva-srna-29-12-2021.jpg\" title=\"veterani neretva srna-29-12-2021\"  data-caption=\"\"  data-description=\"\">\r\n                                <img decoding=\"async\" src=\"https:\/\/likemetkovic.hr\/portal\/wp-content\/uploads\/2021\/12\/veterani-neretva-srna-29-12-2021-630x420.jpg\" srcset=\"https:\/\/likemetkovic.hr\/portal\/wp-content\/uploads\/2021\/12\/veterani-neretva-srna-29-12-2021-630x420.jpg 630w, https:\/\/likemetkovic.hr\/portal\/wp-content\/uploads\/2021\/12\/veterani-neretva-srna-29-12-2021-768x512.jpg 768w, https:\/\/likemetkovic.hr\/portal\/wp-content\/uploads\/2021\/12\/veterani-neretva-srna-29-12-2021-696x464.jpg 696w, https:\/\/likemetkovic.hr\/portal\/wp-content\/uploads\/2021\/12\/veterani-neretva-srna-29-12-2021.jpg 800w\" sizes=\"(max-width: 630px) 100vw, 630px\" alt=\"\">\r\n                            <\/a>\r\n                            \r\n                        <\/figure>\r\n                    <\/div>\r\n                    <div class = \"td-slide-item td-item2\">\r\n                        <figure class=\"td-slide-galery-figure td-slide-popup-gallery\">\r\n                            <a class=\"slide-gallery-image-link\" href=\"https:\/\/likemetkovic.hr\/portal\/wp-content\/uploads\/2021\/12\/veterani-neretva-srna-29-12-2021_1.jpg\" title=\"veterani neretva srna-29-12-2021_1\"  data-caption=\"\"  data-description=\"\">\r\n                                <img decoding=\"async\" src=\"https:\/\/likemetkovic.hr\/portal\/wp-content\/uploads\/2021\/12\/veterani-neretva-srna-29-12-2021_1-280x420.jpg\" srcset=\"https:\/\/likemetkovic.hr\/portal\/wp-content\/uploads\/2021\/12\/veterani-neretva-srna-29-12-2021_1-280x420.jpg 280w, https:\/\/likemetkovic.hr\/portal\/wp-content\/uploads\/2021\/12\/veterani-neretva-srna-29-12-2021_1.jpg 533w\" sizes=\"(max-width: 280px) 100vw, 280px\" alt=\"\">\r\n                            <\/a>\r\n                            \r\n                        <\/figure>\r\n                    <\/div>\r\n                    <div class = \"td-slide-item td-item3\">\r\n                        <figure class=\"td-slide-galery-figure td-slide-popup-gallery\">\r\n                            <a class=\"slide-gallery-image-link\" href=\"https:\/\/likemetkovic.hr\/portal\/wp-content\/uploads\/2021\/12\/veterani-neretva-srna-29-12-2021_2.jpg\" title=\"veterani neretva srna-29-12-2021_2\"  data-caption=\"\"  data-description=\"\">\r\n                                <img decoding=\"async\" src=\"https:\/\/likemetkovic.hr\/portal\/wp-content\/uploads\/2021\/12\/veterani-neretva-srna-29-12-2021_2-630x420.jpg\" srcset=\"https:\/\/likemetkovic.hr\/portal\/wp-content\/uploads\/2021\/12\/veterani-neretva-srna-29-12-2021_2-630x420.jpg 630w, https:\/\/likemetkovic.hr\/portal\/wp-content\/uploads\/2021\/12\/veterani-neretva-srna-29-12-2021_2-768x512.jpg 768w, https:\/\/likemetkovic.hr\/portal\/wp-content\/uploads\/2021\/12\/veterani-neretva-srna-29-12-2021_2-696x464.jpg 696w, https:\/\/likemetkovic.hr\/portal\/wp-content\/uploads\/2021\/12\/veterani-neretva-srna-29-12-2021_2.jpg 800w\" sizes=\"(max-width: 630px) 100vw, 630px\" alt=\"\">\r\n                            <\/a>\r\n                            \r\n                        <\/figure>\r\n                    <\/div>\r\n                    <div class = \"td-slide-item td-item4\">\r\n                        <figure class=\"td-slide-galery-figure td-slide-popup-gallery\">\r\n                            <a class=\"slide-gallery-image-link\" href=\"https:\/\/likemetkovic.hr\/portal\/wp-content\/uploads\/2021\/12\/veterani-neretva-srna-29-12-2021_3.jpg\" title=\"veterani neretva srna-29-12-2021_3\"  data-caption=\"\"  data-description=\"\">\r\n                                <img decoding=\"async\" src=\"https:\/\/likemetkovic.hr\/portal\/wp-content\/uploads\/2021\/12\/veterani-neretva-srna-29-12-2021_3-280x420.jpg\" srcset=\"https:\/\/likemetkovic.hr\/portal\/wp-content\/uploads\/2021\/12\/veterani-neretva-srna-29-12-2021_3-280x420.jpg 280w, https:\/\/likemetkovic.hr\/portal\/wp-content\/uploads\/2021\/12\/veterani-neretva-srna-29-12-2021_3.jpg 533w\" sizes=\"(max-width: 280px) 100vw, 280px\" alt=\"\">\r\n                            <\/a>\r\n                            \r\n                        <\/figure>\r\n                    <\/div>\r\n                    <div class = \"td-slide-item td-item5\">\r\n                        <figure class=\"td-slide-galery-figure td-slide-popup-gallery\">\r\n                            <a class=\"slide-gallery-image-link\" href=\"https:\/\/likemetkovic.hr\/portal\/wp-content\/uploads\/2021\/12\/veterani-neretva-srna-29-12-2021_4.jpg\" title=\"veterani neretva srna-29-12-2021_4\"  data-caption=\"\"  data-description=\"\">\r\n                                <img decoding=\"async\" src=\"https:\/\/likemetkovic.hr\/portal\/wp-content\/uploads\/2021\/12\/veterani-neretva-srna-29-12-2021_4-630x420.jpg\" srcset=\"https:\/\/likemetkovic.hr\/portal\/wp-content\/uploads\/2021\/12\/veterani-neretva-srna-29-12-2021_4-630x420.jpg 630w, https:\/\/likemetkovic.hr\/portal\/wp-content\/uploads\/2021\/12\/veterani-neretva-srna-29-12-2021_4-768x512.jpg 768w, https:\/\/likemetkovic.hr\/portal\/wp-content\/uploads\/2021\/12\/veterani-neretva-srna-29-12-2021_4-696x464.jpg 696w, https:\/\/likemetkovic.hr\/portal\/wp-content\/uploads\/2021\/12\/veterani-neretva-srna-29-12-2021_4.jpg 800w\" sizes=\"(max-width: 630px) 100vw, 630px\" alt=\"\">\r\n                            <\/a>\r\n                            \r\n                        <\/figure>\r\n                    <\/div>\r\n                    <div class = \"td-slide-item td-item6\">\r\n                        <figure class=\"td-slide-galery-figure td-slide-popup-gallery\">\r\n                            <a class=\"slide-gallery-image-link\" href=\"https:\/\/likemetkovic.hr\/portal\/wp-content\/uploads\/2021\/12\/veterani-neretva-srna-29-12-2021_5.jpg\" title=\"veterani neretva srna-29-12-2021_5\"  data-caption=\"\"  data-description=\"\">\r\n                                <img decoding=\"async\" src=\"https:\/\/likemetkovic.hr\/portal\/wp-content\/uploads\/2021\/12\/veterani-neretva-srna-29-12-2021_5-630x420.jpg\" srcset=\"https:\/\/likemetkovic.hr\/portal\/wp-content\/uploads\/2021\/12\/veterani-neretva-srna-29-12-2021_5-630x420.jpg 630w, https:\/\/likemetkovic.hr\/portal\/wp-content\/uploads\/2021\/12\/veterani-neretva-srna-29-12-2021_5-768x512.jpg 768w, https:\/\/likemetkovic.hr\/portal\/wp-content\/uploads\/2021\/12\/veterani-neretva-srna-29-12-2021_5-696x464.jpg 696w, https:\/\/likemetkovic.hr\/portal\/wp-content\/uploads\/2021\/12\/veterani-neretva-srna-29-12-2021_5.jpg 800w\" sizes=\"(max-width: 630px) 100vw, 630px\" alt=\"\">\r\n                            <\/a>\r\n                            \r\n                        <\/figure>\r\n                    <\/div>\r\n                    <div class = \"td-slide-item td-item7\">\r\n                        <figure class=\"td-slide-galery-figure td-slide-popup-gallery\">\r\n                            <a class=\"slide-gallery-image-link\" href=\"https:\/\/likemetkovic.hr\/portal\/wp-content\/uploads\/2021\/12\/veterani-neretva-srna-29-12-2021_6.jpg\" title=\"veterani neretva srna-29-12-2021_6\"  data-caption=\"\"  data-description=\"\">\r\n                                <img decoding=\"async\" src=\"https:\/\/likemetkovic.hr\/portal\/wp-content\/uploads\/2021\/12\/veterani-neretva-srna-29-12-2021_6-630x420.jpg\" srcset=\"https:\/\/likemetkovic.hr\/portal\/wp-content\/uploads\/2021\/12\/veterani-neretva-srna-29-12-2021_6-630x420.jpg 630w, https:\/\/likemetkovic.hr\/portal\/wp-content\/uploads\/2021\/12\/veterani-neretva-srna-29-12-2021_6-768x512.jpg 768w, https:\/\/likemetkovic.hr\/portal\/wp-content\/uploads\/2021\/12\/veterani-neretva-srna-29-12-2021_6-696x464.jpg 696w, https:\/\/likemetkovic.hr\/portal\/wp-content\/uploads\/2021\/12\/veterani-neretva-srna-29-12-2021_6.jpg 800w\" sizes=\"(max-width: 630px) 100vw, 630px\" alt=\"\">\r\n                            <\/a>\r\n                            \r\n                        <\/figure>\r\n                    <\/div>\r\n                            <\/div>\r\n                        <\/div>\r\n\r\n                        <div class = \"td-doubleSlider-2\">\r\n                            <div class = \"td-slider\">\r\n                                \r\n                    <div class = \"td-button td-item1\">\r\n                        <div class = \"td-border\"><\/div>\r\n                    <\/div>\r\n                    <div class = \"td-button td-item2\">\r\n                        <div class = \"td-border\"><\/div>\r\n                    <\/div>\r\n                    <div class = \"td-button td-item3\">\r\n                        <div class = \"td-border\"><\/div>\r\n                    <\/div>\r\n                    <div class = \"td-button td-item4\">\r\n                        <div class = \"td-border\"><\/div>\r\n                    <\/div>\r\n                    <div class = \"td-button td-item5\">\r\n                        <div class = \"td-border\"><\/div>\r\n                    <\/div>\r\n                    <div class = \"td-button td-item6\">\r\n                        <div class = \"td-border\"><\/div>\r\n                    <\/div>\r\n                    <div class = \"td-button td-item7\">\r\n                        <div class = \"td-border\"><\/div>\r\n                    <\/div>\r\n                            <\/div>\r\n                        <\/div>\r\n\r\n                    <\/div>\r\n\r\n                <\/div>\r\n                \n<p>Veteranski tim Neretve \u010dine: Zoran Bubalo, Ivica Ba\u010di\u0107, Ivan Galov,Mario Galov,Mi\u0161o Obradovi\u0107, Mate Pehar, Martino Spr\u010di\u0107, Luk\u0161a Veraja, Ante Volarevi\u0107, Darko Zeljio\u0107, Drago Bezer, Mile Bbebi\u0107, Boris Galov, Goran Galov, Josip Galov, Nik\u0161a Galov, Mario Gujinovi\u0107, Danijel Le\u017eeni\u0107, Ivan Pehar, Nik\u0161a Martinac i Darijo Srna.<\/p>\n<p>Ho\u0107e li im se pridru\u017eiti njihov najbolji pojedinac na dosada\u0161njim nastupima,<strong> Sergej Jakirovi\u0107,<\/strong> puno ovisi o njegovim trenerskim obavezama. Naime, Sergej trenutno vodi jesenskog prvaka Pemijer lige BiH, mostarskog Zrinjskog.<\/p>\n<p>Prije pet godina Veterani Neretve su bili bron\u010dani, a godinu poslije i zlatni u Rovinju, zahvaljuju\u0107i tome je 2019. prvenstvo odr\u017eano u Metkovi\u0107u.<\/p>\n","protected":false},"excerpt":{"rendered":"<p>Veterani NK Neretva po\u010deli su s pripremama uo\u010di Dvoranskog prvenstva Hrvatske za veterane koje \u0107e se od 18. do 20. velja\u010de 2022. odr\u017eati u Belom Manastiru. Popodne su imali okupljanje u Gradskoj sportskoj dvorani a ove godine im se pridru\u017eio biv\u0161i kapetan Vatrenih, Dario Srna. Veteranski tim Neretve \u010dine: Zoran Bubalo, Ivica Ba\u010di\u0107, Ivan Galov,Mario [&hellip;]<\/p>\n","protected":false},"author":7,"featured_media":126594,"comment_status":"open","ping_status":"open","sticky":false,"template":"","format":"standard","meta":{"footnotes":""},"categories":[296,30],"tags":[4576],"class_list":{"0":"post-126588","1":"post","2":"type-post","3":"status-publish","4":"format-standard","5":"has-post-thumbnail","7":"category-ab","8":"category-nogomet","9":"tag-nk-neretva-veterani"},"yoast_head":"<!-- This site is optimized with the Yoast SEO plugin v25.2 - https:\/\/yoast.com\/wordpress\/plugins\/seo\/ -->\n<title>Veteranima Neretve pridru\u017eio se i Dario Srna: pripremaju se za Prvenstvo Hrvatske - likemetkovic.hr<\/title>\n<meta name=\"robots\" content=\"index, follow, max-snippet:-1, max-image-preview:large, max-video-preview:-1\" \/>\n<link rel=\"canonical\" href=\"https:\/\/likemetkovic.hr\/veteranima-neretve-pridruzio-se-i-dario-srna-pripremaju-se-za-prvenstvo-hrvatske\/\" \/>\n<meta property=\"og:locale\" content=\"hr_HR\" \/>\n<meta property=\"og:type\" content=\"article\" \/>\n<meta property=\"og:title\" content=\"Veteranima Neretve pridru\u017eio se i Dario Srna: pripremaju se za Prvenstvo Hrvatske - likemetkovic.hr\" \/>\n<meta property=\"og:description\" content=\"Veterani NK Neretva po\u010deli su s pripremama uo\u010di Dvoranskog prvenstva Hrvatske za veterane koje \u0107e se od 18. do 20. velja\u010de 2022. odr\u017eati u Belom Manastiru. Popodne su imali okupljanje u Gradskoj sportskoj dvorani a ove godine im se pridru\u017eio biv\u0161i kapetan Vatrenih, Dario Srna. Veteranski tim Neretve \u010dine: Zoran Bubalo, Ivica Ba\u010di\u0107, Ivan Galov,Mario [&hellip;]\" \/>\n<meta property=\"og:url\" content=\"https:\/\/likemetkovic.hr\/veteranima-neretve-pridruzio-se-i-dario-srna-pripremaju-se-za-prvenstvo-hrvatske\/\" \/>\n<meta property=\"og:site_name\" content=\"likemetkovic.hr\" \/>\n<meta property=\"article:publisher\" content=\"https:\/\/www.facebook.com\/likemetkovic.hr\/\" \/>\n<meta property=\"article:published_time\" content=\"2021-12-29T18:17:13+00:00\" \/>\n<meta property=\"article:modified_time\" content=\"2021-12-30T10:42:03+00:00\" \/>\n<meta property=\"og:image\" content=\"https:\/\/likemetkovic.hr\/wp-content\/uploads\/2021\/12\/veterani-neretva-srna-29-12-2021_5.jpg\" \/>\n\t<meta property=\"og:image:width\" content=\"800\" \/>\n\t<meta property=\"og:image:height\" content=\"533\" \/>\n\t<meta property=\"og:image:type\" content=\"image\/jpeg\" \/>\n<meta name=\"author\" content=\"LIKEmetkovic.hr\" \/>\n<meta name=\"twitter:card\" content=\"summary_large_image\" \/>\n<meta name=\"twitter:label1\" content=\"Napisao\/la\" \/>\n\t<meta name=\"twitter:data1\" content=\"LIKEmetkovic.hr\" \/>\n\t<meta name=\"twitter:label2\" content=\"Procijenjeno vrijeme \u010ditanja\" \/>\n\t<meta name=\"twitter:data2\" content=\"1 minuta\" \/>\n<script type=\"application\/ld+json\" class=\"yoast-schema-graph\">{\"@context\":\"https:\/\/schema.org\",\"@graph\":[{\"@type\":\"WebPage\",\"@id\":\"https:\/\/likemetkovic.hr\/veteranima-neretve-pridruzio-se-i-dario-srna-pripremaju-se-za-prvenstvo-hrvatske\/\",\"url\":\"https:\/\/likemetkovic.hr\/veteranima-neretve-pridruzio-se-i-dario-srna-pripremaju-se-za-prvenstvo-hrvatske\/\",\"name\":\"Veteranima Neretve pridru\u017eio se i Dario Srna: pripremaju se za Prvenstvo Hrvatske - likemetkovic.hr\",\"isPartOf\":{\"@id\":\"https:\/\/likemetkovic.hr\/#website\"},\"primaryImageOfPage\":{\"@id\":\"https:\/\/likemetkovic.hr\/veteranima-neretve-pridruzio-se-i-dario-srna-pripremaju-se-za-prvenstvo-hrvatske\/#primaryimage\"},\"image\":{\"@id\":\"https:\/\/likemetkovic.hr\/veteranima-neretve-pridruzio-se-i-dario-srna-pripremaju-se-za-prvenstvo-hrvatske\/#primaryimage\"},\"thumbnailUrl\":\"https:\/\/likemetkovic.hr\/portal\/wp-content\/uploads\/2021\/12\/veterani-neretva-srna-29-12-2021_5.jpg\",\"datePublished\":\"2021-12-29T18:17:13+00:00\",\"dateModified\":\"2021-12-30T10:42:03+00:00\",\"author\":{\"@id\":\"https:\/\/likemetkovic.hr\/#\/schema\/person\/a42711f3385a0e2be6f7e0443bfb28f0\"},\"breadcrumb\":{\"@id\":\"https:\/\/likemetkovic.hr\/veteranima-neretve-pridruzio-se-i-dario-srna-pripremaju-se-za-prvenstvo-hrvatske\/#breadcrumb\"},\"inLanguage\":\"hr\",\"potentialAction\":[{\"@type\":\"ReadAction\",\"target\":[\"https:\/\/likemetkovic.hr\/veteranima-neretve-pridruzio-se-i-dario-srna-pripremaju-se-za-prvenstvo-hrvatske\/\"]}]},{\"@type\":\"ImageObject\",\"inLanguage\":\"hr\",\"@id\":\"https:\/\/likemetkovic.hr\/veteranima-neretve-pridruzio-se-i-dario-srna-pripremaju-se-za-prvenstvo-hrvatske\/#primaryimage\",\"url\":\"https:\/\/likemetkovic.hr\/portal\/wp-content\/uploads\/2021\/12\/veterani-neretva-srna-29-12-2021_5.jpg\",\"contentUrl\":\"https:\/\/likemetkovic.hr\/portal\/wp-content\/uploads\/2021\/12\/veterani-neretva-srna-29-12-2021_5.jpg\",\"width\":800,\"height\":533},{\"@type\":\"BreadcrumbList\",\"@id\":\"https:\/\/likemetkovic.hr\/veteranima-neretve-pridruzio-se-i-dario-srna-pripremaju-se-za-prvenstvo-hrvatske\/#breadcrumb\",\"itemListElement\":[{\"@type\":\"ListItem\",\"position\":1,\"name\":\"Po\u010detna stranica\",\"item\":\"https:\/\/likemetkovic.hr\/portal\/\"},{\"@type\":\"ListItem\",\"position\":2,\"name\":\"Veteranima Neretve pridru\u017eio se i Dario Srna: pripremaju se za Prvenstvo Hrvatske\"}]},{\"@type\":\"WebSite\",\"@id\":\"https:\/\/likemetkovic.hr\/#website\",\"url\":\"https:\/\/likemetkovic.hr\/\",\"name\":\"likemetkovic.hr\",\"description\":\"Misli pozitivno... \u010ditaj LIKE\",\"potentialAction\":[{\"@type\":\"SearchAction\",\"target\":{\"@type\":\"EntryPoint\",\"urlTemplate\":\"https:\/\/likemetkovic.hr\/?s={search_term_string}\"},\"query-input\":{\"@type\":\"PropertyValueSpecification\",\"valueRequired\":true,\"valueName\":\"search_term_string\"}}],\"inLanguage\":\"hr\"},{\"@type\":\"Person\",\"@id\":\"https:\/\/likemetkovic.hr\/#\/schema\/person\/a42711f3385a0e2be6f7e0443bfb28f0\",\"name\":\"LIKEmetkovic.hr\",\"sameAs\":[\"http:\/\/likemetkovic.hr\"],\"url\":\"https:\/\/likemetkovic.hr\/portal\/author\/likemetkovic-hr\/\"}]}<\/script>\n<!-- \/ Yoast SEO plugin. -->","yoast_head_json":{"title":"Veteranima Neretve pridru\u017eio se i Dario Srna: pripremaju se za Prvenstvo Hrvatske - likemetkovic.hr","robots":{"index":"index","follow":"follow","max-snippet":"max-snippet:-1","max-image-preview":"max-image-preview:large","max-video-preview":"max-video-preview:-1"},"canonical":"https:\/\/likemetkovic.hr\/veteranima-neretve-pridruzio-se-i-dario-srna-pripremaju-se-za-prvenstvo-hrvatske\/","og_locale":"hr_HR","og_type":"article","og_title":"Veteranima Neretve pridru\u017eio se i Dario Srna: pripremaju se za Prvenstvo Hrvatske - likemetkovic.hr","og_description":"Veterani NK Neretva po\u010deli su s pripremama uo\u010di Dvoranskog prvenstva Hrvatske za veterane koje \u0107e se od 18. do 20. velja\u010de 2022. odr\u017eati u Belom Manastiru. Popodne su imali okupljanje u Gradskoj sportskoj dvorani a ove godine im se pridru\u017eio biv\u0161i kapetan Vatrenih, Dario Srna. Veteranski tim Neretve \u010dine: Zoran Bubalo, Ivica Ba\u010di\u0107, Ivan Galov,Mario [&hellip;]","og_url":"https:\/\/likemetkovic.hr\/veteranima-neretve-pridruzio-se-i-dario-srna-pripremaju-se-za-prvenstvo-hrvatske\/","og_site_name":"likemetkovic.hr","article_publisher":"https:\/\/www.facebook.com\/likemetkovic.hr\/","article_published_time":"2021-12-29T18:17:13+00:00","article_modified_time":"2021-12-30T10:42:03+00:00","og_image":[{"width":800,"height":533,"url":"https:\/\/likemetkovic.hr\/wp-content\/uploads\/2021\/12\/veterani-neretva-srna-29-12-2021_5.jpg","type":"image\/jpeg"}],"author":"LIKEmetkovic.hr","twitter_card":"summary_large_image","twitter_misc":{"Napisao\/la":"LIKEmetkovic.hr","Procijenjeno vrijeme \u010ditanja":"1 minuta"},"schema":{"@context":"https:\/\/schema.org","@graph":[{"@type":"WebPage","@id":"https:\/\/likemetkovic.hr\/veteranima-neretve-pridruzio-se-i-dario-srna-pripremaju-se-za-prvenstvo-hrvatske\/","url":"https:\/\/likemetkovic.hr\/veteranima-neretve-pridruzio-se-i-dario-srna-pripremaju-se-za-prvenstvo-hrvatske\/","name":"Veteranima Neretve pridru\u017eio se i Dario Srna: pripremaju se za Prvenstvo Hrvatske - likemetkovic.hr","isPartOf":{"@id":"https:\/\/likemetkovic.hr\/#website"},"primaryImageOfPage":{"@id":"https:\/\/likemetkovic.hr\/veteranima-neretve-pridruzio-se-i-dario-srna-pripremaju-se-za-prvenstvo-hrvatske\/#primaryimage"},"image":{"@id":"https:\/\/likemetkovic.hr\/veteranima-neretve-pridruzio-se-i-dario-srna-pripremaju-se-za-prvenstvo-hrvatske\/#primaryimage"},"thumbnailUrl":"https:\/\/likemetkovic.hr\/portal\/wp-content\/uploads\/2021\/12\/veterani-neretva-srna-29-12-2021_5.jpg","datePublished":"2021-12-29T18:17:13+00:00","dateModified":"2021-12-30T10:42:03+00:00","author":{"@id":"https:\/\/likemetkovic.hr\/#\/schema\/person\/a42711f3385a0e2be6f7e0443bfb28f0"},"breadcrumb":{"@id":"https:\/\/likemetkovic.hr\/veteranima-neretve-pridruzio-se-i-dario-srna-pripremaju-se-za-prvenstvo-hrvatske\/#breadcrumb"},"inLanguage":"hr","potentialAction":[{"@type":"ReadAction","target":["https:\/\/likemetkovic.hr\/veteranima-neretve-pridruzio-se-i-dario-srna-pripremaju-se-za-prvenstvo-hrvatske\/"]}]},{"@type":"ImageObject","inLanguage":"hr","@id":"https:\/\/likemetkovic.hr\/veteranima-neretve-pridruzio-se-i-dario-srna-pripremaju-se-za-prvenstvo-hrvatske\/#primaryimage","url":"https:\/\/likemetkovic.hr\/portal\/wp-content\/uploads\/2021\/12\/veterani-neretva-srna-29-12-2021_5.jpg","contentUrl":"https:\/\/likemetkovic.hr\/portal\/wp-content\/uploads\/2021\/12\/veterani-neretva-srna-29-12-2021_5.jpg","width":800,"height":533},{"@type":"BreadcrumbList","@id":"https:\/\/likemetkovic.hr\/veteranima-neretve-pridruzio-se-i-dario-srna-pripremaju-se-za-prvenstvo-hrvatske\/#breadcrumb","itemListElement":[{"@type":"ListItem","position":1,"name":"Po\u010detna stranica","item":"https:\/\/likemetkovic.hr\/portal\/"},{"@type":"ListItem","position":2,"name":"Veteranima Neretve pridru\u017eio se i Dario Srna: pripremaju se za Prvenstvo Hrvatske"}]},{"@type":"WebSite","@id":"https:\/\/likemetkovic.hr\/#website","url":"https:\/\/likemetkovic.hr\/","name":"likemetkovic.hr","description":"Misli pozitivno... \u010ditaj LIKE","potentialAction":[{"@type":"SearchAction","target":{"@type":"EntryPoint","urlTemplate":"https:\/\/likemetkovic.hr\/?s={search_term_string}"},"query-input":{"@type":"PropertyValueSpecification","valueRequired":true,"valueName":"search_term_string"}}],"inLanguage":"hr"},{"@type":"Person","@id":"https:\/\/likemetkovic.hr\/#\/schema\/person\/a42711f3385a0e2be6f7e0443bfb28f0","name":"LIKEmetkovic.hr","sameAs":["http:\/\/likemetkovic.hr"],"url":"https:\/\/likemetkovic.hr\/portal\/author\/likemetkovic-hr\/"}]}},"_links":{"self":[{"href":"https:\/\/likemetkovic.hr\/portal\/wp-json\/wp\/v2\/posts\/126588","targetHints":{"allow":["GET"]}}],"collection":[{"href":"https:\/\/likemetkovic.hr\/portal\/wp-json\/wp\/v2\/posts"}],"about":[{"href":"https:\/\/likemetkovic.hr\/portal\/wp-json\/wp\/v2\/types\/post"}],"author":[{"embeddable":true,"href":"https:\/\/likemetkovic.hr\/portal\/wp-json\/wp\/v2\/users\/7"}],"replies":[{"embeddable":true,"href":"https:\/\/likemetkovic.hr\/portal\/wp-json\/wp\/v2\/comments?post=126588"}],"version-history":[{"count":0,"href":"https:\/\/likemetkovic.hr\/portal\/wp-json\/wp\/v2\/posts\/126588\/revisions"}],"wp:featuredmedia":[{"embeddable":true,"href":"https:\/\/likemetkovic.hr\/portal\/wp-json\/wp\/v2\/media\/126594"}],"wp:attachment":[{"href":"https:\/\/likemetkovic.hr\/portal\/wp-json\/wp\/v2\/media?parent=126588"}],"wp:term":[{"taxonomy":"category","embeddable":true,"href":"https:\/\/likemetkovic.hr\/portal\/wp-json\/wp\/v2\/categories?post=126588"},{"taxonomy":"post_tag","embeddable":true,"href":"https:\/\/likemetkovic.hr\/portal\/wp-json\/wp\/v2\/tags?post=126588"}],"curies":[{"name":"wp","href":"https:\/\/api.w.org\/{rel}","templated":true}]}}