{"id":126642,"date":"2022-01-01T00:34:54","date_gmt":"2021-12-31T23:34:54","guid":{"rendered":"https:\/\/likemetkovic.hr\/?p=126642"},"modified":"2022-01-01T07:54:14","modified_gmt":"2022-01-01T06:54:14","slug":"statistika-metkovskih-zupa-za-2021-evo-koliko-je-bilo-krstenih-umrlih-vjencanih","status":"publish","type":"post","link":"https:\/\/likemetkovic.hr\/portal\/statistika-metkovskih-zupa-za-2021-evo-koliko-je-bilo-krstenih-umrlih-vjencanih\/","title":{"rendered":"STATISTIKA metkovskih \u017eupa za 2021.: evo koliko je bilo kr\u0161tenih, umrlih, vjen\u010danih&#8230;"},"content":{"rendered":"<p>Na Staru godinu su se slavile mise zahvalnice u na\u0161im \u017eupama kada se obi\u010dno iznose <strong>statisti\u010dki podaci za proteklu godinu<\/strong>. Tako je bilo i u metkovskim \u017eupnim crkvama sv. Ilije i sv. Nikole.<\/p>\n<p>I protekla 2021. godina je obilje\u017eena epidemijom koronavirusom. No, za razliku od 2020. kada nije bilo krizama, 2021. godine su se krizmale dvije generacije na\u0161ih srednjo\u0161kolaca.<\/p>\n<p>Godinu 2020. je obilje\u017eio mali broj vjen\u010danja (uglavnom zbog nemogu\u0107nosti odr\u017eavanja svadbi). Dijelom se to nadoknadilo u 2021. godini. Pa tako obje \u017eupe bilje\u017ee porast vjen\u010danja.<\/p>\n<p>U 2021. godini bilo kr\u0161tenja gotovo jednako kao i godinu ranije.<\/p>\n<p><img decoding=\"async\" class=\"alignnone size-medium wp-image-126643\" src=\"https:\/\/likemetkovic.hr\/wp-content\/uploads\/2021\/12\/statistika-zupa-2021-800x542.jpg\" alt=\"\" width=\"800\" height=\"542\" srcset=\"https:\/\/likemetkovic.hr\/portal\/wp-content\/uploads\/2021\/12\/statistika-zupa-2021-800x542.jpg 800w, https:\/\/likemetkovic.hr\/portal\/wp-content\/uploads\/2021\/12\/statistika-zupa-2021-768x521.jpg 768w, https:\/\/likemetkovic.hr\/portal\/wp-content\/uploads\/2021\/12\/statistika-zupa-2021-696x472.jpg 696w, https:\/\/likemetkovic.hr\/portal\/wp-content\/uploads\/2021\/12\/statistika-zupa-2021-619x420.jpg 619w, https:\/\/likemetkovic.hr\/portal\/wp-content\/uploads\/2021\/12\/statistika-zupa-2021.jpg 1000w\" sizes=\"(max-width: 800px) 100vw, 800px\" \/><\/p>\n","protected":false},"excerpt":{"rendered":"<p>Na Staru godinu su se slavile mise zahvalnice u na\u0161im \u017eupama kada se obi\u010dno iznose statisti\u010dki podaci za proteklu godinu. Tako je bilo i u metkovskim \u017eupnim crkvama sv. Ilije i sv. Nikole. I protekla 2021. godina je obilje\u017eena epidemijom koronavirusom. No, za razliku od 2020. kada nije bilo krizama, 2021. godine su se krizmale [&hellip;]<\/p>\n","protected":false},"author":9,"featured_media":100366,"comment_status":"open","ping_status":"open","sticky":false,"template":"","format":"standard","meta":{"footnotes":""},"categories":[296,11,27],"tags":[10286],"class_list":{"0":"post-126642","1":"post","2":"type-post","3":"status-publish","4":"format-standard","5":"has-post-thumbnail","7":"category-ab","8":"category-metkovic-dolina","9":"category-vjera-i-zivot","10":"tag-zupna-statistika"},"yoast_head":"<!-- This site is optimized with the Yoast SEO plugin v25.2 - https:\/\/yoast.com\/wordpress\/plugins\/seo\/ -->\n<title>STATISTIKA metkovskih \u017eupa za 2021.: evo koliko je bilo kr\u0161tenih, umrlih, vjen\u010danih... - likemetkovic.hr<\/title>\n<meta name=\"robots\" content=\"index, follow, max-snippet:-1, max-image-preview:large, max-video-preview:-1\" \/>\n<link rel=\"canonical\" href=\"https:\/\/likemetkovic.hr\/statistika-metkovskih-zupa-za-2021-evo-koliko-je-bilo-krstenih-umrlih-vjencanih\/\" \/>\n<meta property=\"og:locale\" content=\"hr_HR\" \/>\n<meta property=\"og:type\" content=\"article\" \/>\n<meta property=\"og:title\" content=\"STATISTIKA metkovskih \u017eupa za 2021.: evo koliko je bilo kr\u0161tenih, umrlih, vjen\u010danih... - likemetkovic.hr\" \/>\n<meta property=\"og:description\" content=\"Na Staru godinu su se slavile mise zahvalnice u na\u0161im \u017eupama kada se obi\u010dno iznose statisti\u010dki podaci za proteklu godinu. Tako je bilo i u metkovskim \u017eupnim crkvama sv. Ilije i sv. Nikole. I protekla 2021. godina je obilje\u017eena epidemijom koronavirusom. No, za razliku od 2020. kada nije bilo krizama, 2021. godine su se krizmale [&hellip;]\" \/>\n<meta property=\"og:url\" content=\"https:\/\/likemetkovic.hr\/statistika-metkovskih-zupa-za-2021-evo-koliko-je-bilo-krstenih-umrlih-vjencanih\/\" \/>\n<meta property=\"og:site_name\" content=\"likemetkovic.hr\" \/>\n<meta property=\"article:publisher\" content=\"https:\/\/www.facebook.com\/likemetkovic.hr\/\" \/>\n<meta property=\"article:published_time\" content=\"2021-12-31T23:34:54+00:00\" \/>\n<meta property=\"article:modified_time\" content=\"2022-01-01T06:54:14+00:00\" \/>\n<meta property=\"og:image\" content=\"https:\/\/likemetkovic.hr\/wp-content\/uploads\/2020\/04\/metkovic-panorama-jozepovic-7.jpg\" \/>\n\t<meta property=\"og:image:width\" content=\"800\" \/>\n\t<meta property=\"og:image:height\" content=\"318\" \/>\n\t<meta property=\"og:image:type\" content=\"image\/jpeg\" \/>\n<meta name=\"author\" content=\"K. J.\" \/>\n<meta name=\"twitter:card\" content=\"summary_large_image\" \/>\n<meta name=\"twitter:label1\" content=\"Napisao\/la\" \/>\n\t<meta name=\"twitter:data1\" content=\"K. J.\" \/>\n\t<meta name=\"twitter:label2\" content=\"Procijenjeno vrijeme \u010ditanja\" \/>\n\t<meta name=\"twitter:data2\" content=\"1 minuta\" \/>\n<script type=\"application\/ld+json\" class=\"yoast-schema-graph\">{\"@context\":\"https:\/\/schema.org\",\"@graph\":[{\"@type\":\"WebPage\",\"@id\":\"https:\/\/likemetkovic.hr\/statistika-metkovskih-zupa-za-2021-evo-koliko-je-bilo-krstenih-umrlih-vjencanih\/\",\"url\":\"https:\/\/likemetkovic.hr\/statistika-metkovskih-zupa-za-2021-evo-koliko-je-bilo-krstenih-umrlih-vjencanih\/\",\"name\":\"STATISTIKA metkovskih \u017eupa za 2021.: evo koliko je bilo kr\u0161tenih, umrlih, vjen\u010danih... - likemetkovic.hr\",\"isPartOf\":{\"@id\":\"https:\/\/likemetkovic.hr\/#website\"},\"primaryImageOfPage\":{\"@id\":\"https:\/\/likemetkovic.hr\/statistika-metkovskih-zupa-za-2021-evo-koliko-je-bilo-krstenih-umrlih-vjencanih\/#primaryimage\"},\"image\":{\"@id\":\"https:\/\/likemetkovic.hr\/statistika-metkovskih-zupa-za-2021-evo-koliko-je-bilo-krstenih-umrlih-vjencanih\/#primaryimage\"},\"thumbnailUrl\":\"https:\/\/likemetkovic.hr\/portal\/wp-content\/uploads\/2020\/04\/metkovic-panorama-jozepovic-7.jpg\",\"datePublished\":\"2021-12-31T23:34:54+00:00\",\"dateModified\":\"2022-01-01T06:54:14+00:00\",\"author\":{\"@id\":\"https:\/\/likemetkovic.hr\/#\/schema\/person\/0a8b4ebfdfe1ff01192dccda40c5da0c\"},\"breadcrumb\":{\"@id\":\"https:\/\/likemetkovic.hr\/statistika-metkovskih-zupa-za-2021-evo-koliko-je-bilo-krstenih-umrlih-vjencanih\/#breadcrumb\"},\"inLanguage\":\"hr\",\"potentialAction\":[{\"@type\":\"ReadAction\",\"target\":[\"https:\/\/likemetkovic.hr\/statistika-metkovskih-zupa-za-2021-evo-koliko-je-bilo-krstenih-umrlih-vjencanih\/\"]}]},{\"@type\":\"ImageObject\",\"inLanguage\":\"hr\",\"@id\":\"https:\/\/likemetkovic.hr\/statistika-metkovskih-zupa-za-2021-evo-koliko-je-bilo-krstenih-umrlih-vjencanih\/#primaryimage\",\"url\":\"https:\/\/likemetkovic.hr\/portal\/wp-content\/uploads\/2020\/04\/metkovic-panorama-jozepovic-7.jpg\",\"contentUrl\":\"https:\/\/likemetkovic.hr\/portal\/wp-content\/uploads\/2020\/04\/metkovic-panorama-jozepovic-7.jpg\",\"width\":800,\"height\":318},{\"@type\":\"BreadcrumbList\",\"@id\":\"https:\/\/likemetkovic.hr\/statistika-metkovskih-zupa-za-2021-evo-koliko-je-bilo-krstenih-umrlih-vjencanih\/#breadcrumb\",\"itemListElement\":[{\"@type\":\"ListItem\",\"position\":1,\"name\":\"Po\u010detna stranica\",\"item\":\"https:\/\/likemetkovic.hr\/portal\/\"},{\"@type\":\"ListItem\",\"position\":2,\"name\":\"STATISTIKA metkovskih \u017eupa za 2021.: evo koliko je bilo kr\u0161tenih, umrlih, vjen\u010danih&#8230;\"}]},{\"@type\":\"WebSite\",\"@id\":\"https:\/\/likemetkovic.hr\/#website\",\"url\":\"https:\/\/likemetkovic.hr\/\",\"name\":\"likemetkovic.hr\",\"description\":\"Misli pozitivno... \u010ditaj LIKE\",\"potentialAction\":[{\"@type\":\"SearchAction\",\"target\":{\"@type\":\"EntryPoint\",\"urlTemplate\":\"https:\/\/likemetkovic.hr\/?s={search_term_string}\"},\"query-input\":{\"@type\":\"PropertyValueSpecification\",\"valueRequired\":true,\"valueName\":\"search_term_string\"}}],\"inLanguage\":\"hr\"},{\"@type\":\"Person\",\"@id\":\"https:\/\/likemetkovic.hr\/#\/schema\/person\/0a8b4ebfdfe1ff01192dccda40c5da0c\",\"name\":\"K. J.\",\"url\":\"https:\/\/likemetkovic.hr\/portal\/author\/likemetkovic\/\"}]}<\/script>\n<!-- \/ Yoast SEO plugin. -->","yoast_head_json":{"title":"STATISTIKA metkovskih \u017eupa za 2021.: evo koliko je bilo kr\u0161tenih, umrlih, vjen\u010danih... - likemetkovic.hr","robots":{"index":"index","follow":"follow","max-snippet":"max-snippet:-1","max-image-preview":"max-image-preview:large","max-video-preview":"max-video-preview:-1"},"canonical":"https:\/\/likemetkovic.hr\/statistika-metkovskih-zupa-za-2021-evo-koliko-je-bilo-krstenih-umrlih-vjencanih\/","og_locale":"hr_HR","og_type":"article","og_title":"STATISTIKA metkovskih \u017eupa za 2021.: evo koliko je bilo kr\u0161tenih, umrlih, vjen\u010danih... - likemetkovic.hr","og_description":"Na Staru godinu su se slavile mise zahvalnice u na\u0161im \u017eupama kada se obi\u010dno iznose statisti\u010dki podaci za proteklu godinu. Tako je bilo i u metkovskim \u017eupnim crkvama sv. Ilije i sv. Nikole. I protekla 2021. godina je obilje\u017eena epidemijom koronavirusom. No, za razliku od 2020. kada nije bilo krizama, 2021. godine su se krizmale [&hellip;]","og_url":"https:\/\/likemetkovic.hr\/statistika-metkovskih-zupa-za-2021-evo-koliko-je-bilo-krstenih-umrlih-vjencanih\/","og_site_name":"likemetkovic.hr","article_publisher":"https:\/\/www.facebook.com\/likemetkovic.hr\/","article_published_time":"2021-12-31T23:34:54+00:00","article_modified_time":"2022-01-01T06:54:14+00:00","og_image":[{"width":800,"height":318,"url":"https:\/\/likemetkovic.hr\/wp-content\/uploads\/2020\/04\/metkovic-panorama-jozepovic-7.jpg","type":"image\/jpeg"}],"author":"K. J.","twitter_card":"summary_large_image","twitter_misc":{"Napisao\/la":"K. J.","Procijenjeno vrijeme \u010ditanja":"1 minuta"},"schema":{"@context":"https:\/\/schema.org","@graph":[{"@type":"WebPage","@id":"https:\/\/likemetkovic.hr\/statistika-metkovskih-zupa-za-2021-evo-koliko-je-bilo-krstenih-umrlih-vjencanih\/","url":"https:\/\/likemetkovic.hr\/statistika-metkovskih-zupa-za-2021-evo-koliko-je-bilo-krstenih-umrlih-vjencanih\/","name":"STATISTIKA metkovskih \u017eupa za 2021.: evo koliko je bilo kr\u0161tenih, umrlih, vjen\u010danih... - likemetkovic.hr","isPartOf":{"@id":"https:\/\/likemetkovic.hr\/#website"},"primaryImageOfPage":{"@id":"https:\/\/likemetkovic.hr\/statistika-metkovskih-zupa-za-2021-evo-koliko-je-bilo-krstenih-umrlih-vjencanih\/#primaryimage"},"image":{"@id":"https:\/\/likemetkovic.hr\/statistika-metkovskih-zupa-za-2021-evo-koliko-je-bilo-krstenih-umrlih-vjencanih\/#primaryimage"},"thumbnailUrl":"https:\/\/likemetkovic.hr\/portal\/wp-content\/uploads\/2020\/04\/metkovic-panorama-jozepovic-7.jpg","datePublished":"2021-12-31T23:34:54+00:00","dateModified":"2022-01-01T06:54:14+00:00","author":{"@id":"https:\/\/likemetkovic.hr\/#\/schema\/person\/0a8b4ebfdfe1ff01192dccda40c5da0c"},"breadcrumb":{"@id":"https:\/\/likemetkovic.hr\/statistika-metkovskih-zupa-za-2021-evo-koliko-je-bilo-krstenih-umrlih-vjencanih\/#breadcrumb"},"inLanguage":"hr","potentialAction":[{"@type":"ReadAction","target":["https:\/\/likemetkovic.hr\/statistika-metkovskih-zupa-za-2021-evo-koliko-je-bilo-krstenih-umrlih-vjencanih\/"]}]},{"@type":"ImageObject","inLanguage":"hr","@id":"https:\/\/likemetkovic.hr\/statistika-metkovskih-zupa-za-2021-evo-koliko-je-bilo-krstenih-umrlih-vjencanih\/#primaryimage","url":"https:\/\/likemetkovic.hr\/portal\/wp-content\/uploads\/2020\/04\/metkovic-panorama-jozepovic-7.jpg","contentUrl":"https:\/\/likemetkovic.hr\/portal\/wp-content\/uploads\/2020\/04\/metkovic-panorama-jozepovic-7.jpg","width":800,"height":318},{"@type":"BreadcrumbList","@id":"https:\/\/likemetkovic.hr\/statistika-metkovskih-zupa-za-2021-evo-koliko-je-bilo-krstenih-umrlih-vjencanih\/#breadcrumb","itemListElement":[{"@type":"ListItem","position":1,"name":"Po\u010detna stranica","item":"https:\/\/likemetkovic.hr\/portal\/"},{"@type":"ListItem","position":2,"name":"STATISTIKA metkovskih \u017eupa za 2021.: evo koliko je bilo kr\u0161tenih, umrlih, vjen\u010danih&#8230;"}]},{"@type":"WebSite","@id":"https:\/\/likemetkovic.hr\/#website","url":"https:\/\/likemetkovic.hr\/","name":"likemetkovic.hr","description":"Misli pozitivno... \u010ditaj LIKE","potentialAction":[{"@type":"SearchAction","target":{"@type":"EntryPoint","urlTemplate":"https:\/\/likemetkovic.hr\/?s={search_term_string}"},"query-input":{"@type":"PropertyValueSpecification","valueRequired":true,"valueName":"search_term_string"}}],"inLanguage":"hr"},{"@type":"Person","@id":"https:\/\/likemetkovic.hr\/#\/schema\/person\/0a8b4ebfdfe1ff01192dccda40c5da0c","name":"K. J.","url":"https:\/\/likemetkovic.hr\/portal\/author\/likemetkovic\/"}]}},"_links":{"self":[{"href":"https:\/\/likemetkovic.hr\/portal\/wp-json\/wp\/v2\/posts\/126642","targetHints":{"allow":["GET"]}}],"collection":[{"href":"https:\/\/likemetkovic.hr\/portal\/wp-json\/wp\/v2\/posts"}],"about":[{"href":"https:\/\/likemetkovic.hr\/portal\/wp-json\/wp\/v2\/types\/post"}],"author":[{"embeddable":true,"href":"https:\/\/likemetkovic.hr\/portal\/wp-json\/wp\/v2\/users\/9"}],"replies":[{"embeddable":true,"href":"https:\/\/likemetkovic.hr\/portal\/wp-json\/wp\/v2\/comments?post=126642"}],"version-history":[{"count":1,"href":"https:\/\/likemetkovic.hr\/portal\/wp-json\/wp\/v2\/posts\/126642\/revisions"}],"predecessor-version":[{"id":139414,"href":"https:\/\/likemetkovic.hr\/portal\/wp-json\/wp\/v2\/posts\/126642\/revisions\/139414"}],"wp:featuredmedia":[{"embeddable":true,"href":"https:\/\/likemetkovic.hr\/portal\/wp-json\/wp\/v2\/media\/100366"}],"wp:attachment":[{"href":"https:\/\/likemetkovic.hr\/portal\/wp-json\/wp\/v2\/media?parent=126642"}],"wp:term":[{"taxonomy":"category","embeddable":true,"href":"https:\/\/likemetkovic.hr\/portal\/wp-json\/wp\/v2\/categories?post=126642"},{"taxonomy":"post_tag","embeddable":true,"href":"https:\/\/likemetkovic.hr\/portal\/wp-json\/wp\/v2\/tags?post=126642"}],"curies":[{"name":"wp","href":"https:\/\/api.w.org\/{rel}","templated":true}]}}